{"id":15082,"date":"2020-03-25T08:12:35","date_gmt":"2020-03-25T08:12:35","guid":{"rendered":"https:\/\/www.esin.av.tr\/?p=15082"},"modified":"2022-06-09T12:45:11","modified_gmt":"2022-06-09T12:45:11","slug":"covid-19-finansal-dalgalanmalar-ile-mucadele-icin-yeni-bddk-onlemleri","status":"publish","type":"post","link":"https:\/\/www.esin.av.tr\/tr\/2020\/03\/25\/covid-19-finansal-dalgalanmalar-ile-mucadele-icin-yeni-bddk-onlemleri\/","title":{"rendered":"COVID-19:  Finansal Dalgalanmalar ile M\u00fccadele \u0130\u00e7in Yeni BDDK \u00d6nlemleri"},"content":{"rendered":"<p><strong>Yeni Geli\u015fme<\/strong><\/p>\n<ul>\n<li>Bankac\u0131l\u0131k D\u00fczenleme ve Denetleme Kurumu (\u201c<strong>BDDK<\/strong>\u201c) 23 Mart 2020 tarihinde yay\u0131mlanan bas\u0131n a\u00e7\u0131klamas\u0131 (&#8221;<strong>Bas\u0131n<\/strong> <strong>A\u00e7\u0131klamas\u0131<\/strong>&#8221;) ile koronavir\u00fcs salg\u0131n\u0131 neticesinde finansal piyasalarda ya\u015fanan dalgalanmalara istinaden banka bilan\u00e7olar\u0131nda net sermaye yeterlili\u011fi rasyosu (&#8221;<strong>SYR<\/strong>&#8221;) ve net d\u00f6viz pozisyonu hesaplama kolayl\u0131\u011f\u0131 sa\u011flayan baz\u0131 tedbirleri duyurdu.<\/li>\n<li>\u00a0BDDK, 31 Aral\u0131k 2020&#8217;ye kadar uygulanmas\u0131 \u00f6ng\u00f6r\u00fclen a\u015fa\u011f\u0131daki tedbirleri a\u00e7\u0131klad\u0131:<\/li>\n<\/ul>\n<ol>\n<li>Bankalar, belirli hallerde, Sermaye Yeterlili\u011finin \u00d6l\u00e7\u00fclmesine ve De\u011ferlendirilmesine \u0130li\u015fkin Y\u00f6netmelik uyar\u0131nca kredi riskine esas tutar hesaplamas\u0131nda 2019 y\u0131lsonu d\u00f6viz al\u0131\u015f kurunu (5,9400) kullanabilecek.<\/li>\n<\/ol>\n<p>Bu ba\u011flamda, yukar\u0131daki kur, parasal varl\u0131klar ile parasal olmayan varl\u0131klardan, tarihi maliyet cinsinden \u00f6l\u00e7\u00fclen yabanc\u0131 para birimindeki kalemler d\u0131\u015f\u0131nda kalanlar\u0131n:<\/p>\n<ul>\n<li>T\u00fcrkiye Muhasebe Standartlar\u0131 uyar\u0131nca de\u011ferlenmi\u015f tutarlar\u0131 ve<\/li>\n<li>ilgili \u00f6zel kar\u015f\u0131l\u0131k tutarlar\u0131 hesaplan\u0131rken kullan\u0131labilecek.<\/li>\n<\/ul>\n<ol start=\"2\">\n<li>Bankalar, sahip olduklar\u0131 menkul k\u0131ymetlerden, 23 Mart 2020 itibariyle\u00a0 \u201cGer\u00e7e\u011fe Uygun De\u011fer Fark\u0131 Di\u011fer Kapsaml\u0131 Gelire Yans\u0131t\u0131lan Menkul De\u011ferler\u201d portf\u00f6y\u00fcnde yer alanlara ili\u015fkin negatif net de\u011ferleme farklar\u0131n\u0131 Bankalar\u0131n \u00d6zkaynaklar\u0131na \u0130li\u015fkin Y\u00f6netmelik uyar\u0131nca hesaplanacak ve SYR i\u00e7in kullan\u0131lacak \u00f6zkaynak tutar\u0131nda dikkate almayabilecek.\u00a0 Ancak, 23 Mart 2020&#8217;den sonra edinilen bu t\u00fcr menkul k\u0131ymetler yukar\u0131daki istisnaya tabi olmayacak.<\/li>\n<li>Bankalar, sahip oldu\u011fu menkul k\u0131ymetlerden, 23 Mart 2020 itibariyle portf\u00f6ylerinde yer alanlar\u0131n de\u011fer d\u00fc\u015f\u00fc\u015f kar\u015f\u0131l\u0131klar\u0131n\u0131 yabanc\u0131 para net genel pozisyonu hesaplamas\u0131nda dikkate almayabilecek.\u00a0 Ancak, 23 Mart 2020&#8217;den sonra edinilen portf\u00f6yler yukar\u0131daki istisnaya tabi olmayacak. \u00a0Bankalar bu hesaplama i\u00e7in yukar\u0131da 2. paragrafta belirtilen \u00f6zkaynak tutar\u0131n\u0131 kullanabilecek.<\/li>\n<\/ol>\n<p><strong>Sonu\u00e7<\/strong><\/p>\n<p>Bas\u0131n A\u00e7\u0131klamas\u0131&#8217;ndaki \u00f6nlemler, salg\u0131n nedeniyle olu\u015fmas\u0131 muhtemel makroekonomik riskleri azaltmay\u0131 ama\u00e7l\u0131yor.<\/p>\n<p>Bu Bas\u0131n B\u00fclteni ayr\u0131ca BDDK&#8217;n\u0131n, COVID-19 salg\u0131n\u0131n\u0131n bankac\u0131l\u0131k sekt\u00f6r\u00fc \u00fczerindeki ekonomik yans\u0131malar\u0131n\u0131 en aza indirmek i\u00e7in di\u011fer d\u00fczenleyici makamlarla paralel \u015fekilde, \u00f6nlemler almaya devam edece\u011fini g\u00f6steriyor.<\/p>\n","protected":false},"excerpt":{"rendered":"<p>Yeni Geli\u015fme Bankac\u0131l\u0131k D\u00fczenleme ve Denetleme Kurumu (\u201cBDDK\u201c) 23 Mart 2020 tarihinde yay\u0131mlanan bas\u0131n a\u00e7\u0131klamas\u0131 (&#8221;Bas\u0131n A\u00e7\u0131klamas\u0131&#8221;) ile koronavir\u00fcs salg\u0131n\u0131 [&hellip;]<\/p>\n","protected":false},"author":4,"featured_media":0,"comment_status":"closed","ping_status":"closed","sticky":false,"template":"","format":"standard","meta":{"_acf_changed":false,"_stopmodifiedupdate":false,"_modified_date":"","footnotes":""},"categories":[120,149],"tags":[90],"class_list":["post-15082","post","type-post","status-publish","format-standard","hentry","category-legal-alerts","category-covid-19-tr","tag-banking-finance-tr"],"acf":[],"yoast_head":"<!-- This site is optimized with the Yoast SEO plugin v24.0 - https:\/\/yoast.com\/wordpress\/plugins\/seo\/ -->\n<title>COVID-19: Finansal Dalgalanmalar ile M\u00fccadele \u0130\u00e7in Yeni BDDK \u00d6nlemleri<\/title>\n<meta name=\"description\" content=\"Yeni Geli\u015fme Bankac\u0131l\u0131k D\u00fczenleme ve Denetleme Kurumu (\u201cBDDK\u201c) 23 Mart 2020 tarihinde yay\u0131mlanan bas\u0131n a\u00e7\u0131klamas\u0131 (&#039;&#039;Bas\u0131n A\u00e7\u0131klamas\u0131&#039;&#039;) ile koronavir\u00fcs\" \/>\n<meta name=\"robots\" content=\"index, follow, max-snippet:-1, max-image-preview:large, max-video-preview:-1\" \/>\n<link rel=\"canonical\" href=\"https:\/\/www.esin.av.tr\/tr\/2020\/03\/25\/covid-19-finansal-dalgalanmalar-ile-mucadele-icin-yeni-bddk-onlemleri\/\" \/>\n<meta property=\"og:locale\" content=\"tr_TR\" \/>\n<meta property=\"og:type\" content=\"article\" \/>\n<meta property=\"og:title\" content=\"COVID-19: Finansal Dalgalanmalar ile M\u00fccadele \u0130\u00e7in Yeni BDDK \u00d6nlemleri\" \/>\n<meta property=\"og:description\" content=\"Yeni Geli\u015fme Bankac\u0131l\u0131k D\u00fczenleme ve Denetleme Kurumu (\u201cBDDK\u201c) 23 Mart 2020 tarihinde yay\u0131mlanan bas\u0131n a\u00e7\u0131klamas\u0131 (&#039;&#039;Bas\u0131n A\u00e7\u0131klamas\u0131&#039;&#039;) ile koronavir\u00fcs\" \/>\n<meta property=\"og:url\" content=\"https:\/\/www.esin.av.tr\/tr\/2020\/03\/25\/covid-19-finansal-dalgalanmalar-ile-mucadele-icin-yeni-bddk-onlemleri\/\" \/>\n<meta property=\"og:site_name\" content=\"Esin Avukatl\u0131k Ortakl\u0131\u011f\u0131\" \/>\n<meta property=\"article:published_time\" content=\"2020-03-25T08:12:35+00:00\" \/>\n<meta property=\"article:modified_time\" content=\"2022-06-09T12:45:11+00:00\" \/>\n<meta name=\"author\" content=\"R\u0131dvan Konrat\" \/>\n<meta name=\"twitter:card\" content=\"summary_large_image\" \/>\n<meta name=\"twitter:label1\" content=\"Written by\" \/>\n\t<meta name=\"twitter:data1\" content=\"R\u0131dvan Konrat\" \/>\n\t<meta name=\"twitter:label2\" content=\"Est. reading time\" \/>\n\t<meta name=\"twitter:data2\" content=\"2 minutes\" \/>\n<script type=\"application\/ld+json\" class=\"yoast-schema-graph\">{\"@context\":\"https:\/\/schema.org\",\"@graph\":[{\"@type\":\"Article\",\"@id\":\"https:\/\/www.esin.av.tr\/tr\/2020\/03\/25\/covid-19-finansal-dalgalanmalar-ile-mucadele-icin-yeni-bddk-onlemleri\/#article\",\"isPartOf\":{\"@id\":\"https:\/\/www.esin.av.tr\/tr\/2020\/03\/25\/covid-19-finansal-dalgalanmalar-ile-mucadele-icin-yeni-bddk-onlemleri\/\"},\"author\":{\"name\":\"R\u0131dvan Konrat\",\"@id\":\"https:\/\/www.esin.av.tr\/tr\/#\/schema\/person\/42c8e616aab56b8622fa365ad63282ae\"},\"headline\":\"COVID-19: Finansal Dalgalanmalar ile M\u00fccadele \u0130\u00e7in Yeni BDDK \u00d6nlemleri\",\"datePublished\":\"2020-03-25T08:12:35+00:00\",\"dateModified\":\"2022-06-09T12:45:11+00:00\",\"mainEntityOfPage\":{\"@id\":\"https:\/\/www.esin.av.tr\/tr\/2020\/03\/25\/covid-19-finansal-dalgalanmalar-ile-mucadele-icin-yeni-bddk-onlemleri\/\"},\"wordCount\":354,\"publisher\":{\"@id\":\"https:\/\/www.esin.av.tr\/tr\/#organization\"},\"keywords\":[\"Bankac\u0131l\u0131k ve Finans\"],\"articleSection\":[\"Hukuk B\u00fcltenleri\",\"Covid-19\"],\"inLanguage\":\"tr\"},{\"@type\":\"WebPage\",\"@id\":\"https:\/\/www.esin.av.tr\/tr\/2020\/03\/25\/covid-19-finansal-dalgalanmalar-ile-mucadele-icin-yeni-bddk-onlemleri\/\",\"url\":\"https:\/\/www.esin.av.tr\/tr\/2020\/03\/25\/covid-19-finansal-dalgalanmalar-ile-mucadele-icin-yeni-bddk-onlemleri\/\",\"name\":\"COVID-19: Finansal Dalgalanmalar ile M\u00fccadele \u0130\u00e7in Yeni BDDK \u00d6nlemleri\",\"isPartOf\":{\"@id\":\"https:\/\/www.esin.av.tr\/tr\/#website\"},\"datePublished\":\"2020-03-25T08:12:35+00:00\",\"dateModified\":\"2022-06-09T12:45:11+00:00\",\"description\":\"Yeni Geli\u015fme Bankac\u0131l\u0131k D\u00fczenleme ve Denetleme Kurumu (\u201cBDDK\u201c) 23 Mart 2020 tarihinde yay\u0131mlanan bas\u0131n a\u00e7\u0131klamas\u0131 (''Bas\u0131n A\u00e7\u0131klamas\u0131'') ile koronavir\u00fcs\",\"breadcrumb\":{\"@id\":\"https:\/\/www.esin.av.tr\/tr\/2020\/03\/25\/covid-19-finansal-dalgalanmalar-ile-mucadele-icin-yeni-bddk-onlemleri\/#breadcrumb\"},\"inLanguage\":\"tr\",\"potentialAction\":[{\"@type\":\"ReadAction\",\"target\":[\"https:\/\/www.esin.av.tr\/tr\/2020\/03\/25\/covid-19-finansal-dalgalanmalar-ile-mucadele-icin-yeni-bddk-onlemleri\/\"]}]},{\"@type\":\"BreadcrumbList\",\"@id\":\"https:\/\/www.esin.av.tr\/tr\/2020\/03\/25\/covid-19-finansal-dalgalanmalar-ile-mucadele-icin-yeni-bddk-onlemleri\/#breadcrumb\",\"itemListElement\":[{\"@type\":\"ListItem\",\"position\":1,\"name\":\"Home\",\"item\":\"https:\/\/www.esin.av.tr\/tr\/\"},{\"@type\":\"ListItem\",\"position\":2,\"name\":\"COVID-19: Finansal Dalgalanmalar ile M\u00fccadele \u0130\u00e7in Yeni BDDK \u00d6nlemleri\"}]},{\"@type\":\"WebSite\",\"@id\":\"https:\/\/www.esin.av.tr\/tr\/#website\",\"url\":\"https:\/\/www.esin.av.tr\/tr\/\",\"name\":\"Esin Avukatl\u0131k Ortakl\u0131\u011f\u0131\",\"description\":\"\",\"publisher\":{\"@id\":\"https:\/\/www.esin.av.tr\/tr\/#organization\"},\"potentialAction\":[{\"@type\":\"SearchAction\",\"target\":{\"@type\":\"EntryPoint\",\"urlTemplate\":\"https:\/\/www.esin.av.tr\/tr\/?s={search_term_string}\"},\"query-input\":{\"@type\":\"PropertyValueSpecification\",\"valueRequired\":true,\"valueName\":\"search_term_string\"}}],\"inLanguage\":\"tr\"},{\"@type\":\"Organization\",\"@id\":\"https:\/\/www.esin.av.tr\/tr\/#organization\",\"name\":\"Esin Avukatl\u0131k Ortakl\u0131\u011f\u0131\",\"url\":\"https:\/\/www.esin.av.tr\/tr\/\",\"logo\":{\"@type\":\"ImageObject\",\"inLanguage\":\"tr\",\"@id\":\"https:\/\/www.esin.av.tr\/tr\/#\/schema\/logo\/image\/\",\"url\":\"https:\/\/www.esin.av.tr\/wp-content\/uploads\/2021\/09\/esin-2.jpg\",\"contentUrl\":\"https:\/\/www.esin.av.tr\/wp-content\/uploads\/2021\/09\/esin-2.jpg\",\"width\":800,\"height\":460,\"caption\":\"Esin Avukatl\u0131k Ortakl\u0131\u011f\u0131\"},\"image\":{\"@id\":\"https:\/\/www.esin.av.tr\/tr\/#\/schema\/logo\/image\/\"}},{\"@type\":\"Person\",\"@id\":\"https:\/\/www.esin.av.tr\/tr\/#\/schema\/person\/42c8e616aab56b8622fa365ad63282ae\",\"name\":\"R\u0131dvan Konrat\",\"image\":{\"@type\":\"ImageObject\",\"inLanguage\":\"tr\",\"@id\":\"https:\/\/www.esin.av.tr\/tr\/#\/schema\/person\/image\/\",\"url\":\"https:\/\/secure.gravatar.com\/avatar\/b20c6c583be38ed4e76e32f69fccc676?s=96&d=mm&r=g\",\"contentUrl\":\"https:\/\/secure.gravatar.com\/avatar\/b20c6c583be38ed4e76e32f69fccc676?s=96&d=mm&r=g\",\"caption\":\"R\u0131dvan Konrat\"},\"sameAs\":[\"http:\/\/www.esin.av.tr\"],\"url\":\"https:\/\/www.esin.av.tr\/tr\/author\/rkonrat\/\"}]}<\/script>\n<!-- \/ Yoast SEO plugin. -->","yoast_head_json":{"title":"COVID-19: Finansal Dalgalanmalar ile M\u00fccadele \u0130\u00e7in Yeni BDDK \u00d6nlemleri","description":"Yeni Geli\u015fme Bankac\u0131l\u0131k D\u00fczenleme ve Denetleme Kurumu (\u201cBDDK\u201c) 23 Mart 2020 tarihinde yay\u0131mlanan bas\u0131n a\u00e7\u0131klamas\u0131 (''Bas\u0131n A\u00e7\u0131klamas\u0131'') ile koronavir\u00fcs","robots":{"index":"index","follow":"follow","max-snippet":"max-snippet:-1","max-image-preview":"max-image-preview:large","max-video-preview":"max-video-preview:-1"},"canonical":"https:\/\/www.esin.av.tr\/tr\/2020\/03\/25\/covid-19-finansal-dalgalanmalar-ile-mucadele-icin-yeni-bddk-onlemleri\/","og_locale":"tr_TR","og_type":"article","og_title":"COVID-19: Finansal Dalgalanmalar ile M\u00fccadele \u0130\u00e7in Yeni BDDK \u00d6nlemleri","og_description":"Yeni Geli\u015fme Bankac\u0131l\u0131k D\u00fczenleme ve Denetleme Kurumu (\u201cBDDK\u201c) 23 Mart 2020 tarihinde yay\u0131mlanan bas\u0131n a\u00e7\u0131klamas\u0131 (''Bas\u0131n A\u00e7\u0131klamas\u0131'') ile koronavir\u00fcs","og_url":"https:\/\/www.esin.av.tr\/tr\/2020\/03\/25\/covid-19-finansal-dalgalanmalar-ile-mucadele-icin-yeni-bddk-onlemleri\/","og_site_name":"Esin Avukatl\u0131k Ortakl\u0131\u011f\u0131","article_published_time":"2020-03-25T08:12:35+00:00","article_modified_time":"2022-06-09T12:45:11+00:00","author":"R\u0131dvan Konrat","twitter_card":"summary_large_image","twitter_misc":{"Written by":"R\u0131dvan Konrat","Est. reading time":"2 minutes"},"schema":{"@context":"https:\/\/schema.org","@graph":[{"@type":"Article","@id":"https:\/\/www.esin.av.tr\/tr\/2020\/03\/25\/covid-19-finansal-dalgalanmalar-ile-mucadele-icin-yeni-bddk-onlemleri\/#article","isPartOf":{"@id":"https:\/\/www.esin.av.tr\/tr\/2020\/03\/25\/covid-19-finansal-dalgalanmalar-ile-mucadele-icin-yeni-bddk-onlemleri\/"},"author":{"name":"R\u0131dvan Konrat","@id":"https:\/\/www.esin.av.tr\/tr\/#\/schema\/person\/42c8e616aab56b8622fa365ad63282ae"},"headline":"COVID-19: Finansal Dalgalanmalar ile M\u00fccadele \u0130\u00e7in Yeni BDDK \u00d6nlemleri","datePublished":"2020-03-25T08:12:35+00:00","dateModified":"2022-06-09T12:45:11+00:00","mainEntityOfPage":{"@id":"https:\/\/www.esin.av.tr\/tr\/2020\/03\/25\/covid-19-finansal-dalgalanmalar-ile-mucadele-icin-yeni-bddk-onlemleri\/"},"wordCount":354,"publisher":{"@id":"https:\/\/www.esin.av.tr\/tr\/#organization"},"keywords":["Bankac\u0131l\u0131k ve Finans"],"articleSection":["Hukuk B\u00fcltenleri","Covid-19"],"inLanguage":"tr"},{"@type":"WebPage","@id":"https:\/\/www.esin.av.tr\/tr\/2020\/03\/25\/covid-19-finansal-dalgalanmalar-ile-mucadele-icin-yeni-bddk-onlemleri\/","url":"https:\/\/www.esin.av.tr\/tr\/2020\/03\/25\/covid-19-finansal-dalgalanmalar-ile-mucadele-icin-yeni-bddk-onlemleri\/","name":"COVID-19: Finansal Dalgalanmalar ile M\u00fccadele \u0130\u00e7in Yeni BDDK \u00d6nlemleri","isPartOf":{"@id":"https:\/\/www.esin.av.tr\/tr\/#website"},"datePublished":"2020-03-25T08:12:35+00:00","dateModified":"2022-06-09T12:45:11+00:00","description":"Yeni Geli\u015fme Bankac\u0131l\u0131k D\u00fczenleme ve Denetleme Kurumu (\u201cBDDK\u201c) 23 Mart 2020 tarihinde yay\u0131mlanan bas\u0131n a\u00e7\u0131klamas\u0131 (''Bas\u0131n A\u00e7\u0131klamas\u0131'') ile koronavir\u00fcs","breadcrumb":{"@id":"https:\/\/www.esin.av.tr\/tr\/2020\/03\/25\/covid-19-finansal-dalgalanmalar-ile-mucadele-icin-yeni-bddk-onlemleri\/#breadcrumb"},"inLanguage":"tr","potentialAction":[{"@type":"ReadAction","target":["https:\/\/www.esin.av.tr\/tr\/2020\/03\/25\/covid-19-finansal-dalgalanmalar-ile-mucadele-icin-yeni-bddk-onlemleri\/"]}]},{"@type":"BreadcrumbList","@id":"https:\/\/www.esin.av.tr\/tr\/2020\/03\/25\/covid-19-finansal-dalgalanmalar-ile-mucadele-icin-yeni-bddk-onlemleri\/#breadcrumb","itemListElement":[{"@type":"ListItem","position":1,"name":"Home","item":"https:\/\/www.esin.av.tr\/tr\/"},{"@type":"ListItem","position":2,"name":"COVID-19: Finansal Dalgalanmalar ile M\u00fccadele \u0130\u00e7in Yeni BDDK \u00d6nlemleri"}]},{"@type":"WebSite","@id":"https:\/\/www.esin.av.tr\/tr\/#website","url":"https:\/\/www.esin.av.tr\/tr\/","name":"Esin Avukatl\u0131k Ortakl\u0131\u011f\u0131","description":"","publisher":{"@id":"https:\/\/www.esin.av.tr\/tr\/#organization"},"potentialAction":[{"@type":"SearchAction","target":{"@type":"EntryPoint","urlTemplate":"https:\/\/www.esin.av.tr\/tr\/?s={search_term_string}"},"query-input":{"@type":"PropertyValueSpecification","valueRequired":true,"valueName":"search_term_string"}}],"inLanguage":"tr"},{"@type":"Organization","@id":"https:\/\/www.esin.av.tr\/tr\/#organization","name":"Esin Avukatl\u0131k Ortakl\u0131\u011f\u0131","url":"https:\/\/www.esin.av.tr\/tr\/","logo":{"@type":"ImageObject","inLanguage":"tr","@id":"https:\/\/www.esin.av.tr\/tr\/#\/schema\/logo\/image\/","url":"https:\/\/www.esin.av.tr\/wp-content\/uploads\/2021\/09\/esin-2.jpg","contentUrl":"https:\/\/www.esin.av.tr\/wp-content\/uploads\/2021\/09\/esin-2.jpg","width":800,"height":460,"caption":"Esin Avukatl\u0131k Ortakl\u0131\u011f\u0131"},"image":{"@id":"https:\/\/www.esin.av.tr\/tr\/#\/schema\/logo\/image\/"}},{"@type":"Person","@id":"https:\/\/www.esin.av.tr\/tr\/#\/schema\/person\/42c8e616aab56b8622fa365ad63282ae","name":"R\u0131dvan Konrat","image":{"@type":"ImageObject","inLanguage":"tr","@id":"https:\/\/www.esin.av.tr\/tr\/#\/schema\/person\/image\/","url":"https:\/\/secure.gravatar.com\/avatar\/b20c6c583be38ed4e76e32f69fccc676?s=96&d=mm&r=g","contentUrl":"https:\/\/secure.gravatar.com\/avatar\/b20c6c583be38ed4e76e32f69fccc676?s=96&d=mm&r=g","caption":"R\u0131dvan Konrat"},"sameAs":["http:\/\/www.esin.av.tr"],"url":"https:\/\/www.esin.av.tr\/tr\/author\/rkonrat\/"}]}},"_links":{"self":[{"href":"https:\/\/www.esin.av.tr\/tr\/wp-json\/wp\/v2\/posts\/15082","targetHints":{"allow":["GET"]}}],"collection":[{"href":"https:\/\/www.esin.av.tr\/tr\/wp-json\/wp\/v2\/posts"}],"about":[{"href":"https:\/\/www.esin.av.tr\/tr\/wp-json\/wp\/v2\/types\/post"}],"author":[{"embeddable":true,"href":"https:\/\/www.esin.av.tr\/tr\/wp-json\/wp\/v2\/users\/4"}],"replies":[{"embeddable":true,"href":"https:\/\/www.esin.av.tr\/tr\/wp-json\/wp\/v2\/comments?post=15082"}],"version-history":[{"count":1,"href":"https:\/\/www.esin.av.tr\/tr\/wp-json\/wp\/v2\/posts\/15082\/revisions"}],"predecessor-version":[{"id":15083,"href":"https:\/\/www.esin.av.tr\/tr\/wp-json\/wp\/v2\/posts\/15082\/revisions\/15083"}],"wp:attachment":[{"href":"https:\/\/www.esin.av.tr\/tr\/wp-json\/wp\/v2\/media?parent=15082"}],"wp:term":[{"taxonomy":"category","embeddable":true,"href":"https:\/\/www.esin.av.tr\/tr\/wp-json\/wp\/v2\/categories?post=15082"},{"taxonomy":"post_tag","embeddable":true,"href":"https:\/\/www.esin.av.tr\/tr\/wp-json\/wp\/v2\/tags?post=15082"}],"curies":[{"name":"wp","href":"https:\/\/api.w.org\/{rel}","templated":true}]}}