{"id":15062,"date":"2020-03-25T07:13:59","date_gmt":"2020-03-25T07:13:59","guid":{"rendered":"https:\/\/www.esin.av.tr\/?p=15062"},"modified":"2022-06-09T12:45:14","modified_gmt":"2022-06-09T12:45:14","slug":"covid-19-kisisel-verileri-koruma-kurumu-duyurusu","status":"publish","type":"post","link":"https:\/\/www.esin.av.tr\/tr\/2020\/03\/25\/covid-19-kisisel-verileri-koruma-kurumu-duyurusu\/","title":{"rendered":"COVID-19 &#8211; Ki\u015fisel Verileri Koruma Kurumu Duyurusu"},"content":{"rendered":"<p><strong>Yeni Geli\u015fme<\/strong><\/p>\n<p>Ki\u015fisel Verileri Koruma Kurumu (\u201c<strong>Kurum<\/strong>\u201d) 23 Mart 2020 tarihinde internet sitesinde &#8220;COVID-19 Kapsam\u0131nda Kamuoyu Duyurusu&#8221;nu yay\u0131nlam\u0131\u015ft\u0131r.<\/p>\n<p><strong>Duyuruda Nelerden Bahsediliyor?<\/strong><\/p>\n<p>Kurum, COVID-19 salg\u0131n\u0131n\u0131n T\u00fcrkiye ile birlikte t\u00fcm d\u00fcnyay\u0131 etkisi alt\u0131na ald\u0131\u011f\u0131n\u0131 belirtmi\u015f ve kamu kurumlar\u0131 ve \u00f6zel sekt\u00f6rde faaliyet g\u00f6steren veri sorumlular\u0131n\u0131n \u00e7e\u015fitli \u00f6nlemler alma gere\u011finin ortaya \u00e7\u0131kt\u0131\u011f\u0131n\u0131 ifade etmi\u015ftir.<\/p>\n<p>Bu kapsamda Kurum\u2019a intikal eden \u015fikayet, ihbar ve veri ihlali bildirimlerinde veri sorumlular\u0131nca dikkate al\u0131nacak s\u00fcrelere ili\u015fkin a\u00e7\u0131klama yapma gere\u011finin ortaya \u00e7\u0131kt\u0131\u011f\u0131n\u0131 belirten Kurum, a\u015fa\u011f\u0131daki hususlara dikkat \u00e7ekmi\u015ftir:<\/p>\n<ul>\n<li>Ki\u015fisel verilerin korunmas\u0131 mevzuat\u0131 kapsam\u0131nda Kurum\u2019a intikal eden \u015fik\u00e2yet, ihbar ve veri ihlali bildirimleri ile ilgili olarak veri sorumlular\u0131n\u0131n Kurum\u2019a ve ilgili ki\u015filere kar\u015f\u0131 y\u00fck\u00fcml\u00fcl\u00fckleri a\u00e7\u0131s\u0131ndan \u00e7e\u015fitli s\u00fcrelere tabi olduklar\u0131 hat\u0131rlat\u0131lm\u0131\u015f ve bu s\u00fcrelere riayet edilmesinin \u00f6nem arz etti\u011fi belirtilmi\u015ftir.<\/li>\n<li>Bununla birlikte, i\u00e7inde bulunulan ola\u011fan\u00fcst\u00fc s\u00fcre\u00e7 sebebiyle kimi veri sorumlular\u0131n\u0131n uzaktan \u00e7al\u0131\u015fma ve d\u00f6n\u00fc\u015f\u00fcml\u00fc \u00e7al\u0131\u015fma gibi \u00f6nlemler alm\u0131\u015f olduklar\u0131 dikkate al\u0131narak, her bir ba\u015fvuru ya da veri ihlali bildirimi \u00f6zelinde Kurum taraf\u0131ndan veri sorumlular\u0131n\u0131n uymakla y\u00fck\u00fcml\u00fc olduklar\u0131 s\u00fcrelerin de\u011ferlendirilmesi s\u0131ras\u0131nda bu ola\u011fan\u00fcst\u00fc ko\u015fullar\u0131n g\u00f6zetilece\u011fi belirtilmi\u015ftir.<\/li>\n<\/ul>\n<p>Duyuru metninin yer ald\u0131\u011f\u0131 sayfaya <u><a href=\"https:\/\/urldefense.com\/v3\/__https:\/esinxchange.com\/collect\/click.aspx?u=ODI4emdoNFd3MnoyUTB4LzA5VzdNUUFaa0FPQjF0Y1ZjVTExaTRrQk45R29rcXpNcjY5RFNiZUcwK0VuT09nOXdEUUl1Sjg5VmxPd3hnMXBwOHE3WjRnVmg2a211WCtuWHV2eWZkNVZYQ3ExcU5GeWFINzVrdEZrVUtackExTnM=&amp;rh=ff005cf7cbd32919306bb70e22409de47ba99c4b__;!!Hj9Y_P0nvg!FurhgO2tGxjBEdtfABzazsADtQ6rKu6CRZ_3c_gUgxCEnO9WqvW7yiBBrddeeQfngc9HUQ$\">buradan<\/a><\/u> ula\u015fabilirsiniz.<\/p>\n<p><strong>Sonu\u00e7<\/strong><\/p>\n<p>COVID-19 salg\u0131n\u0131 ile m\u00fccadele s\u00fcrecinde veri sorumlular\u0131n\u0131n ve ilgili ki\u015filerin bu ola\u011fan\u00fcst\u00fc s\u00fcre\u00e7ten kaynaklanan sebeplerle zarar g\u00f6rmemelerini ama\u00e7layan Kurum, bu y\u00f6ndeki iradesini a\u00e7\u0131klam\u0131\u015ft\u0131r. Veri sorumlular\u0131n\u0131n olas\u0131 ba\u015fvuru ya da ihlal bildirimlerinde Kurum\u2019a dan\u0131\u015fmalar\u0131, Kurum\u2019un konuya ili\u015fkin hassasiyeti de de\u011ferlendirildi\u011finde faydal\u0131 olacakt\u0131r.<\/p>\n","protected":false},"excerpt":{"rendered":"<p>Yeni Geli\u015fme Ki\u015fisel Verileri Koruma Kurumu (\u201cKurum\u201d) 23 Mart 2020 tarihinde internet sitesinde &#8220;COVID-19 Kapsam\u0131nda Kamuoyu Duyurusu&#8221;nu yay\u0131nlam\u0131\u015ft\u0131r. Duyuruda Nelerden [&hellip;]<\/p>\n","protected":false},"author":4,"featured_media":0,"comment_status":"closed","ping_status":"closed","sticky":false,"template":"","format":"standard","meta":{"_acf_changed":false,"_stopmodifiedupdate":false,"_modified_date":"","footnotes":""},"categories":[120,149],"tags":[93],"class_list":["post-15062","post","type-post","status-publish","format-standard","hentry","category-legal-alerts","category-covid-19-tr","tag-information-technology-communications-tr"],"acf":[],"yoast_head":"<!-- This site is optimized with the Yoast SEO plugin v24.0 - https:\/\/yoast.com\/wordpress\/plugins\/seo\/ -->\n<title>COVID-19 - Ki\u015fisel Verileri Koruma Kurumu Duyurusu<\/title>\n<meta name=\"description\" content=\"Yeni Geli\u015fme Ki\u015fisel Verileri Koruma Kurumu (\u201cKurum\u201d) 23 Mart 2020 tarihinde internet sitesinde &quot;COVID-19 Kapsam\u0131nda Kamuoyu Duyurusu&quot;nu yay\u0131nlam\u0131\u015ft\u0131r.\" \/>\n<meta name=\"robots\" content=\"index, follow, max-snippet:-1, max-image-preview:large, max-video-preview:-1\" \/>\n<link rel=\"canonical\" href=\"https:\/\/www.esin.av.tr\/tr\/2020\/03\/25\/covid-19-kisisel-verileri-koruma-kurumu-duyurusu\/\" \/>\n<meta property=\"og:locale\" content=\"tr_TR\" \/>\n<meta property=\"og:type\" content=\"article\" \/>\n<meta property=\"og:title\" content=\"COVID-19 - Ki\u015fisel Verileri Koruma Kurumu Duyurusu\" \/>\n<meta property=\"og:description\" content=\"Yeni Geli\u015fme Ki\u015fisel Verileri Koruma Kurumu (\u201cKurum\u201d) 23 Mart 2020 tarihinde internet sitesinde &quot;COVID-19 Kapsam\u0131nda Kamuoyu Duyurusu&quot;nu yay\u0131nlam\u0131\u015ft\u0131r.\" \/>\n<meta property=\"og:url\" content=\"https:\/\/www.esin.av.tr\/tr\/2020\/03\/25\/covid-19-kisisel-verileri-koruma-kurumu-duyurusu\/\" \/>\n<meta property=\"og:site_name\" content=\"Esin Avukatl\u0131k Ortakl\u0131\u011f\u0131\" \/>\n<meta property=\"article:published_time\" content=\"2020-03-25T07:13:59+00:00\" \/>\n<meta property=\"article:modified_time\" content=\"2022-06-09T12:45:14+00:00\" \/>\n<meta name=\"author\" content=\"R\u0131dvan Konrat\" \/>\n<meta name=\"twitter:card\" content=\"summary_large_image\" \/>\n<meta name=\"twitter:label1\" content=\"Written by\" \/>\n\t<meta name=\"twitter:data1\" content=\"R\u0131dvan Konrat\" \/>\n\t<meta name=\"twitter:label2\" content=\"Est. reading time\" \/>\n\t<meta name=\"twitter:data2\" content=\"2 minutes\" \/>\n<script type=\"application\/ld+json\" class=\"yoast-schema-graph\">{\"@context\":\"https:\/\/schema.org\",\"@graph\":[{\"@type\":\"Article\",\"@id\":\"https:\/\/www.esin.av.tr\/tr\/2020\/03\/25\/covid-19-kisisel-verileri-koruma-kurumu-duyurusu\/#article\",\"isPartOf\":{\"@id\":\"https:\/\/www.esin.av.tr\/tr\/2020\/03\/25\/covid-19-kisisel-verileri-koruma-kurumu-duyurusu\/\"},\"author\":{\"name\":\"R\u0131dvan Konrat\",\"@id\":\"https:\/\/www.esin.av.tr\/tr\/#\/schema\/person\/42c8e616aab56b8622fa365ad63282ae\"},\"headline\":\"COVID-19 &#8211; Ki\u015fisel Verileri Koruma Kurumu Duyurusu\",\"datePublished\":\"2020-03-25T07:13:59+00:00\",\"dateModified\":\"2022-06-09T12:45:14+00:00\",\"mainEntityOfPage\":{\"@id\":\"https:\/\/www.esin.av.tr\/tr\/2020\/03\/25\/covid-19-kisisel-verileri-koruma-kurumu-duyurusu\/\"},\"wordCount\":329,\"publisher\":{\"@id\":\"https:\/\/www.esin.av.tr\/tr\/#organization\"},\"keywords\":[\"Bilgi Teknolojileri ve Telekom\u00fcnikasyon\"],\"articleSection\":[\"Hukuk B\u00fcltenleri\",\"Covid-19\"],\"inLanguage\":\"tr\"},{\"@type\":\"WebPage\",\"@id\":\"https:\/\/www.esin.av.tr\/tr\/2020\/03\/25\/covid-19-kisisel-verileri-koruma-kurumu-duyurusu\/\",\"url\":\"https:\/\/www.esin.av.tr\/tr\/2020\/03\/25\/covid-19-kisisel-verileri-koruma-kurumu-duyurusu\/\",\"name\":\"COVID-19 - Ki\u015fisel Verileri Koruma Kurumu Duyurusu\",\"isPartOf\":{\"@id\":\"https:\/\/www.esin.av.tr\/tr\/#website\"},\"datePublished\":\"2020-03-25T07:13:59+00:00\",\"dateModified\":\"2022-06-09T12:45:14+00:00\",\"description\":\"Yeni Geli\u015fme Ki\u015fisel Verileri Koruma Kurumu (\u201cKurum\u201d) 23 Mart 2020 tarihinde internet sitesinde \\\"COVID-19 Kapsam\u0131nda Kamuoyu Duyurusu\\\"nu yay\u0131nlam\u0131\u015ft\u0131r.\",\"breadcrumb\":{\"@id\":\"https:\/\/www.esin.av.tr\/tr\/2020\/03\/25\/covid-19-kisisel-verileri-koruma-kurumu-duyurusu\/#breadcrumb\"},\"inLanguage\":\"tr\",\"potentialAction\":[{\"@type\":\"ReadAction\",\"target\":[\"https:\/\/www.esin.av.tr\/tr\/2020\/03\/25\/covid-19-kisisel-verileri-koruma-kurumu-duyurusu\/\"]}]},{\"@type\":\"BreadcrumbList\",\"@id\":\"https:\/\/www.esin.av.tr\/tr\/2020\/03\/25\/covid-19-kisisel-verileri-koruma-kurumu-duyurusu\/#breadcrumb\",\"itemListElement\":[{\"@type\":\"ListItem\",\"position\":1,\"name\":\"Home\",\"item\":\"https:\/\/www.esin.av.tr\/tr\/\"},{\"@type\":\"ListItem\",\"position\":2,\"name\":\"COVID-19 &#8211; Ki\u015fisel Verileri Koruma Kurumu Duyurusu\"}]},{\"@type\":\"WebSite\",\"@id\":\"https:\/\/www.esin.av.tr\/tr\/#website\",\"url\":\"https:\/\/www.esin.av.tr\/tr\/\",\"name\":\"Esin Avukatl\u0131k Ortakl\u0131\u011f\u0131\",\"description\":\"\",\"publisher\":{\"@id\":\"https:\/\/www.esin.av.tr\/tr\/#organization\"},\"potentialAction\":[{\"@type\":\"SearchAction\",\"target\":{\"@type\":\"EntryPoint\",\"urlTemplate\":\"https:\/\/www.esin.av.tr\/tr\/?s={search_term_string}\"},\"query-input\":{\"@type\":\"PropertyValueSpecification\",\"valueRequired\":true,\"valueName\":\"search_term_string\"}}],\"inLanguage\":\"tr\"},{\"@type\":\"Organization\",\"@id\":\"https:\/\/www.esin.av.tr\/tr\/#organization\",\"name\":\"Esin Avukatl\u0131k Ortakl\u0131\u011f\u0131\",\"url\":\"https:\/\/www.esin.av.tr\/tr\/\",\"logo\":{\"@type\":\"ImageObject\",\"inLanguage\":\"tr\",\"@id\":\"https:\/\/www.esin.av.tr\/tr\/#\/schema\/logo\/image\/\",\"url\":\"https:\/\/www.esin.av.tr\/wp-content\/uploads\/2021\/09\/esin-2.jpg\",\"contentUrl\":\"https:\/\/www.esin.av.tr\/wp-content\/uploads\/2021\/09\/esin-2.jpg\",\"width\":800,\"height\":460,\"caption\":\"Esin Avukatl\u0131k Ortakl\u0131\u011f\u0131\"},\"image\":{\"@id\":\"https:\/\/www.esin.av.tr\/tr\/#\/schema\/logo\/image\/\"}},{\"@type\":\"Person\",\"@id\":\"https:\/\/www.esin.av.tr\/tr\/#\/schema\/person\/42c8e616aab56b8622fa365ad63282ae\",\"name\":\"R\u0131dvan Konrat\",\"image\":{\"@type\":\"ImageObject\",\"inLanguage\":\"tr\",\"@id\":\"https:\/\/www.esin.av.tr\/tr\/#\/schema\/person\/image\/\",\"url\":\"https:\/\/secure.gravatar.com\/avatar\/b20c6c583be38ed4e76e32f69fccc676?s=96&d=mm&r=g\",\"contentUrl\":\"https:\/\/secure.gravatar.com\/avatar\/b20c6c583be38ed4e76e32f69fccc676?s=96&d=mm&r=g\",\"caption\":\"R\u0131dvan Konrat\"},\"sameAs\":[\"http:\/\/www.esin.av.tr\"],\"url\":\"https:\/\/www.esin.av.tr\/tr\/author\/rkonrat\/\"}]}<\/script>\n<!-- \/ Yoast SEO plugin. -->","yoast_head_json":{"title":"COVID-19 - Ki\u015fisel Verileri Koruma Kurumu Duyurusu","description":"Yeni Geli\u015fme Ki\u015fisel Verileri Koruma Kurumu (\u201cKurum\u201d) 23 Mart 2020 tarihinde internet sitesinde \"COVID-19 Kapsam\u0131nda Kamuoyu Duyurusu\"nu yay\u0131nlam\u0131\u015ft\u0131r.","robots":{"index":"index","follow":"follow","max-snippet":"max-snippet:-1","max-image-preview":"max-image-preview:large","max-video-preview":"max-video-preview:-1"},"canonical":"https:\/\/www.esin.av.tr\/tr\/2020\/03\/25\/covid-19-kisisel-verileri-koruma-kurumu-duyurusu\/","og_locale":"tr_TR","og_type":"article","og_title":"COVID-19 - Ki\u015fisel Verileri Koruma Kurumu Duyurusu","og_description":"Yeni Geli\u015fme Ki\u015fisel Verileri Koruma Kurumu (\u201cKurum\u201d) 23 Mart 2020 tarihinde internet sitesinde \"COVID-19 Kapsam\u0131nda Kamuoyu Duyurusu\"nu yay\u0131nlam\u0131\u015ft\u0131r.","og_url":"https:\/\/www.esin.av.tr\/tr\/2020\/03\/25\/covid-19-kisisel-verileri-koruma-kurumu-duyurusu\/","og_site_name":"Esin Avukatl\u0131k Ortakl\u0131\u011f\u0131","article_published_time":"2020-03-25T07:13:59+00:00","article_modified_time":"2022-06-09T12:45:14+00:00","author":"R\u0131dvan Konrat","twitter_card":"summary_large_image","twitter_misc":{"Written by":"R\u0131dvan Konrat","Est. reading time":"2 minutes"},"schema":{"@context":"https:\/\/schema.org","@graph":[{"@type":"Article","@id":"https:\/\/www.esin.av.tr\/tr\/2020\/03\/25\/covid-19-kisisel-verileri-koruma-kurumu-duyurusu\/#article","isPartOf":{"@id":"https:\/\/www.esin.av.tr\/tr\/2020\/03\/25\/covid-19-kisisel-verileri-koruma-kurumu-duyurusu\/"},"author":{"name":"R\u0131dvan Konrat","@id":"https:\/\/www.esin.av.tr\/tr\/#\/schema\/person\/42c8e616aab56b8622fa365ad63282ae"},"headline":"COVID-19 &#8211; Ki\u015fisel Verileri Koruma Kurumu Duyurusu","datePublished":"2020-03-25T07:13:59+00:00","dateModified":"2022-06-09T12:45:14+00:00","mainEntityOfPage":{"@id":"https:\/\/www.esin.av.tr\/tr\/2020\/03\/25\/covid-19-kisisel-verileri-koruma-kurumu-duyurusu\/"},"wordCount":329,"publisher":{"@id":"https:\/\/www.esin.av.tr\/tr\/#organization"},"keywords":["Bilgi Teknolojileri ve Telekom\u00fcnikasyon"],"articleSection":["Hukuk B\u00fcltenleri","Covid-19"],"inLanguage":"tr"},{"@type":"WebPage","@id":"https:\/\/www.esin.av.tr\/tr\/2020\/03\/25\/covid-19-kisisel-verileri-koruma-kurumu-duyurusu\/","url":"https:\/\/www.esin.av.tr\/tr\/2020\/03\/25\/covid-19-kisisel-verileri-koruma-kurumu-duyurusu\/","name":"COVID-19 - Ki\u015fisel Verileri Koruma Kurumu Duyurusu","isPartOf":{"@id":"https:\/\/www.esin.av.tr\/tr\/#website"},"datePublished":"2020-03-25T07:13:59+00:00","dateModified":"2022-06-09T12:45:14+00:00","description":"Yeni Geli\u015fme Ki\u015fisel Verileri Koruma Kurumu (\u201cKurum\u201d) 23 Mart 2020 tarihinde internet sitesinde \"COVID-19 Kapsam\u0131nda Kamuoyu Duyurusu\"nu yay\u0131nlam\u0131\u015ft\u0131r.","breadcrumb":{"@id":"https:\/\/www.esin.av.tr\/tr\/2020\/03\/25\/covid-19-kisisel-verileri-koruma-kurumu-duyurusu\/#breadcrumb"},"inLanguage":"tr","potentialAction":[{"@type":"ReadAction","target":["https:\/\/www.esin.av.tr\/tr\/2020\/03\/25\/covid-19-kisisel-verileri-koruma-kurumu-duyurusu\/"]}]},{"@type":"BreadcrumbList","@id":"https:\/\/www.esin.av.tr\/tr\/2020\/03\/25\/covid-19-kisisel-verileri-koruma-kurumu-duyurusu\/#breadcrumb","itemListElement":[{"@type":"ListItem","position":1,"name":"Home","item":"https:\/\/www.esin.av.tr\/tr\/"},{"@type":"ListItem","position":2,"name":"COVID-19 &#8211; Ki\u015fisel Verileri Koruma Kurumu Duyurusu"}]},{"@type":"WebSite","@id":"https:\/\/www.esin.av.tr\/tr\/#website","url":"https:\/\/www.esin.av.tr\/tr\/","name":"Esin Avukatl\u0131k Ortakl\u0131\u011f\u0131","description":"","publisher":{"@id":"https:\/\/www.esin.av.tr\/tr\/#organization"},"potentialAction":[{"@type":"SearchAction","target":{"@type":"EntryPoint","urlTemplate":"https:\/\/www.esin.av.tr\/tr\/?s={search_term_string}"},"query-input":{"@type":"PropertyValueSpecification","valueRequired":true,"valueName":"search_term_string"}}],"inLanguage":"tr"},{"@type":"Organization","@id":"https:\/\/www.esin.av.tr\/tr\/#organization","name":"Esin Avukatl\u0131k Ortakl\u0131\u011f\u0131","url":"https:\/\/www.esin.av.tr\/tr\/","logo":{"@type":"ImageObject","inLanguage":"tr","@id":"https:\/\/www.esin.av.tr\/tr\/#\/schema\/logo\/image\/","url":"https:\/\/www.esin.av.tr\/wp-content\/uploads\/2021\/09\/esin-2.jpg","contentUrl":"https:\/\/www.esin.av.tr\/wp-content\/uploads\/2021\/09\/esin-2.jpg","width":800,"height":460,"caption":"Esin Avukatl\u0131k Ortakl\u0131\u011f\u0131"},"image":{"@id":"https:\/\/www.esin.av.tr\/tr\/#\/schema\/logo\/image\/"}},{"@type":"Person","@id":"https:\/\/www.esin.av.tr\/tr\/#\/schema\/person\/42c8e616aab56b8622fa365ad63282ae","name":"R\u0131dvan Konrat","image":{"@type":"ImageObject","inLanguage":"tr","@id":"https:\/\/www.esin.av.tr\/tr\/#\/schema\/person\/image\/","url":"https:\/\/secure.gravatar.com\/avatar\/b20c6c583be38ed4e76e32f69fccc676?s=96&d=mm&r=g","contentUrl":"https:\/\/secure.gravatar.com\/avatar\/b20c6c583be38ed4e76e32f69fccc676?s=96&d=mm&r=g","caption":"R\u0131dvan Konrat"},"sameAs":["http:\/\/www.esin.av.tr"],"url":"https:\/\/www.esin.av.tr\/tr\/author\/rkonrat\/"}]}},"_links":{"self":[{"href":"https:\/\/www.esin.av.tr\/tr\/wp-json\/wp\/v2\/posts\/15062","targetHints":{"allow":["GET"]}}],"collection":[{"href":"https:\/\/www.esin.av.tr\/tr\/wp-json\/wp\/v2\/posts"}],"about":[{"href":"https:\/\/www.esin.av.tr\/tr\/wp-json\/wp\/v2\/types\/post"}],"author":[{"embeddable":true,"href":"https:\/\/www.esin.av.tr\/tr\/wp-json\/wp\/v2\/users\/4"}],"replies":[{"embeddable":true,"href":"https:\/\/www.esin.av.tr\/tr\/wp-json\/wp\/v2\/comments?post=15062"}],"version-history":[{"count":1,"href":"https:\/\/www.esin.av.tr\/tr\/wp-json\/wp\/v2\/posts\/15062\/revisions"}],"predecessor-version":[{"id":15063,"href":"https:\/\/www.esin.av.tr\/tr\/wp-json\/wp\/v2\/posts\/15062\/revisions\/15063"}],"wp:attachment":[{"href":"https:\/\/www.esin.av.tr\/tr\/wp-json\/wp\/v2\/media?parent=15062"}],"wp:term":[{"taxonomy":"category","embeddable":true,"href":"https:\/\/www.esin.av.tr\/tr\/wp-json\/wp\/v2\/categories?post=15062"},{"taxonomy":"post_tag","embeddable":true,"href":"https:\/\/www.esin.av.tr\/tr\/wp-json\/wp\/v2\/tags?post=15062"}],"curies":[{"name":"wp","href":"https:\/\/api.w.org\/{rel}","templated":true}]}}