{"id":15052,"date":"2020-03-24T15:40:36","date_gmt":"2020-03-24T15:40:36","guid":{"rendered":"https:\/\/www.esin.av.tr\/?p=15052"},"modified":"2022-06-09T12:45:16","modified_gmt":"2022-06-09T12:45:16","slug":"sanayi-uretim-ve-tasimacilik-imt-sirketleri-icin-covid-19-kontrol-listesi","status":"publish","type":"post","link":"https:\/\/www.esin.av.tr\/tr\/2020\/03\/24\/sanayi-uretim-ve-tasimacilik-imt-sirketleri-icin-covid-19-kontrol-listesi\/","title":{"rendered":"Sanayi, \u00dcretim ve Ta\u015f\u0131mac\u0131l\u0131k (&#8220;IMT&#8221;) \u015eirketleri \u0130\u00e7in COVID-19 Kontrol Listesi"},"content":{"rendered":"<p>2019 Yeni Tip Coronavir\u00fcs\u2019\u00fcn (COVID-19) d\u00fcnya genelinde yay\u0131lmaya devam etmesiyle birlikte, sanayi, \u00fcretim ve ta\u015f\u0131mac\u0131l\u0131k (&#8220;<strong>IMT<\/strong>&#8220;) sekt\u00f6r\u00fcndeki \u015firketler i\u00e7in zorluklar giderek art\u0131yor. Havac\u0131l\u0131k, ta\u015f\u0131ma ve lojistik, \u00e7ok \u015firketli end\u00fcstri holdingleri, kimyasal ve plastik \u00fcreticileri, tar\u0131m ve in\u015faat sekt\u00f6r\u00fc gibi alt sekt\u00f6rlerde yer alan bir\u00e7ok \u015firket \u00f6nemli hukuki ve ticari zorluklarla kar\u015f\u0131la\u015f\u0131yor. IMT \u015firketlerinin h\u0131zla geli\u015fen risklere ili\u015fkin \u00f6nlem alabilmeleri ad\u0131na haz\u0131rlad\u0131\u011f\u0131m\u0131z kontrol listesini a\u015fa\u011f\u0131da bulabilirsiniz.<\/p>\n<p><strong>1. Havac\u0131l\u0131k<\/strong><\/p>\n<p>Havac\u0131l\u0131k sekt\u00f6r\u00fc, di\u011fer t\u00fcm IMT alt sekt\u00f6rlerinden daha ciddi \u015fekilde etkilendi. \u00dclkelerin uygulad\u0131klar\u0131 soka\u011fa \u00e7\u0131kma ve seyahat yasaklar\u0131, s\u0131n\u0131rl\u0131 i\u015f seyahatleri ve yolcularla ilgili genel kayg\u0131lar ile azalan talep sonucunda havayolu \u015firketleri ve havac\u0131l\u0131kla ilgili sekt\u00f6rler \u00fczerinde ciddi negatif etkiler do\u011fdu. Ayr\u0131ca havac\u0131l\u0131k sekt\u00f6r\u00fcndeki sorunlar k\u00fcresel ekonomide ve di\u011fer sekt\u00f6rler \u00fczerinde de hem negatif sebepler hem de negatif sonu\u00e7lar do\u011furmakta. COVID-19\u2019un bu sekt\u00f6re etkileri a\u015fa\u011f\u0131dakilerle \u00f6zetlenebilir:<\/p>\n<ul>\n<li>Azalan gelirler ve artan finansal gerilim ile birlikte, salg\u0131n kaynakl\u0131 muhtemel iflaslar.<\/li>\n<li>\u0130\u015fe al\u0131mlar\u0131n durdurulmas\u0131 ve i\u015ften \u00e7\u0131karmalar.<\/li>\n<li>Havaalan\u0131 slot tahsislerinde ve kullan\u0131m y\u00fck\u00fcml\u00fcl\u00fcklerinde belirsizlikler; kimi \u00fclkeler havayollar\u0131n\u0131n belirli seviyelerdeki kullan\u0131m\u0131n\u0131 gerektiren kurallar\u0131 ge\u00e7ici olarak uygulamaktan vazge\u00e7ti, ancak k\u00fcresel belirsizlik sebebiyle bu uygulaman\u0131n s\u00fcresinin uzat\u0131lmas\u0131 gerekebilir.<\/li>\n<li>Avrupa Birli\u011fi\u2019nin 261 Say\u0131l\u0131 d\u00fczenlemesi gibi, hava yollar\u0131n\u0131n yolculara kar\u015f\u0131 u\u00e7u\u015f iptalleri sebebiyle iade ve di\u011fer y\u00fck\u00fcml\u00fcl\u00fckleri.<\/li>\n<li>U\u00e7aklar i\u00e7in par\u00e7a talep ve arz\u0131nda ya\u015fanan ve \u00fcreticileri olumsuz etkileyecek d\u00fc\u015f\u00fc\u015f.<\/li>\n<li>Yolcu ta\u015f\u0131mac\u0131l\u0131\u011f\u0131ndaki d\u00fc\u015f\u00fc\u015fe ba\u011fl\u0131 olarak azalan hava ta\u015f\u0131mac\u0131l\u0131\u011f\u0131 kapasitesinin, havac\u0131l\u0131k sekt\u00f6r\u00fcn\u00fcn de \u00f6tesinde tedarik zinciri ve lojistik sorunlara yol a\u00e7mas\u0131.<\/li>\n<li>Muhtemel kamula\u015ft\u0131rma senaryolar\u0131, kamu yard\u0131m\u0131 d\u00fczenlemeleri, kurtarma paketleri gibi havayollar\u0131na \u00e7e\u015fitli devlet m\u00fcdahaleleri.<\/li>\n<\/ul>\n<p><strong>2. Tedarik Zinciri<\/strong><\/p>\n<p>IMT sekt\u00f6r\u00fcndeki \u015firketler \u00e7o\u011fu sekt\u00f6re nazaran daha karma\u015f\u0131k tedarik zinciri yap\u0131lar\u0131na sahip olduklar\u0131 i\u00e7in karantina, seyahat s\u0131n\u0131rlamalar\u0131 ve COVID-19 salg\u0131n\u0131 kaynakl\u0131 sorunlardan ciddi \u00f6l\u00e7\u00fcde etkilenmektedirler. Ayr\u0131ca IMT sekt\u00f6r\u00fc, hava ta\u015f\u0131mac\u0131l\u0131\u011f\u0131, demiryolu, nakliye ve lojistik gibi etkili bir tedarik zinciri i\u00e7in gerekli nakliye ve hizmetleri sa\u011flayan \u015firketleri de i\u00e7ermektedir. IMT \u015firketlerinin kar\u015f\u0131la\u015ft\u0131\u011f\u0131 \u00f6nemli sorunlar a\u015fa\u011f\u0131dakileri i\u00e7erir:<\/p>\n<ul>\n<li>IMT \u015firketleri genellikle birden fazla yarg\u0131 b\u00f6lgesinde faaliyet g\u00f6stermektedir. COVID-19 salg\u0131n\u0131n\u0131n k\u00fcresel yap\u0131s\u0131 nedeniyle tedarik zinciri etkilerine kar\u015f\u0131 \u00f6nlem almakta ve bu etkileri en aza indirmekte zorluklar ya\u015fanmas\u0131 muhtemeldir. S\u0131n\u0131rlar\u0131n kapat\u0131lmas\u0131 ve seyahatlerin k\u0131s\u0131tlanmas\u0131 sadece insanlar\u0131 etkilememekte, \u00fclke i\u00e7erisinde ve \u00fclkeler aras\u0131nda mal ta\u015f\u0131mac\u0131l\u0131\u011f\u0131 da bu s\u00fcre\u00e7te etkilenmektedir. Bu d\u00f6nemde \u015firketler ham madde tedari\u011finde eksiklikler ve gecikme ya\u015fayacakt\u0131r. Bu durumun salg\u0131n\u0131n kimi \u00fclkelerde etkisini yitirmesinden sonra dahi IMT \u015firketlerinin operasyonlar\u0131n\u0131 s\u00fcrd\u00fcrmesini zorla\u015ft\u0131rmas\u0131 muhtemeldir.<\/li>\n<li>COVID-19\u2019un global \u00f6l\u00e7ekte etkisini g\u00f6stermesi ve bu etkilerin de\u011fi\u015fkenli\u011fi, karma\u015f\u0131k tedarik zinciri yap\u0131lar\u0131 \u00fczerindeki yava\u015flamalar\u0131n nerede ger\u00e7ekle\u015fece\u011finin tespitini de zorla\u015ft\u0131racakt\u0131r. Bu etkinin \u00f6n\u00fcne ge\u00e7mek i\u00e7in IMT \u015firketlerinin tedarik zincirlerine ili\u015fkin risk de\u011ferlendirmelerini g\u00fcncel geli\u015fmeler \u0131\u015f\u0131\u011f\u0131nda d\u00fczenli olarak g\u00fcncellemeleri gerekecektir.<\/li>\n<li>Bu d\u00f6nemde, \u00fcretim noktalar\u0131nda ve tedarik\u00e7ilerde k\u0131sa s\u00fcrede meydana gelebilecek de\u011fi\u015fiklikler, \u015firketlerin operasyonlar\u0131n\u0131n devam\u0131 i\u00e7in hayati zaman k\u0131s\u0131tlamalar\u0131 da d\u00fc\u015f\u00fcn\u00fcld\u00fc\u011f\u00fcnde gerekli teknik \u00f6zelliklere sahip \u00fcr\u00fcnlerin temini a\u00e7\u0131s\u0131ndan da zorluklar do\u011furabilecektir. Bununla birlikte k\u00f6le ya da \u00e7ocuk i\u015f\u00e7ili\u011finin bulundu\u011fu b\u00f6lgelerden tedarik, ek g\u00fcmr\u00fck ve ithalat\/ihracat uyum gereklilikleri, ABD Yolsuzluk ve R\u00fc\u015fveti \u00d6nleme Yasas\u0131 (FCPA) ve 5273 Say\u0131l\u0131 T\u00fcrk Ceza Kanunu gibi mevzuatlardan do\u011fan r\u00fc\u015fvet ve uygunsuz davran\u0131\u015flara ili\u015fkin sorumluluklar ve g\u00fcvenilir olmayan i\u015f ortaklar\u0131n\u0131n do\u011furabilece\u011fi birtak\u0131m riskler de s\u00f6z konusu olabilecektir.<\/li>\n<\/ul>\n<p>Tedarik zinciri \u00fczerindeki olumsuz etkileri azaltmak ad\u0131na \u015fu \u00f6nlemler al\u0131nabilir:<\/p>\n<ul>\n<li>Salg\u0131n\u0131n ticari faaliyetler \u00fczerindeki etkisi konusunda kapsay\u0131c\u0131 bir risk de\u011ferlendirmesi yap\u0131lmas\u0131.<\/li>\n<li>Ana tedarik zincirleri etkilendi\u011finde alternatif se\u00e7eneklerin de\u011ferlendirilmesi.<\/li>\n<li>S\u00f6zle\u015fme y\u00fck\u00fcml\u00fcl\u00fcklerin alternatif yollarla ifas\u0131n\u0131n de\u011ferlendirilmesi.<\/li>\n<li>Bu durumun etkilerini azaltman\u0131n yollar\u0131 olup olmad\u0131\u011f\u0131n\u0131n de\u011ferlendirilmesi.<\/li>\n<li>E\u011fer yeni bir s\u00f6zle\u015fme yap\u0131lacaksa, mevcut salg\u0131n gibi ihtimalleri kapsayan a\u00e7\u0131k ve kapsaml\u0131 h\u00fck\u00fcmler bulundurulmas\u0131 ve s\u00f6zle\u015fmeye uygulanacak olan hukukun do\u011furaca\u011f\u0131 sonu\u00e7lar\u0131n de\u011ferlendirilmesi.<\/li>\n<li>M\u00fccbir sebep h\u00fck\u00fcmlerine ba\u015fvurma olas\u0131l\u0131\u011f\u0131n\u0131n de\u011ferlendirilmesi.<\/li>\n<li>Yeni h\u00fck\u00fcmet politikalar\u0131n\u0131n veya d\u00fczenlemelerinin dikkatle takip edilmesi.<\/li>\n<\/ul>\n<p><strong>3. Sigorta<\/strong><\/p>\n<p>COVID-19\u2019un ticari hayat\u0131n devam\u0131, tedarik zincirleri ve seyahat gerekleri \u00fczerindeki olumsuz etkileri \u00f6nemli maddi kay\u0131plara sebebiyet verebilecektir. Bu kay\u0131plar\u0131n sigorta poli\u00e7eleri kapsam\u0131nda olup olmad\u0131\u011f\u0131n\u0131n anla\u015f\u0131lmas\u0131 ve de\u011ferlendirilmesi \u00f6nem arz etmektedir.<\/p>\n<ul>\n<li>\u015eirketler, sigorta poli\u00e7elerinin kriz durumlar\u0131 i\u00e7in ihtiya\u00e7 duyulan tipte ve seviyede koruma sa\u011flay\u0131p sa\u011flamad\u0131\u011f\u0131n\u0131 ve bu sigorta poli\u00e7elerinin ticari hayatta u\u011frayabilecek zararlar\u0131 kar\u015f\u0131lay\u0131p kar\u015f\u0131lamad\u0131\u011f\u0131n\u0131 belirlemelidir.<\/li>\n<li>\u015eirketler, sigorta ile korumay\u0131 ama\u00e7lad\u0131klar\u0131 zararlar\u0131n\u0131 iyi anlamal\u0131 ve bu zararlar\u0131n kapsam dahilinde olup olmad\u0131\u011f\u0131n\u0131 de\u011ferlendirmelidir.<\/li>\n<li>\u015eirketler, sigorta s\u00f6zle\u015fmelerinde yer alan m\u00fccbir sebep h\u00fck\u00fcmlerinin etkilerini de\u011ferlendirmelidir.<\/li>\n<\/ul>\n<p><strong>4.M\u00fc\u015fteriler<\/strong><\/p>\n<p>Bir\u00e7ok IMT \u015firketi, m\u00fc\u015fterilerine hizmet ve \u00fcr\u00fcn sunma becerilerinde sorun ya\u015fayacakt\u0131r. Bununla beraber, bu hizmet ve \u00fcr\u00fcnler i\u00e7in m\u00fc\u015fteri talebinde azalma ya\u015fanacakt\u0131r. Bu nedenle, IMT \u015firketleri m\u00fc\u015fteri ili\u015fkilerini korumak i\u00e7in \u00f6nlemler almal\u0131d\u0131r. Bu \u00f6nlemler a\u015fa\u011f\u0131dakiler olabilir:<\/p>\n<ul>\n<li>\u00d6nerilen hijyen uygulamalar\u0131n\u0131 benimseyerek ve bu uygulamalar\u0131 m\u00fc\u015fterilerle ileterek, ta\u015f\u0131t, u\u00e7ak veya tesislerdeki m\u00fc\u015fterilerin sa\u011fl\u0131k ve g\u00fcvenli\u011fini korumak.<\/li>\n<li>H\u00fck\u00fcmetin sa\u011fl\u0131k uyar\u0131lar\u0131n\u0131 ve k\u0131s\u0131tlamalar\u0131n\u0131 dikkatle izlemek ve bunlar\u0131 tesislerinde uygulamak.<\/li>\n<li>T\u00fcm m\u00fc\u015fteri ileti\u015fimlerinde empati kurmaya \u00f6zen g\u00f6stermek (M\u00fc\u015fterilerle ile yap\u0131lan g\u00f6r\u00fc\u015fmeler ve m\u00fc\u015fterileri sosyal medya \u00fczerinden verilen cevaplar m\u00fc\u015fteri sadakatini etkileyebilir. Bu durum salg\u0131n\u0131n sona ermesinden uzun s\u00fcre sonra dahi etkisini koruyabilir.)<\/li>\n<li>Mevcut sadakat programlar\u0131n\u0131 ve iptal politikalar\u0131n\u0131 inceleyip daha esnek h\u00fck\u00fcmlere yer vererek m\u00fc\u015fteri sadakatini korumak.<\/li>\n<\/ul>\n","protected":false},"excerpt":{"rendered":"<p>2019 Yeni Tip Coronavir\u00fcs\u2019\u00fcn (COVID-19) d\u00fcnya genelinde yay\u0131lmaya devam etmesiyle birlikte, sanayi, \u00fcretim ve ta\u015f\u0131mac\u0131l\u0131k (&#8220;IMT&#8220;) sekt\u00f6r\u00fcndeki \u015firketler i\u00e7in zorluklar [&hellip;]<\/p>\n","protected":false},"author":4,"featured_media":0,"comment_status":"closed","ping_status":"closed","sticky":false,"template":"","format":"standard","meta":{"_acf_changed":false,"_stopmodifiedupdate":false,"_modified_date":"","footnotes":""},"categories":[120,149],"tags":[94,105],"class_list":["post-15052","post","type-post","status-publish","format-standard","hentry","category-legal-alerts","category-covid-19-tr","tag-international-commercial-and-trade-tr","tag-compliance-tr"],"acf":[],"yoast_head":"<!-- This site is optimized with the Yoast SEO plugin v24.0 - https:\/\/yoast.com\/wordpress\/plugins\/seo\/ -->\n<title>Sanayi, \u00dcretim ve Ta\u015f\u0131mac\u0131l\u0131k (&quot;IMT&quot;) \u015eirketleri \u0130\u00e7in COVID-19 Kontrol Listesi<\/title>\n<meta name=\"description\" content=\"2019 Yeni Tip Coronavir\u00fcs\u2019\u00fcn (COVID-19) d\u00fcnya genelinde yay\u0131lmaya devam etmesiyle birlikte, sanayi, \u00fcretim ve ta\u015f\u0131mac\u0131l\u0131k (&quot;IMT&quot;) sekt\u00f6r\u00fcndeki \u015firketler\" \/>\n<meta name=\"robots\" content=\"index, follow, max-snippet:-1, max-image-preview:large, max-video-preview:-1\" \/>\n<link rel=\"canonical\" href=\"https:\/\/www.esin.av.tr\/tr\/2020\/03\/24\/sanayi-uretim-ve-tasimacilik-imt-sirketleri-icin-covid-19-kontrol-listesi\/\" \/>\n<meta property=\"og:locale\" content=\"tr_TR\" \/>\n<meta property=\"og:type\" content=\"article\" \/>\n<meta property=\"og:title\" content=\"Sanayi, \u00dcretim ve Ta\u015f\u0131mac\u0131l\u0131k (&quot;IMT&quot;) \u015eirketleri \u0130\u00e7in COVID-19 Kontrol Listesi\" \/>\n<meta property=\"og:description\" content=\"2019 Yeni Tip Coronavir\u00fcs\u2019\u00fcn (COVID-19) d\u00fcnya genelinde yay\u0131lmaya devam etmesiyle birlikte, sanayi, \u00fcretim ve ta\u015f\u0131mac\u0131l\u0131k (&quot;IMT&quot;) sekt\u00f6r\u00fcndeki \u015firketler\" \/>\n<meta property=\"og:url\" content=\"https:\/\/www.esin.av.tr\/tr\/2020\/03\/24\/sanayi-uretim-ve-tasimacilik-imt-sirketleri-icin-covid-19-kontrol-listesi\/\" \/>\n<meta property=\"og:site_name\" content=\"Esin Avukatl\u0131k Ortakl\u0131\u011f\u0131\" \/>\n<meta property=\"article:published_time\" content=\"2020-03-24T15:40:36+00:00\" \/>\n<meta property=\"article:modified_time\" content=\"2022-06-09T12:45:16+00:00\" \/>\n<meta name=\"author\" content=\"R\u0131dvan Konrat\" \/>\n<meta name=\"twitter:card\" content=\"summary_large_image\" \/>\n<meta name=\"twitter:label1\" content=\"Written by\" \/>\n\t<meta name=\"twitter:data1\" content=\"R\u0131dvan Konrat\" \/>\n\t<meta name=\"twitter:label2\" content=\"Est. reading time\" \/>\n\t<meta name=\"twitter:data2\" content=\"6 minutes\" \/>\n<script type=\"application\/ld+json\" class=\"yoast-schema-graph\">{\"@context\":\"https:\/\/schema.org\",\"@graph\":[{\"@type\":\"Article\",\"@id\":\"https:\/\/www.esin.av.tr\/tr\/2020\/03\/24\/sanayi-uretim-ve-tasimacilik-imt-sirketleri-icin-covid-19-kontrol-listesi\/#article\",\"isPartOf\":{\"@id\":\"https:\/\/www.esin.av.tr\/tr\/2020\/03\/24\/sanayi-uretim-ve-tasimacilik-imt-sirketleri-icin-covid-19-kontrol-listesi\/\"},\"author\":{\"name\":\"R\u0131dvan Konrat\",\"@id\":\"https:\/\/www.esin.av.tr\/tr\/#\/schema\/person\/42c8e616aab56b8622fa365ad63282ae\"},\"headline\":\"Sanayi, \u00dcretim ve Ta\u015f\u0131mac\u0131l\u0131k (&#8220;IMT&#8221;) \u015eirketleri \u0130\u00e7in COVID-19 Kontrol Listesi\",\"datePublished\":\"2020-03-24T15:40:36+00:00\",\"dateModified\":\"2022-06-09T12:45:16+00:00\",\"mainEntityOfPage\":{\"@id\":\"https:\/\/www.esin.av.tr\/tr\/2020\/03\/24\/sanayi-uretim-ve-tasimacilik-imt-sirketleri-icin-covid-19-kontrol-listesi\/\"},\"wordCount\":1151,\"publisher\":{\"@id\":\"https:\/\/www.esin.av.tr\/tr\/#organization\"},\"keywords\":[\"Uluslararas\u0131 Ticaret Hukuku\",\"Hukuka Uyumluluk\"],\"articleSection\":[\"Hukuk B\u00fcltenleri\",\"Covid-19\"],\"inLanguage\":\"tr\"},{\"@type\":\"WebPage\",\"@id\":\"https:\/\/www.esin.av.tr\/tr\/2020\/03\/24\/sanayi-uretim-ve-tasimacilik-imt-sirketleri-icin-covid-19-kontrol-listesi\/\",\"url\":\"https:\/\/www.esin.av.tr\/tr\/2020\/03\/24\/sanayi-uretim-ve-tasimacilik-imt-sirketleri-icin-covid-19-kontrol-listesi\/\",\"name\":\"Sanayi, \u00dcretim ve Ta\u015f\u0131mac\u0131l\u0131k (\\\"IMT\\\") \u015eirketleri \u0130\u00e7in COVID-19 Kontrol Listesi\",\"isPartOf\":{\"@id\":\"https:\/\/www.esin.av.tr\/tr\/#website\"},\"datePublished\":\"2020-03-24T15:40:36+00:00\",\"dateModified\":\"2022-06-09T12:45:16+00:00\",\"description\":\"2019 Yeni Tip Coronavir\u00fcs\u2019\u00fcn (COVID-19) d\u00fcnya genelinde yay\u0131lmaya devam etmesiyle birlikte, sanayi, \u00fcretim ve ta\u015f\u0131mac\u0131l\u0131k (\\\"IMT\\\") sekt\u00f6r\u00fcndeki \u015firketler\",\"breadcrumb\":{\"@id\":\"https:\/\/www.esin.av.tr\/tr\/2020\/03\/24\/sanayi-uretim-ve-tasimacilik-imt-sirketleri-icin-covid-19-kontrol-listesi\/#breadcrumb\"},\"inLanguage\":\"tr\",\"potentialAction\":[{\"@type\":\"ReadAction\",\"target\":[\"https:\/\/www.esin.av.tr\/tr\/2020\/03\/24\/sanayi-uretim-ve-tasimacilik-imt-sirketleri-icin-covid-19-kontrol-listesi\/\"]}]},{\"@type\":\"BreadcrumbList\",\"@id\":\"https:\/\/www.esin.av.tr\/tr\/2020\/03\/24\/sanayi-uretim-ve-tasimacilik-imt-sirketleri-icin-covid-19-kontrol-listesi\/#breadcrumb\",\"itemListElement\":[{\"@type\":\"ListItem\",\"position\":1,\"name\":\"Home\",\"item\":\"https:\/\/www.esin.av.tr\/tr\/\"},{\"@type\":\"ListItem\",\"position\":2,\"name\":\"Sanayi, \u00dcretim ve Ta\u015f\u0131mac\u0131l\u0131k (&#8220;IMT&#8221;) \u015eirketleri \u0130\u00e7in COVID-19 Kontrol Listesi\"}]},{\"@type\":\"WebSite\",\"@id\":\"https:\/\/www.esin.av.tr\/tr\/#website\",\"url\":\"https:\/\/www.esin.av.tr\/tr\/\",\"name\":\"Esin Avukatl\u0131k Ortakl\u0131\u011f\u0131\",\"description\":\"\",\"publisher\":{\"@id\":\"https:\/\/www.esin.av.tr\/tr\/#organization\"},\"potentialAction\":[{\"@type\":\"SearchAction\",\"target\":{\"@type\":\"EntryPoint\",\"urlTemplate\":\"https:\/\/www.esin.av.tr\/tr\/?s={search_term_string}\"},\"query-input\":{\"@type\":\"PropertyValueSpecification\",\"valueRequired\":true,\"valueName\":\"search_term_string\"}}],\"inLanguage\":\"tr\"},{\"@type\":\"Organization\",\"@id\":\"https:\/\/www.esin.av.tr\/tr\/#organization\",\"name\":\"Esin Avukatl\u0131k Ortakl\u0131\u011f\u0131\",\"url\":\"https:\/\/www.esin.av.tr\/tr\/\",\"logo\":{\"@type\":\"ImageObject\",\"inLanguage\":\"tr\",\"@id\":\"https:\/\/www.esin.av.tr\/tr\/#\/schema\/logo\/image\/\",\"url\":\"https:\/\/www.esin.av.tr\/wp-content\/uploads\/2021\/09\/esin-2.jpg\",\"contentUrl\":\"https:\/\/www.esin.av.tr\/wp-content\/uploads\/2021\/09\/esin-2.jpg\",\"width\":800,\"height\":460,\"caption\":\"Esin Avukatl\u0131k Ortakl\u0131\u011f\u0131\"},\"image\":{\"@id\":\"https:\/\/www.esin.av.tr\/tr\/#\/schema\/logo\/image\/\"}},{\"@type\":\"Person\",\"@id\":\"https:\/\/www.esin.av.tr\/tr\/#\/schema\/person\/42c8e616aab56b8622fa365ad63282ae\",\"name\":\"R\u0131dvan Konrat\",\"image\":{\"@type\":\"ImageObject\",\"inLanguage\":\"tr\",\"@id\":\"https:\/\/www.esin.av.tr\/tr\/#\/schema\/person\/image\/\",\"url\":\"https:\/\/secure.gravatar.com\/avatar\/b20c6c583be38ed4e76e32f69fccc676?s=96&d=mm&r=g\",\"contentUrl\":\"https:\/\/secure.gravatar.com\/avatar\/b20c6c583be38ed4e76e32f69fccc676?s=96&d=mm&r=g\",\"caption\":\"R\u0131dvan Konrat\"},\"sameAs\":[\"http:\/\/www.esin.av.tr\"],\"url\":\"https:\/\/www.esin.av.tr\/tr\/author\/rkonrat\/\"}]}<\/script>\n<!-- \/ Yoast SEO plugin. -->","yoast_head_json":{"title":"Sanayi, \u00dcretim ve Ta\u015f\u0131mac\u0131l\u0131k (\"IMT\") \u015eirketleri \u0130\u00e7in COVID-19 Kontrol Listesi","description":"2019 Yeni Tip Coronavir\u00fcs\u2019\u00fcn (COVID-19) d\u00fcnya genelinde yay\u0131lmaya devam etmesiyle birlikte, sanayi, \u00fcretim ve ta\u015f\u0131mac\u0131l\u0131k (\"IMT\") sekt\u00f6r\u00fcndeki \u015firketler","robots":{"index":"index","follow":"follow","max-snippet":"max-snippet:-1","max-image-preview":"max-image-preview:large","max-video-preview":"max-video-preview:-1"},"canonical":"https:\/\/www.esin.av.tr\/tr\/2020\/03\/24\/sanayi-uretim-ve-tasimacilik-imt-sirketleri-icin-covid-19-kontrol-listesi\/","og_locale":"tr_TR","og_type":"article","og_title":"Sanayi, \u00dcretim ve Ta\u015f\u0131mac\u0131l\u0131k (\"IMT\") \u015eirketleri \u0130\u00e7in COVID-19 Kontrol Listesi","og_description":"2019 Yeni Tip Coronavir\u00fcs\u2019\u00fcn (COVID-19) d\u00fcnya genelinde yay\u0131lmaya devam etmesiyle birlikte, sanayi, \u00fcretim ve ta\u015f\u0131mac\u0131l\u0131k (\"IMT\") sekt\u00f6r\u00fcndeki \u015firketler","og_url":"https:\/\/www.esin.av.tr\/tr\/2020\/03\/24\/sanayi-uretim-ve-tasimacilik-imt-sirketleri-icin-covid-19-kontrol-listesi\/","og_site_name":"Esin Avukatl\u0131k Ortakl\u0131\u011f\u0131","article_published_time":"2020-03-24T15:40:36+00:00","article_modified_time":"2022-06-09T12:45:16+00:00","author":"R\u0131dvan Konrat","twitter_card":"summary_large_image","twitter_misc":{"Written by":"R\u0131dvan Konrat","Est. reading time":"6 minutes"},"schema":{"@context":"https:\/\/schema.org","@graph":[{"@type":"Article","@id":"https:\/\/www.esin.av.tr\/tr\/2020\/03\/24\/sanayi-uretim-ve-tasimacilik-imt-sirketleri-icin-covid-19-kontrol-listesi\/#article","isPartOf":{"@id":"https:\/\/www.esin.av.tr\/tr\/2020\/03\/24\/sanayi-uretim-ve-tasimacilik-imt-sirketleri-icin-covid-19-kontrol-listesi\/"},"author":{"name":"R\u0131dvan Konrat","@id":"https:\/\/www.esin.av.tr\/tr\/#\/schema\/person\/42c8e616aab56b8622fa365ad63282ae"},"headline":"Sanayi, \u00dcretim ve Ta\u015f\u0131mac\u0131l\u0131k (&#8220;IMT&#8221;) \u015eirketleri \u0130\u00e7in COVID-19 Kontrol Listesi","datePublished":"2020-03-24T15:40:36+00:00","dateModified":"2022-06-09T12:45:16+00:00","mainEntityOfPage":{"@id":"https:\/\/www.esin.av.tr\/tr\/2020\/03\/24\/sanayi-uretim-ve-tasimacilik-imt-sirketleri-icin-covid-19-kontrol-listesi\/"},"wordCount":1151,"publisher":{"@id":"https:\/\/www.esin.av.tr\/tr\/#organization"},"keywords":["Uluslararas\u0131 Ticaret Hukuku","Hukuka Uyumluluk"],"articleSection":["Hukuk B\u00fcltenleri","Covid-19"],"inLanguage":"tr"},{"@type":"WebPage","@id":"https:\/\/www.esin.av.tr\/tr\/2020\/03\/24\/sanayi-uretim-ve-tasimacilik-imt-sirketleri-icin-covid-19-kontrol-listesi\/","url":"https:\/\/www.esin.av.tr\/tr\/2020\/03\/24\/sanayi-uretim-ve-tasimacilik-imt-sirketleri-icin-covid-19-kontrol-listesi\/","name":"Sanayi, \u00dcretim ve Ta\u015f\u0131mac\u0131l\u0131k (\"IMT\") \u015eirketleri \u0130\u00e7in COVID-19 Kontrol Listesi","isPartOf":{"@id":"https:\/\/www.esin.av.tr\/tr\/#website"},"datePublished":"2020-03-24T15:40:36+00:00","dateModified":"2022-06-09T12:45:16+00:00","description":"2019 Yeni Tip Coronavir\u00fcs\u2019\u00fcn (COVID-19) d\u00fcnya genelinde yay\u0131lmaya devam etmesiyle birlikte, sanayi, \u00fcretim ve ta\u015f\u0131mac\u0131l\u0131k (\"IMT\") sekt\u00f6r\u00fcndeki \u015firketler","breadcrumb":{"@id":"https:\/\/www.esin.av.tr\/tr\/2020\/03\/24\/sanayi-uretim-ve-tasimacilik-imt-sirketleri-icin-covid-19-kontrol-listesi\/#breadcrumb"},"inLanguage":"tr","potentialAction":[{"@type":"ReadAction","target":["https:\/\/www.esin.av.tr\/tr\/2020\/03\/24\/sanayi-uretim-ve-tasimacilik-imt-sirketleri-icin-covid-19-kontrol-listesi\/"]}]},{"@type":"BreadcrumbList","@id":"https:\/\/www.esin.av.tr\/tr\/2020\/03\/24\/sanayi-uretim-ve-tasimacilik-imt-sirketleri-icin-covid-19-kontrol-listesi\/#breadcrumb","itemListElement":[{"@type":"ListItem","position":1,"name":"Home","item":"https:\/\/www.esin.av.tr\/tr\/"},{"@type":"ListItem","position":2,"name":"Sanayi, \u00dcretim ve Ta\u015f\u0131mac\u0131l\u0131k (&#8220;IMT&#8221;) \u015eirketleri \u0130\u00e7in COVID-19 Kontrol Listesi"}]},{"@type":"WebSite","@id":"https:\/\/www.esin.av.tr\/tr\/#website","url":"https:\/\/www.esin.av.tr\/tr\/","name":"Esin Avukatl\u0131k Ortakl\u0131\u011f\u0131","description":"","publisher":{"@id":"https:\/\/www.esin.av.tr\/tr\/#organization"},"potentialAction":[{"@type":"SearchAction","target":{"@type":"EntryPoint","urlTemplate":"https:\/\/www.esin.av.tr\/tr\/?s={search_term_string}"},"query-input":{"@type":"PropertyValueSpecification","valueRequired":true,"valueName":"search_term_string"}}],"inLanguage":"tr"},{"@type":"Organization","@id":"https:\/\/www.esin.av.tr\/tr\/#organization","name":"Esin Avukatl\u0131k Ortakl\u0131\u011f\u0131","url":"https:\/\/www.esin.av.tr\/tr\/","logo":{"@type":"ImageObject","inLanguage":"tr","@id":"https:\/\/www.esin.av.tr\/tr\/#\/schema\/logo\/image\/","url":"https:\/\/www.esin.av.tr\/wp-content\/uploads\/2021\/09\/esin-2.jpg","contentUrl":"https:\/\/www.esin.av.tr\/wp-content\/uploads\/2021\/09\/esin-2.jpg","width":800,"height":460,"caption":"Esin Avukatl\u0131k Ortakl\u0131\u011f\u0131"},"image":{"@id":"https:\/\/www.esin.av.tr\/tr\/#\/schema\/logo\/image\/"}},{"@type":"Person","@id":"https:\/\/www.esin.av.tr\/tr\/#\/schema\/person\/42c8e616aab56b8622fa365ad63282ae","name":"R\u0131dvan Konrat","image":{"@type":"ImageObject","inLanguage":"tr","@id":"https:\/\/www.esin.av.tr\/tr\/#\/schema\/person\/image\/","url":"https:\/\/secure.gravatar.com\/avatar\/b20c6c583be38ed4e76e32f69fccc676?s=96&d=mm&r=g","contentUrl":"https:\/\/secure.gravatar.com\/avatar\/b20c6c583be38ed4e76e32f69fccc676?s=96&d=mm&r=g","caption":"R\u0131dvan Konrat"},"sameAs":["http:\/\/www.esin.av.tr"],"url":"https:\/\/www.esin.av.tr\/tr\/author\/rkonrat\/"}]}},"_links":{"self":[{"href":"https:\/\/www.esin.av.tr\/tr\/wp-json\/wp\/v2\/posts\/15052","targetHints":{"allow":["GET"]}}],"collection":[{"href":"https:\/\/www.esin.av.tr\/tr\/wp-json\/wp\/v2\/posts"}],"about":[{"href":"https:\/\/www.esin.av.tr\/tr\/wp-json\/wp\/v2\/types\/post"}],"author":[{"embeddable":true,"href":"https:\/\/www.esin.av.tr\/tr\/wp-json\/wp\/v2\/users\/4"}],"replies":[{"embeddable":true,"href":"https:\/\/www.esin.av.tr\/tr\/wp-json\/wp\/v2\/comments?post=15052"}],"version-history":[{"count":2,"href":"https:\/\/www.esin.av.tr\/tr\/wp-json\/wp\/v2\/posts\/15052\/revisions"}],"predecessor-version":[{"id":15059,"href":"https:\/\/www.esin.av.tr\/tr\/wp-json\/wp\/v2\/posts\/15052\/revisions\/15059"}],"wp:attachment":[{"href":"https:\/\/www.esin.av.tr\/tr\/wp-json\/wp\/v2\/media?parent=15052"}],"wp:term":[{"taxonomy":"category","embeddable":true,"href":"https:\/\/www.esin.av.tr\/tr\/wp-json\/wp\/v2\/categories?post=15052"},{"taxonomy":"post_tag","embeddable":true,"href":"https:\/\/www.esin.av.tr\/tr\/wp-json\/wp\/v2\/tags?post=15052"}],"curies":[{"name":"wp","href":"https:\/\/api.w.org\/{rel}","templated":true}]}}