{"id":14727,"date":"2019-05-21T14:24:53","date_gmt":"2019-05-21T14:24:53","guid":{"rendered":"http:\/\/upt.esin.av.tr\/2019\/05\/21\/devamsizlik-sebebiyle-is-akdinin-feshi\/"},"modified":"2022-06-09T12:32:13","modified_gmt":"2022-06-09T12:32:13","slug":"devamsizlik-sebebiyle-is-akdinin-feshi","status":"publish","type":"post","link":"https:\/\/www.esin.av.tr\/tr\/2019\/05\/21\/devamsizlik-sebebiyle-is-akdinin-feshi\/","title":{"rendered":"Devams\u0131zl\u0131k Sebebiyle \u0130\u015f Akdinin Feshi"},"content":{"rendered":"<p><strong>Yeni Geli\u015fme<\/strong><\/p>\n<p>Yarg\u0131tay \u0130\u00e7tihad\u0131 Birle\u015ftirme Hukuk Genel Kurulu, 19 Ekim 2018 tarihli, 2017\/9 E. ve 2018\/10 K. say\u0131l\u0131 karar\u0131 ile \u00e7al\u0131\u015fanlar\u0131n hastal\u0131klar\u0131 sebebiyle \u0130\u015f Kanunu&#8217;nda belirtilen bekleme s\u00fcrelerini a\u015fan bir devams\u0131zl\u0131k yapt\u0131klar\u0131 durumlarda, i\u015fverenlerin, i\u015f s\u00f6zle\u015fmelerini hakl\u0131 sebeple feshetmelerinden \u00f6nce, \u00e7al\u0131\u015fanlardan savunma almalar\u0131na gerek olmad\u0131\u011f\u0131na h\u00fckmetmi\u015fti. Karar 9 May\u0131s 2019 tarihinde Resmi Gazete&#8217;de yay\u0131mland\u0131.<\/p>\n<p><strong>Sonu\u00e7<\/strong><\/p>\n<p>\u00c7al\u0131\u015fanlar\u0131n, hastal\u0131klar\u0131 sebebiyle yapt\u0131klar\u0131 devams\u0131zl\u0131klar\u0131n, ihbar s\u00fcrelerini alt\u0131 hafta a\u015ft\u0131\u011f\u0131 durumlarda, i\u015fverenlerin i\u015f s\u00f6zle\u015fmelerini hakl\u0131 sebeple feshedebilmek i\u00e7in \u00e7al\u0131\u015fanlardan savunma almas\u0131 gereklili\u011fi hususunda uygulamada tart\u0131\u015fmalar mevcuttu.<\/p>\n<p>Yarg\u0131tay \u0130\u00e7tihad\u0131 Birle\u015ftirme Hukuk Genel Kurulu&#8217;nun karar\u0131 uyar\u0131nca i\u015fverenlerin, \u00e7al\u0131\u015fanlar\u0131n ihbar s\u00fcrelerini alt\u0131 hafta a\u015fan bir s\u00fcre boyunca sa\u011fl\u0131k sebepleri ile devams\u0131zl\u0131k yapt\u0131klar\u0131 durumlarda, i\u015f s\u00f6zle\u015fmelerini hakl\u0131 sebeple feshetmeden \u00f6nce \u00e7al\u0131\u015fanlardan savunma almalar\u0131na art\u0131k gerek bulunmayacak.<\/p>\n","protected":false},"excerpt":{"rendered":"<p>Yeni Geli\u015fme Yarg\u0131tay \u0130\u00e7tihad\u0131 Birle\u015ftirme Hukuk Genel Kurulu, 19 Ekim 2018 tarihli, 2017\/9 E. ve 2018\/10 K. say\u0131l\u0131 karar\u0131 ile [&hellip;]<\/p>\n","protected":false},"author":4,"featured_media":0,"comment_status":"closed","ping_status":"closed","sticky":false,"template":"","format":"standard","meta":{"_acf_changed":false,"_stopmodifiedupdate":false,"_modified_date":"","footnotes":""},"categories":[120],"tags":[101],"class_list":["post-14727","post","type-post","status-publish","format-standard","hentry","category-legal-alerts","tag-employment-tr"],"acf":[],"yoast_head":"<!-- This site is optimized with the Yoast SEO plugin v24.0 - https:\/\/yoast.com\/wordpress\/plugins\/seo\/ -->\n<title>Devams\u0131zl\u0131k Sebebiyle \u0130\u015f Akdinin Feshi<\/title>\n<meta name=\"description\" content=\"Yeni Geli\u015fme Yarg\u0131tay \u0130\u00e7tihad\u0131 Birle\u015ftirme Hukuk Genel Kurulu, 19 Ekim 2018 tarihli, 2017\/9 E. ve 2018\/10 K. say\u0131l\u0131 karar\u0131 ile \u00e7al\u0131\u015fanlar\u0131n hastal\u0131klar\u0131\" \/>\n<meta name=\"robots\" content=\"index, follow, max-snippet:-1, max-image-preview:large, max-video-preview:-1\" \/>\n<link rel=\"canonical\" href=\"https:\/\/www.esin.av.tr\/tr\/2019\/05\/21\/devamsizlik-sebebiyle-is-akdinin-feshi\/\" \/>\n<meta property=\"og:locale\" content=\"tr_TR\" \/>\n<meta property=\"og:type\" content=\"article\" \/>\n<meta property=\"og:title\" content=\"Devams\u0131zl\u0131k Sebebiyle \u0130\u015f Akdinin Feshi\" \/>\n<meta property=\"og:description\" content=\"Yeni Geli\u015fme Yarg\u0131tay \u0130\u00e7tihad\u0131 Birle\u015ftirme Hukuk Genel Kurulu, 19 Ekim 2018 tarihli, 2017\/9 E. ve 2018\/10 K. say\u0131l\u0131 karar\u0131 ile \u00e7al\u0131\u015fanlar\u0131n hastal\u0131klar\u0131\" \/>\n<meta property=\"og:url\" content=\"https:\/\/www.esin.av.tr\/tr\/2019\/05\/21\/devamsizlik-sebebiyle-is-akdinin-feshi\/\" \/>\n<meta property=\"og:site_name\" content=\"Esin Avukatl\u0131k Ortakl\u0131\u011f\u0131\" \/>\n<meta property=\"article:published_time\" content=\"2019-05-21T14:24:53+00:00\" \/>\n<meta property=\"article:modified_time\" content=\"2022-06-09T12:32:13+00:00\" \/>\n<meta name=\"author\" content=\"R\u0131dvan Konrat\" \/>\n<meta name=\"twitter:card\" content=\"summary_large_image\" \/>\n<meta name=\"twitter:label1\" content=\"Written by\" \/>\n\t<meta name=\"twitter:data1\" content=\"R\u0131dvan Konrat\" \/>\n\t<meta name=\"twitter:label2\" content=\"Est. reading time\" \/>\n\t<meta name=\"twitter:data2\" content=\"1 minute\" \/>\n<script type=\"application\/ld+json\" class=\"yoast-schema-graph\">{\"@context\":\"https:\/\/schema.org\",\"@graph\":[{\"@type\":\"Article\",\"@id\":\"https:\/\/www.esin.av.tr\/tr\/2019\/05\/21\/devamsizlik-sebebiyle-is-akdinin-feshi\/#article\",\"isPartOf\":{\"@id\":\"https:\/\/www.esin.av.tr\/tr\/2019\/05\/21\/devamsizlik-sebebiyle-is-akdinin-feshi\/\"},\"author\":{\"name\":\"R\u0131dvan Konrat\",\"@id\":\"https:\/\/www.esin.av.tr\/tr\/#\/schema\/person\/42c8e616aab56b8622fa365ad63282ae\"},\"headline\":\"Devams\u0131zl\u0131k Sebebiyle \u0130\u015f Akdinin Feshi\",\"datePublished\":\"2019-05-21T14:24:53+00:00\",\"dateModified\":\"2022-06-09T12:32:13+00:00\",\"mainEntityOfPage\":{\"@id\":\"https:\/\/www.esin.av.tr\/tr\/2019\/05\/21\/devamsizlik-sebebiyle-is-akdinin-feshi\/\"},\"wordCount\":176,\"publisher\":{\"@id\":\"https:\/\/www.esin.av.tr\/tr\/#organization\"},\"keywords\":[\"\u0130\u015f Hukuku\"],\"articleSection\":[\"Hukuk B\u00fcltenleri\"],\"inLanguage\":\"tr\"},{\"@type\":\"WebPage\",\"@id\":\"https:\/\/www.esin.av.tr\/tr\/2019\/05\/21\/devamsizlik-sebebiyle-is-akdinin-feshi\/\",\"url\":\"https:\/\/www.esin.av.tr\/tr\/2019\/05\/21\/devamsizlik-sebebiyle-is-akdinin-feshi\/\",\"name\":\"Devams\u0131zl\u0131k Sebebiyle \u0130\u015f Akdinin Feshi\",\"isPartOf\":{\"@id\":\"https:\/\/www.esin.av.tr\/tr\/#website\"},\"datePublished\":\"2019-05-21T14:24:53+00:00\",\"dateModified\":\"2022-06-09T12:32:13+00:00\",\"description\":\"Yeni Geli\u015fme Yarg\u0131tay \u0130\u00e7tihad\u0131 Birle\u015ftirme Hukuk Genel Kurulu, 19 Ekim 2018 tarihli, 2017\/9 E. ve 2018\/10 K. say\u0131l\u0131 karar\u0131 ile \u00e7al\u0131\u015fanlar\u0131n hastal\u0131klar\u0131\",\"breadcrumb\":{\"@id\":\"https:\/\/www.esin.av.tr\/tr\/2019\/05\/21\/devamsizlik-sebebiyle-is-akdinin-feshi\/#breadcrumb\"},\"inLanguage\":\"tr\",\"potentialAction\":[{\"@type\":\"ReadAction\",\"target\":[\"https:\/\/www.esin.av.tr\/tr\/2019\/05\/21\/devamsizlik-sebebiyle-is-akdinin-feshi\/\"]}]},{\"@type\":\"BreadcrumbList\",\"@id\":\"https:\/\/www.esin.av.tr\/tr\/2019\/05\/21\/devamsizlik-sebebiyle-is-akdinin-feshi\/#breadcrumb\",\"itemListElement\":[{\"@type\":\"ListItem\",\"position\":1,\"name\":\"Home\",\"item\":\"https:\/\/www.esin.av.tr\/tr\/\"},{\"@type\":\"ListItem\",\"position\":2,\"name\":\"Devams\u0131zl\u0131k Sebebiyle \u0130\u015f Akdinin Feshi\"}]},{\"@type\":\"WebSite\",\"@id\":\"https:\/\/www.esin.av.tr\/tr\/#website\",\"url\":\"https:\/\/www.esin.av.tr\/tr\/\",\"name\":\"Esin Avukatl\u0131k Ortakl\u0131\u011f\u0131\",\"description\":\"\",\"publisher\":{\"@id\":\"https:\/\/www.esin.av.tr\/tr\/#organization\"},\"potentialAction\":[{\"@type\":\"SearchAction\",\"target\":{\"@type\":\"EntryPoint\",\"urlTemplate\":\"https:\/\/www.esin.av.tr\/tr\/?s={search_term_string}\"},\"query-input\":{\"@type\":\"PropertyValueSpecification\",\"valueRequired\":true,\"valueName\":\"search_term_string\"}}],\"inLanguage\":\"tr\"},{\"@type\":\"Organization\",\"@id\":\"https:\/\/www.esin.av.tr\/tr\/#organization\",\"name\":\"Esin Avukatl\u0131k Ortakl\u0131\u011f\u0131\",\"url\":\"https:\/\/www.esin.av.tr\/tr\/\",\"logo\":{\"@type\":\"ImageObject\",\"inLanguage\":\"tr\",\"@id\":\"https:\/\/www.esin.av.tr\/tr\/#\/schema\/logo\/image\/\",\"url\":\"https:\/\/www.esin.av.tr\/wp-content\/uploads\/2021\/09\/esin-2.jpg\",\"contentUrl\":\"https:\/\/www.esin.av.tr\/wp-content\/uploads\/2021\/09\/esin-2.jpg\",\"width\":800,\"height\":460,\"caption\":\"Esin Avukatl\u0131k Ortakl\u0131\u011f\u0131\"},\"image\":{\"@id\":\"https:\/\/www.esin.av.tr\/tr\/#\/schema\/logo\/image\/\"}},{\"@type\":\"Person\",\"@id\":\"https:\/\/www.esin.av.tr\/tr\/#\/schema\/person\/42c8e616aab56b8622fa365ad63282ae\",\"name\":\"R\u0131dvan Konrat\",\"image\":{\"@type\":\"ImageObject\",\"inLanguage\":\"tr\",\"@id\":\"https:\/\/www.esin.av.tr\/tr\/#\/schema\/person\/image\/\",\"url\":\"https:\/\/secure.gravatar.com\/avatar\/b20c6c583be38ed4e76e32f69fccc676?s=96&d=mm&r=g\",\"contentUrl\":\"https:\/\/secure.gravatar.com\/avatar\/b20c6c583be38ed4e76e32f69fccc676?s=96&d=mm&r=g\",\"caption\":\"R\u0131dvan Konrat\"},\"sameAs\":[\"http:\/\/www.esin.av.tr\"],\"url\":\"https:\/\/www.esin.av.tr\/tr\/author\/rkonrat\/\"}]}<\/script>\n<!-- \/ Yoast SEO plugin. -->","yoast_head_json":{"title":"Devams\u0131zl\u0131k Sebebiyle \u0130\u015f Akdinin Feshi","description":"Yeni Geli\u015fme Yarg\u0131tay \u0130\u00e7tihad\u0131 Birle\u015ftirme Hukuk Genel Kurulu, 19 Ekim 2018 tarihli, 2017\/9 E. ve 2018\/10 K. say\u0131l\u0131 karar\u0131 ile \u00e7al\u0131\u015fanlar\u0131n hastal\u0131klar\u0131","robots":{"index":"index","follow":"follow","max-snippet":"max-snippet:-1","max-image-preview":"max-image-preview:large","max-video-preview":"max-video-preview:-1"},"canonical":"https:\/\/www.esin.av.tr\/tr\/2019\/05\/21\/devamsizlik-sebebiyle-is-akdinin-feshi\/","og_locale":"tr_TR","og_type":"article","og_title":"Devams\u0131zl\u0131k Sebebiyle \u0130\u015f Akdinin Feshi","og_description":"Yeni Geli\u015fme Yarg\u0131tay \u0130\u00e7tihad\u0131 Birle\u015ftirme Hukuk Genel Kurulu, 19 Ekim 2018 tarihli, 2017\/9 E. ve 2018\/10 K. say\u0131l\u0131 karar\u0131 ile \u00e7al\u0131\u015fanlar\u0131n hastal\u0131klar\u0131","og_url":"https:\/\/www.esin.av.tr\/tr\/2019\/05\/21\/devamsizlik-sebebiyle-is-akdinin-feshi\/","og_site_name":"Esin Avukatl\u0131k Ortakl\u0131\u011f\u0131","article_published_time":"2019-05-21T14:24:53+00:00","article_modified_time":"2022-06-09T12:32:13+00:00","author":"R\u0131dvan Konrat","twitter_card":"summary_large_image","twitter_misc":{"Written by":"R\u0131dvan Konrat","Est. reading time":"1 minute"},"schema":{"@context":"https:\/\/schema.org","@graph":[{"@type":"Article","@id":"https:\/\/www.esin.av.tr\/tr\/2019\/05\/21\/devamsizlik-sebebiyle-is-akdinin-feshi\/#article","isPartOf":{"@id":"https:\/\/www.esin.av.tr\/tr\/2019\/05\/21\/devamsizlik-sebebiyle-is-akdinin-feshi\/"},"author":{"name":"R\u0131dvan Konrat","@id":"https:\/\/www.esin.av.tr\/tr\/#\/schema\/person\/42c8e616aab56b8622fa365ad63282ae"},"headline":"Devams\u0131zl\u0131k Sebebiyle \u0130\u015f Akdinin Feshi","datePublished":"2019-05-21T14:24:53+00:00","dateModified":"2022-06-09T12:32:13+00:00","mainEntityOfPage":{"@id":"https:\/\/www.esin.av.tr\/tr\/2019\/05\/21\/devamsizlik-sebebiyle-is-akdinin-feshi\/"},"wordCount":176,"publisher":{"@id":"https:\/\/www.esin.av.tr\/tr\/#organization"},"keywords":["\u0130\u015f Hukuku"],"articleSection":["Hukuk B\u00fcltenleri"],"inLanguage":"tr"},{"@type":"WebPage","@id":"https:\/\/www.esin.av.tr\/tr\/2019\/05\/21\/devamsizlik-sebebiyle-is-akdinin-feshi\/","url":"https:\/\/www.esin.av.tr\/tr\/2019\/05\/21\/devamsizlik-sebebiyle-is-akdinin-feshi\/","name":"Devams\u0131zl\u0131k Sebebiyle \u0130\u015f Akdinin Feshi","isPartOf":{"@id":"https:\/\/www.esin.av.tr\/tr\/#website"},"datePublished":"2019-05-21T14:24:53+00:00","dateModified":"2022-06-09T12:32:13+00:00","description":"Yeni Geli\u015fme Yarg\u0131tay \u0130\u00e7tihad\u0131 Birle\u015ftirme Hukuk Genel Kurulu, 19 Ekim 2018 tarihli, 2017\/9 E. ve 2018\/10 K. say\u0131l\u0131 karar\u0131 ile \u00e7al\u0131\u015fanlar\u0131n hastal\u0131klar\u0131","breadcrumb":{"@id":"https:\/\/www.esin.av.tr\/tr\/2019\/05\/21\/devamsizlik-sebebiyle-is-akdinin-feshi\/#breadcrumb"},"inLanguage":"tr","potentialAction":[{"@type":"ReadAction","target":["https:\/\/www.esin.av.tr\/tr\/2019\/05\/21\/devamsizlik-sebebiyle-is-akdinin-feshi\/"]}]},{"@type":"BreadcrumbList","@id":"https:\/\/www.esin.av.tr\/tr\/2019\/05\/21\/devamsizlik-sebebiyle-is-akdinin-feshi\/#breadcrumb","itemListElement":[{"@type":"ListItem","position":1,"name":"Home","item":"https:\/\/www.esin.av.tr\/tr\/"},{"@type":"ListItem","position":2,"name":"Devams\u0131zl\u0131k Sebebiyle \u0130\u015f Akdinin Feshi"}]},{"@type":"WebSite","@id":"https:\/\/www.esin.av.tr\/tr\/#website","url":"https:\/\/www.esin.av.tr\/tr\/","name":"Esin Avukatl\u0131k Ortakl\u0131\u011f\u0131","description":"","publisher":{"@id":"https:\/\/www.esin.av.tr\/tr\/#organization"},"potentialAction":[{"@type":"SearchAction","target":{"@type":"EntryPoint","urlTemplate":"https:\/\/www.esin.av.tr\/tr\/?s={search_term_string}"},"query-input":{"@type":"PropertyValueSpecification","valueRequired":true,"valueName":"search_term_string"}}],"inLanguage":"tr"},{"@type":"Organization","@id":"https:\/\/www.esin.av.tr\/tr\/#organization","name":"Esin Avukatl\u0131k Ortakl\u0131\u011f\u0131","url":"https:\/\/www.esin.av.tr\/tr\/","logo":{"@type":"ImageObject","inLanguage":"tr","@id":"https:\/\/www.esin.av.tr\/tr\/#\/schema\/logo\/image\/","url":"https:\/\/www.esin.av.tr\/wp-content\/uploads\/2021\/09\/esin-2.jpg","contentUrl":"https:\/\/www.esin.av.tr\/wp-content\/uploads\/2021\/09\/esin-2.jpg","width":800,"height":460,"caption":"Esin Avukatl\u0131k Ortakl\u0131\u011f\u0131"},"image":{"@id":"https:\/\/www.esin.av.tr\/tr\/#\/schema\/logo\/image\/"}},{"@type":"Person","@id":"https:\/\/www.esin.av.tr\/tr\/#\/schema\/person\/42c8e616aab56b8622fa365ad63282ae","name":"R\u0131dvan Konrat","image":{"@type":"ImageObject","inLanguage":"tr","@id":"https:\/\/www.esin.av.tr\/tr\/#\/schema\/person\/image\/","url":"https:\/\/secure.gravatar.com\/avatar\/b20c6c583be38ed4e76e32f69fccc676?s=96&d=mm&r=g","contentUrl":"https:\/\/secure.gravatar.com\/avatar\/b20c6c583be38ed4e76e32f69fccc676?s=96&d=mm&r=g","caption":"R\u0131dvan Konrat"},"sameAs":["http:\/\/www.esin.av.tr"],"url":"https:\/\/www.esin.av.tr\/tr\/author\/rkonrat\/"}]}},"_links":{"self":[{"href":"https:\/\/www.esin.av.tr\/tr\/wp-json\/wp\/v2\/posts\/14727","targetHints":{"allow":["GET"]}}],"collection":[{"href":"https:\/\/www.esin.av.tr\/tr\/wp-json\/wp\/v2\/posts"}],"about":[{"href":"https:\/\/www.esin.av.tr\/tr\/wp-json\/wp\/v2\/types\/post"}],"author":[{"embeddable":true,"href":"https:\/\/www.esin.av.tr\/tr\/wp-json\/wp\/v2\/users\/4"}],"replies":[{"embeddable":true,"href":"https:\/\/www.esin.av.tr\/tr\/wp-json\/wp\/v2\/comments?post=14727"}],"version-history":[{"count":1,"href":"https:\/\/www.esin.av.tr\/tr\/wp-json\/wp\/v2\/posts\/14727\/revisions"}],"predecessor-version":[{"id":15582,"href":"https:\/\/www.esin.av.tr\/tr\/wp-json\/wp\/v2\/posts\/14727\/revisions\/15582"}],"wp:attachment":[{"href":"https:\/\/www.esin.av.tr\/tr\/wp-json\/wp\/v2\/media?parent=14727"}],"wp:term":[{"taxonomy":"category","embeddable":true,"href":"https:\/\/www.esin.av.tr\/tr\/wp-json\/wp\/v2\/categories?post=14727"},{"taxonomy":"post_tag","embeddable":true,"href":"https:\/\/www.esin.av.tr\/tr\/wp-json\/wp\/v2\/tags?post=14727"}],"curies":[{"name":"wp","href":"https:\/\/api.w.org\/{rel}","templated":true}]}}