{"id":14725,"date":"2019-07-01T14:25:46","date_gmt":"2019-07-01T14:25:46","guid":{"rendered":"http:\/\/upt.esin.av.tr\/2019\/07\/01\/perakende-ticarette-uygulanacak-ilke-ve-kurallar-hakkinda-yonetmelikte-degisiklik-yapildi\/"},"modified":"2022-06-09T12:32:06","modified_gmt":"2022-06-09T12:32:06","slug":"perakende-ticarette-uygulanacak-ilke-ve-kurallar-hakkinda-yonetmelikte-degisiklik-yapildi","status":"publish","type":"post","link":"https:\/\/www.esin.av.tr\/tr\/2019\/07\/01\/perakende-ticarette-uygulanacak-ilke-ve-kurallar-hakkinda-yonetmelikte-degisiklik-yapildi\/","title":{"rendered":"Perakende Ticarette Uygulanacak \u0130lke ve Kurallar Hakk\u0131nda Y\u00f6netmelik&#8217;te De\u011fi\u015fiklik Yap\u0131ld\u0131"},"content":{"rendered":"<p><strong>Yeni Geli\u015fmeler<\/strong><\/p>\n<p>22 Haziran 2019 tarihinde Resmi Gazete&#8217;de yay\u0131mlanarak y\u00fcr\u00fcrl\u00fc\u011fe giren y\u00f6netmelik ile Perakende Ticarette Uygulanacak \u0130lke ve Kurallar Hakk\u0131nda Y\u00f6netmelik&#8217;te (&#8220;<strong>Perakende Ticaret Y\u00f6netmeli\u011fi<\/strong>&#8220;) de\u011fi\u015fiklikler yap\u0131larak, belirli \u00fcr\u00fcnler i\u00e7in yeni taksitlendirme s\u00fcreleri belirlendi, kuyum sat\u0131\u015flar\u0131ndaki taksit yasa\u011f\u0131 k\u0131smen kald\u0131r\u0131ld\u0131.<\/p>\n<p><strong>De\u011fi\u015fiklikler Neler Getiriyor?<\/strong><\/p>\n<p>De\u011fi\u015fiklikler uyar\u0131nca, fiyat\u0131 3000 TL ve \u00fczeri televizyon sat\u0131\u015flar\u0131 i\u00e7in belirlenen 3 ayl\u0131k taksitlendirme, tutar bak\u0131m\u0131ndan 3500 TL ve \u00fczeri \u015feklinde de\u011fi\u015ftirilerek taksitlendirme s\u00fcresi 6 aya \u00e7\u0131kar\u0131ld\u0131. Fiyat\u0131 3500 TL alt\u0131nda olan televizyon sat\u0131\u015flar\u0131 i\u00e7in ise taksitlendirme s\u00fcresi 12 ay olarak belirlendi.<br \/>\nSes ve g\u00f6r\u00fcnt\u00fc sistemleri i\u00e7in 3 ayl\u0131k taksit s\u00fcresi \u00f6ng\u00f6ren d\u00fczenleme; kapsam bak\u0131m\u0131ndan video, kamera ve ses sistemi gibi elektronik e\u015fya sat\u0131\u015flar\u0131n\u0131 da i\u00e7erecek \u015fekilde geni\u015fletildi ve taksitlendirme s\u00fcresi 6 aya \u00e7\u0131kar\u0131ld\u0131.<br \/>\nFiyat\u0131 3500 TL&#8217;nin \u00fczerinde olan cep telefonlar\u0131 i\u00e7in 6 ayl\u0131k; fiyat\u0131 3500 TL ve alt\u0131nda olan cep telefonlar\u0131 i\u00e7in ise 12 ayl\u0131k taksitlendirme s\u00fcresi uygulanmaya devam ediyor.<br \/>\nTablet bilgisayarlara uygulanan 6 ayl\u0131k taksitlendirme s\u00fcresi de\u011fi\u015fmezken; di\u011fer bilgisayarlar i\u00e7in uygulanan 6 ayl\u0131k taksitlendirme s\u0131n\u0131r\u0131 12 aya \u00e7\u0131kar\u0131ld\u0131.<br \/>\nYeni d\u00fczenleme ile buzdolab\u0131, \u00e7ama\u015f\u0131r makinesi, bula\u015f\u0131k makinesi ve elektrikli ev aletleri gibi elektrikli e\u015fya sat\u0131\u015flar\u0131 ile mobilya sat\u0131\u015flar\u0131 i\u00e7in taksitlendirme s\u00fcresi 12 ay yerine 18 ay olarak uygulanacak.<br \/>\nTicaret Bakanl\u0131\u011f\u0131, kuyum sat\u0131\u015flar\u0131 i\u00e7in getirilen taksit yasa\u011f\u0131n\u0131 kald\u0131rarak bas\u0131l\u0131 ve k\u00fcl\u00e7e halinde olmayan kuyum sat\u0131\u015flar\u0131 i\u00e7in ise taksitlendirme s\u00fcresini en fazla 4 ay olarak belirledi. Di\u011fer kuyum sat\u0131\u015flar\u0131 i\u00e7in ise taksitlendirme yasa\u011f\u0131 devam ediyor.<\/p>\n<p><strong>Sonu\u00e7<\/strong><\/p>\n<p>Ticaret Bakanl\u0131\u011f\u0131, elektrikli e\u015fya, televizyon, bilgisayar ve mobilya ile baz\u0131 elektronik e\u015fyalar\u0131n sat\u0131\u015flar\u0131 i\u00e7in taksitlendirme s\u00fcrelerini art\u0131rd\u0131 ve kuyum sat\u0131\u015flar\u0131ndaki taksitlendirme yasa\u011f\u0131n\u0131 k\u0131smen kald\u0131rd\u0131. Bakanl\u0131k, yapt\u0131\u011f\u0131 de\u011fi\u015fiklikler ile ilgili perakende \u00fcr\u00fcnlerin sat\u0131\u015flar\u0131n\u0131 art\u0131rmay\u0131 ve kuyumculuk sekt\u00f6r\u00fcn\u00fc canland\u0131rmay\u0131 hedefliyor.<\/p>\n","protected":false},"excerpt":{"rendered":"<p>Yeni Geli\u015fmeler 22 Haziran 2019 tarihinde Resmi Gazete&#8217;de yay\u0131mlanarak y\u00fcr\u00fcrl\u00fc\u011fe giren y\u00f6netmelik ile Perakende Ticarette Uygulanacak \u0130lke ve Kurallar Hakk\u0131nda [&hellip;]<\/p>\n","protected":false},"author":4,"featured_media":0,"comment_status":"closed","ping_status":"closed","sticky":false,"template":"","format":"standard","meta":{"_acf_changed":false,"_stopmodifiedupdate":false,"_modified_date":"","footnotes":""},"categories":[120],"tags":[94],"class_list":["post-14725","post","type-post","status-publish","format-standard","hentry","category-legal-alerts","tag-international-commercial-and-trade-tr"],"acf":[],"yoast_head":"<!-- This site is optimized with the Yoast SEO plugin v24.0 - https:\/\/yoast.com\/wordpress\/plugins\/seo\/ -->\n<title>Perakende Ticarette Uygulanacak \u0130lke ve Kurallar Hakk\u0131nda Y\u00f6netmelik&#039;te De\u011fi\u015fiklik Yap\u0131ld\u0131<\/title>\n<meta name=\"description\" content=\"Yeni Geli\u015fmeler 22 Haziran 2019 tarihinde Resmi Gazete&#039;de yay\u0131mlanarak y\u00fcr\u00fcrl\u00fc\u011fe giren y\u00f6netmelik ile Perakende Ticarette Uygulanacak \u0130lke ve Kurallar\" \/>\n<meta name=\"robots\" content=\"index, follow, max-snippet:-1, max-image-preview:large, max-video-preview:-1\" \/>\n<link rel=\"canonical\" href=\"https:\/\/www.esin.av.tr\/tr\/2019\/07\/01\/perakende-ticarette-uygulanacak-ilke-ve-kurallar-hakkinda-yonetmelikte-degisiklik-yapildi\/\" \/>\n<meta property=\"og:locale\" content=\"tr_TR\" \/>\n<meta property=\"og:type\" content=\"article\" \/>\n<meta property=\"og:title\" content=\"Perakende Ticarette Uygulanacak \u0130lke ve Kurallar Hakk\u0131nda Y\u00f6netmelik&#039;te De\u011fi\u015fiklik Yap\u0131ld\u0131\" \/>\n<meta property=\"og:description\" content=\"Yeni Geli\u015fmeler 22 Haziran 2019 tarihinde Resmi Gazete&#039;de yay\u0131mlanarak y\u00fcr\u00fcrl\u00fc\u011fe giren y\u00f6netmelik ile Perakende Ticarette Uygulanacak \u0130lke ve Kurallar\" \/>\n<meta property=\"og:url\" content=\"https:\/\/www.esin.av.tr\/tr\/2019\/07\/01\/perakende-ticarette-uygulanacak-ilke-ve-kurallar-hakkinda-yonetmelikte-degisiklik-yapildi\/\" \/>\n<meta property=\"og:site_name\" content=\"Esin Avukatl\u0131k Ortakl\u0131\u011f\u0131\" \/>\n<meta property=\"article:published_time\" content=\"2019-07-01T14:25:46+00:00\" \/>\n<meta property=\"article:modified_time\" content=\"2022-06-09T12:32:06+00:00\" \/>\n<meta name=\"author\" content=\"R\u0131dvan Konrat\" \/>\n<meta name=\"twitter:card\" content=\"summary_large_image\" \/>\n<meta name=\"twitter:label1\" content=\"Written by\" \/>\n\t<meta name=\"twitter:data1\" content=\"R\u0131dvan Konrat\" \/>\n\t<meta name=\"twitter:label2\" content=\"Est. reading time\" \/>\n\t<meta name=\"twitter:data2\" content=\"2 minutes\" \/>\n<script type=\"application\/ld+json\" class=\"yoast-schema-graph\">{\"@context\":\"https:\/\/schema.org\",\"@graph\":[{\"@type\":\"Article\",\"@id\":\"https:\/\/www.esin.av.tr\/tr\/2019\/07\/01\/perakende-ticarette-uygulanacak-ilke-ve-kurallar-hakkinda-yonetmelikte-degisiklik-yapildi\/#article\",\"isPartOf\":{\"@id\":\"https:\/\/www.esin.av.tr\/tr\/2019\/07\/01\/perakende-ticarette-uygulanacak-ilke-ve-kurallar-hakkinda-yonetmelikte-degisiklik-yapildi\/\"},\"author\":{\"name\":\"R\u0131dvan Konrat\",\"@id\":\"https:\/\/www.esin.av.tr\/tr\/#\/schema\/person\/42c8e616aab56b8622fa365ad63282ae\"},\"headline\":\"Perakende Ticarette Uygulanacak \u0130lke ve Kurallar Hakk\u0131nda Y\u00f6netmelik&#8217;te De\u011fi\u015fiklik Yap\u0131ld\u0131\",\"datePublished\":\"2019-07-01T14:25:46+00:00\",\"dateModified\":\"2022-06-09T12:32:06+00:00\",\"mainEntityOfPage\":{\"@id\":\"https:\/\/www.esin.av.tr\/tr\/2019\/07\/01\/perakende-ticarette-uygulanacak-ilke-ve-kurallar-hakkinda-yonetmelikte-degisiklik-yapildi\/\"},\"wordCount\":378,\"publisher\":{\"@id\":\"https:\/\/www.esin.av.tr\/tr\/#organization\"},\"keywords\":[\"Uluslararas\u0131 Ticaret Hukuku\"],\"articleSection\":[\"Hukuk B\u00fcltenleri\"],\"inLanguage\":\"tr\"},{\"@type\":\"WebPage\",\"@id\":\"https:\/\/www.esin.av.tr\/tr\/2019\/07\/01\/perakende-ticarette-uygulanacak-ilke-ve-kurallar-hakkinda-yonetmelikte-degisiklik-yapildi\/\",\"url\":\"https:\/\/www.esin.av.tr\/tr\/2019\/07\/01\/perakende-ticarette-uygulanacak-ilke-ve-kurallar-hakkinda-yonetmelikte-degisiklik-yapildi\/\",\"name\":\"Perakende Ticarette Uygulanacak \u0130lke ve Kurallar Hakk\u0131nda Y\u00f6netmelik'te De\u011fi\u015fiklik Yap\u0131ld\u0131\",\"isPartOf\":{\"@id\":\"https:\/\/www.esin.av.tr\/tr\/#website\"},\"datePublished\":\"2019-07-01T14:25:46+00:00\",\"dateModified\":\"2022-06-09T12:32:06+00:00\",\"description\":\"Yeni Geli\u015fmeler 22 Haziran 2019 tarihinde Resmi Gazete'de yay\u0131mlanarak y\u00fcr\u00fcrl\u00fc\u011fe giren y\u00f6netmelik ile Perakende Ticarette Uygulanacak \u0130lke ve Kurallar\",\"breadcrumb\":{\"@id\":\"https:\/\/www.esin.av.tr\/tr\/2019\/07\/01\/perakende-ticarette-uygulanacak-ilke-ve-kurallar-hakkinda-yonetmelikte-degisiklik-yapildi\/#breadcrumb\"},\"inLanguage\":\"tr\",\"potentialAction\":[{\"@type\":\"ReadAction\",\"target\":[\"https:\/\/www.esin.av.tr\/tr\/2019\/07\/01\/perakende-ticarette-uygulanacak-ilke-ve-kurallar-hakkinda-yonetmelikte-degisiklik-yapildi\/\"]}]},{\"@type\":\"BreadcrumbList\",\"@id\":\"https:\/\/www.esin.av.tr\/tr\/2019\/07\/01\/perakende-ticarette-uygulanacak-ilke-ve-kurallar-hakkinda-yonetmelikte-degisiklik-yapildi\/#breadcrumb\",\"itemListElement\":[{\"@type\":\"ListItem\",\"position\":1,\"name\":\"Home\",\"item\":\"https:\/\/www.esin.av.tr\/tr\/\"},{\"@type\":\"ListItem\",\"position\":2,\"name\":\"Perakende Ticarette Uygulanacak \u0130lke ve Kurallar Hakk\u0131nda Y\u00f6netmelik&#8217;te De\u011fi\u015fiklik Yap\u0131ld\u0131\"}]},{\"@type\":\"WebSite\",\"@id\":\"https:\/\/www.esin.av.tr\/tr\/#website\",\"url\":\"https:\/\/www.esin.av.tr\/tr\/\",\"name\":\"Esin Avukatl\u0131k Ortakl\u0131\u011f\u0131\",\"description\":\"\",\"publisher\":{\"@id\":\"https:\/\/www.esin.av.tr\/tr\/#organization\"},\"potentialAction\":[{\"@type\":\"SearchAction\",\"target\":{\"@type\":\"EntryPoint\",\"urlTemplate\":\"https:\/\/www.esin.av.tr\/tr\/?s={search_term_string}\"},\"query-input\":{\"@type\":\"PropertyValueSpecification\",\"valueRequired\":true,\"valueName\":\"search_term_string\"}}],\"inLanguage\":\"tr\"},{\"@type\":\"Organization\",\"@id\":\"https:\/\/www.esin.av.tr\/tr\/#organization\",\"name\":\"Esin Avukatl\u0131k Ortakl\u0131\u011f\u0131\",\"url\":\"https:\/\/www.esin.av.tr\/tr\/\",\"logo\":{\"@type\":\"ImageObject\",\"inLanguage\":\"tr\",\"@id\":\"https:\/\/www.esin.av.tr\/tr\/#\/schema\/logo\/image\/\",\"url\":\"https:\/\/www.esin.av.tr\/wp-content\/uploads\/2021\/09\/esin-2.jpg\",\"contentUrl\":\"https:\/\/www.esin.av.tr\/wp-content\/uploads\/2021\/09\/esin-2.jpg\",\"width\":800,\"height\":460,\"caption\":\"Esin Avukatl\u0131k Ortakl\u0131\u011f\u0131\"},\"image\":{\"@id\":\"https:\/\/www.esin.av.tr\/tr\/#\/schema\/logo\/image\/\"}},{\"@type\":\"Person\",\"@id\":\"https:\/\/www.esin.av.tr\/tr\/#\/schema\/person\/42c8e616aab56b8622fa365ad63282ae\",\"name\":\"R\u0131dvan Konrat\",\"image\":{\"@type\":\"ImageObject\",\"inLanguage\":\"tr\",\"@id\":\"https:\/\/www.esin.av.tr\/tr\/#\/schema\/person\/image\/\",\"url\":\"https:\/\/secure.gravatar.com\/avatar\/b20c6c583be38ed4e76e32f69fccc676?s=96&d=mm&r=g\",\"contentUrl\":\"https:\/\/secure.gravatar.com\/avatar\/b20c6c583be38ed4e76e32f69fccc676?s=96&d=mm&r=g\",\"caption\":\"R\u0131dvan Konrat\"},\"sameAs\":[\"http:\/\/www.esin.av.tr\"],\"url\":\"https:\/\/www.esin.av.tr\/tr\/author\/rkonrat\/\"}]}<\/script>\n<!-- \/ Yoast SEO plugin. -->","yoast_head_json":{"title":"Perakende Ticarette Uygulanacak \u0130lke ve Kurallar Hakk\u0131nda Y\u00f6netmelik'te De\u011fi\u015fiklik Yap\u0131ld\u0131","description":"Yeni Geli\u015fmeler 22 Haziran 2019 tarihinde Resmi Gazete'de yay\u0131mlanarak y\u00fcr\u00fcrl\u00fc\u011fe giren y\u00f6netmelik ile Perakende Ticarette Uygulanacak \u0130lke ve Kurallar","robots":{"index":"index","follow":"follow","max-snippet":"max-snippet:-1","max-image-preview":"max-image-preview:large","max-video-preview":"max-video-preview:-1"},"canonical":"https:\/\/www.esin.av.tr\/tr\/2019\/07\/01\/perakende-ticarette-uygulanacak-ilke-ve-kurallar-hakkinda-yonetmelikte-degisiklik-yapildi\/","og_locale":"tr_TR","og_type":"article","og_title":"Perakende Ticarette Uygulanacak \u0130lke ve Kurallar Hakk\u0131nda Y\u00f6netmelik'te De\u011fi\u015fiklik Yap\u0131ld\u0131","og_description":"Yeni Geli\u015fmeler 22 Haziran 2019 tarihinde Resmi Gazete'de yay\u0131mlanarak y\u00fcr\u00fcrl\u00fc\u011fe giren y\u00f6netmelik ile Perakende Ticarette Uygulanacak \u0130lke ve Kurallar","og_url":"https:\/\/www.esin.av.tr\/tr\/2019\/07\/01\/perakende-ticarette-uygulanacak-ilke-ve-kurallar-hakkinda-yonetmelikte-degisiklik-yapildi\/","og_site_name":"Esin Avukatl\u0131k Ortakl\u0131\u011f\u0131","article_published_time":"2019-07-01T14:25:46+00:00","article_modified_time":"2022-06-09T12:32:06+00:00","author":"R\u0131dvan Konrat","twitter_card":"summary_large_image","twitter_misc":{"Written by":"R\u0131dvan Konrat","Est. reading time":"2 minutes"},"schema":{"@context":"https:\/\/schema.org","@graph":[{"@type":"Article","@id":"https:\/\/www.esin.av.tr\/tr\/2019\/07\/01\/perakende-ticarette-uygulanacak-ilke-ve-kurallar-hakkinda-yonetmelikte-degisiklik-yapildi\/#article","isPartOf":{"@id":"https:\/\/www.esin.av.tr\/tr\/2019\/07\/01\/perakende-ticarette-uygulanacak-ilke-ve-kurallar-hakkinda-yonetmelikte-degisiklik-yapildi\/"},"author":{"name":"R\u0131dvan Konrat","@id":"https:\/\/www.esin.av.tr\/tr\/#\/schema\/person\/42c8e616aab56b8622fa365ad63282ae"},"headline":"Perakende Ticarette Uygulanacak \u0130lke ve Kurallar Hakk\u0131nda Y\u00f6netmelik&#8217;te De\u011fi\u015fiklik Yap\u0131ld\u0131","datePublished":"2019-07-01T14:25:46+00:00","dateModified":"2022-06-09T12:32:06+00:00","mainEntityOfPage":{"@id":"https:\/\/www.esin.av.tr\/tr\/2019\/07\/01\/perakende-ticarette-uygulanacak-ilke-ve-kurallar-hakkinda-yonetmelikte-degisiklik-yapildi\/"},"wordCount":378,"publisher":{"@id":"https:\/\/www.esin.av.tr\/tr\/#organization"},"keywords":["Uluslararas\u0131 Ticaret Hukuku"],"articleSection":["Hukuk B\u00fcltenleri"],"inLanguage":"tr"},{"@type":"WebPage","@id":"https:\/\/www.esin.av.tr\/tr\/2019\/07\/01\/perakende-ticarette-uygulanacak-ilke-ve-kurallar-hakkinda-yonetmelikte-degisiklik-yapildi\/","url":"https:\/\/www.esin.av.tr\/tr\/2019\/07\/01\/perakende-ticarette-uygulanacak-ilke-ve-kurallar-hakkinda-yonetmelikte-degisiklik-yapildi\/","name":"Perakende Ticarette Uygulanacak \u0130lke ve Kurallar Hakk\u0131nda Y\u00f6netmelik'te De\u011fi\u015fiklik Yap\u0131ld\u0131","isPartOf":{"@id":"https:\/\/www.esin.av.tr\/tr\/#website"},"datePublished":"2019-07-01T14:25:46+00:00","dateModified":"2022-06-09T12:32:06+00:00","description":"Yeni Geli\u015fmeler 22 Haziran 2019 tarihinde Resmi Gazete'de yay\u0131mlanarak y\u00fcr\u00fcrl\u00fc\u011fe giren y\u00f6netmelik ile Perakende Ticarette Uygulanacak \u0130lke ve Kurallar","breadcrumb":{"@id":"https:\/\/www.esin.av.tr\/tr\/2019\/07\/01\/perakende-ticarette-uygulanacak-ilke-ve-kurallar-hakkinda-yonetmelikte-degisiklik-yapildi\/#breadcrumb"},"inLanguage":"tr","potentialAction":[{"@type":"ReadAction","target":["https:\/\/www.esin.av.tr\/tr\/2019\/07\/01\/perakende-ticarette-uygulanacak-ilke-ve-kurallar-hakkinda-yonetmelikte-degisiklik-yapildi\/"]}]},{"@type":"BreadcrumbList","@id":"https:\/\/www.esin.av.tr\/tr\/2019\/07\/01\/perakende-ticarette-uygulanacak-ilke-ve-kurallar-hakkinda-yonetmelikte-degisiklik-yapildi\/#breadcrumb","itemListElement":[{"@type":"ListItem","position":1,"name":"Home","item":"https:\/\/www.esin.av.tr\/tr\/"},{"@type":"ListItem","position":2,"name":"Perakende Ticarette Uygulanacak \u0130lke ve Kurallar Hakk\u0131nda Y\u00f6netmelik&#8217;te De\u011fi\u015fiklik Yap\u0131ld\u0131"}]},{"@type":"WebSite","@id":"https:\/\/www.esin.av.tr\/tr\/#website","url":"https:\/\/www.esin.av.tr\/tr\/","name":"Esin Avukatl\u0131k Ortakl\u0131\u011f\u0131","description":"","publisher":{"@id":"https:\/\/www.esin.av.tr\/tr\/#organization"},"potentialAction":[{"@type":"SearchAction","target":{"@type":"EntryPoint","urlTemplate":"https:\/\/www.esin.av.tr\/tr\/?s={search_term_string}"},"query-input":{"@type":"PropertyValueSpecification","valueRequired":true,"valueName":"search_term_string"}}],"inLanguage":"tr"},{"@type":"Organization","@id":"https:\/\/www.esin.av.tr\/tr\/#organization","name":"Esin Avukatl\u0131k Ortakl\u0131\u011f\u0131","url":"https:\/\/www.esin.av.tr\/tr\/","logo":{"@type":"ImageObject","inLanguage":"tr","@id":"https:\/\/www.esin.av.tr\/tr\/#\/schema\/logo\/image\/","url":"https:\/\/www.esin.av.tr\/wp-content\/uploads\/2021\/09\/esin-2.jpg","contentUrl":"https:\/\/www.esin.av.tr\/wp-content\/uploads\/2021\/09\/esin-2.jpg","width":800,"height":460,"caption":"Esin Avukatl\u0131k Ortakl\u0131\u011f\u0131"},"image":{"@id":"https:\/\/www.esin.av.tr\/tr\/#\/schema\/logo\/image\/"}},{"@type":"Person","@id":"https:\/\/www.esin.av.tr\/tr\/#\/schema\/person\/42c8e616aab56b8622fa365ad63282ae","name":"R\u0131dvan Konrat","image":{"@type":"ImageObject","inLanguage":"tr","@id":"https:\/\/www.esin.av.tr\/tr\/#\/schema\/person\/image\/","url":"https:\/\/secure.gravatar.com\/avatar\/b20c6c583be38ed4e76e32f69fccc676?s=96&d=mm&r=g","contentUrl":"https:\/\/secure.gravatar.com\/avatar\/b20c6c583be38ed4e76e32f69fccc676?s=96&d=mm&r=g","caption":"R\u0131dvan Konrat"},"sameAs":["http:\/\/www.esin.av.tr"],"url":"https:\/\/www.esin.av.tr\/tr\/author\/rkonrat\/"}]}},"_links":{"self":[{"href":"https:\/\/www.esin.av.tr\/tr\/wp-json\/wp\/v2\/posts\/14725","targetHints":{"allow":["GET"]}}],"collection":[{"href":"https:\/\/www.esin.av.tr\/tr\/wp-json\/wp\/v2\/posts"}],"about":[{"href":"https:\/\/www.esin.av.tr\/tr\/wp-json\/wp\/v2\/types\/post"}],"author":[{"embeddable":true,"href":"https:\/\/www.esin.av.tr\/tr\/wp-json\/wp\/v2\/users\/4"}],"replies":[{"embeddable":true,"href":"https:\/\/www.esin.av.tr\/tr\/wp-json\/wp\/v2\/comments?post=14725"}],"version-history":[{"count":1,"href":"https:\/\/www.esin.av.tr\/tr\/wp-json\/wp\/v2\/posts\/14725\/revisions"}],"predecessor-version":[{"id":15580,"href":"https:\/\/www.esin.av.tr\/tr\/wp-json\/wp\/v2\/posts\/14725\/revisions\/15580"}],"wp:attachment":[{"href":"https:\/\/www.esin.av.tr\/tr\/wp-json\/wp\/v2\/media?parent=14725"}],"wp:term":[{"taxonomy":"category","embeddable":true,"href":"https:\/\/www.esin.av.tr\/tr\/wp-json\/wp\/v2\/categories?post=14725"},{"taxonomy":"post_tag","embeddable":true,"href":"https:\/\/www.esin.av.tr\/tr\/wp-json\/wp\/v2\/tags?post=14725"}],"curies":[{"name":"wp","href":"https:\/\/api.w.org\/{rel}","templated":true}]}}