{"id":14721,"date":"2019-07-08T12:21:52","date_gmt":"2019-07-08T12:21:52","guid":{"rendered":"http:\/\/upt.esin.av.tr\/2019\/07\/08\/konkordato-surecinde-karsiliksiz-ceklere-iliskin-gelismeler\/"},"modified":"2022-06-09T12:32:57","modified_gmt":"2022-06-09T12:32:57","slug":"konkordato-surecinde-karsiliksiz-ceklere-iliskin-gelismeler","status":"publish","type":"post","link":"https:\/\/www.esin.av.tr\/tr\/2019\/07\/08\/konkordato-surecinde-karsiliksiz-ceklere-iliskin-gelismeler\/","title":{"rendered":"Konkordato S\u00fcrecinde Kar\u015f\u0131l\u0131ks\u0131z \u00c7eklere \u0130li\u015fkin Geli\u015fmeler"},"content":{"rendered":"<p><strong>Yeni Geli\u015fme<\/strong><\/p>\n<p>Konkordato s\u00fcrecinde kar\u015f\u0131l\u0131ks\u0131z \u00e7\u0131kan \u00e7eklere ili\u015fkin t\u00fczel ki\u015filerin yetkili temsilcilerinin cezai sorumlulu\u011funun tespiti hususunda farkl\u0131 b\u00f6lge adliye mahkemesi ceza daireleri kararlar\u0131 aras\u0131nda uyu\u015fmazl\u0131k bulunmaktayd\u0131. Yarg\u0131tay 19. Ceza Dairesi, 10.6.2019 tarihinde verdi\u011fi 2019\/23974 E. ve 2019\/9339 K. say\u0131l\u0131 karar\u0131yla (\u201c<strong>Karar<\/strong>\u201d) b\u00f6lge adliye mahkemeleri ceza dairelerinin kararlar\u0131 aras\u0131ndaki uyu\u015fmazl\u0131\u011f\u0131 nihai olarak gidermi\u015f ve bu konuda verilecek olan mahkeme kararlar\u0131nda uyulmas\u0131 gereken kaideleri ortaya koymu\u015ftur. Karara konu kar\u015f\u0131l\u0131ks\u0131z \u00e7ekler, bir t\u00fczel ki\u015finin yetkili temsilcilerinin konkordato talebinde bulunmadan ya da ge\u00e7ici m\u00fchlet karar\u0131 verilmeden \u00f6nce \u015firket ad\u0131na ileri tarihli \u015fekilde ke\u015fide ederek alacakl\u0131ya teslim ettikleri ve t\u00fczel ki\u015finin ticari defter ve kay\u0131tlar\u0131 ile konkordato projesinde yer alan ve konkordato yarg\u0131lamas\u0131 s\u00fcrecinde kar\u015f\u0131l\u0131ks\u0131z \u00e7\u0131kan \u00e7eklerdir.<\/p>\n<p><strong>Alacakl\u0131n\u0131n \u015eik\u00e2yetine \u0130li\u015fkin Mevcut Kural<\/strong><\/p>\n<p>Kar\u015f\u0131l\u0131ks\u0131z \u00e7\u0131kan \u00e7ekin alacakl\u0131s\u0131n\u0131n, kar\u015f\u0131l\u0131ks\u0131zd\u0131r i\u015flemini \u00f6\u011frendi\u011fi tarihten itibaren \u00fc\u00e7 ay ve her halde fiilin i\u015flendi\u011fi tarihten itibaren bir y\u0131l i\u00e7erisinde \u015fik\u00e2yette bulunmas\u0131 \u00fczerine, bor\u00e7lu t\u00fczel ki\u015finin yetkili temsilcileri aleyhine kar\u015f\u0131l\u0131ks\u0131z \u00e7\u0131kan \u00e7ekle ilgili olarak yetkili icra ceza mahkemesi nezdinde ceza davas\u0131 a\u00e7\u0131lmaktad\u0131r.<\/p>\n<p><strong>Bekletici Sorun<\/strong><\/p>\n<p>Yeni karar uyar\u0131nca, bor\u00e7lu \u015firketin konkordato talebi mevcutsa, ceza davas\u0131na bakmakla yetkili icra ceza mahkemesi, konkordato talebini ele alan ticaret mahkemesinin verece\u011fi h\u00fckm\u00fc bekletici sorun yapacakt\u0131r.<\/p>\n<p><strong>Konkordato Yarg\u0131lamas\u0131n\u0131n Sonucu<\/strong><\/p>\n<p>Karar&#8217;a g\u00f6re; icra ceza mahkemesi, de\u011ferlendirmesinde \u015fu ihtimalleri dikkate alarak sonuca varacakt\u0131r:<\/p>\n<ol>\n<li><u>Konkordato projesi tasdik edilirse<\/u>; bu tasdik karar\u0131yla birlikte konkordato anla\u015fmas\u0131 kesinle\u015fmi\u015f ve su\u00e7a konu kar\u015f\u0131l\u0131ks\u0131z \u00e7ekin sonu\u00e7lar\u0131 yeniden belirlenmi\u015f olaca\u011f\u0131ndan, kar\u015f\u0131l\u0131ks\u0131z \u00e7ek bir nevi ileri vadeli bor\u00e7 senedi haline gelecek ve b\u00f6ylece <strong><u>bor\u00e7lu t\u00fczel ki\u015finin yetkilisi olan san\u0131klar\u0131n cezai sorumlulu\u011fundan s\u00f6z edilemeyecektir<\/u><\/strong>.<\/li>\n<li><u>Konkordatonun reddine karar verilirse<\/u><\/li>\n<\/ol>\n<p>a.E\u011fer konkordato yarg\u0131lamas\u0131n\u0131 yapan ticaret mahkemesi, bor\u00e7lu t\u00fczel ki\u015fiye ili\u015fkin \u00e7ek hesab\u0131n\u0131n y\u00f6netimi, bu hesaba para aktarma ve \u00e7ek hesab\u0131 \u00fczerinde tasarruf etme gibi yetkileri y\u00f6netim organ\u0131ndan al\u0131p komisere vermi\u015f ve bankaya ibraz edilen \u00e7ek, komiserin yetkili oldu\u011fu d\u00f6nemde kar\u015f\u0131l\u0131ks\u0131z \u00e7\u0131km\u0131\u015fsa; <strong><u>t\u00fczel ki\u015filik yetkililerinin cezai sorumlulu\u011fu devam etmeyecektir<\/u><\/strong>;<\/p>\n<p>b.E\u011fer konkordato yarg\u0131lamas\u0131n\u0131 yapan ticaret mahkemesi bu \u015fekilde a\u00e7\u0131k bir karar vermemi\u015fse, <strong><u>bu konudaki t\u00fcm yetkiler t\u00fczel ki\u015finin y\u00f6neticilerinde olaca\u011f\u0131ndan, s\u00f6z konusu kar\u015f\u0131l\u0131ks\u0131z \u00e7ekten dolay\u0131 bor\u00e7lu t\u00fczel ki\u015finin temsilcilerinin cezai sorumlulu\u011fu devam edecektir<\/u><\/strong>.<\/p>\n<p><strong>Sonu\u00e7<\/strong><\/p>\n<p>Konkordato ba\u015fvurusunda bulunan bir t\u00fczel ki\u015fi ad\u0131na talep tarihinden \u00f6nce ya da ge\u00e7ici m\u00fchlet karar\u0131 verilmeden \u00f6nce ileri tarihli bir \u00e7ek ke\u015fide edilmesi ve konkordato s\u00fcreci i\u00e7erisinde bu \u00e7ekin kar\u015f\u0131l\u0131ks\u0131z \u00e7\u0131kmas\u0131 halinde, bor\u00e7lu t\u00fczel ki\u015finin yetkililerinin cezai sorumlulu\u011fu Karar&#8217;da a\u00e7\u0131kland\u0131\u011f\u0131 \u015fekilde ve konkordato projesinin tasdiki veya reddi sonucunda ortaya \u00e7\u0131kan farkl\u0131 ihtimallere g\u00f6re belirlenecektir.<\/p>\n","protected":false},"excerpt":{"rendered":"<p>Yeni Geli\u015fme Konkordato s\u00fcrecinde kar\u015f\u0131l\u0131ks\u0131z \u00e7\u0131kan \u00e7eklere ili\u015fkin t\u00fczel ki\u015filerin yetkili temsilcilerinin cezai sorumlulu\u011funun tespiti hususunda farkl\u0131 b\u00f6lge adliye mahkemesi [&hellip;]<\/p>\n","protected":false},"author":4,"featured_media":0,"comment_status":"closed","ping_status":"closed","sticky":false,"template":"","format":"standard","meta":{"_acf_changed":false,"_stopmodifiedupdate":false,"_modified_date":"","footnotes":""},"categories":[120],"tags":[96],"class_list":["post-14721","post","type-post","status-publish","format-standard","hentry","category-legal-alerts","tag-dispute-resolution-tr"],"acf":[],"yoast_head":"<!-- This site is optimized with the Yoast SEO plugin v24.0 - https:\/\/yoast.com\/wordpress\/plugins\/seo\/ -->\n<title>Konkordato S\u00fcrecinde Kar\u015f\u0131l\u0131ks\u0131z \u00c7eklere \u0130li\u015fkin Geli\u015fmeler<\/title>\n<meta name=\"description\" content=\"Yeni Geli\u015fme Konkordato s\u00fcrecinde kar\u015f\u0131l\u0131ks\u0131z \u00e7\u0131kan \u00e7eklere ili\u015fkin t\u00fczel ki\u015filerin yetkili temsilcilerinin cezai sorumlulu\u011funun tespiti hususunda farkl\u0131\" \/>\n<meta name=\"robots\" content=\"index, follow, max-snippet:-1, max-image-preview:large, max-video-preview:-1\" \/>\n<link rel=\"canonical\" href=\"https:\/\/www.esin.av.tr\/tr\/2019\/07\/08\/konkordato-surecinde-karsiliksiz-ceklere-iliskin-gelismeler\/\" \/>\n<meta property=\"og:locale\" content=\"tr_TR\" \/>\n<meta property=\"og:type\" content=\"article\" \/>\n<meta property=\"og:title\" content=\"Konkordato S\u00fcrecinde Kar\u015f\u0131l\u0131ks\u0131z \u00c7eklere \u0130li\u015fkin Geli\u015fmeler\" \/>\n<meta property=\"og:description\" content=\"Yeni Geli\u015fme Konkordato s\u00fcrecinde kar\u015f\u0131l\u0131ks\u0131z \u00e7\u0131kan \u00e7eklere ili\u015fkin t\u00fczel ki\u015filerin yetkili temsilcilerinin cezai sorumlulu\u011funun tespiti hususunda farkl\u0131\" \/>\n<meta property=\"og:url\" content=\"https:\/\/www.esin.av.tr\/tr\/2019\/07\/08\/konkordato-surecinde-karsiliksiz-ceklere-iliskin-gelismeler\/\" \/>\n<meta property=\"og:site_name\" content=\"Esin Avukatl\u0131k Ortakl\u0131\u011f\u0131\" \/>\n<meta property=\"article:published_time\" content=\"2019-07-08T12:21:52+00:00\" \/>\n<meta property=\"article:modified_time\" content=\"2022-06-09T12:32:57+00:00\" \/>\n<meta name=\"author\" content=\"R\u0131dvan Konrat\" \/>\n<meta name=\"twitter:card\" content=\"summary_large_image\" \/>\n<meta name=\"twitter:label1\" content=\"Written by\" \/>\n\t<meta name=\"twitter:data1\" content=\"R\u0131dvan Konrat\" \/>\n\t<meta name=\"twitter:label2\" content=\"Est. reading time\" \/>\n\t<meta name=\"twitter:data2\" content=\"3 minutes\" \/>\n<script type=\"application\/ld+json\" class=\"yoast-schema-graph\">{\"@context\":\"https:\/\/schema.org\",\"@graph\":[{\"@type\":\"Article\",\"@id\":\"https:\/\/www.esin.av.tr\/tr\/2019\/07\/08\/konkordato-surecinde-karsiliksiz-ceklere-iliskin-gelismeler\/#article\",\"isPartOf\":{\"@id\":\"https:\/\/www.esin.av.tr\/tr\/2019\/07\/08\/konkordato-surecinde-karsiliksiz-ceklere-iliskin-gelismeler\/\"},\"author\":{\"name\":\"R\u0131dvan Konrat\",\"@id\":\"https:\/\/www.esin.av.tr\/tr\/#\/schema\/person\/42c8e616aab56b8622fa365ad63282ae\"},\"headline\":\"Konkordato S\u00fcrecinde Kar\u015f\u0131l\u0131ks\u0131z \u00c7eklere \u0130li\u015fkin Geli\u015fmeler\",\"datePublished\":\"2019-07-08T12:21:52+00:00\",\"dateModified\":\"2022-06-09T12:32:57+00:00\",\"mainEntityOfPage\":{\"@id\":\"https:\/\/www.esin.av.tr\/tr\/2019\/07\/08\/konkordato-surecinde-karsiliksiz-ceklere-iliskin-gelismeler\/\"},\"wordCount\":555,\"publisher\":{\"@id\":\"https:\/\/www.esin.av.tr\/tr\/#organization\"},\"keywords\":[\"Uyu\u015fmazl\u0131k \u00c7\u00f6z\u00fcm\u00fc\"],\"articleSection\":[\"Hukuk B\u00fcltenleri\"],\"inLanguage\":\"tr\"},{\"@type\":\"WebPage\",\"@id\":\"https:\/\/www.esin.av.tr\/tr\/2019\/07\/08\/konkordato-surecinde-karsiliksiz-ceklere-iliskin-gelismeler\/\",\"url\":\"https:\/\/www.esin.av.tr\/tr\/2019\/07\/08\/konkordato-surecinde-karsiliksiz-ceklere-iliskin-gelismeler\/\",\"name\":\"Konkordato S\u00fcrecinde Kar\u015f\u0131l\u0131ks\u0131z \u00c7eklere \u0130li\u015fkin Geli\u015fmeler\",\"isPartOf\":{\"@id\":\"https:\/\/www.esin.av.tr\/tr\/#website\"},\"datePublished\":\"2019-07-08T12:21:52+00:00\",\"dateModified\":\"2022-06-09T12:32:57+00:00\",\"description\":\"Yeni Geli\u015fme Konkordato s\u00fcrecinde kar\u015f\u0131l\u0131ks\u0131z \u00e7\u0131kan \u00e7eklere ili\u015fkin t\u00fczel ki\u015filerin yetkili temsilcilerinin cezai sorumlulu\u011funun tespiti hususunda farkl\u0131\",\"breadcrumb\":{\"@id\":\"https:\/\/www.esin.av.tr\/tr\/2019\/07\/08\/konkordato-surecinde-karsiliksiz-ceklere-iliskin-gelismeler\/#breadcrumb\"},\"inLanguage\":\"tr\",\"potentialAction\":[{\"@type\":\"ReadAction\",\"target\":[\"https:\/\/www.esin.av.tr\/tr\/2019\/07\/08\/konkordato-surecinde-karsiliksiz-ceklere-iliskin-gelismeler\/\"]}]},{\"@type\":\"BreadcrumbList\",\"@id\":\"https:\/\/www.esin.av.tr\/tr\/2019\/07\/08\/konkordato-surecinde-karsiliksiz-ceklere-iliskin-gelismeler\/#breadcrumb\",\"itemListElement\":[{\"@type\":\"ListItem\",\"position\":1,\"name\":\"Home\",\"item\":\"https:\/\/www.esin.av.tr\/tr\/\"},{\"@type\":\"ListItem\",\"position\":2,\"name\":\"Konkordato S\u00fcrecinde Kar\u015f\u0131l\u0131ks\u0131z \u00c7eklere \u0130li\u015fkin Geli\u015fmeler\"}]},{\"@type\":\"WebSite\",\"@id\":\"https:\/\/www.esin.av.tr\/tr\/#website\",\"url\":\"https:\/\/www.esin.av.tr\/tr\/\",\"name\":\"Esin Avukatl\u0131k Ortakl\u0131\u011f\u0131\",\"description\":\"\",\"publisher\":{\"@id\":\"https:\/\/www.esin.av.tr\/tr\/#organization\"},\"potentialAction\":[{\"@type\":\"SearchAction\",\"target\":{\"@type\":\"EntryPoint\",\"urlTemplate\":\"https:\/\/www.esin.av.tr\/tr\/?s={search_term_string}\"},\"query-input\":{\"@type\":\"PropertyValueSpecification\",\"valueRequired\":true,\"valueName\":\"search_term_string\"}}],\"inLanguage\":\"tr\"},{\"@type\":\"Organization\",\"@id\":\"https:\/\/www.esin.av.tr\/tr\/#organization\",\"name\":\"Esin Avukatl\u0131k Ortakl\u0131\u011f\u0131\",\"url\":\"https:\/\/www.esin.av.tr\/tr\/\",\"logo\":{\"@type\":\"ImageObject\",\"inLanguage\":\"tr\",\"@id\":\"https:\/\/www.esin.av.tr\/tr\/#\/schema\/logo\/image\/\",\"url\":\"https:\/\/www.esin.av.tr\/wp-content\/uploads\/2021\/09\/esin-2.jpg\",\"contentUrl\":\"https:\/\/www.esin.av.tr\/wp-content\/uploads\/2021\/09\/esin-2.jpg\",\"width\":800,\"height\":460,\"caption\":\"Esin Avukatl\u0131k Ortakl\u0131\u011f\u0131\"},\"image\":{\"@id\":\"https:\/\/www.esin.av.tr\/tr\/#\/schema\/logo\/image\/\"}},{\"@type\":\"Person\",\"@id\":\"https:\/\/www.esin.av.tr\/tr\/#\/schema\/person\/42c8e616aab56b8622fa365ad63282ae\",\"name\":\"R\u0131dvan Konrat\",\"image\":{\"@type\":\"ImageObject\",\"inLanguage\":\"tr\",\"@id\":\"https:\/\/www.esin.av.tr\/tr\/#\/schema\/person\/image\/\",\"url\":\"https:\/\/secure.gravatar.com\/avatar\/b20c6c583be38ed4e76e32f69fccc676?s=96&d=mm&r=g\",\"contentUrl\":\"https:\/\/secure.gravatar.com\/avatar\/b20c6c583be38ed4e76e32f69fccc676?s=96&d=mm&r=g\",\"caption\":\"R\u0131dvan Konrat\"},\"sameAs\":[\"http:\/\/www.esin.av.tr\"],\"url\":\"https:\/\/www.esin.av.tr\/tr\/author\/rkonrat\/\"}]}<\/script>\n<!-- \/ Yoast SEO plugin. -->","yoast_head_json":{"title":"Konkordato S\u00fcrecinde Kar\u015f\u0131l\u0131ks\u0131z \u00c7eklere \u0130li\u015fkin Geli\u015fmeler","description":"Yeni Geli\u015fme Konkordato s\u00fcrecinde kar\u015f\u0131l\u0131ks\u0131z \u00e7\u0131kan \u00e7eklere ili\u015fkin t\u00fczel ki\u015filerin yetkili temsilcilerinin cezai sorumlulu\u011funun tespiti hususunda farkl\u0131","robots":{"index":"index","follow":"follow","max-snippet":"max-snippet:-1","max-image-preview":"max-image-preview:large","max-video-preview":"max-video-preview:-1"},"canonical":"https:\/\/www.esin.av.tr\/tr\/2019\/07\/08\/konkordato-surecinde-karsiliksiz-ceklere-iliskin-gelismeler\/","og_locale":"tr_TR","og_type":"article","og_title":"Konkordato S\u00fcrecinde Kar\u015f\u0131l\u0131ks\u0131z \u00c7eklere \u0130li\u015fkin Geli\u015fmeler","og_description":"Yeni Geli\u015fme Konkordato s\u00fcrecinde kar\u015f\u0131l\u0131ks\u0131z \u00e7\u0131kan \u00e7eklere ili\u015fkin t\u00fczel ki\u015filerin yetkili temsilcilerinin cezai sorumlulu\u011funun tespiti hususunda farkl\u0131","og_url":"https:\/\/www.esin.av.tr\/tr\/2019\/07\/08\/konkordato-surecinde-karsiliksiz-ceklere-iliskin-gelismeler\/","og_site_name":"Esin Avukatl\u0131k Ortakl\u0131\u011f\u0131","article_published_time":"2019-07-08T12:21:52+00:00","article_modified_time":"2022-06-09T12:32:57+00:00","author":"R\u0131dvan Konrat","twitter_card":"summary_large_image","twitter_misc":{"Written by":"R\u0131dvan Konrat","Est. reading time":"3 minutes"},"schema":{"@context":"https:\/\/schema.org","@graph":[{"@type":"Article","@id":"https:\/\/www.esin.av.tr\/tr\/2019\/07\/08\/konkordato-surecinde-karsiliksiz-ceklere-iliskin-gelismeler\/#article","isPartOf":{"@id":"https:\/\/www.esin.av.tr\/tr\/2019\/07\/08\/konkordato-surecinde-karsiliksiz-ceklere-iliskin-gelismeler\/"},"author":{"name":"R\u0131dvan Konrat","@id":"https:\/\/www.esin.av.tr\/tr\/#\/schema\/person\/42c8e616aab56b8622fa365ad63282ae"},"headline":"Konkordato S\u00fcrecinde Kar\u015f\u0131l\u0131ks\u0131z \u00c7eklere \u0130li\u015fkin Geli\u015fmeler","datePublished":"2019-07-08T12:21:52+00:00","dateModified":"2022-06-09T12:32:57+00:00","mainEntityOfPage":{"@id":"https:\/\/www.esin.av.tr\/tr\/2019\/07\/08\/konkordato-surecinde-karsiliksiz-ceklere-iliskin-gelismeler\/"},"wordCount":555,"publisher":{"@id":"https:\/\/www.esin.av.tr\/tr\/#organization"},"keywords":["Uyu\u015fmazl\u0131k \u00c7\u00f6z\u00fcm\u00fc"],"articleSection":["Hukuk B\u00fcltenleri"],"inLanguage":"tr"},{"@type":"WebPage","@id":"https:\/\/www.esin.av.tr\/tr\/2019\/07\/08\/konkordato-surecinde-karsiliksiz-ceklere-iliskin-gelismeler\/","url":"https:\/\/www.esin.av.tr\/tr\/2019\/07\/08\/konkordato-surecinde-karsiliksiz-ceklere-iliskin-gelismeler\/","name":"Konkordato S\u00fcrecinde Kar\u015f\u0131l\u0131ks\u0131z \u00c7eklere \u0130li\u015fkin Geli\u015fmeler","isPartOf":{"@id":"https:\/\/www.esin.av.tr\/tr\/#website"},"datePublished":"2019-07-08T12:21:52+00:00","dateModified":"2022-06-09T12:32:57+00:00","description":"Yeni Geli\u015fme Konkordato s\u00fcrecinde kar\u015f\u0131l\u0131ks\u0131z \u00e7\u0131kan \u00e7eklere ili\u015fkin t\u00fczel ki\u015filerin yetkili temsilcilerinin cezai sorumlulu\u011funun tespiti hususunda farkl\u0131","breadcrumb":{"@id":"https:\/\/www.esin.av.tr\/tr\/2019\/07\/08\/konkordato-surecinde-karsiliksiz-ceklere-iliskin-gelismeler\/#breadcrumb"},"inLanguage":"tr","potentialAction":[{"@type":"ReadAction","target":["https:\/\/www.esin.av.tr\/tr\/2019\/07\/08\/konkordato-surecinde-karsiliksiz-ceklere-iliskin-gelismeler\/"]}]},{"@type":"BreadcrumbList","@id":"https:\/\/www.esin.av.tr\/tr\/2019\/07\/08\/konkordato-surecinde-karsiliksiz-ceklere-iliskin-gelismeler\/#breadcrumb","itemListElement":[{"@type":"ListItem","position":1,"name":"Home","item":"https:\/\/www.esin.av.tr\/tr\/"},{"@type":"ListItem","position":2,"name":"Konkordato S\u00fcrecinde Kar\u015f\u0131l\u0131ks\u0131z \u00c7eklere \u0130li\u015fkin Geli\u015fmeler"}]},{"@type":"WebSite","@id":"https:\/\/www.esin.av.tr\/tr\/#website","url":"https:\/\/www.esin.av.tr\/tr\/","name":"Esin Avukatl\u0131k Ortakl\u0131\u011f\u0131","description":"","publisher":{"@id":"https:\/\/www.esin.av.tr\/tr\/#organization"},"potentialAction":[{"@type":"SearchAction","target":{"@type":"EntryPoint","urlTemplate":"https:\/\/www.esin.av.tr\/tr\/?s={search_term_string}"},"query-input":{"@type":"PropertyValueSpecification","valueRequired":true,"valueName":"search_term_string"}}],"inLanguage":"tr"},{"@type":"Organization","@id":"https:\/\/www.esin.av.tr\/tr\/#organization","name":"Esin Avukatl\u0131k Ortakl\u0131\u011f\u0131","url":"https:\/\/www.esin.av.tr\/tr\/","logo":{"@type":"ImageObject","inLanguage":"tr","@id":"https:\/\/www.esin.av.tr\/tr\/#\/schema\/logo\/image\/","url":"https:\/\/www.esin.av.tr\/wp-content\/uploads\/2021\/09\/esin-2.jpg","contentUrl":"https:\/\/www.esin.av.tr\/wp-content\/uploads\/2021\/09\/esin-2.jpg","width":800,"height":460,"caption":"Esin Avukatl\u0131k Ortakl\u0131\u011f\u0131"},"image":{"@id":"https:\/\/www.esin.av.tr\/tr\/#\/schema\/logo\/image\/"}},{"@type":"Person","@id":"https:\/\/www.esin.av.tr\/tr\/#\/schema\/person\/42c8e616aab56b8622fa365ad63282ae","name":"R\u0131dvan Konrat","image":{"@type":"ImageObject","inLanguage":"tr","@id":"https:\/\/www.esin.av.tr\/tr\/#\/schema\/person\/image\/","url":"https:\/\/secure.gravatar.com\/avatar\/b20c6c583be38ed4e76e32f69fccc676?s=96&d=mm&r=g","contentUrl":"https:\/\/secure.gravatar.com\/avatar\/b20c6c583be38ed4e76e32f69fccc676?s=96&d=mm&r=g","caption":"R\u0131dvan Konrat"},"sameAs":["http:\/\/www.esin.av.tr"],"url":"https:\/\/www.esin.av.tr\/tr\/author\/rkonrat\/"}]}},"_links":{"self":[{"href":"https:\/\/www.esin.av.tr\/tr\/wp-json\/wp\/v2\/posts\/14721","targetHints":{"allow":["GET"]}}],"collection":[{"href":"https:\/\/www.esin.av.tr\/tr\/wp-json\/wp\/v2\/posts"}],"about":[{"href":"https:\/\/www.esin.av.tr\/tr\/wp-json\/wp\/v2\/types\/post"}],"author":[{"embeddable":true,"href":"https:\/\/www.esin.av.tr\/tr\/wp-json\/wp\/v2\/users\/4"}],"replies":[{"embeddable":true,"href":"https:\/\/www.esin.av.tr\/tr\/wp-json\/wp\/v2\/comments?post=14721"}],"version-history":[{"count":1,"href":"https:\/\/www.esin.av.tr\/tr\/wp-json\/wp\/v2\/posts\/14721\/revisions"}],"predecessor-version":[{"id":15576,"href":"https:\/\/www.esin.av.tr\/tr\/wp-json\/wp\/v2\/posts\/14721\/revisions\/15576"}],"wp:attachment":[{"href":"https:\/\/www.esin.av.tr\/tr\/wp-json\/wp\/v2\/media?parent=14721"}],"wp:term":[{"taxonomy":"category","embeddable":true,"href":"https:\/\/www.esin.av.tr\/tr\/wp-json\/wp\/v2\/categories?post=14721"},{"taxonomy":"post_tag","embeddable":true,"href":"https:\/\/www.esin.av.tr\/tr\/wp-json\/wp\/v2\/tags?post=14721"}],"curies":[{"name":"wp","href":"https:\/\/api.w.org\/{rel}","templated":true}]}}