{"id":14686,"date":"2019-10-14T13:09:17","date_gmt":"2019-10-14T13:09:17","guid":{"rendered":"http:\/\/upt.esin.av.tr\/2019\/10\/14\/paya-dayali-kitle-fonlamasi-yatirimcilar-icin-alternatif-bir-yontem\/"},"modified":"2022-06-09T12:35:54","modified_gmt":"2022-06-09T12:35:54","slug":"paya-dayali-kitle-fonlamasi-yatirimcilar-icin-alternatif-bir-yontem","status":"publish","type":"post","link":"https:\/\/www.esin.av.tr\/tr\/2019\/10\/14\/paya-dayali-kitle-fonlamasi-yatirimcilar-icin-alternatif-bir-yontem\/","title":{"rendered":"Paya Dayal\u0131 Kitle Fonlamas\u0131: Yat\u0131r\u0131mc\u0131lar \u0130\u00e7in Alternatif Bir Y\u00f6ntem"},"content":{"rendered":"<p><strong>Yeni Geli\u015fme<\/strong><\/p>\n<p>Sermaye Piyasas\u0131 Kurulu (&#8220;<strong>SPK<\/strong>&#8220;), uzun s\u00fcredir beklenen ve tasla\u011f\u0131n\u0131 11 Ocak 2019 say\u0131l\u0131 <a href=\"https:\/\/urldefense.com\/v3\/__http:\/esinxchange.com\/collect\/click.aspx?u=jRYOrR8N39SQYHlrgvYYJIDKc59GPaip5GQMWV*fmbH8WiJPkE*4xBQjOMyKBAajB37aPAR*KEFdobdDM4Ir*9lXGq3gljBFRcn6flr8OEsMYUl5EF8gzTgM0y7slrYKrHqY9735dF0=&amp;rh=ff00535019f1332478528063d14d958956439c99__;LysrKw!L2-IAYVWw0s!HLIwtaBfIc1LoPuAGlLsQkG0uwqwJVLm2G4rADcuBpOTuTJpWX6HpXKlJO_IvzHX0pY$\"><em>mevzuat de\u011fi\u015fikli\u011fi<\/em><\/a> bildirimimizde a\u00e7\u0131klad\u0131\u011f\u0131m\u0131z Paya Dayal\u0131 Kitle Fonlamas\u0131 Tebli\u011fi&#8217;ni (&#8220;<strong>Tebli\u011f<\/strong>&#8220;) kabul etti. Tebli\u011f, 3 Ekim 2019 tarih ve 30907 say\u0131l\u0131 Resmi Gazete&#8217;de yay\u0131mlanmas\u0131n\u0131n ard\u0131ndan y\u00fcr\u00fcrl\u00fc\u011fe girdi.<\/p>\n<p><strong>De\u011fi\u015fiklik Ne Getiriyor?<\/strong><\/p>\n<ul>\n<li>6263 say\u0131l\u0131 Sermaye Piyasalar\u0131 Kanunu, 28 Kas\u0131m 2017&#8217;de alternatif bir fonlama metodu olarak kitle fonlamas\u0131n\u0131 getirdi. Tebli\u011f, kitle fonlamas\u0131na ili\u015fkin esas ve usulleri d\u00fczenliyor.<\/li>\n<li>Yenilik\u00e7i i\u015f modeli bulunan giri\u015fimciler, kitle fonlamas\u0131 yoluyla fon toplayabilecek. Kitle fonlamas\u0131 prosed\u00fcr\u00fcne elektronik kitle fonlamas\u0131 platformlar\u0131 (&#8220;<strong>Platform(lar)<\/strong>&#8220;) arac\u0131l\u0131k edecek.<\/li>\n<\/ul>\n<p><em><u>Kitle Fonlamas\u0131 Platformlar\u0131<\/u><\/em><\/p>\n<ul>\n<li>Kitle fonlamas\u0131 Platformlar taraf\u0131ndan y\u00fcr\u00fct\u00fclecek. Platform olarak faaliyet g\u00f6sterecek kurulu\u015flar\u0131n Tebli\u011f&#8217;de belirtilen a\u015fa\u011f\u0131daki \u015fartlar\u0131 haiz olmas\u0131 gerekiyor:\n<ul>\n<li>Sermaye Piyasas\u0131 Kurulu&#8217;nun (&#8220;<strong>SPK&#8221;)<\/strong> listesine eklenmi\u015f olmas\u0131.<\/li>\n<li>Anonim ortakl\u0131k olmas\u0131.<\/li>\n<li>Asgari 1.000.000 TL sermayesinin tamam\u0131n\u0131 nakden \u00f6demi\u015f olmas\u0131 ve \u00f6denmi\u015f sermayesi ile \u00f6zsermayesinin bu tutardan az olmamas\u0131.<\/li>\n<li>Ticaret unvan\u0131nda &#8220;Kitle Fonlama Platformu&#8221; ibaresinin bulunmas\u0131.<\/li>\n<li>En az \u00fc\u00e7 ki\u015fiden olu\u015fan bir y\u00f6netim kurulu olmas\u0131.<\/li>\n<li>Ortaklar\u0131n\u0131n ve y\u00f6netim kurulu \u00fcyelerinin, Tebli\u011f&#8217;de belirtilen \u015fartlar\u0131 sa\u011flamas\u0131.<\/li>\n<li>Tebli\u011f&#8217;e uygun \u015fekilde kurulan bir yat\u0131r\u0131m komitesinin olmas\u0131.<\/li>\n<\/ul>\n<\/li>\n<\/ul>\n<ul>\n<li>Platformlar\u2019\u0131n ortakl\u0131k yap\u0131s\u0131nda meydana gelen de\u011fi\u015fikliklerin be\u015f i\u015f g\u00fcn\u00fc i\u00e7inde SPK\u2019ya bildirilmesi zorunlu olacak, ortakl\u0131k yap\u0131s\u0131n\u0131n \u015feffaf, a\u00e7\u0131k olmas\u0131 ve g\u00fcncel ortakl\u0131k bilgisinin Platform nezdinde daima incelemeye a\u00e7\u0131k tutulmas\u0131 gerekecek.<\/li>\n<li>Platformlar, Tebli\u011f\u2019de belirtilen kurulu\u015f \u015fartlar\u0131n\u0131 kaybetmeleri halinde iki i\u015f g\u00fcn\u00fc i\u00e7inde SPK\u2019ya bildirimde bulunmakla y\u00fck\u00fcml\u00fc olacak. Ba\u015fvuru \u00fczerine, SPK ilgili Platformlar\u2019\u0131 listeden \u00e7\u0131kar\u0131labilecek.<\/li>\n<li>Ayr\u0131ca, Tebli\u011f\u2019de \u00f6ng\u00f6r\u00fclen h\u00fck\u00fcmlere ayk\u0131r\u0131 faaliyette bulunan Platformlar SPK taraf\u0131ndan re\u2019sen listeden \u00e7\u0131kar\u0131labilecek.<\/li>\n<li>SPK taraf\u0131ndan re\u2019sen veya ba\u015fvuru \u00fczerine listeden \u00e7\u0131kar\u0131lan Platformlar bir y\u0131l s\u00fcreyle kitle fonlamas\u0131 faaliyetinde bulunmak \u00fczere yeniden listeye al\u0131nmak i\u00e7in SPK\u2019ya ba\u015fvuruda bulunamayacak.<\/li>\n<li>Platformlar ile giri\u015fim \u015firketi veya giri\u015fimci aras\u0131nda kitle fonlamas\u0131 faaliyetinin esaslar\u0131n\u0131 d\u00fczenleyen yaz\u0131l\u0131 bir kitle fonlamas\u0131 s\u00f6zle\u015fmesi imzalanacak.<\/li>\n<li>Platformlar, ivaz kar\u015f\u0131l\u0131\u011f\u0131nda veya rehin almak suretiyle kredi veya \u00f6d\u00fcn\u00e7 para verme i\u015flemlerine arac\u0131l\u0131k edemeyecek, paya dayal\u0131 kitle fonlamas\u0131 d\u0131\u015f\u0131nda herhangi bir sermaye piyasas\u0131 arac\u0131 veya gayrimenkullere ili\u015fkin kitle fonlamas\u0131 faaliyetinde bulunamayacak. Bununla birlikte, herhangi bir paya ba\u011fl\u0131 olmaks\u0131z\u0131n \u00f6d\u00fcl\/ba\u011f\u0131\u015f kar\u015f\u0131l\u0131\u011f\u0131nda kitle fonlamas\u0131 faaliyetinde bulunmak ise Tebli\u011f\u2019in kapsam\u0131 d\u0131\u015f\u0131nda olacak.<\/li>\n<\/ul>\n<p><em><u>Platforma \u00dcyelik<\/u><\/em><\/p>\n<ul>\n<li>Kitle fonlamas\u0131 i\u015flemlerinde bulunabilmek i\u00e7in yat\u0131r\u0131mc\u0131lar\u0131n Platform\u2019a elektronik ortamda \u00fcye olmalar\u0131 ve bu kapsamda bir \u00fcyelik s\u00f6zle\u015fmesinin d\u00fczenlenmesi zorunlu olacak. Nitelikli yat\u0131r\u0131mc\u0131 stat\u00fcs\u00fcn\u00fc haiz \u00fcyelik olu\u015fturulabilmesi i\u00e7in ilgili \u00fcyenin Merkezi Kay\u0131t Kurulu\u015fu (\u201c<strong>MKK<\/strong>\u201d) nezdinde nitelikli yat\u0131r\u0131mc\u0131 stat\u00fcs\u00fcn\u00fc haiz olmas\u0131 gerekecek.<\/li>\n<\/ul>\n<p><em><u>Yat\u0131r\u0131m S\u0131n\u0131rlar\u0131 <\/u><\/em><\/p>\n<ul>\n<li>Nitelikli yat\u0131r\u0131mc\u0131 olmayan ger\u00e7ek ki\u015filer, bir takvim y\u0131l\u0131 i\u00e7inde paya dayal\u0131 kitle fonlamas\u0131 yoluyla azami 20.000 TL yat\u0131r\u0131m yapabilir. Ancak bu s\u0131n\u0131r, 100.000 TL&#8217;yi a\u015fmamak kayd\u0131yla yat\u0131r\u0131mc\u0131n\u0131n platforma beyan etti\u011fi y\u0131ll\u0131k net gelirin %10&#8217;u olarak uygulanabilir.<\/li>\n<li>Yat\u0131r\u0131m s\u0131n\u0131rlar\u0131na ili\u015fkin kontrol MKK taraf\u0131ndan ger\u00e7ekle\u015ftirilir.<\/li>\n<\/ul>\n<p><em>\u00a0G<u>iri\u015fim \u015eirketleri<\/u><\/em><\/p>\n<ul>\n<li>Paya dayal\u0131 kitle fonlamas\u0131 yoluyla fon toplayacak \u015firketlerin (i) teknoloji faaliyeti ve\/veya \u00fcretim faaliyetinde bulunmas\u0131, (ii) Platform\u2019un internet sitesinde yay\u0131mlanan ve giri\u015fim \u015firketine veya giri\u015fimciye, yat\u0131r\u0131mc\u0131lara verilecek paylara ve bu paylara ili\u015fkin haklara ve imtiyazlara ili\u015fkin bilgi i\u00e7eren bilgi formunun ilan edildi\u011fi tarih itibar\u0131yla son be\u015f y\u0131l i\u00e7inde kurulmu\u015f olmas\u0131, (iii) son y\u0131ll\u0131k ve varsa en g\u00fcncel ara d\u00f6nem finansal tablolar\u0131ndaki belirli kalemlerin kanun kapsam\u0131ndan \u00e7\u0131kma i\u00e7in \u00f6ng\u00f6r\u00fclen e\u015fikleri a\u015fmamas\u0131 ve (iv) tescil edilmi\u015f bir internet sitesinin bulunmas\u0131 zorunlu olacak.<\/li>\n<li>Halka a\u00e7\u0131k ortakl\u0131klar, y\u00f6netim kontrol\u00fc bir ba\u015fka t\u00fczel ki\u015fiye ait ortakl\u0131klar, halka a\u00e7\u0131k ortakl\u0131klar ile sermaye piyasas\u0131 kurumlar\u0131n\u0131n \u00f6nemli etkiye sahip ortak konumunda bulundu\u011fu \u015firketler paya dayal\u0131 kitle fonlamas\u0131 yoluyla fon toplayamayacak.<\/li>\n<li>Giri\u015fimciler veya giri\u015fim \u015firketinin ortaklar\u0131, kampanya s\u00fcrecinin ba\u015flad\u0131\u011f\u0131 tarihi takip eden \u00fc\u00e7 y\u0131l i\u00e7erisinde, Tebli\u011f&#8217;de belirtilen \u00f6zel haller d\u0131\u015f\u0131nda paylar\u0131n\u0131 devredemeyecek.<\/li>\n<\/ul>\n<p><em><u>Fon Toplama<\/u><\/em><\/p>\n<ul>\n<li>Tamam\u0131 nakden \u00f6denmek suretiyle yat\u0131r\u0131mc\u0131lardan toplanan fonlar, yaln\u0131zca toplanan fon tutar\u0131nda yap\u0131lacak sermaye art\u0131r\u0131m\u0131 kapsam\u0131nda \u00e7\u0131kar\u0131lacak paylar kar\u015f\u0131l\u0131\u011f\u0131nda giri\u015fim \u015firketine aktar\u0131lacak. Giri\u015fim \u015firketlerinin mevcut paylar\u0131n\u0131n sat\u0131\u015f\u0131 suretiyle fon toplanamayacak.<\/li>\n<li>Bir giri\u015fim \u015firketi veya giri\u015fimci taraf\u0131ndan herhangi bir on iki ayl\u0131k d\u00f6nemde, Platformlar arac\u0131l\u0131\u011f\u0131yla en fazla iki kampanya ile fon toplanabilecek. Kampanya s\u00fcreci, bir giri\u015fim \u015firketi veya giri\u015fimci taraf\u0131ndan herhangi bir Platform\u2019a fon toplama talebiyle ba\u015fvuruldu\u011fu anda ba\u015flayacak. Mevcut kampanya s\u00fcreci tamamlanmadan ba\u015fka bir kampanya s\u00fcreci ba\u015flat\u0131lamayacak.<\/li>\n<li>Kampanya s\u00fcresi, altm\u0131\u015f g\u00fcn\u00fc ge\u00e7emez.<\/li>\n<li>Kampanya s\u00fcresince yat\u0131r\u0131mc\u0131lardan toplanan fonlar, SPK\u2019n\u0131n uygun g\u00f6rece\u011fi bir emanet yetkilisi nezdinde a\u00e7\u0131lan hesapta bloke edilecek. Sermaye art\u0131r\u0131m\u0131 ve paylar\u0131n MKK nezdinde kayden olu\u015fturulacak yat\u0131r\u0131mc\u0131lar\u0131n hesaplar\u0131na aktar\u0131lmas\u0131na y\u00f6nelik i\u015flemlerin tamamlanmas\u0131 veya hedeflenen fon tutar\u0131n\u0131n toplanamam\u0131\u015f olmas\u0131 durumunda emanet yetkilisi taraf\u0131ndan bloke edilen tutarlar\u0131n yat\u0131r\u0131mc\u0131lara iade edilmesi ile kampanya s\u00fcreci sona erecek. Platform\u2019un listeden \u00e7\u0131kar\u0131lmas\u0131 halinde ise kampanya ilgili Platform taraf\u0131ndan iptal edilerek, toplanan fonlar yat\u0131r\u0131mc\u0131lara iade edilecek.<\/li>\n<\/ul>\n<p><em><u>Fon Kullan\u0131m\u0131<\/u><\/em><\/p>\n<ul>\n<li>Giri\u015fim \u015firketi veya giri\u015fimci, toplanacak fonlar\u0131n hangi ama\u00e7larla kullan\u0131laca\u011f\u0131na ili\u015fkin bir rapor haz\u0131rlayacak ve bu rapor kampanyan\u0131n ba\u015flama tarihi itibariyle Platformun sitesinde yay\u0131mlanacak.<\/li>\n<li>Toplanan fonlar do\u011frudan veya dolayl\u0131 olarak gayrimenkul, gayrimenkule dayal\u0131 haklar ve gayrimenkul projelerinin sat\u0131n al\u0131nmas\u0131 veya finansman\u0131nda kullan\u0131lamayacak.<\/li>\n<li>Toplanan fonlar\u0131n ilan edilen amaca uygun kullan\u0131lmas\u0131 giri\u015fim \u015firketinin y\u00f6netim kurulunun sorumlulu\u011funda olacak.<\/li>\n<\/ul>\n<p><strong>Sonu\u00e7<\/strong><\/p>\n<p>Paya dayal\u0131 kitle fonlamas\u0131 sayesinde giri\u015fimciler maliyetsiz finansmana eri\u015febilirken, bireysel yat\u0131r\u0131mc\u0131lar da k\u00fc\u00e7\u00fck tutardaki fonlar\u0131n\u0131 birle\u015ftirerek bir \u015firketin hayata ge\u00e7mesini sa\u011flayabilecek.<\/p>\n","protected":false},"excerpt":{"rendered":"<p>Yeni Geli\u015fme Sermaye Piyasas\u0131 Kurulu (&#8220;SPK&#8220;), uzun s\u00fcredir beklenen ve tasla\u011f\u0131n\u0131 11 Ocak 2019 say\u0131l\u0131 mevzuat de\u011fi\u015fikli\u011fi bildirimimizde a\u00e7\u0131klad\u0131\u011f\u0131m\u0131z Paya [&hellip;]<\/p>\n","protected":false},"author":4,"featured_media":0,"comment_status":"closed","ping_status":"closed","sticky":false,"template":"","format":"standard","meta":{"_acf_changed":false,"_stopmodifiedupdate":false,"_modified_date":"","footnotes":""},"categories":[120],"tags":[97],"class_list":["post-14686","post","type-post","status-publish","format-standard","hentry","category-legal-alerts","tag-capital-markets-tr"],"acf":[],"yoast_head":"<!-- This site is optimized with the Yoast SEO plugin v24.0 - https:\/\/yoast.com\/wordpress\/plugins\/seo\/ -->\n<title>Paya Dayal\u0131 Kitle Fonlamas\u0131: Yat\u0131r\u0131mc\u0131lar \u0130\u00e7in Alternatif Bir Y\u00f6ntem<\/title>\n<meta name=\"description\" content=\"Yeni Geli\u015fme Sermaye Piyasas\u0131 Kurulu (&quot;SPK&quot;), uzun s\u00fcredir beklenen ve tasla\u011f\u0131n\u0131 11 Ocak 2019 say\u0131l\u0131 mevzuat de\u011fi\u015fikli\u011fi bildirimimizde a\u00e7\u0131klad\u0131\u011f\u0131m\u0131z Paya\" \/>\n<meta name=\"robots\" content=\"index, follow, max-snippet:-1, max-image-preview:large, max-video-preview:-1\" \/>\n<link rel=\"canonical\" href=\"https:\/\/www.esin.av.tr\/tr\/2019\/10\/14\/paya-dayali-kitle-fonlamasi-yatirimcilar-icin-alternatif-bir-yontem\/\" \/>\n<meta property=\"og:locale\" content=\"tr_TR\" \/>\n<meta property=\"og:type\" content=\"article\" \/>\n<meta property=\"og:title\" content=\"Paya Dayal\u0131 Kitle Fonlamas\u0131: Yat\u0131r\u0131mc\u0131lar \u0130\u00e7in Alternatif Bir Y\u00f6ntem\" \/>\n<meta property=\"og:description\" content=\"Yeni Geli\u015fme Sermaye Piyasas\u0131 Kurulu (&quot;SPK&quot;), uzun s\u00fcredir beklenen ve tasla\u011f\u0131n\u0131 11 Ocak 2019 say\u0131l\u0131 mevzuat de\u011fi\u015fikli\u011fi bildirimimizde a\u00e7\u0131klad\u0131\u011f\u0131m\u0131z Paya\" \/>\n<meta property=\"og:url\" content=\"https:\/\/www.esin.av.tr\/tr\/2019\/10\/14\/paya-dayali-kitle-fonlamasi-yatirimcilar-icin-alternatif-bir-yontem\/\" \/>\n<meta property=\"og:site_name\" content=\"Esin Avukatl\u0131k Ortakl\u0131\u011f\u0131\" \/>\n<meta property=\"article:published_time\" content=\"2019-10-14T13:09:17+00:00\" \/>\n<meta property=\"article:modified_time\" content=\"2022-06-09T12:35:54+00:00\" \/>\n<meta name=\"author\" content=\"R\u0131dvan Konrat\" \/>\n<meta name=\"twitter:card\" content=\"summary_large_image\" \/>\n<meta name=\"twitter:label1\" content=\"Written by\" \/>\n\t<meta name=\"twitter:data1\" content=\"R\u0131dvan Konrat\" \/>\n\t<meta name=\"twitter:label2\" content=\"Est. reading time\" \/>\n\t<meta name=\"twitter:data2\" content=\"6 minutes\" \/>\n<script type=\"application\/ld+json\" class=\"yoast-schema-graph\">{\"@context\":\"https:\/\/schema.org\",\"@graph\":[{\"@type\":\"Article\",\"@id\":\"https:\/\/www.esin.av.tr\/tr\/2019\/10\/14\/paya-dayali-kitle-fonlamasi-yatirimcilar-icin-alternatif-bir-yontem\/#article\",\"isPartOf\":{\"@id\":\"https:\/\/www.esin.av.tr\/tr\/2019\/10\/14\/paya-dayali-kitle-fonlamasi-yatirimcilar-icin-alternatif-bir-yontem\/\"},\"author\":{\"name\":\"R\u0131dvan Konrat\",\"@id\":\"https:\/\/www.esin.av.tr\/tr\/#\/schema\/person\/42c8e616aab56b8622fa365ad63282ae\"},\"headline\":\"Paya Dayal\u0131 Kitle Fonlamas\u0131: Yat\u0131r\u0131mc\u0131lar \u0130\u00e7in Alternatif Bir Y\u00f6ntem\",\"datePublished\":\"2019-10-14T13:09:17+00:00\",\"dateModified\":\"2022-06-09T12:35:54+00:00\",\"mainEntityOfPage\":{\"@id\":\"https:\/\/www.esin.av.tr\/tr\/2019\/10\/14\/paya-dayali-kitle-fonlamasi-yatirimcilar-icin-alternatif-bir-yontem\/\"},\"wordCount\":1120,\"publisher\":{\"@id\":\"https:\/\/www.esin.av.tr\/tr\/#organization\"},\"keywords\":[\"Sermaye Piyasas\u0131 Hukuku\"],\"articleSection\":[\"Hukuk B\u00fcltenleri\"],\"inLanguage\":\"tr\"},{\"@type\":\"WebPage\",\"@id\":\"https:\/\/www.esin.av.tr\/tr\/2019\/10\/14\/paya-dayali-kitle-fonlamasi-yatirimcilar-icin-alternatif-bir-yontem\/\",\"url\":\"https:\/\/www.esin.av.tr\/tr\/2019\/10\/14\/paya-dayali-kitle-fonlamasi-yatirimcilar-icin-alternatif-bir-yontem\/\",\"name\":\"Paya Dayal\u0131 Kitle Fonlamas\u0131: Yat\u0131r\u0131mc\u0131lar \u0130\u00e7in Alternatif Bir Y\u00f6ntem\",\"isPartOf\":{\"@id\":\"https:\/\/www.esin.av.tr\/tr\/#website\"},\"datePublished\":\"2019-10-14T13:09:17+00:00\",\"dateModified\":\"2022-06-09T12:35:54+00:00\",\"description\":\"Yeni Geli\u015fme Sermaye Piyasas\u0131 Kurulu (\\\"SPK\\\"), uzun s\u00fcredir beklenen ve tasla\u011f\u0131n\u0131 11 Ocak 2019 say\u0131l\u0131 mevzuat de\u011fi\u015fikli\u011fi bildirimimizde a\u00e7\u0131klad\u0131\u011f\u0131m\u0131z Paya\",\"breadcrumb\":{\"@id\":\"https:\/\/www.esin.av.tr\/tr\/2019\/10\/14\/paya-dayali-kitle-fonlamasi-yatirimcilar-icin-alternatif-bir-yontem\/#breadcrumb\"},\"inLanguage\":\"tr\",\"potentialAction\":[{\"@type\":\"ReadAction\",\"target\":[\"https:\/\/www.esin.av.tr\/tr\/2019\/10\/14\/paya-dayali-kitle-fonlamasi-yatirimcilar-icin-alternatif-bir-yontem\/\"]}]},{\"@type\":\"BreadcrumbList\",\"@id\":\"https:\/\/www.esin.av.tr\/tr\/2019\/10\/14\/paya-dayali-kitle-fonlamasi-yatirimcilar-icin-alternatif-bir-yontem\/#breadcrumb\",\"itemListElement\":[{\"@type\":\"ListItem\",\"position\":1,\"name\":\"Home\",\"item\":\"https:\/\/www.esin.av.tr\/tr\/\"},{\"@type\":\"ListItem\",\"position\":2,\"name\":\"Paya Dayal\u0131 Kitle Fonlamas\u0131: Yat\u0131r\u0131mc\u0131lar \u0130\u00e7in Alternatif Bir Y\u00f6ntem\"}]},{\"@type\":\"WebSite\",\"@id\":\"https:\/\/www.esin.av.tr\/tr\/#website\",\"url\":\"https:\/\/www.esin.av.tr\/tr\/\",\"name\":\"Esin Avukatl\u0131k Ortakl\u0131\u011f\u0131\",\"description\":\"\",\"publisher\":{\"@id\":\"https:\/\/www.esin.av.tr\/tr\/#organization\"},\"potentialAction\":[{\"@type\":\"SearchAction\",\"target\":{\"@type\":\"EntryPoint\",\"urlTemplate\":\"https:\/\/www.esin.av.tr\/tr\/?s={search_term_string}\"},\"query-input\":{\"@type\":\"PropertyValueSpecification\",\"valueRequired\":true,\"valueName\":\"search_term_string\"}}],\"inLanguage\":\"tr\"},{\"@type\":\"Organization\",\"@id\":\"https:\/\/www.esin.av.tr\/tr\/#organization\",\"name\":\"Esin Avukatl\u0131k Ortakl\u0131\u011f\u0131\",\"url\":\"https:\/\/www.esin.av.tr\/tr\/\",\"logo\":{\"@type\":\"ImageObject\",\"inLanguage\":\"tr\",\"@id\":\"https:\/\/www.esin.av.tr\/tr\/#\/schema\/logo\/image\/\",\"url\":\"https:\/\/www.esin.av.tr\/wp-content\/uploads\/2021\/09\/esin-2.jpg\",\"contentUrl\":\"https:\/\/www.esin.av.tr\/wp-content\/uploads\/2021\/09\/esin-2.jpg\",\"width\":800,\"height\":460,\"caption\":\"Esin Avukatl\u0131k Ortakl\u0131\u011f\u0131\"},\"image\":{\"@id\":\"https:\/\/www.esin.av.tr\/tr\/#\/schema\/logo\/image\/\"}},{\"@type\":\"Person\",\"@id\":\"https:\/\/www.esin.av.tr\/tr\/#\/schema\/person\/42c8e616aab56b8622fa365ad63282ae\",\"name\":\"R\u0131dvan Konrat\",\"image\":{\"@type\":\"ImageObject\",\"inLanguage\":\"tr\",\"@id\":\"https:\/\/www.esin.av.tr\/tr\/#\/schema\/person\/image\/\",\"url\":\"https:\/\/secure.gravatar.com\/avatar\/b20c6c583be38ed4e76e32f69fccc676?s=96&d=mm&r=g\",\"contentUrl\":\"https:\/\/secure.gravatar.com\/avatar\/b20c6c583be38ed4e76e32f69fccc676?s=96&d=mm&r=g\",\"caption\":\"R\u0131dvan Konrat\"},\"sameAs\":[\"http:\/\/www.esin.av.tr\"],\"url\":\"https:\/\/www.esin.av.tr\/tr\/author\/rkonrat\/\"}]}<\/script>\n<!-- \/ Yoast SEO plugin. -->","yoast_head_json":{"title":"Paya Dayal\u0131 Kitle Fonlamas\u0131: Yat\u0131r\u0131mc\u0131lar \u0130\u00e7in Alternatif Bir Y\u00f6ntem","description":"Yeni Geli\u015fme Sermaye Piyasas\u0131 Kurulu (\"SPK\"), uzun s\u00fcredir beklenen ve tasla\u011f\u0131n\u0131 11 Ocak 2019 say\u0131l\u0131 mevzuat de\u011fi\u015fikli\u011fi bildirimimizde a\u00e7\u0131klad\u0131\u011f\u0131m\u0131z Paya","robots":{"index":"index","follow":"follow","max-snippet":"max-snippet:-1","max-image-preview":"max-image-preview:large","max-video-preview":"max-video-preview:-1"},"canonical":"https:\/\/www.esin.av.tr\/tr\/2019\/10\/14\/paya-dayali-kitle-fonlamasi-yatirimcilar-icin-alternatif-bir-yontem\/","og_locale":"tr_TR","og_type":"article","og_title":"Paya Dayal\u0131 Kitle Fonlamas\u0131: Yat\u0131r\u0131mc\u0131lar \u0130\u00e7in Alternatif Bir Y\u00f6ntem","og_description":"Yeni Geli\u015fme Sermaye Piyasas\u0131 Kurulu (\"SPK\"), uzun s\u00fcredir beklenen ve tasla\u011f\u0131n\u0131 11 Ocak 2019 say\u0131l\u0131 mevzuat de\u011fi\u015fikli\u011fi bildirimimizde a\u00e7\u0131klad\u0131\u011f\u0131m\u0131z Paya","og_url":"https:\/\/www.esin.av.tr\/tr\/2019\/10\/14\/paya-dayali-kitle-fonlamasi-yatirimcilar-icin-alternatif-bir-yontem\/","og_site_name":"Esin Avukatl\u0131k Ortakl\u0131\u011f\u0131","article_published_time":"2019-10-14T13:09:17+00:00","article_modified_time":"2022-06-09T12:35:54+00:00","author":"R\u0131dvan Konrat","twitter_card":"summary_large_image","twitter_misc":{"Written by":"R\u0131dvan Konrat","Est. reading time":"6 minutes"},"schema":{"@context":"https:\/\/schema.org","@graph":[{"@type":"Article","@id":"https:\/\/www.esin.av.tr\/tr\/2019\/10\/14\/paya-dayali-kitle-fonlamasi-yatirimcilar-icin-alternatif-bir-yontem\/#article","isPartOf":{"@id":"https:\/\/www.esin.av.tr\/tr\/2019\/10\/14\/paya-dayali-kitle-fonlamasi-yatirimcilar-icin-alternatif-bir-yontem\/"},"author":{"name":"R\u0131dvan Konrat","@id":"https:\/\/www.esin.av.tr\/tr\/#\/schema\/person\/42c8e616aab56b8622fa365ad63282ae"},"headline":"Paya Dayal\u0131 Kitle Fonlamas\u0131: Yat\u0131r\u0131mc\u0131lar \u0130\u00e7in Alternatif Bir Y\u00f6ntem","datePublished":"2019-10-14T13:09:17+00:00","dateModified":"2022-06-09T12:35:54+00:00","mainEntityOfPage":{"@id":"https:\/\/www.esin.av.tr\/tr\/2019\/10\/14\/paya-dayali-kitle-fonlamasi-yatirimcilar-icin-alternatif-bir-yontem\/"},"wordCount":1120,"publisher":{"@id":"https:\/\/www.esin.av.tr\/tr\/#organization"},"keywords":["Sermaye Piyasas\u0131 Hukuku"],"articleSection":["Hukuk B\u00fcltenleri"],"inLanguage":"tr"},{"@type":"WebPage","@id":"https:\/\/www.esin.av.tr\/tr\/2019\/10\/14\/paya-dayali-kitle-fonlamasi-yatirimcilar-icin-alternatif-bir-yontem\/","url":"https:\/\/www.esin.av.tr\/tr\/2019\/10\/14\/paya-dayali-kitle-fonlamasi-yatirimcilar-icin-alternatif-bir-yontem\/","name":"Paya Dayal\u0131 Kitle Fonlamas\u0131: Yat\u0131r\u0131mc\u0131lar \u0130\u00e7in Alternatif Bir Y\u00f6ntem","isPartOf":{"@id":"https:\/\/www.esin.av.tr\/tr\/#website"},"datePublished":"2019-10-14T13:09:17+00:00","dateModified":"2022-06-09T12:35:54+00:00","description":"Yeni Geli\u015fme Sermaye Piyasas\u0131 Kurulu (\"SPK\"), uzun s\u00fcredir beklenen ve tasla\u011f\u0131n\u0131 11 Ocak 2019 say\u0131l\u0131 mevzuat de\u011fi\u015fikli\u011fi bildirimimizde a\u00e7\u0131klad\u0131\u011f\u0131m\u0131z Paya","breadcrumb":{"@id":"https:\/\/www.esin.av.tr\/tr\/2019\/10\/14\/paya-dayali-kitle-fonlamasi-yatirimcilar-icin-alternatif-bir-yontem\/#breadcrumb"},"inLanguage":"tr","potentialAction":[{"@type":"ReadAction","target":["https:\/\/www.esin.av.tr\/tr\/2019\/10\/14\/paya-dayali-kitle-fonlamasi-yatirimcilar-icin-alternatif-bir-yontem\/"]}]},{"@type":"BreadcrumbList","@id":"https:\/\/www.esin.av.tr\/tr\/2019\/10\/14\/paya-dayali-kitle-fonlamasi-yatirimcilar-icin-alternatif-bir-yontem\/#breadcrumb","itemListElement":[{"@type":"ListItem","position":1,"name":"Home","item":"https:\/\/www.esin.av.tr\/tr\/"},{"@type":"ListItem","position":2,"name":"Paya Dayal\u0131 Kitle Fonlamas\u0131: Yat\u0131r\u0131mc\u0131lar \u0130\u00e7in Alternatif Bir Y\u00f6ntem"}]},{"@type":"WebSite","@id":"https:\/\/www.esin.av.tr\/tr\/#website","url":"https:\/\/www.esin.av.tr\/tr\/","name":"Esin Avukatl\u0131k Ortakl\u0131\u011f\u0131","description":"","publisher":{"@id":"https:\/\/www.esin.av.tr\/tr\/#organization"},"potentialAction":[{"@type":"SearchAction","target":{"@type":"EntryPoint","urlTemplate":"https:\/\/www.esin.av.tr\/tr\/?s={search_term_string}"},"query-input":{"@type":"PropertyValueSpecification","valueRequired":true,"valueName":"search_term_string"}}],"inLanguage":"tr"},{"@type":"Organization","@id":"https:\/\/www.esin.av.tr\/tr\/#organization","name":"Esin Avukatl\u0131k Ortakl\u0131\u011f\u0131","url":"https:\/\/www.esin.av.tr\/tr\/","logo":{"@type":"ImageObject","inLanguage":"tr","@id":"https:\/\/www.esin.av.tr\/tr\/#\/schema\/logo\/image\/","url":"https:\/\/www.esin.av.tr\/wp-content\/uploads\/2021\/09\/esin-2.jpg","contentUrl":"https:\/\/www.esin.av.tr\/wp-content\/uploads\/2021\/09\/esin-2.jpg","width":800,"height":460,"caption":"Esin Avukatl\u0131k Ortakl\u0131\u011f\u0131"},"image":{"@id":"https:\/\/www.esin.av.tr\/tr\/#\/schema\/logo\/image\/"}},{"@type":"Person","@id":"https:\/\/www.esin.av.tr\/tr\/#\/schema\/person\/42c8e616aab56b8622fa365ad63282ae","name":"R\u0131dvan Konrat","image":{"@type":"ImageObject","inLanguage":"tr","@id":"https:\/\/www.esin.av.tr\/tr\/#\/schema\/person\/image\/","url":"https:\/\/secure.gravatar.com\/avatar\/b20c6c583be38ed4e76e32f69fccc676?s=96&d=mm&r=g","contentUrl":"https:\/\/secure.gravatar.com\/avatar\/b20c6c583be38ed4e76e32f69fccc676?s=96&d=mm&r=g","caption":"R\u0131dvan Konrat"},"sameAs":["http:\/\/www.esin.av.tr"],"url":"https:\/\/www.esin.av.tr\/tr\/author\/rkonrat\/"}]}},"_links":{"self":[{"href":"https:\/\/www.esin.av.tr\/tr\/wp-json\/wp\/v2\/posts\/14686","targetHints":{"allow":["GET"]}}],"collection":[{"href":"https:\/\/www.esin.av.tr\/tr\/wp-json\/wp\/v2\/posts"}],"about":[{"href":"https:\/\/www.esin.av.tr\/tr\/wp-json\/wp\/v2\/types\/post"}],"author":[{"embeddable":true,"href":"https:\/\/www.esin.av.tr\/tr\/wp-json\/wp\/v2\/users\/4"}],"replies":[{"embeddable":true,"href":"https:\/\/www.esin.av.tr\/tr\/wp-json\/wp\/v2\/comments?post=14686"}],"version-history":[{"count":1,"href":"https:\/\/www.esin.av.tr\/tr\/wp-json\/wp\/v2\/posts\/14686\/revisions"}],"predecessor-version":[{"id":15541,"href":"https:\/\/www.esin.av.tr\/tr\/wp-json\/wp\/v2\/posts\/14686\/revisions\/15541"}],"wp:attachment":[{"href":"https:\/\/www.esin.av.tr\/tr\/wp-json\/wp\/v2\/media?parent=14686"}],"wp:term":[{"taxonomy":"category","embeddable":true,"href":"https:\/\/www.esin.av.tr\/tr\/wp-json\/wp\/v2\/categories?post=14686"},{"taxonomy":"post_tag","embeddable":true,"href":"https:\/\/www.esin.av.tr\/tr\/wp-json\/wp\/v2\/tags?post=14686"}],"curies":[{"name":"wp","href":"https:\/\/api.w.org\/{rel}","templated":true}]}}