{"id":14685,"date":"2019-10-16T08:34:03","date_gmt":"2019-10-16T08:34:03","guid":{"rendered":"http:\/\/upt.esin.av.tr\/2019\/10\/16\/saglik-uygulama-tebliginde-degisiklik-yapildi\/"},"modified":"2022-06-09T12:38:01","modified_gmt":"2022-06-09T12:38:01","slug":"saglik-uygulama-tebliginde-degisiklik-yapildi","status":"publish","type":"post","link":"https:\/\/www.esin.av.tr\/tr\/2019\/10\/16\/saglik-uygulama-tebliginde-degisiklik-yapildi\/","title":{"rendered":"Sa\u011fl\u0131k Uygulama Tebli\u011fi&#8217;nde De\u011fi\u015fiklik Yap\u0131ld\u0131"},"content":{"rendered":"<p><strong>Yeni Geli\u015fme<\/strong><\/p>\n<p>Sosyal G\u00fcvenlik Kurumu (&#8220;<strong>SGK<\/strong>&#8220;) 9 Ekim 2019 tarihinde Sosyal G\u00fcvenlik Kurumu Sa\u011fl\u0131k Uygulama Tebli\u011fi&#8217;nde (&#8220;<strong>Tebli\u011f<\/strong>&#8220;) birtak\u0131m de\u011fi\u015fiklikler yapt\u0131. Sa\u011fl\u0131k Hizmetleri Fiyatland\u0131rma Komisyonu&#8217;nun (&#8220;<strong>Komisyon<\/strong>&#8220;) Tebli\u011f&#8217;de yap\u0131lan de\u011fi\u015fiklikler do\u011frultusunda ald\u0131\u011f\u0131 karar da ayn\u0131 g\u00fcn Resmi Gazete&#8217;de yay\u0131mland\u0131.<\/p>\n<p><strong>Ne De\u011fi\u015fecek?<\/strong><\/p>\n<p>Tebli\u011f&#8217;de yap\u0131lan de\u011fi\u015fiklikler uyar\u0131nca \u00f6zel sa\u011fl\u0131k hizmeti sunucular\u0131nda g\u00f6z hastal\u0131klar\u0131 bran\u015f\u0131nda \u00e7al\u0131\u015fan hekimlerin muayene say\u0131 s\u0131n\u0131rlar\u0131n\u0131n hesaplanmas\u0131nda kullan\u0131lan y\u00f6ntem de\u011fi\u015ftirildi.<br \/>\n\u00d6zel sa\u011fl\u0131k hizmeti sunucular\u0131nda g\u00f6z hastal\u0131klar\u0131 uzmanl\u0131k dal\u0131nda SGK&#8217;ya faturaland\u0131rabilecek i\u015flemlere ili\u015fkin yeni d\u00fczenlemeler getirildi. Tebli\u011f&#8217;in Ek- 4\/C&#8217;sinde yer alan yurt d\u0131\u015f\u0131ndan temini halinde bedeli SGK taraf\u0131ndan \u00f6denecek olan ila\u00e7lar\u0131n listesi g\u00fcncellendi. Tebli\u011f de\u011fi\u015fikliklerine <a href=\"https:\/\/urldefense.com\/v3\/__http:\/esinxchange.com\/collect\/click.aspx?u=jRYOrR8N39ToyFIqteRplaMOsvXu1cV2CDbbH*WhtxIwbkeDrFvW6igF9XtYxwtcbIjdMyRwfZ*dBBDg*wYtqg==&amp;rh=ff005375e55cdb2040aaebadb3498376be60f7c7__;Kysv!L2-IAYVWw0s!G8G30zpUZ-E9aiyKgz7UhDet_wAlWJsVwUa2XDsTYUgYqe0LaFwIaQdH2_tvKNt6Ygw$\">buradan<\/a> ula\u015fabilirsiniz.<br \/>\nTebli\u011f&#8217;de yap\u0131lan de\u011fi\u015fiklikler do\u011frultusunda Komisyon, belirli ila\u00e7 fiyatlar\u0131n\u0131n yeniden d\u00fczenlenmesine karar verdi. Komisyon, verdi\u011fi kararda Tebli\u011f&#8217;de yap\u0131lan de\u011fi\u015fikliklere de de\u011findi. Karara <a href=\"https:\/\/urldefense.com\/v3\/__http:\/esinxchange.com\/collect\/click.aspx?u=jRYOrR8N39ToyFIqteRplaMOsvXu1cV2CDbbH*WhtxIwbkeDrFvW6igF9XtYxwtcbIjdMyRwfZ*MmaXgeCv1RQ==&amp;rh=ff005375e55cdb2040aaebadb3498376be60f7c7__;Ky8!L2-IAYVWw0s!G8G30zpUZ-E9aiyKgz7UhDet_wAlWJsVwUa2XDsTYUgYqe0LaFwIaQdH2_tv9kNJh58$\">buradan<\/a> ula\u015fabilirsiniz.<\/p>\n<p><strong>Sonu\u00e7<\/strong><\/p>\n<p>Sosyal G\u00fcvenlik Kurumu, Sa\u011fl\u0131k Uygulama Tebli\u011fi&#8217;nin uygulanmas\u0131na y\u00f6nelik \u00e7al\u0131\u015fmalar\u0131n\u0131 s\u00fcrd\u00fcr\u00fcyor. Sa\u011fl\u0131k sekt\u00f6r\u00fcnde faaliyet g\u00f6steren \u015firketler ve \u00f6zel sa\u011fl\u0131k hizmet sunucular\u0131, Tebli\u011f&#8217;de yap\u0131lan de\u011fi\u015fiklikleri dikkatle incelemeli ve gerekli ad\u0131mlar\u0131 atmal\u0131d\u0131r.<\/p>\n","protected":false},"excerpt":{"rendered":"<p>Yeni Geli\u015fme Sosyal G\u00fcvenlik Kurumu (&#8220;SGK&#8220;) 9 Ekim 2019 tarihinde Sosyal G\u00fcvenlik Kurumu Sa\u011fl\u0131k Uygulama Tebli\u011fi&#8217;nde (&#8220;Tebli\u011f&#8220;) birtak\u0131m de\u011fi\u015fiklikler yapt\u0131. [&hellip;]<\/p>\n","protected":false},"author":4,"featured_media":0,"comment_status":"closed","ping_status":"closed","sticky":false,"template":"","format":"standard","meta":{"_acf_changed":false,"_stopmodifiedupdate":false,"_modified_date":"","footnotes":""},"categories":[120],"tags":[92],"class_list":["post-14685","post","type-post","status-publish","format-standard","hentry","category-legal-alerts","tag-healthcare-tr"],"acf":[],"yoast_head":"<!-- This site is optimized with the Yoast SEO plugin v24.0 - https:\/\/yoast.com\/wordpress\/plugins\/seo\/ -->\n<title>Sa\u011fl\u0131k Uygulama Tebli\u011fi&#039;nde De\u011fi\u015fiklik Yap\u0131ld\u0131<\/title>\n<meta name=\"description\" content=\"Yeni Geli\u015fme Sosyal G\u00fcvenlik Kurumu (&quot;SGK&quot;) 9 Ekim 2019 tarihinde Sosyal G\u00fcvenlik Kurumu Sa\u011fl\u0131k Uygulama Tebli\u011fi&#039;nde (&quot;Tebli\u011f&quot;) birtak\u0131m de\u011fi\u015fiklikler\" \/>\n<meta name=\"robots\" content=\"index, follow, max-snippet:-1, max-image-preview:large, max-video-preview:-1\" \/>\n<link rel=\"canonical\" href=\"https:\/\/www.esin.av.tr\/tr\/2019\/10\/16\/saglik-uygulama-tebliginde-degisiklik-yapildi\/\" \/>\n<meta property=\"og:locale\" content=\"tr_TR\" \/>\n<meta property=\"og:type\" content=\"article\" \/>\n<meta property=\"og:title\" content=\"Sa\u011fl\u0131k Uygulama Tebli\u011fi&#039;nde De\u011fi\u015fiklik Yap\u0131ld\u0131\" \/>\n<meta property=\"og:description\" content=\"Yeni Geli\u015fme Sosyal G\u00fcvenlik Kurumu (&quot;SGK&quot;) 9 Ekim 2019 tarihinde Sosyal G\u00fcvenlik Kurumu Sa\u011fl\u0131k Uygulama Tebli\u011fi&#039;nde (&quot;Tebli\u011f&quot;) birtak\u0131m de\u011fi\u015fiklikler\" \/>\n<meta property=\"og:url\" content=\"https:\/\/www.esin.av.tr\/tr\/2019\/10\/16\/saglik-uygulama-tebliginde-degisiklik-yapildi\/\" \/>\n<meta property=\"og:site_name\" content=\"Esin Avukatl\u0131k Ortakl\u0131\u011f\u0131\" \/>\n<meta property=\"article:published_time\" content=\"2019-10-16T08:34:03+00:00\" \/>\n<meta property=\"article:modified_time\" content=\"2022-06-09T12:38:01+00:00\" \/>\n<meta name=\"author\" content=\"R\u0131dvan Konrat\" \/>\n<meta name=\"twitter:card\" content=\"summary_large_image\" \/>\n<meta name=\"twitter:label1\" content=\"Written by\" \/>\n\t<meta name=\"twitter:data1\" content=\"R\u0131dvan Konrat\" \/>\n\t<meta name=\"twitter:label2\" content=\"Est. reading time\" \/>\n\t<meta name=\"twitter:data2\" content=\"1 minute\" \/>\n<script type=\"application\/ld+json\" class=\"yoast-schema-graph\">{\"@context\":\"https:\/\/schema.org\",\"@graph\":[{\"@type\":\"Article\",\"@id\":\"https:\/\/www.esin.av.tr\/tr\/2019\/10\/16\/saglik-uygulama-tebliginde-degisiklik-yapildi\/#article\",\"isPartOf\":{\"@id\":\"https:\/\/www.esin.av.tr\/tr\/2019\/10\/16\/saglik-uygulama-tebliginde-degisiklik-yapildi\/\"},\"author\":{\"name\":\"R\u0131dvan Konrat\",\"@id\":\"https:\/\/www.esin.av.tr\/tr\/#\/schema\/person\/42c8e616aab56b8622fa365ad63282ae\"},\"headline\":\"Sa\u011fl\u0131k Uygulama Tebli\u011fi&#8217;nde De\u011fi\u015fiklik Yap\u0131ld\u0131\",\"datePublished\":\"2019-10-16T08:34:03+00:00\",\"dateModified\":\"2022-06-09T12:38:01+00:00\",\"mainEntityOfPage\":{\"@id\":\"https:\/\/www.esin.av.tr\/tr\/2019\/10\/16\/saglik-uygulama-tebliginde-degisiklik-yapildi\/\"},\"wordCount\":266,\"publisher\":{\"@id\":\"https:\/\/www.esin.av.tr\/tr\/#organization\"},\"keywords\":[\"Sa\u011fl\u0131k Hukuku\"],\"articleSection\":[\"Hukuk B\u00fcltenleri\"],\"inLanguage\":\"tr\"},{\"@type\":\"WebPage\",\"@id\":\"https:\/\/www.esin.av.tr\/tr\/2019\/10\/16\/saglik-uygulama-tebliginde-degisiklik-yapildi\/\",\"url\":\"https:\/\/www.esin.av.tr\/tr\/2019\/10\/16\/saglik-uygulama-tebliginde-degisiklik-yapildi\/\",\"name\":\"Sa\u011fl\u0131k Uygulama Tebli\u011fi'nde De\u011fi\u015fiklik Yap\u0131ld\u0131\",\"isPartOf\":{\"@id\":\"https:\/\/www.esin.av.tr\/tr\/#website\"},\"datePublished\":\"2019-10-16T08:34:03+00:00\",\"dateModified\":\"2022-06-09T12:38:01+00:00\",\"description\":\"Yeni Geli\u015fme Sosyal G\u00fcvenlik Kurumu (\\\"SGK\\\") 9 Ekim 2019 tarihinde Sosyal G\u00fcvenlik Kurumu Sa\u011fl\u0131k Uygulama Tebli\u011fi'nde (\\\"Tebli\u011f\\\") birtak\u0131m de\u011fi\u015fiklikler\",\"breadcrumb\":{\"@id\":\"https:\/\/www.esin.av.tr\/tr\/2019\/10\/16\/saglik-uygulama-tebliginde-degisiklik-yapildi\/#breadcrumb\"},\"inLanguage\":\"tr\",\"potentialAction\":[{\"@type\":\"ReadAction\",\"target\":[\"https:\/\/www.esin.av.tr\/tr\/2019\/10\/16\/saglik-uygulama-tebliginde-degisiklik-yapildi\/\"]}]},{\"@type\":\"BreadcrumbList\",\"@id\":\"https:\/\/www.esin.av.tr\/tr\/2019\/10\/16\/saglik-uygulama-tebliginde-degisiklik-yapildi\/#breadcrumb\",\"itemListElement\":[{\"@type\":\"ListItem\",\"position\":1,\"name\":\"Home\",\"item\":\"https:\/\/www.esin.av.tr\/tr\/\"},{\"@type\":\"ListItem\",\"position\":2,\"name\":\"Sa\u011fl\u0131k Uygulama Tebli\u011fi&#8217;nde De\u011fi\u015fiklik Yap\u0131ld\u0131\"}]},{\"@type\":\"WebSite\",\"@id\":\"https:\/\/www.esin.av.tr\/tr\/#website\",\"url\":\"https:\/\/www.esin.av.tr\/tr\/\",\"name\":\"Esin Avukatl\u0131k Ortakl\u0131\u011f\u0131\",\"description\":\"\",\"publisher\":{\"@id\":\"https:\/\/www.esin.av.tr\/tr\/#organization\"},\"potentialAction\":[{\"@type\":\"SearchAction\",\"target\":{\"@type\":\"EntryPoint\",\"urlTemplate\":\"https:\/\/www.esin.av.tr\/tr\/?s={search_term_string}\"},\"query-input\":{\"@type\":\"PropertyValueSpecification\",\"valueRequired\":true,\"valueName\":\"search_term_string\"}}],\"inLanguage\":\"tr\"},{\"@type\":\"Organization\",\"@id\":\"https:\/\/www.esin.av.tr\/tr\/#organization\",\"name\":\"Esin Avukatl\u0131k Ortakl\u0131\u011f\u0131\",\"url\":\"https:\/\/www.esin.av.tr\/tr\/\",\"logo\":{\"@type\":\"ImageObject\",\"inLanguage\":\"tr\",\"@id\":\"https:\/\/www.esin.av.tr\/tr\/#\/schema\/logo\/image\/\",\"url\":\"https:\/\/www.esin.av.tr\/wp-content\/uploads\/2021\/09\/esin-2.jpg\",\"contentUrl\":\"https:\/\/www.esin.av.tr\/wp-content\/uploads\/2021\/09\/esin-2.jpg\",\"width\":800,\"height\":460,\"caption\":\"Esin Avukatl\u0131k Ortakl\u0131\u011f\u0131\"},\"image\":{\"@id\":\"https:\/\/www.esin.av.tr\/tr\/#\/schema\/logo\/image\/\"}},{\"@type\":\"Person\",\"@id\":\"https:\/\/www.esin.av.tr\/tr\/#\/schema\/person\/42c8e616aab56b8622fa365ad63282ae\",\"name\":\"R\u0131dvan Konrat\",\"image\":{\"@type\":\"ImageObject\",\"inLanguage\":\"tr\",\"@id\":\"https:\/\/www.esin.av.tr\/tr\/#\/schema\/person\/image\/\",\"url\":\"https:\/\/secure.gravatar.com\/avatar\/b20c6c583be38ed4e76e32f69fccc676?s=96&d=mm&r=g\",\"contentUrl\":\"https:\/\/secure.gravatar.com\/avatar\/b20c6c583be38ed4e76e32f69fccc676?s=96&d=mm&r=g\",\"caption\":\"R\u0131dvan Konrat\"},\"sameAs\":[\"http:\/\/www.esin.av.tr\"],\"url\":\"https:\/\/www.esin.av.tr\/tr\/author\/rkonrat\/\"}]}<\/script>\n<!-- \/ Yoast SEO plugin. -->","yoast_head_json":{"title":"Sa\u011fl\u0131k Uygulama Tebli\u011fi'nde De\u011fi\u015fiklik Yap\u0131ld\u0131","description":"Yeni Geli\u015fme Sosyal G\u00fcvenlik Kurumu (\"SGK\") 9 Ekim 2019 tarihinde Sosyal G\u00fcvenlik Kurumu Sa\u011fl\u0131k Uygulama Tebli\u011fi'nde (\"Tebli\u011f\") birtak\u0131m de\u011fi\u015fiklikler","robots":{"index":"index","follow":"follow","max-snippet":"max-snippet:-1","max-image-preview":"max-image-preview:large","max-video-preview":"max-video-preview:-1"},"canonical":"https:\/\/www.esin.av.tr\/tr\/2019\/10\/16\/saglik-uygulama-tebliginde-degisiklik-yapildi\/","og_locale":"tr_TR","og_type":"article","og_title":"Sa\u011fl\u0131k Uygulama Tebli\u011fi'nde De\u011fi\u015fiklik Yap\u0131ld\u0131","og_description":"Yeni Geli\u015fme Sosyal G\u00fcvenlik Kurumu (\"SGK\") 9 Ekim 2019 tarihinde Sosyal G\u00fcvenlik Kurumu Sa\u011fl\u0131k Uygulama Tebli\u011fi'nde (\"Tebli\u011f\") birtak\u0131m de\u011fi\u015fiklikler","og_url":"https:\/\/www.esin.av.tr\/tr\/2019\/10\/16\/saglik-uygulama-tebliginde-degisiklik-yapildi\/","og_site_name":"Esin Avukatl\u0131k Ortakl\u0131\u011f\u0131","article_published_time":"2019-10-16T08:34:03+00:00","article_modified_time":"2022-06-09T12:38:01+00:00","author":"R\u0131dvan Konrat","twitter_card":"summary_large_image","twitter_misc":{"Written by":"R\u0131dvan Konrat","Est. reading time":"1 minute"},"schema":{"@context":"https:\/\/schema.org","@graph":[{"@type":"Article","@id":"https:\/\/www.esin.av.tr\/tr\/2019\/10\/16\/saglik-uygulama-tebliginde-degisiklik-yapildi\/#article","isPartOf":{"@id":"https:\/\/www.esin.av.tr\/tr\/2019\/10\/16\/saglik-uygulama-tebliginde-degisiklik-yapildi\/"},"author":{"name":"R\u0131dvan Konrat","@id":"https:\/\/www.esin.av.tr\/tr\/#\/schema\/person\/42c8e616aab56b8622fa365ad63282ae"},"headline":"Sa\u011fl\u0131k Uygulama Tebli\u011fi&#8217;nde De\u011fi\u015fiklik Yap\u0131ld\u0131","datePublished":"2019-10-16T08:34:03+00:00","dateModified":"2022-06-09T12:38:01+00:00","mainEntityOfPage":{"@id":"https:\/\/www.esin.av.tr\/tr\/2019\/10\/16\/saglik-uygulama-tebliginde-degisiklik-yapildi\/"},"wordCount":266,"publisher":{"@id":"https:\/\/www.esin.av.tr\/tr\/#organization"},"keywords":["Sa\u011fl\u0131k Hukuku"],"articleSection":["Hukuk B\u00fcltenleri"],"inLanguage":"tr"},{"@type":"WebPage","@id":"https:\/\/www.esin.av.tr\/tr\/2019\/10\/16\/saglik-uygulama-tebliginde-degisiklik-yapildi\/","url":"https:\/\/www.esin.av.tr\/tr\/2019\/10\/16\/saglik-uygulama-tebliginde-degisiklik-yapildi\/","name":"Sa\u011fl\u0131k Uygulama Tebli\u011fi'nde De\u011fi\u015fiklik Yap\u0131ld\u0131","isPartOf":{"@id":"https:\/\/www.esin.av.tr\/tr\/#website"},"datePublished":"2019-10-16T08:34:03+00:00","dateModified":"2022-06-09T12:38:01+00:00","description":"Yeni Geli\u015fme Sosyal G\u00fcvenlik Kurumu (\"SGK\") 9 Ekim 2019 tarihinde Sosyal G\u00fcvenlik Kurumu Sa\u011fl\u0131k Uygulama Tebli\u011fi'nde (\"Tebli\u011f\") birtak\u0131m de\u011fi\u015fiklikler","breadcrumb":{"@id":"https:\/\/www.esin.av.tr\/tr\/2019\/10\/16\/saglik-uygulama-tebliginde-degisiklik-yapildi\/#breadcrumb"},"inLanguage":"tr","potentialAction":[{"@type":"ReadAction","target":["https:\/\/www.esin.av.tr\/tr\/2019\/10\/16\/saglik-uygulama-tebliginde-degisiklik-yapildi\/"]}]},{"@type":"BreadcrumbList","@id":"https:\/\/www.esin.av.tr\/tr\/2019\/10\/16\/saglik-uygulama-tebliginde-degisiklik-yapildi\/#breadcrumb","itemListElement":[{"@type":"ListItem","position":1,"name":"Home","item":"https:\/\/www.esin.av.tr\/tr\/"},{"@type":"ListItem","position":2,"name":"Sa\u011fl\u0131k Uygulama Tebli\u011fi&#8217;nde De\u011fi\u015fiklik Yap\u0131ld\u0131"}]},{"@type":"WebSite","@id":"https:\/\/www.esin.av.tr\/tr\/#website","url":"https:\/\/www.esin.av.tr\/tr\/","name":"Esin Avukatl\u0131k Ortakl\u0131\u011f\u0131","description":"","publisher":{"@id":"https:\/\/www.esin.av.tr\/tr\/#organization"},"potentialAction":[{"@type":"SearchAction","target":{"@type":"EntryPoint","urlTemplate":"https:\/\/www.esin.av.tr\/tr\/?s={search_term_string}"},"query-input":{"@type":"PropertyValueSpecification","valueRequired":true,"valueName":"search_term_string"}}],"inLanguage":"tr"},{"@type":"Organization","@id":"https:\/\/www.esin.av.tr\/tr\/#organization","name":"Esin Avukatl\u0131k Ortakl\u0131\u011f\u0131","url":"https:\/\/www.esin.av.tr\/tr\/","logo":{"@type":"ImageObject","inLanguage":"tr","@id":"https:\/\/www.esin.av.tr\/tr\/#\/schema\/logo\/image\/","url":"https:\/\/www.esin.av.tr\/wp-content\/uploads\/2021\/09\/esin-2.jpg","contentUrl":"https:\/\/www.esin.av.tr\/wp-content\/uploads\/2021\/09\/esin-2.jpg","width":800,"height":460,"caption":"Esin Avukatl\u0131k Ortakl\u0131\u011f\u0131"},"image":{"@id":"https:\/\/www.esin.av.tr\/tr\/#\/schema\/logo\/image\/"}},{"@type":"Person","@id":"https:\/\/www.esin.av.tr\/tr\/#\/schema\/person\/42c8e616aab56b8622fa365ad63282ae","name":"R\u0131dvan Konrat","image":{"@type":"ImageObject","inLanguage":"tr","@id":"https:\/\/www.esin.av.tr\/tr\/#\/schema\/person\/image\/","url":"https:\/\/secure.gravatar.com\/avatar\/b20c6c583be38ed4e76e32f69fccc676?s=96&d=mm&r=g","contentUrl":"https:\/\/secure.gravatar.com\/avatar\/b20c6c583be38ed4e76e32f69fccc676?s=96&d=mm&r=g","caption":"R\u0131dvan Konrat"},"sameAs":["http:\/\/www.esin.av.tr"],"url":"https:\/\/www.esin.av.tr\/tr\/author\/rkonrat\/"}]}},"_links":{"self":[{"href":"https:\/\/www.esin.av.tr\/tr\/wp-json\/wp\/v2\/posts\/14685","targetHints":{"allow":["GET"]}}],"collection":[{"href":"https:\/\/www.esin.av.tr\/tr\/wp-json\/wp\/v2\/posts"}],"about":[{"href":"https:\/\/www.esin.av.tr\/tr\/wp-json\/wp\/v2\/types\/post"}],"author":[{"embeddable":true,"href":"https:\/\/www.esin.av.tr\/tr\/wp-json\/wp\/v2\/users\/4"}],"replies":[{"embeddable":true,"href":"https:\/\/www.esin.av.tr\/tr\/wp-json\/wp\/v2\/comments?post=14685"}],"version-history":[{"count":1,"href":"https:\/\/www.esin.av.tr\/tr\/wp-json\/wp\/v2\/posts\/14685\/revisions"}],"predecessor-version":[{"id":15540,"href":"https:\/\/www.esin.av.tr\/tr\/wp-json\/wp\/v2\/posts\/14685\/revisions\/15540"}],"wp:attachment":[{"href":"https:\/\/www.esin.av.tr\/tr\/wp-json\/wp\/v2\/media?parent=14685"}],"wp:term":[{"taxonomy":"category","embeddable":true,"href":"https:\/\/www.esin.av.tr\/tr\/wp-json\/wp\/v2\/categories?post=14685"},{"taxonomy":"post_tag","embeddable":true,"href":"https:\/\/www.esin.av.tr\/tr\/wp-json\/wp\/v2\/tags?post=14685"}],"curies":[{"name":"wp","href":"https:\/\/api.w.org\/{rel}","templated":true}]}}