{"id":14684,"date":"2019-10-17T07:21:02","date_gmt":"2019-10-17T07:21:02","guid":{"rendered":"http:\/\/upt.esin.av.tr\/2019\/10\/17\/ticari-reklam-ve-haksiz-ticari-uygulamalar-yonetmeliginde-degisiklik-yapildi\/"},"modified":"2022-06-09T12:37:58","modified_gmt":"2022-06-09T12:37:58","slug":"ticari-reklam-ve-haksiz-ticari-uygulamalar-yonetmeliginde-degisiklik-yapildi-ekim-2019","status":"publish","type":"post","link":"https:\/\/www.esin.av.tr\/tr\/2019\/10\/17\/ticari-reklam-ve-haksiz-ticari-uygulamalar-yonetmeliginde-degisiklik-yapildi-ekim-2019\/","title":{"rendered":"Ticari Reklam ve Haks\u0131z Ticari Uygulamalar Y\u00f6netmeli\u011fi&#8217;nde De\u011fi\u015fiklik Yap\u0131ld\u0131 &#8211; Ekim 2019"},"content":{"rendered":"<p><strong>Yeni Geli\u015fme\u00a0\u00a0 <\/strong><\/p>\n<p>Ticaret Bakanl\u0131\u011f\u0131 (&#8220;<strong>Bakanl\u0131k<\/strong>&#8220;), 12 Ekim 2019 tarihinde Ticari Reklam ve Haks\u0131z Ticari Uygulamalar Y\u00f6netmeli\u011fi&#8217;nde (&#8220;<strong>Y\u00f6netmelik<\/strong>&#8220;) de\u011fi\u015fiklik yapt\u0131. De\u011fi\u015fiklikler kapsam\u0131nda reklam verenlerin belirli y\u00fck\u00fcml\u00fcl\u00fckleri yeniden d\u00fczenlendi.<\/p>\n<p><strong>Ne De\u011fi\u015fecek?<\/strong><\/p>\n<p>Yap\u0131lan de\u011fi\u015fiklikler uyar\u0131nca mal veya hizmetlere y\u00f6nelik \u00e7ekili\u015f, yar\u0131\u015fma ve promosyon gibi pazarlama teknikleri kullan\u0131larak yap\u0131lan reklamlara ili\u015fkin olarak reklam verenlere yeni y\u00fck\u00fcml\u00fcl\u00fck getirildi. Bu kapsamda \u00fcr\u00fcnle birlikte hediye edilen promosyonlarda, promosyon d\u00fczenleyenlerin promosyonun t\u00fcketici taraf\u0131ndan kolay bir \u015fekilde edinilebilmesi amac\u0131yla her t\u00fcrl\u00fc etkin y\u00f6ntemi sa\u011flamas\u0131 zorunlu hale getirildi.<\/p>\n<p>A\u015f\u0131r\u0131 t\u00fcketimi tavsiye edilmeyen g\u0131dalar\u0131n sat\u0131\u015f\u0131n\u0131 art\u0131rma ama\u00e7l\u0131 \u00e7ocuklara y\u00f6nelik reklam uygulamalar\u0131na ili\u015fkin h\u00fck\u00fcm de\u011fi\u015ftirildi. De\u011fi\u015fiklik kapsam\u0131nda \u00e7ocuklar\u0131n ilgi alanlar\u0131na ve be\u011fenilerine y\u00f6nelik \u00fcr\u00fcnlerin, as\u0131l \u00fcr\u00fcnle birlikte ayr\u0131ca hediye olarak verilemeyece\u011fi d\u00fczenlendi. H\u00fckm\u00fcn ilk metninde promosyon \u00fcr\u00fcnlerin yan\u0131nda &#8220;<em>benzeri pazarlama tekniklerinin<\/em>&#8221; de uygulanamayaca\u011f\u0131 d\u00fczenlenirken, yap\u0131lan de\u011fi\u015fiklikle h\u00fckm\u00fcn kapsam\u0131, yaln\u0131zca as\u0131l \u00fcr\u00fcn ile birlikte verilen hediye \u00fcr\u00fcnlere y\u00f6nelik pazarlama uygulamalar\u0131n\u0131 kapsayacak \u015fekilde daralt\u0131ld\u0131.<\/p>\n<p>Ate\u015fli veya ate\u015fsiz silahlar ile bunlar\u0131n \u00fcreticileri ve sat\u0131c\u0131lar\u0131na y\u00f6nelik reklamlar\u0131n yasaklanmas\u0131na ili\u015fkin h\u00fckme istisna getirildi. Bu kapsamda yetkili makamlardan izin alarak faaliyet g\u00f6steren silah \u00fcreticisi ve sat\u0131c\u0131lar\u0131n\u0131n; (i) ilgili mevzuatlar\u0131na uygun olarak kendilerine ait kurumsal internet sitelerinde yapt\u0131klar\u0131 tan\u0131t\u0131mlar ve fuarlara kat\u0131l\u0131m i\u00e7in haz\u0131rlanan materyaller ile (ii) \u00f6zel olarak avc\u0131l\u0131k ve at\u0131c\u0131l\u0131k \u00fczerine tematik yay\u0131n yapan mecralarda yay\u0131nlad\u0131klar\u0131 reklamlar, reklam yasa\u011f\u0131n\u0131n d\u0131\u015f\u0131nda b\u0131rak\u0131ld\u0131.<\/p>\n<p><strong>Sonu\u00e7<\/strong><\/p>\n<p>Bakanl\u0131k, t\u00fcketicileri korumaya y\u00f6nelik d\u00fczenleyici faaliyetlerine devam ediyor. \u0130lgili t\u00fcm \u015firketler, Y\u00f6netmelik de\u011fi\u015fikliklerini dikkatle incelemeli, ticari reklam faaliyetlerini mevzuat h\u00fck\u00fcmlerine uygun olarak ger\u00e7ekle\u015ftirmek i\u00e7in gerekli ad\u0131mlar\u0131 atmal\u0131d\u0131r.<\/p>\n","protected":false},"excerpt":{"rendered":"<p>Yeni Geli\u015fme\u00a0\u00a0 Ticaret Bakanl\u0131\u011f\u0131 (&#8220;Bakanl\u0131k&#8220;), 12 Ekim 2019 tarihinde Ticari Reklam ve Haks\u0131z Ticari Uygulamalar Y\u00f6netmeli\u011fi&#8217;nde (&#8220;Y\u00f6netmelik&#8220;) de\u011fi\u015fiklik yapt\u0131. De\u011fi\u015fiklikler [&hellip;]<\/p>\n","protected":false},"author":4,"featured_media":0,"comment_status":"closed","ping_status":"closed","sticky":false,"template":"","format":"standard","meta":{"_acf_changed":false,"_stopmodifiedupdate":false,"_modified_date":"","footnotes":""},"categories":[120],"tags":[94],"class_list":["post-14684","post","type-post","status-publish","format-standard","hentry","category-legal-alerts","tag-international-commercial-and-trade-tr"],"acf":[],"yoast_head":"<!-- This site is optimized with the Yoast SEO plugin v24.0 - https:\/\/yoast.com\/wordpress\/plugins\/seo\/ -->\n<title>Ticari Reklam ve Haks\u0131z Ticari Uygulamalar Y\u00f6netmeli\u011fi&#039;nde De\u011fi\u015fiklik Yap\u0131ld\u0131 - Ekim 2019<\/title>\n<meta name=\"description\" content=\"Yeni Geli\u015fme\u00a0\u00a0 Ticaret Bakanl\u0131\u011f\u0131 (&quot;Bakanl\u0131k&quot;), 12 Ekim 2019 tarihinde Ticari Reklam ve Haks\u0131z Ticari Uygulamalar Y\u00f6netmeli\u011fi&#039;nde (&quot;Y\u00f6netmelik&quot;) de\u011fi\u015fiklik\" \/>\n<meta name=\"robots\" content=\"index, follow, max-snippet:-1, max-image-preview:large, max-video-preview:-1\" \/>\n<link rel=\"canonical\" href=\"https:\/\/www.esin.av.tr\/tr\/2019\/10\/17\/ticari-reklam-ve-haksiz-ticari-uygulamalar-yonetmeliginde-degisiklik-yapildi-ekim-2019\/\" \/>\n<meta property=\"og:locale\" content=\"tr_TR\" \/>\n<meta property=\"og:type\" content=\"article\" \/>\n<meta property=\"og:title\" content=\"Ticari Reklam ve Haks\u0131z Ticari Uygulamalar Y\u00f6netmeli\u011fi&#039;nde De\u011fi\u015fiklik Yap\u0131ld\u0131 - Ekim 2019\" \/>\n<meta property=\"og:description\" content=\"Yeni Geli\u015fme\u00a0\u00a0 Ticaret Bakanl\u0131\u011f\u0131 (&quot;Bakanl\u0131k&quot;), 12 Ekim 2019 tarihinde Ticari Reklam ve Haks\u0131z Ticari Uygulamalar Y\u00f6netmeli\u011fi&#039;nde (&quot;Y\u00f6netmelik&quot;) de\u011fi\u015fiklik\" \/>\n<meta property=\"og:url\" content=\"https:\/\/www.esin.av.tr\/tr\/2019\/10\/17\/ticari-reklam-ve-haksiz-ticari-uygulamalar-yonetmeliginde-degisiklik-yapildi-ekim-2019\/\" \/>\n<meta property=\"og:site_name\" content=\"Esin Avukatl\u0131k Ortakl\u0131\u011f\u0131\" \/>\n<meta property=\"article:published_time\" content=\"2019-10-17T07:21:02+00:00\" \/>\n<meta property=\"article:modified_time\" content=\"2022-06-09T12:37:58+00:00\" \/>\n<meta name=\"author\" content=\"R\u0131dvan Konrat\" \/>\n<meta name=\"twitter:card\" content=\"summary_large_image\" \/>\n<meta name=\"twitter:label1\" content=\"Written by\" \/>\n\t<meta name=\"twitter:data1\" content=\"R\u0131dvan Konrat\" \/>\n\t<meta name=\"twitter:label2\" content=\"Est. reading time\" \/>\n\t<meta name=\"twitter:data2\" content=\"2 minutes\" \/>\n<script type=\"application\/ld+json\" class=\"yoast-schema-graph\">{\"@context\":\"https:\/\/schema.org\",\"@graph\":[{\"@type\":\"Article\",\"@id\":\"https:\/\/www.esin.av.tr\/tr\/2019\/10\/17\/ticari-reklam-ve-haksiz-ticari-uygulamalar-yonetmeliginde-degisiklik-yapildi-ekim-2019\/#article\",\"isPartOf\":{\"@id\":\"https:\/\/www.esin.av.tr\/tr\/2019\/10\/17\/ticari-reklam-ve-haksiz-ticari-uygulamalar-yonetmeliginde-degisiklik-yapildi-ekim-2019\/\"},\"author\":{\"name\":\"R\u0131dvan Konrat\",\"@id\":\"https:\/\/www.esin.av.tr\/tr\/#\/schema\/person\/42c8e616aab56b8622fa365ad63282ae\"},\"headline\":\"Ticari Reklam ve Haks\u0131z Ticari Uygulamalar Y\u00f6netmeli\u011fi&#8217;nde De\u011fi\u015fiklik Yap\u0131ld\u0131 &#8211; Ekim 2019\",\"datePublished\":\"2019-10-17T07:21:02+00:00\",\"dateModified\":\"2022-06-09T12:37:58+00:00\",\"mainEntityOfPage\":{\"@id\":\"https:\/\/www.esin.av.tr\/tr\/2019\/10\/17\/ticari-reklam-ve-haksiz-ticari-uygulamalar-yonetmeliginde-degisiklik-yapildi-ekim-2019\/\"},\"wordCount\":385,\"publisher\":{\"@id\":\"https:\/\/www.esin.av.tr\/tr\/#organization\"},\"keywords\":[\"Uluslararas\u0131 Ticaret Hukuku\"],\"articleSection\":[\"Hukuk B\u00fcltenleri\"],\"inLanguage\":\"tr\"},{\"@type\":\"WebPage\",\"@id\":\"https:\/\/www.esin.av.tr\/tr\/2019\/10\/17\/ticari-reklam-ve-haksiz-ticari-uygulamalar-yonetmeliginde-degisiklik-yapildi-ekim-2019\/\",\"url\":\"https:\/\/www.esin.av.tr\/tr\/2019\/10\/17\/ticari-reklam-ve-haksiz-ticari-uygulamalar-yonetmeliginde-degisiklik-yapildi-ekim-2019\/\",\"name\":\"Ticari Reklam ve Haks\u0131z Ticari Uygulamalar Y\u00f6netmeli\u011fi'nde De\u011fi\u015fiklik Yap\u0131ld\u0131 - Ekim 2019\",\"isPartOf\":{\"@id\":\"https:\/\/www.esin.av.tr\/tr\/#website\"},\"datePublished\":\"2019-10-17T07:21:02+00:00\",\"dateModified\":\"2022-06-09T12:37:58+00:00\",\"description\":\"Yeni Geli\u015fme\u00a0\u00a0 Ticaret Bakanl\u0131\u011f\u0131 (\\\"Bakanl\u0131k\\\"), 12 Ekim 2019 tarihinde Ticari Reklam ve Haks\u0131z Ticari Uygulamalar Y\u00f6netmeli\u011fi'nde (\\\"Y\u00f6netmelik\\\") de\u011fi\u015fiklik\",\"breadcrumb\":{\"@id\":\"https:\/\/www.esin.av.tr\/tr\/2019\/10\/17\/ticari-reklam-ve-haksiz-ticari-uygulamalar-yonetmeliginde-degisiklik-yapildi-ekim-2019\/#breadcrumb\"},\"inLanguage\":\"tr\",\"potentialAction\":[{\"@type\":\"ReadAction\",\"target\":[\"https:\/\/www.esin.av.tr\/tr\/2019\/10\/17\/ticari-reklam-ve-haksiz-ticari-uygulamalar-yonetmeliginde-degisiklik-yapildi-ekim-2019\/\"]}]},{\"@type\":\"BreadcrumbList\",\"@id\":\"https:\/\/www.esin.av.tr\/tr\/2019\/10\/17\/ticari-reklam-ve-haksiz-ticari-uygulamalar-yonetmeliginde-degisiklik-yapildi-ekim-2019\/#breadcrumb\",\"itemListElement\":[{\"@type\":\"ListItem\",\"position\":1,\"name\":\"Home\",\"item\":\"https:\/\/www.esin.av.tr\/tr\/\"},{\"@type\":\"ListItem\",\"position\":2,\"name\":\"Ticari Reklam ve Haks\u0131z Ticari Uygulamalar Y\u00f6netmeli\u011fi&#8217;nde De\u011fi\u015fiklik Yap\u0131ld\u0131 &#8211; Ekim 2019\"}]},{\"@type\":\"WebSite\",\"@id\":\"https:\/\/www.esin.av.tr\/tr\/#website\",\"url\":\"https:\/\/www.esin.av.tr\/tr\/\",\"name\":\"Esin Avukatl\u0131k Ortakl\u0131\u011f\u0131\",\"description\":\"\",\"publisher\":{\"@id\":\"https:\/\/www.esin.av.tr\/tr\/#organization\"},\"potentialAction\":[{\"@type\":\"SearchAction\",\"target\":{\"@type\":\"EntryPoint\",\"urlTemplate\":\"https:\/\/www.esin.av.tr\/tr\/?s={search_term_string}\"},\"query-input\":{\"@type\":\"PropertyValueSpecification\",\"valueRequired\":true,\"valueName\":\"search_term_string\"}}],\"inLanguage\":\"tr\"},{\"@type\":\"Organization\",\"@id\":\"https:\/\/www.esin.av.tr\/tr\/#organization\",\"name\":\"Esin Avukatl\u0131k Ortakl\u0131\u011f\u0131\",\"url\":\"https:\/\/www.esin.av.tr\/tr\/\",\"logo\":{\"@type\":\"ImageObject\",\"inLanguage\":\"tr\",\"@id\":\"https:\/\/www.esin.av.tr\/tr\/#\/schema\/logo\/image\/\",\"url\":\"https:\/\/www.esin.av.tr\/wp-content\/uploads\/2021\/09\/esin-2.jpg\",\"contentUrl\":\"https:\/\/www.esin.av.tr\/wp-content\/uploads\/2021\/09\/esin-2.jpg\",\"width\":800,\"height\":460,\"caption\":\"Esin Avukatl\u0131k Ortakl\u0131\u011f\u0131\"},\"image\":{\"@id\":\"https:\/\/www.esin.av.tr\/tr\/#\/schema\/logo\/image\/\"}},{\"@type\":\"Person\",\"@id\":\"https:\/\/www.esin.av.tr\/tr\/#\/schema\/person\/42c8e616aab56b8622fa365ad63282ae\",\"name\":\"R\u0131dvan Konrat\",\"image\":{\"@type\":\"ImageObject\",\"inLanguage\":\"tr\",\"@id\":\"https:\/\/www.esin.av.tr\/tr\/#\/schema\/person\/image\/\",\"url\":\"https:\/\/secure.gravatar.com\/avatar\/b20c6c583be38ed4e76e32f69fccc676?s=96&d=mm&r=g\",\"contentUrl\":\"https:\/\/secure.gravatar.com\/avatar\/b20c6c583be38ed4e76e32f69fccc676?s=96&d=mm&r=g\",\"caption\":\"R\u0131dvan Konrat\"},\"sameAs\":[\"http:\/\/www.esin.av.tr\"],\"url\":\"https:\/\/www.esin.av.tr\/tr\/author\/rkonrat\/\"}]}<\/script>\n<!-- \/ Yoast SEO plugin. -->","yoast_head_json":{"title":"Ticari Reklam ve Haks\u0131z Ticari Uygulamalar Y\u00f6netmeli\u011fi'nde De\u011fi\u015fiklik Yap\u0131ld\u0131 - Ekim 2019","description":"Yeni Geli\u015fme\u00a0\u00a0 Ticaret Bakanl\u0131\u011f\u0131 (\"Bakanl\u0131k\"), 12 Ekim 2019 tarihinde Ticari Reklam ve Haks\u0131z Ticari Uygulamalar Y\u00f6netmeli\u011fi'nde (\"Y\u00f6netmelik\") de\u011fi\u015fiklik","robots":{"index":"index","follow":"follow","max-snippet":"max-snippet:-1","max-image-preview":"max-image-preview:large","max-video-preview":"max-video-preview:-1"},"canonical":"https:\/\/www.esin.av.tr\/tr\/2019\/10\/17\/ticari-reklam-ve-haksiz-ticari-uygulamalar-yonetmeliginde-degisiklik-yapildi-ekim-2019\/","og_locale":"tr_TR","og_type":"article","og_title":"Ticari Reklam ve Haks\u0131z Ticari Uygulamalar Y\u00f6netmeli\u011fi'nde De\u011fi\u015fiklik Yap\u0131ld\u0131 - Ekim 2019","og_description":"Yeni Geli\u015fme\u00a0\u00a0 Ticaret Bakanl\u0131\u011f\u0131 (\"Bakanl\u0131k\"), 12 Ekim 2019 tarihinde Ticari Reklam ve Haks\u0131z Ticari Uygulamalar Y\u00f6netmeli\u011fi'nde (\"Y\u00f6netmelik\") de\u011fi\u015fiklik","og_url":"https:\/\/www.esin.av.tr\/tr\/2019\/10\/17\/ticari-reklam-ve-haksiz-ticari-uygulamalar-yonetmeliginde-degisiklik-yapildi-ekim-2019\/","og_site_name":"Esin Avukatl\u0131k Ortakl\u0131\u011f\u0131","article_published_time":"2019-10-17T07:21:02+00:00","article_modified_time":"2022-06-09T12:37:58+00:00","author":"R\u0131dvan Konrat","twitter_card":"summary_large_image","twitter_misc":{"Written by":"R\u0131dvan Konrat","Est. reading time":"2 minutes"},"schema":{"@context":"https:\/\/schema.org","@graph":[{"@type":"Article","@id":"https:\/\/www.esin.av.tr\/tr\/2019\/10\/17\/ticari-reklam-ve-haksiz-ticari-uygulamalar-yonetmeliginde-degisiklik-yapildi-ekim-2019\/#article","isPartOf":{"@id":"https:\/\/www.esin.av.tr\/tr\/2019\/10\/17\/ticari-reklam-ve-haksiz-ticari-uygulamalar-yonetmeliginde-degisiklik-yapildi-ekim-2019\/"},"author":{"name":"R\u0131dvan Konrat","@id":"https:\/\/www.esin.av.tr\/tr\/#\/schema\/person\/42c8e616aab56b8622fa365ad63282ae"},"headline":"Ticari Reklam ve Haks\u0131z Ticari Uygulamalar Y\u00f6netmeli\u011fi&#8217;nde De\u011fi\u015fiklik Yap\u0131ld\u0131 &#8211; Ekim 2019","datePublished":"2019-10-17T07:21:02+00:00","dateModified":"2022-06-09T12:37:58+00:00","mainEntityOfPage":{"@id":"https:\/\/www.esin.av.tr\/tr\/2019\/10\/17\/ticari-reklam-ve-haksiz-ticari-uygulamalar-yonetmeliginde-degisiklik-yapildi-ekim-2019\/"},"wordCount":385,"publisher":{"@id":"https:\/\/www.esin.av.tr\/tr\/#organization"},"keywords":["Uluslararas\u0131 Ticaret Hukuku"],"articleSection":["Hukuk B\u00fcltenleri"],"inLanguage":"tr"},{"@type":"WebPage","@id":"https:\/\/www.esin.av.tr\/tr\/2019\/10\/17\/ticari-reklam-ve-haksiz-ticari-uygulamalar-yonetmeliginde-degisiklik-yapildi-ekim-2019\/","url":"https:\/\/www.esin.av.tr\/tr\/2019\/10\/17\/ticari-reklam-ve-haksiz-ticari-uygulamalar-yonetmeliginde-degisiklik-yapildi-ekim-2019\/","name":"Ticari Reklam ve Haks\u0131z Ticari Uygulamalar Y\u00f6netmeli\u011fi'nde De\u011fi\u015fiklik Yap\u0131ld\u0131 - Ekim 2019","isPartOf":{"@id":"https:\/\/www.esin.av.tr\/tr\/#website"},"datePublished":"2019-10-17T07:21:02+00:00","dateModified":"2022-06-09T12:37:58+00:00","description":"Yeni Geli\u015fme\u00a0\u00a0 Ticaret Bakanl\u0131\u011f\u0131 (\"Bakanl\u0131k\"), 12 Ekim 2019 tarihinde Ticari Reklam ve Haks\u0131z Ticari Uygulamalar Y\u00f6netmeli\u011fi'nde (\"Y\u00f6netmelik\") de\u011fi\u015fiklik","breadcrumb":{"@id":"https:\/\/www.esin.av.tr\/tr\/2019\/10\/17\/ticari-reklam-ve-haksiz-ticari-uygulamalar-yonetmeliginde-degisiklik-yapildi-ekim-2019\/#breadcrumb"},"inLanguage":"tr","potentialAction":[{"@type":"ReadAction","target":["https:\/\/www.esin.av.tr\/tr\/2019\/10\/17\/ticari-reklam-ve-haksiz-ticari-uygulamalar-yonetmeliginde-degisiklik-yapildi-ekim-2019\/"]}]},{"@type":"BreadcrumbList","@id":"https:\/\/www.esin.av.tr\/tr\/2019\/10\/17\/ticari-reklam-ve-haksiz-ticari-uygulamalar-yonetmeliginde-degisiklik-yapildi-ekim-2019\/#breadcrumb","itemListElement":[{"@type":"ListItem","position":1,"name":"Home","item":"https:\/\/www.esin.av.tr\/tr\/"},{"@type":"ListItem","position":2,"name":"Ticari Reklam ve Haks\u0131z Ticari Uygulamalar Y\u00f6netmeli\u011fi&#8217;nde De\u011fi\u015fiklik Yap\u0131ld\u0131 &#8211; Ekim 2019"}]},{"@type":"WebSite","@id":"https:\/\/www.esin.av.tr\/tr\/#website","url":"https:\/\/www.esin.av.tr\/tr\/","name":"Esin Avukatl\u0131k Ortakl\u0131\u011f\u0131","description":"","publisher":{"@id":"https:\/\/www.esin.av.tr\/tr\/#organization"},"potentialAction":[{"@type":"SearchAction","target":{"@type":"EntryPoint","urlTemplate":"https:\/\/www.esin.av.tr\/tr\/?s={search_term_string}"},"query-input":{"@type":"PropertyValueSpecification","valueRequired":true,"valueName":"search_term_string"}}],"inLanguage":"tr"},{"@type":"Organization","@id":"https:\/\/www.esin.av.tr\/tr\/#organization","name":"Esin Avukatl\u0131k Ortakl\u0131\u011f\u0131","url":"https:\/\/www.esin.av.tr\/tr\/","logo":{"@type":"ImageObject","inLanguage":"tr","@id":"https:\/\/www.esin.av.tr\/tr\/#\/schema\/logo\/image\/","url":"https:\/\/www.esin.av.tr\/wp-content\/uploads\/2021\/09\/esin-2.jpg","contentUrl":"https:\/\/www.esin.av.tr\/wp-content\/uploads\/2021\/09\/esin-2.jpg","width":800,"height":460,"caption":"Esin Avukatl\u0131k Ortakl\u0131\u011f\u0131"},"image":{"@id":"https:\/\/www.esin.av.tr\/tr\/#\/schema\/logo\/image\/"}},{"@type":"Person","@id":"https:\/\/www.esin.av.tr\/tr\/#\/schema\/person\/42c8e616aab56b8622fa365ad63282ae","name":"R\u0131dvan Konrat","image":{"@type":"ImageObject","inLanguage":"tr","@id":"https:\/\/www.esin.av.tr\/tr\/#\/schema\/person\/image\/","url":"https:\/\/secure.gravatar.com\/avatar\/b20c6c583be38ed4e76e32f69fccc676?s=96&d=mm&r=g","contentUrl":"https:\/\/secure.gravatar.com\/avatar\/b20c6c583be38ed4e76e32f69fccc676?s=96&d=mm&r=g","caption":"R\u0131dvan Konrat"},"sameAs":["http:\/\/www.esin.av.tr"],"url":"https:\/\/www.esin.av.tr\/tr\/author\/rkonrat\/"}]}},"_links":{"self":[{"href":"https:\/\/www.esin.av.tr\/tr\/wp-json\/wp\/v2\/posts\/14684","targetHints":{"allow":["GET"]}}],"collection":[{"href":"https:\/\/www.esin.av.tr\/tr\/wp-json\/wp\/v2\/posts"}],"about":[{"href":"https:\/\/www.esin.av.tr\/tr\/wp-json\/wp\/v2\/types\/post"}],"author":[{"embeddable":true,"href":"https:\/\/www.esin.av.tr\/tr\/wp-json\/wp\/v2\/users\/4"}],"replies":[{"embeddable":true,"href":"https:\/\/www.esin.av.tr\/tr\/wp-json\/wp\/v2\/comments?post=14684"}],"version-history":[{"count":2,"href":"https:\/\/www.esin.av.tr\/tr\/wp-json\/wp\/v2\/posts\/14684\/revisions"}],"predecessor-version":[{"id":20311,"href":"https:\/\/www.esin.av.tr\/tr\/wp-json\/wp\/v2\/posts\/14684\/revisions\/20311"}],"wp:attachment":[{"href":"https:\/\/www.esin.av.tr\/tr\/wp-json\/wp\/v2\/media?parent=14684"}],"wp:term":[{"taxonomy":"category","embeddable":true,"href":"https:\/\/www.esin.av.tr\/tr\/wp-json\/wp\/v2\/categories?post=14684"},{"taxonomy":"post_tag","embeddable":true,"href":"https:\/\/www.esin.av.tr\/tr\/wp-json\/wp\/v2\/tags?post=14684"}],"curies":[{"name":"wp","href":"https:\/\/api.w.org\/{rel}","templated":true}]}}