{"id":14681,"date":"2019-10-23T13:17:27","date_gmt":"2019-10-23T13:17:27","guid":{"rendered":"http:\/\/upt.esin.av.tr\/2019\/10\/23\/helal-akreditasyon-uygulamasina-iliskin-iki-yeni-yonetmelik-yayimlandi\/"},"modified":"2022-06-09T12:37:51","modified_gmt":"2022-06-09T12:37:51","slug":"helal-akreditasyon-uygulamasina-iliskin-iki-yeni-yonetmelik-yayimlandi","status":"publish","type":"post","link":"https:\/\/www.esin.av.tr\/tr\/2019\/10\/23\/helal-akreditasyon-uygulamasina-iliskin-iki-yeni-yonetmelik-yayimlandi\/","title":{"rendered":"Helal Akreditasyon Uygulamas\u0131na \u0130li\u015fkin \u0130ki Yeni Y\u00f6netmelik Yay\u0131mland\u0131"},"content":{"rendered":"<p><strong>Yeni Geli\u015fmeler<\/strong><\/p>\n<p>Helal Akreditasyon Kurumu\u2019nun (\u201c<strong>Kurum<\/strong>\u201d) 2019 y\u0131l\u0131 hedefleri kapsam\u0131nda \u00e7al\u0131\u015fmas\u0131n\u0131 duyurdu\u011fu \u00fc\u00e7 d\u00fczenlemeden ikisi hayata ge\u00e7irildi. Helal Uygunluk De\u011ferlendirme Kurulu\u015flar\u0131n\u0131n Akreditasyonu Hakk\u0131nda Y\u00f6netmelik ve Helal Akreditasyon Kurumu Dan\u0131\u015fma Kurulu \u00c7al\u0131\u015fma Usul ve Esaslar\u0131na Dair Y\u00f6netmelik 16 Ekim 2019 tarihli Resmi Gazete&#8217;de yay\u0131mland\u0131.<\/p>\n<p><strong>Y\u00f6netmelikler Ne Getiriyor?<\/strong><\/p>\n<p>G\u0131da, eczac\u0131l\u0131k, turizm, finans, kozmetik, tekstil ve lojistik sekt\u00f6rleri, helal uygunluk faaliyetlerinin y\u00fcr\u00fct\u00fcld\u00fc\u011f\u00fc sekt\u00f6rlerin ba\u015f\u0131nda geliyor.<\/p>\n<p>Helal Uygunluk De\u011ferlendirme Kurulu\u015flar\u0131n\u0131n Akreditasyonu Hakk\u0131nda Y\u00f6netmelik, 2018\u2019de faaliyetlerine ba\u015flayan Kurum\u2019un helal uygunluk de\u011ferlendirme kurulu\u015flar\u0131na y\u00f6nelik akreditasyon faaliyetlerine ili\u015fkin genel \u00e7er\u00e7eveyi \u00e7iziyor. Mevzuat uyar\u0131nca, \u00fcr\u00fcn ve hizmetlere ili\u015fkin helal uygunluk de\u011ferlendirmesi yapma yetkisi m\u00fcnhas\u0131ran Kurum taraf\u0131ndan akredite edilmi\u015f kurulu\u015flara tan\u0131n\u0131yor. Y\u00f6netmelikte helal uygunluk de\u011ferlendirmesi \u201cbir \u00fcr\u00fcn, proses, hizmet, sistem, ki\u015fi veya kurulu\u015fa ili\u015fkin helale y\u00f6nelik ulusal ve uluslararas\u0131 kabul g\u00f6rm\u00fc\u015f teknik kriterlere g\u00f6re \u015fartlar\u0131n yerine getirilip getirilmedi\u011fini g\u00f6steren s\u00fcre\u00e7\u201d olarak tan\u0131mlan\u0131yor. Bununla birlikte, helal uygunluk de\u011ferlendirme i\u015flemlerinin yeterli ve g\u00fcvenilir olarak y\u00fcr\u00fct\u00fclmesini temin etmek amac\u0131yla uyulmas\u0131 gereken usul ve esaslar da Y\u00f6netmelik ile belirlendi. Bu s\u00fcre\u00e7 ile birlikte piyasadaki \u00fcr\u00fcnlerin, \u00e7er\u00e7evesi Kurum taraf\u0131ndan belirlenen helal sertifikas\u0131n\u0131 almas\u0131 ve \u00fcr\u00fcnler \u00fczerinde ilgili ibarelerin bulunabilmesine olanak tan\u0131n\u0131yor.<\/p>\n<p>Helal uygunluk de\u011ferlendirmesi i\u00e7in uluslararas\u0131 standartlar da g\u00f6z \u00f6n\u00fcnde bulundurularak haz\u0131rlanm\u0131\u015f olan Y\u00f6netmelik&#8217;te ayn\u0131 zamanda helal uygunluk de\u011ferlendirmesinin i\u00e7eri\u011fine ili\u015fkin usul ve esaslar\u0131n belirlendikten sonra Kurum internet sitesinden ilgililere duyurulaca\u011f\u0131 da belirtilmi\u015ftir.<\/p>\n<p>Helal Akreditasyon Kurumu Dan\u0131\u015fma Kurulu \u00c7al\u0131\u015fma Usul ve Esaslar\u0131na Dair Y\u00f6netmelik ile de Kurum\u2019un dan\u0131\u015fma kurulunun olu\u015fumu, g\u00f6revleri ve toplant\u0131 usulleri ile ilgili hususlar belirlenmi\u015f oldu.<\/p>\n<p><strong>Sonu\u00e7<\/strong><\/p>\n<p>Helal \u00fcr\u00fcn \u00fcreticilerinin ve helal uygunluk faaliyetlerinin y\u00fcr\u00fct\u00fcld\u00fc\u011f\u00fc sekt\u00f6rlerde bulunan \u015firketlerin Kurum&#8217;un faaliyetlerini yak\u0131ndan takip etmesi faydal\u0131 olacakt\u0131r.<\/p>\n","protected":false},"excerpt":{"rendered":"<p>Yeni Geli\u015fmeler Helal Akreditasyon Kurumu\u2019nun (\u201cKurum\u201d) 2019 y\u0131l\u0131 hedefleri kapsam\u0131nda \u00e7al\u0131\u015fmas\u0131n\u0131 duyurdu\u011fu \u00fc\u00e7 d\u00fczenlemeden ikisi hayata ge\u00e7irildi. Helal Uygunluk De\u011ferlendirme [&hellip;]<\/p>\n","protected":false},"author":4,"featured_media":0,"comment_status":"closed","ping_status":"closed","sticky":false,"template":"","format":"standard","meta":{"_acf_changed":false,"_stopmodifiedupdate":false,"_modified_date":"","footnotes":""},"categories":[120],"tags":[92],"class_list":["post-14681","post","type-post","status-publish","format-standard","hentry","category-legal-alerts","tag-healthcare-tr"],"acf":[],"yoast_head":"<!-- This site is optimized with the Yoast SEO plugin v24.0 - https:\/\/yoast.com\/wordpress\/plugins\/seo\/ -->\n<title>Helal Akreditasyon Uygulamas\u0131na \u0130li\u015fkin \u0130ki Yeni Y\u00f6netmelik Yay\u0131mland\u0131<\/title>\n<meta name=\"description\" content=\"Yeni Geli\u015fmeler Helal Akreditasyon Kurumu\u2019nun (\u201cKurum\u201d) 2019 y\u0131l\u0131 hedefleri kapsam\u0131nda \u00e7al\u0131\u015fmas\u0131n\u0131 duyurdu\u011fu \u00fc\u00e7 d\u00fczenlemeden ikisi hayata ge\u00e7irildi. Helal\" \/>\n<meta name=\"robots\" content=\"index, follow, max-snippet:-1, max-image-preview:large, max-video-preview:-1\" \/>\n<link rel=\"canonical\" href=\"https:\/\/www.esin.av.tr\/tr\/2019\/10\/23\/helal-akreditasyon-uygulamasina-iliskin-iki-yeni-yonetmelik-yayimlandi\/\" \/>\n<meta property=\"og:locale\" content=\"tr_TR\" \/>\n<meta property=\"og:type\" content=\"article\" \/>\n<meta property=\"og:title\" content=\"Helal Akreditasyon Uygulamas\u0131na \u0130li\u015fkin \u0130ki Yeni Y\u00f6netmelik Yay\u0131mland\u0131\" \/>\n<meta property=\"og:description\" content=\"Yeni Geli\u015fmeler Helal Akreditasyon Kurumu\u2019nun (\u201cKurum\u201d) 2019 y\u0131l\u0131 hedefleri kapsam\u0131nda \u00e7al\u0131\u015fmas\u0131n\u0131 duyurdu\u011fu \u00fc\u00e7 d\u00fczenlemeden ikisi hayata ge\u00e7irildi. Helal\" \/>\n<meta property=\"og:url\" content=\"https:\/\/www.esin.av.tr\/tr\/2019\/10\/23\/helal-akreditasyon-uygulamasina-iliskin-iki-yeni-yonetmelik-yayimlandi\/\" \/>\n<meta property=\"og:site_name\" content=\"Esin Avukatl\u0131k Ortakl\u0131\u011f\u0131\" \/>\n<meta property=\"article:published_time\" content=\"2019-10-23T13:17:27+00:00\" \/>\n<meta property=\"article:modified_time\" content=\"2022-06-09T12:37:51+00:00\" \/>\n<meta name=\"author\" content=\"R\u0131dvan Konrat\" \/>\n<meta name=\"twitter:card\" content=\"summary_large_image\" \/>\n<meta name=\"twitter:label1\" content=\"Written by\" \/>\n\t<meta name=\"twitter:data1\" content=\"R\u0131dvan Konrat\" \/>\n\t<meta name=\"twitter:label2\" content=\"Est. reading time\" \/>\n\t<meta name=\"twitter:data2\" content=\"2 minutes\" \/>\n<script type=\"application\/ld+json\" class=\"yoast-schema-graph\">{\"@context\":\"https:\/\/schema.org\",\"@graph\":[{\"@type\":\"Article\",\"@id\":\"https:\/\/www.esin.av.tr\/tr\/2019\/10\/23\/helal-akreditasyon-uygulamasina-iliskin-iki-yeni-yonetmelik-yayimlandi\/#article\",\"isPartOf\":{\"@id\":\"https:\/\/www.esin.av.tr\/tr\/2019\/10\/23\/helal-akreditasyon-uygulamasina-iliskin-iki-yeni-yonetmelik-yayimlandi\/\"},\"author\":{\"name\":\"R\u0131dvan Konrat\",\"@id\":\"https:\/\/www.esin.av.tr\/tr\/#\/schema\/person\/42c8e616aab56b8622fa365ad63282ae\"},\"headline\":\"Helal Akreditasyon Uygulamas\u0131na \u0130li\u015fkin \u0130ki Yeni Y\u00f6netmelik Yay\u0131mland\u0131\",\"datePublished\":\"2019-10-23T13:17:27+00:00\",\"dateModified\":\"2022-06-09T12:37:51+00:00\",\"mainEntityOfPage\":{\"@id\":\"https:\/\/www.esin.av.tr\/tr\/2019\/10\/23\/helal-akreditasyon-uygulamasina-iliskin-iki-yeni-yonetmelik-yayimlandi\/\"},\"wordCount\":377,\"publisher\":{\"@id\":\"https:\/\/www.esin.av.tr\/tr\/#organization\"},\"keywords\":[\"Sa\u011fl\u0131k Hukuku\"],\"articleSection\":[\"Hukuk B\u00fcltenleri\"],\"inLanguage\":\"tr\"},{\"@type\":\"WebPage\",\"@id\":\"https:\/\/www.esin.av.tr\/tr\/2019\/10\/23\/helal-akreditasyon-uygulamasina-iliskin-iki-yeni-yonetmelik-yayimlandi\/\",\"url\":\"https:\/\/www.esin.av.tr\/tr\/2019\/10\/23\/helal-akreditasyon-uygulamasina-iliskin-iki-yeni-yonetmelik-yayimlandi\/\",\"name\":\"Helal Akreditasyon Uygulamas\u0131na \u0130li\u015fkin \u0130ki Yeni Y\u00f6netmelik Yay\u0131mland\u0131\",\"isPartOf\":{\"@id\":\"https:\/\/www.esin.av.tr\/tr\/#website\"},\"datePublished\":\"2019-10-23T13:17:27+00:00\",\"dateModified\":\"2022-06-09T12:37:51+00:00\",\"description\":\"Yeni Geli\u015fmeler Helal Akreditasyon Kurumu\u2019nun (\u201cKurum\u201d) 2019 y\u0131l\u0131 hedefleri kapsam\u0131nda \u00e7al\u0131\u015fmas\u0131n\u0131 duyurdu\u011fu \u00fc\u00e7 d\u00fczenlemeden ikisi hayata ge\u00e7irildi. Helal\",\"breadcrumb\":{\"@id\":\"https:\/\/www.esin.av.tr\/tr\/2019\/10\/23\/helal-akreditasyon-uygulamasina-iliskin-iki-yeni-yonetmelik-yayimlandi\/#breadcrumb\"},\"inLanguage\":\"tr\",\"potentialAction\":[{\"@type\":\"ReadAction\",\"target\":[\"https:\/\/www.esin.av.tr\/tr\/2019\/10\/23\/helal-akreditasyon-uygulamasina-iliskin-iki-yeni-yonetmelik-yayimlandi\/\"]}]},{\"@type\":\"BreadcrumbList\",\"@id\":\"https:\/\/www.esin.av.tr\/tr\/2019\/10\/23\/helal-akreditasyon-uygulamasina-iliskin-iki-yeni-yonetmelik-yayimlandi\/#breadcrumb\",\"itemListElement\":[{\"@type\":\"ListItem\",\"position\":1,\"name\":\"Home\",\"item\":\"https:\/\/www.esin.av.tr\/tr\/\"},{\"@type\":\"ListItem\",\"position\":2,\"name\":\"Helal Akreditasyon Uygulamas\u0131na \u0130li\u015fkin \u0130ki Yeni Y\u00f6netmelik Yay\u0131mland\u0131\"}]},{\"@type\":\"WebSite\",\"@id\":\"https:\/\/www.esin.av.tr\/tr\/#website\",\"url\":\"https:\/\/www.esin.av.tr\/tr\/\",\"name\":\"Esin Avukatl\u0131k Ortakl\u0131\u011f\u0131\",\"description\":\"\",\"publisher\":{\"@id\":\"https:\/\/www.esin.av.tr\/tr\/#organization\"},\"potentialAction\":[{\"@type\":\"SearchAction\",\"target\":{\"@type\":\"EntryPoint\",\"urlTemplate\":\"https:\/\/www.esin.av.tr\/tr\/?s={search_term_string}\"},\"query-input\":{\"@type\":\"PropertyValueSpecification\",\"valueRequired\":true,\"valueName\":\"search_term_string\"}}],\"inLanguage\":\"tr\"},{\"@type\":\"Organization\",\"@id\":\"https:\/\/www.esin.av.tr\/tr\/#organization\",\"name\":\"Esin Avukatl\u0131k Ortakl\u0131\u011f\u0131\",\"url\":\"https:\/\/www.esin.av.tr\/tr\/\",\"logo\":{\"@type\":\"ImageObject\",\"inLanguage\":\"tr\",\"@id\":\"https:\/\/www.esin.av.tr\/tr\/#\/schema\/logo\/image\/\",\"url\":\"https:\/\/www.esin.av.tr\/wp-content\/uploads\/2021\/09\/esin-2.jpg\",\"contentUrl\":\"https:\/\/www.esin.av.tr\/wp-content\/uploads\/2021\/09\/esin-2.jpg\",\"width\":800,\"height\":460,\"caption\":\"Esin Avukatl\u0131k Ortakl\u0131\u011f\u0131\"},\"image\":{\"@id\":\"https:\/\/www.esin.av.tr\/tr\/#\/schema\/logo\/image\/\"}},{\"@type\":\"Person\",\"@id\":\"https:\/\/www.esin.av.tr\/tr\/#\/schema\/person\/42c8e616aab56b8622fa365ad63282ae\",\"name\":\"R\u0131dvan Konrat\",\"image\":{\"@type\":\"ImageObject\",\"inLanguage\":\"tr\",\"@id\":\"https:\/\/www.esin.av.tr\/tr\/#\/schema\/person\/image\/\",\"url\":\"https:\/\/secure.gravatar.com\/avatar\/b20c6c583be38ed4e76e32f69fccc676?s=96&d=mm&r=g\",\"contentUrl\":\"https:\/\/secure.gravatar.com\/avatar\/b20c6c583be38ed4e76e32f69fccc676?s=96&d=mm&r=g\",\"caption\":\"R\u0131dvan Konrat\"},\"sameAs\":[\"http:\/\/www.esin.av.tr\"],\"url\":\"https:\/\/www.esin.av.tr\/tr\/author\/rkonrat\/\"}]}<\/script>\n<!-- \/ Yoast SEO plugin. -->","yoast_head_json":{"title":"Helal Akreditasyon Uygulamas\u0131na \u0130li\u015fkin \u0130ki Yeni Y\u00f6netmelik Yay\u0131mland\u0131","description":"Yeni Geli\u015fmeler Helal Akreditasyon Kurumu\u2019nun (\u201cKurum\u201d) 2019 y\u0131l\u0131 hedefleri kapsam\u0131nda \u00e7al\u0131\u015fmas\u0131n\u0131 duyurdu\u011fu \u00fc\u00e7 d\u00fczenlemeden ikisi hayata ge\u00e7irildi. Helal","robots":{"index":"index","follow":"follow","max-snippet":"max-snippet:-1","max-image-preview":"max-image-preview:large","max-video-preview":"max-video-preview:-1"},"canonical":"https:\/\/www.esin.av.tr\/tr\/2019\/10\/23\/helal-akreditasyon-uygulamasina-iliskin-iki-yeni-yonetmelik-yayimlandi\/","og_locale":"tr_TR","og_type":"article","og_title":"Helal Akreditasyon Uygulamas\u0131na \u0130li\u015fkin \u0130ki Yeni Y\u00f6netmelik Yay\u0131mland\u0131","og_description":"Yeni Geli\u015fmeler Helal Akreditasyon Kurumu\u2019nun (\u201cKurum\u201d) 2019 y\u0131l\u0131 hedefleri kapsam\u0131nda \u00e7al\u0131\u015fmas\u0131n\u0131 duyurdu\u011fu \u00fc\u00e7 d\u00fczenlemeden ikisi hayata ge\u00e7irildi. Helal","og_url":"https:\/\/www.esin.av.tr\/tr\/2019\/10\/23\/helal-akreditasyon-uygulamasina-iliskin-iki-yeni-yonetmelik-yayimlandi\/","og_site_name":"Esin Avukatl\u0131k Ortakl\u0131\u011f\u0131","article_published_time":"2019-10-23T13:17:27+00:00","article_modified_time":"2022-06-09T12:37:51+00:00","author":"R\u0131dvan Konrat","twitter_card":"summary_large_image","twitter_misc":{"Written by":"R\u0131dvan Konrat","Est. reading time":"2 minutes"},"schema":{"@context":"https:\/\/schema.org","@graph":[{"@type":"Article","@id":"https:\/\/www.esin.av.tr\/tr\/2019\/10\/23\/helal-akreditasyon-uygulamasina-iliskin-iki-yeni-yonetmelik-yayimlandi\/#article","isPartOf":{"@id":"https:\/\/www.esin.av.tr\/tr\/2019\/10\/23\/helal-akreditasyon-uygulamasina-iliskin-iki-yeni-yonetmelik-yayimlandi\/"},"author":{"name":"R\u0131dvan Konrat","@id":"https:\/\/www.esin.av.tr\/tr\/#\/schema\/person\/42c8e616aab56b8622fa365ad63282ae"},"headline":"Helal Akreditasyon Uygulamas\u0131na \u0130li\u015fkin \u0130ki Yeni Y\u00f6netmelik Yay\u0131mland\u0131","datePublished":"2019-10-23T13:17:27+00:00","dateModified":"2022-06-09T12:37:51+00:00","mainEntityOfPage":{"@id":"https:\/\/www.esin.av.tr\/tr\/2019\/10\/23\/helal-akreditasyon-uygulamasina-iliskin-iki-yeni-yonetmelik-yayimlandi\/"},"wordCount":377,"publisher":{"@id":"https:\/\/www.esin.av.tr\/tr\/#organization"},"keywords":["Sa\u011fl\u0131k Hukuku"],"articleSection":["Hukuk B\u00fcltenleri"],"inLanguage":"tr"},{"@type":"WebPage","@id":"https:\/\/www.esin.av.tr\/tr\/2019\/10\/23\/helal-akreditasyon-uygulamasina-iliskin-iki-yeni-yonetmelik-yayimlandi\/","url":"https:\/\/www.esin.av.tr\/tr\/2019\/10\/23\/helal-akreditasyon-uygulamasina-iliskin-iki-yeni-yonetmelik-yayimlandi\/","name":"Helal Akreditasyon Uygulamas\u0131na \u0130li\u015fkin \u0130ki Yeni Y\u00f6netmelik Yay\u0131mland\u0131","isPartOf":{"@id":"https:\/\/www.esin.av.tr\/tr\/#website"},"datePublished":"2019-10-23T13:17:27+00:00","dateModified":"2022-06-09T12:37:51+00:00","description":"Yeni Geli\u015fmeler Helal Akreditasyon Kurumu\u2019nun (\u201cKurum\u201d) 2019 y\u0131l\u0131 hedefleri kapsam\u0131nda \u00e7al\u0131\u015fmas\u0131n\u0131 duyurdu\u011fu \u00fc\u00e7 d\u00fczenlemeden ikisi hayata ge\u00e7irildi. Helal","breadcrumb":{"@id":"https:\/\/www.esin.av.tr\/tr\/2019\/10\/23\/helal-akreditasyon-uygulamasina-iliskin-iki-yeni-yonetmelik-yayimlandi\/#breadcrumb"},"inLanguage":"tr","potentialAction":[{"@type":"ReadAction","target":["https:\/\/www.esin.av.tr\/tr\/2019\/10\/23\/helal-akreditasyon-uygulamasina-iliskin-iki-yeni-yonetmelik-yayimlandi\/"]}]},{"@type":"BreadcrumbList","@id":"https:\/\/www.esin.av.tr\/tr\/2019\/10\/23\/helal-akreditasyon-uygulamasina-iliskin-iki-yeni-yonetmelik-yayimlandi\/#breadcrumb","itemListElement":[{"@type":"ListItem","position":1,"name":"Home","item":"https:\/\/www.esin.av.tr\/tr\/"},{"@type":"ListItem","position":2,"name":"Helal Akreditasyon Uygulamas\u0131na \u0130li\u015fkin \u0130ki Yeni Y\u00f6netmelik Yay\u0131mland\u0131"}]},{"@type":"WebSite","@id":"https:\/\/www.esin.av.tr\/tr\/#website","url":"https:\/\/www.esin.av.tr\/tr\/","name":"Esin Avukatl\u0131k Ortakl\u0131\u011f\u0131","description":"","publisher":{"@id":"https:\/\/www.esin.av.tr\/tr\/#organization"},"potentialAction":[{"@type":"SearchAction","target":{"@type":"EntryPoint","urlTemplate":"https:\/\/www.esin.av.tr\/tr\/?s={search_term_string}"},"query-input":{"@type":"PropertyValueSpecification","valueRequired":true,"valueName":"search_term_string"}}],"inLanguage":"tr"},{"@type":"Organization","@id":"https:\/\/www.esin.av.tr\/tr\/#organization","name":"Esin Avukatl\u0131k Ortakl\u0131\u011f\u0131","url":"https:\/\/www.esin.av.tr\/tr\/","logo":{"@type":"ImageObject","inLanguage":"tr","@id":"https:\/\/www.esin.av.tr\/tr\/#\/schema\/logo\/image\/","url":"https:\/\/www.esin.av.tr\/wp-content\/uploads\/2021\/09\/esin-2.jpg","contentUrl":"https:\/\/www.esin.av.tr\/wp-content\/uploads\/2021\/09\/esin-2.jpg","width":800,"height":460,"caption":"Esin Avukatl\u0131k Ortakl\u0131\u011f\u0131"},"image":{"@id":"https:\/\/www.esin.av.tr\/tr\/#\/schema\/logo\/image\/"}},{"@type":"Person","@id":"https:\/\/www.esin.av.tr\/tr\/#\/schema\/person\/42c8e616aab56b8622fa365ad63282ae","name":"R\u0131dvan Konrat","image":{"@type":"ImageObject","inLanguage":"tr","@id":"https:\/\/www.esin.av.tr\/tr\/#\/schema\/person\/image\/","url":"https:\/\/secure.gravatar.com\/avatar\/b20c6c583be38ed4e76e32f69fccc676?s=96&d=mm&r=g","contentUrl":"https:\/\/secure.gravatar.com\/avatar\/b20c6c583be38ed4e76e32f69fccc676?s=96&d=mm&r=g","caption":"R\u0131dvan Konrat"},"sameAs":["http:\/\/www.esin.av.tr"],"url":"https:\/\/www.esin.av.tr\/tr\/author\/rkonrat\/"}]}},"_links":{"self":[{"href":"https:\/\/www.esin.av.tr\/tr\/wp-json\/wp\/v2\/posts\/14681","targetHints":{"allow":["GET"]}}],"collection":[{"href":"https:\/\/www.esin.av.tr\/tr\/wp-json\/wp\/v2\/posts"}],"about":[{"href":"https:\/\/www.esin.av.tr\/tr\/wp-json\/wp\/v2\/types\/post"}],"author":[{"embeddable":true,"href":"https:\/\/www.esin.av.tr\/tr\/wp-json\/wp\/v2\/users\/4"}],"replies":[{"embeddable":true,"href":"https:\/\/www.esin.av.tr\/tr\/wp-json\/wp\/v2\/comments?post=14681"}],"version-history":[{"count":1,"href":"https:\/\/www.esin.av.tr\/tr\/wp-json\/wp\/v2\/posts\/14681\/revisions"}],"predecessor-version":[{"id":15536,"href":"https:\/\/www.esin.av.tr\/tr\/wp-json\/wp\/v2\/posts\/14681\/revisions\/15536"}],"wp:attachment":[{"href":"https:\/\/www.esin.av.tr\/tr\/wp-json\/wp\/v2\/media?parent=14681"}],"wp:term":[{"taxonomy":"category","embeddable":true,"href":"https:\/\/www.esin.av.tr\/tr\/wp-json\/wp\/v2\/categories?post=14681"},{"taxonomy":"post_tag","embeddable":true,"href":"https:\/\/www.esin.av.tr\/tr\/wp-json\/wp\/v2\/tags?post=14681"}],"curies":[{"name":"wp","href":"https:\/\/api.w.org\/{rel}","templated":true}]}}