{"id":14676,"date":"2019-10-30T09:02:36","date_gmt":"2019-10-30T09:02:36","guid":{"rendered":"http:\/\/upt.esin.av.tr\/2019\/10\/30\/yargi-reformu-birinci-paketi-ile-ceza-muhakemesi-kanununda-onemli-degisiklikler-yapildi\/"},"modified":"2022-06-09T12:38:23","modified_gmt":"2022-06-09T12:38:23","slug":"yargi-reformu-birinci-paketi-ile-ceza-muhakemesi-kanununda-onemli-degisiklikler-yapildi","status":"publish","type":"post","link":"https:\/\/www.esin.av.tr\/tr\/2019\/10\/30\/yargi-reformu-birinci-paketi-ile-ceza-muhakemesi-kanununda-onemli-degisiklikler-yapildi\/","title":{"rendered":"Yarg\u0131 Reformu Birinci Paketi \u0130le Ceza Muhakemesi Kanunu&#8217;nda \u00d6nemli De\u011fi\u015fiklikler Yap\u0131ld\u0131"},"content":{"rendered":"<p><strong>Yeni Geli\u015fme<\/strong><\/p>\n<p>Yarg\u0131 Reformu Strateji Belgesi&#8217;nin ilk paketi olan 7188 Say\u0131l\u0131 Ceza Muhakemesi Kanunu ve Baz\u0131 Kanunlarda De\u011fi\u015fiklik Yap\u0131lmas\u0131na Dair Kanun (&#8220;<strong>Kanun<\/strong>&#8220;), 24 Ekim 2019 tarihinde Resmi Gazete&#8217;de yay\u0131mland\u0131. Yarg\u0131 Reformu Strateji Belgesi kapsam\u0131nda belirlenen ama\u00e7 ve hedefler do\u011frultusunda d\u00fczenlemeler i\u00e7eren bu Kanun ile Ceza Muhakemeleri Kanunu&#8217;nda (&#8220;<strong>CMK<\/strong>&#8220;) \u00f6nemli de\u011fi\u015fiklikler yap\u0131ld\u0131.<\/p>\n<p><strong>Getirilen Yenilikler<\/strong><\/p>\n<p>Kanun ile CMK&#8217;de yap\u0131lan en \u00f6nemli de\u011fi\u015fiklikler \u015fu \u015fekilde s\u0131ralanabilir:<\/p>\n<p><strong>Soru\u015fturma a\u015famas\u0131ndaki tutukluluk s\u00fcrelerine s\u0131n\u0131r getirildi: <\/strong>CMK&#8217;nin &#8220;Tutuklulukta ge\u00e7ecek s\u00fcre&#8221; ba\u015fl\u0131kl\u0131 102. maddesinde yap\u0131lan de\u011fi\u015fiklikle, soru\u015fturma a\u015famas\u0131ndaki tutukluluk s\u00fcrelerine s\u0131n\u0131r getirildi. Eski d\u00fczenlemede soru\u015fturma a\u015famas\u0131nda tutuklulu\u011fun ne kadar s\u00fcrece\u011fine ili\u015fkin net bir h\u00fck\u00fcm bulunmamaktayd\u0131. Bu yenilikle birlikte, soru\u015fturma a\u015famas\u0131nda tutukluluk s\u00fcresi, a\u011f\u0131r ceza mahkemesi alan\u0131na girmeyen su\u00e7larda 6 ay\u0131; a\u011f\u0131r ceza mahkemesi alan\u0131na giren su\u00e7larda ise 1 y\u0131l\u0131 ge\u00e7emeyecektir. Devlete kar\u015f\u0131 i\u015flenen su\u00e7larla, Ter\u00f6rle M\u00fccadele Yasas\u0131 kapsam\u0131ndaki su\u00e7larda ise tutukluluk s\u00fcresi en fazla 1 y\u0131l 6 ay olacak ve 6 ayl\u0131\u011f\u0131na bir kez uzat\u0131labilecektir. Tutukluluk s\u00fcrelerine ili\u015fkin 102. maddede yap\u0131lan de\u011fi\u015fiklik, 24 Ocak 2020 tarihinden itibaren uygulanmaya ba\u015flanacakt\u0131r.<\/p>\n<p><strong>Uzla\u015ft\u0131rma ve \u00f6n \u00f6deme kapsam\u0131ndaki su\u00e7lar ile kanunda belirtilen baz\u0131 su\u00e7lar hari\u00e7 olmak \u00fczere, \u00fcst s\u0131n\u0131r\u0131 3 y\u0131l veya az s\u00fcreli hapis cezas\u0131n\u0131 gerektiren su\u00e7larda kamu davas\u0131n\u0131n a\u00e7\u0131lmas\u0131n\u0131n 5 y\u0131l s\u00fcre ile ertelenmesi imkan\u0131 getirildi: <\/strong>CMK&#8217;n\u0131n &#8220;Kamu davas\u0131n\u0131 a\u00e7mada takdir yetkisi&#8221; ba\u015fl\u0131kl\u0131 171. maddesinin ikinci f\u0131kras\u0131nda yap\u0131lan de\u011fi\u015fiklikle kamu davas\u0131n\u0131n a\u00e7\u0131lmas\u0131n\u0131n 5 y\u0131l s\u00fcre ile ertelenmesi kapsam\u0131ndaki su\u00e7lar\u0131n s\u0131n\u0131r\u0131 geni\u015fletilmi\u015f oldu. Bu de\u011fi\u015fiklik \u00f6ncesinde cumhuriyet savc\u0131s\u0131, soru\u015fturulmas\u0131 ve kovu\u015fturulmas\u0131 \u015fikayete ba\u011fl\u0131 olup, \u00fcst s\u0131n\u0131r\u0131 1 y\u0131l veya daha az s\u00fcreli hapis cezas\u0131n\u0131 gerektiren su\u00e7lardan dolay\u0131 dava a\u00e7\u0131lmas\u0131n\u0131n ertelenmesine karar verebilirdi. Yeni d\u00fczenleme uyar\u0131nca, kamu davas\u0131n\u0131n a\u00e7\u0131lmas\u0131n\u0131n ertelenmesinde \u00fcst s\u0131n\u0131r 3 y\u0131la \u00e7\u0131kar\u0131lm\u0131\u015f oldu. \u00a0Bu maddenin y\u00fcr\u00fcrl\u00fc\u011fe girdi\u011fi 24 Ekim 2019 tarihi itibariyle kovu\u015fturma evresine ge\u00e7ilmi\u015f dosyalar ise yeni d\u00fczenlemenin kapsam\u0131 d\u0131\u015f\u0131nda b\u0131rak\u0131ld\u0131.<\/p>\n<p><strong>Seri muhakeme usul\u00fc getirildi:<\/strong> Bu yenilikle birlikte,\u00a0 T\u00fcrk Ceza Kanunu&#8217;nda (&#8220;<strong>TCK<\/strong>&#8220;) d\u00fczenlenen baz\u0131 su\u00e7larla Ate\u015fli Silahlar ve B\u0131\u00e7aklar ile Di\u011fer Aletler Hakk\u0131nda Kanun, Orman Kanunu, Rulet, Tilt, Lang\u0131rt ve Benzeri Oyun Alet ve Makinalar\u0131 Hakk\u0131nda Kanun ve Kooperatifler Kanunu&#8217;nda yer alan baz\u0131 su\u00e7larda avukatla temsil edilen \u015f\u00fcphelinin, cumhuriyet savc\u0131s\u0131yla anla\u015fma yapmas\u0131 usul\u00fc getirildi. Buna g\u00f6re savc\u0131, \u015f\u00fcpheliye seri muhakeme usul\u00fc uygulanmas\u0131n\u0131 teklif edecek ve e\u011fer \u015f\u00fcpheli avukat huzurunda bunu kabul ederse seri muhakeme usul\u00fc uygulanacakt\u0131r. Bu do\u011frultuda, cumhuriyet savc\u0131s\u0131 su\u00e7un alt ve \u00fcst s\u0131n\u0131r\u0131 aras\u0131nda belirleyece\u011fi temel cezadan yar\u0131 oran\u0131nda indirim yapmak suretiyle yapt\u0131r\u0131m\u0131 belirleyecek, gerekirse cezay\u0131 erteleme kapsam\u0131na da alabilecektir. Seri muhakeme usul\u00fcne ili\u015fkin h\u00fck\u00fcmler 1 Ocak 2020 tarihinden itibaren uygulanacakt\u0131r. 1 Ocak 2020 tarihi itibariyle kovu\u015fturma evresine ge\u00e7ilmi\u015f, h\u00fckme ba\u011flanm\u0131\u015f veya kesinle\u015fmi\u015f dosyalarda ise seri muhakeme usul\u00fcn\u00fc uygulanmayacakt\u0131r.<\/p>\n<p><strong>Basit yarg\u0131lama usul\u00fc getirildi: <\/strong>Basit yarg\u0131lama usul\u00fcn\u00fcn, daha \u00f6nce ceza yarg\u0131lama sisteminde uygulama alan\u0131 yoktu. Kanun ile yap\u0131lan de\u011fi\u015fiklik \u00e7er\u00e7evesinde, asliye ceza mahkemesince, iddianamenin kabul\u00fcnden sonra adli para cezas\u0131n\u0131 ve\/veya \u00fcst s\u0131n\u0131r\u0131 2 y\u0131l veya daha az s\u00fcreli hapis cezas\u0131n\u0131 gerektiren su\u00e7larda, basit yarg\u0131lama usul\u00fcn\u00fcn uygulanmas\u0131na karar verilebilecektir. Basit yarg\u0131lama usul\u00fcn\u00fcn uygulanmas\u0131na karar verildi\u011fi takdirde, iddianame; san\u0131k, ma\u011fdur ve \u015fikayet\u00e7iye tebli\u011f edilerek, beyan ve savunmalar\u0131n 15 g\u00fcn i\u00e7inde yaz\u0131l\u0131 olarak bildirilmesi istenecektir. Beyan ve savunma i\u00e7in verilen s\u00fcre dolduktan sonra mahkemece duru\u015fma yap\u0131lmaks\u0131z\u0131n ve cumhuriyet savc\u0131s\u0131n\u0131n g\u00f6r\u00fc\u015f\u00fc al\u0131nmaks\u0131z\u0131n h\u00fck\u00fcm kurulabilecektir. Mahkumiyet karar\u0131 verildi\u011fi takdirde sonu\u00e7 ceza 1\/4 oran\u0131nda indirilecektir. Basit yarg\u0131lama usul\u00fcne ili\u015fkin h\u00fck\u00fcmler 1 Ocak 2020 tarihinden itibaren uygulanmaya ba\u015flayacak olup, 1 Ocak 2020 tarihi itibariyle kovu\u015fturma evresine ge\u00e7ilmi\u015f, h\u00fckme ba\u011flanm\u0131\u015f veya kesinle\u015fmi\u015f dosyalarda basit yarg\u0131lama usul\u00fc uygulanamayacakt\u0131r.<\/p>\n<p><strong>Temyiz edilebilecek kararlar\u0131n kapsam\u0131 geni\u015fletildi:<\/strong> TCK&#8217;da d\u00fczenlenen; (i) hakaret, (ii) halk aras\u0131nda korku ve panik yaratmak amac\u0131yla tehdit, (iii) su\u00e7 i\u015flemeye tahrik, (iv) su\u00e7u ve su\u00e7luyu \u00f6vme, (v) halk\u0131 kin ve d\u00fc\u015fmanl\u0131\u011fa tahrik veya a\u015fa\u011f\u0131lama, (vi) kanunlara uymamaya tahrik, (viii) Cumhurba\u015fkan\u0131na hakaret, (ix) Devletin egemenlik alametlerini a\u015fa\u011f\u0131lama, (x) T\u00fcrk Milletini, T\u00fcrkiye Cumhuriyeti Devletini, Devletin kurum ve organlar\u0131n\u0131 a\u015fa\u011f\u0131lama, (xi) Silahl\u0131 \u00f6rg\u00fct, (xii) Halk\u0131 askerlikten so\u011futma su\u00e7lar\u0131 ile Ter\u00f6rle M\u00fccadele Kanunu ve Toplant\u0131 ve G\u00f6steri Y\u00fcr\u00fcy\u00fc\u015fleri Kanunu&#8217;nda yer alan baz\u0131 su\u00e7larda verilen h\u00fck\u00fcmler b\u00f6lge adliye mahkemeleri ceza dairelerinde kesinle\u015fmeyecektir. Bu su\u00e7lara ili\u015fkin verilen kararlara kar\u015f\u0131 Yarg\u0131tay\u2019a temyiz ba\u015fvurusu yap\u0131labilecektir.<\/p>\n<p><strong>Sonu\u00e7<\/strong><\/p>\n<p>Yarg\u0131 Reformu Strateji Belgesi kapsam\u0131nda belirlenen ama\u00e7 ve hedefler do\u011frultusunda d\u00fczenlemeler i\u00e7eren Kanun ile ceza hukuku sisteminde \u00f6nemli ve k\u00f6kl\u00fc de\u011fi\u015fiklikler yap\u0131lm\u0131\u015ft\u0131r.<\/p>\n<p>Kanaatimizce, yap\u0131lan bu de\u011fi\u015fikliklerle uzun tutukluluk s\u00fcreleri ve uzun yarg\u0131lama s\u00fcrelerinin \u00f6n\u00fcne ge\u00e7ilmesi yolunda \u00f6nemli ad\u0131mlar at\u0131lm\u0131\u015ft\u0131r. Temyize tabi h\u00fck\u00fcmlerin say\u0131s\u0131n\u0131n artt\u0131r\u0131lm\u0131\u015f olmas\u0131 T\u00fcrkiye&#8217;deki yarg\u0131 sisteminin geli\u015fmesi ve Yarg\u0131tay&#8217;\u0131n i\u00e7tihat mahkemesi \u00f6zelli\u011finin g\u00fc\u00e7lenmesi bak\u0131m\u0131ndan \u00f6nem arz etmektedir.<\/p>\n","protected":false},"excerpt":{"rendered":"<p>Yeni Geli\u015fme Yarg\u0131 Reformu Strateji Belgesi&#8217;nin ilk paketi olan 7188 Say\u0131l\u0131 Ceza Muhakemesi Kanunu ve Baz\u0131 Kanunlarda De\u011fi\u015fiklik Yap\u0131lmas\u0131na Dair [&hellip;]<\/p>\n","protected":false},"author":4,"featured_media":0,"comment_status":"closed","ping_status":"closed","sticky":false,"template":"","format":"standard","meta":{"_acf_changed":false,"_stopmodifiedupdate":false,"_modified_date":"","footnotes":""},"categories":[120],"tags":[96],"class_list":["post-14676","post","type-post","status-publish","format-standard","hentry","category-legal-alerts","tag-dispute-resolution-tr"],"acf":[],"yoast_head":"<!-- This site is optimized with the Yoast SEO plugin v24.0 - https:\/\/yoast.com\/wordpress\/plugins\/seo\/ -->\n<title>Yarg\u0131 Reformu Birinci Paketi \u0130le Ceza Muhakemesi Kanunu&#039;nda \u00d6nemli De\u011fi\u015fiklikler Yap\u0131ld\u0131<\/title>\n<meta name=\"description\" content=\"Yeni Geli\u015fme Yarg\u0131 Reformu Strateji Belgesi&#039;nin ilk paketi olan 7188 Say\u0131l\u0131 Ceza Muhakemesi Kanunu ve Baz\u0131 Kanunlarda De\u011fi\u015fiklik Yap\u0131lmas\u0131na Dair Kanun\" \/>\n<meta name=\"robots\" content=\"index, follow, max-snippet:-1, max-image-preview:large, max-video-preview:-1\" \/>\n<link rel=\"canonical\" href=\"https:\/\/www.esin.av.tr\/tr\/2019\/10\/30\/yargi-reformu-birinci-paketi-ile-ceza-muhakemesi-kanununda-onemli-degisiklikler-yapildi\/\" \/>\n<meta property=\"og:locale\" content=\"tr_TR\" \/>\n<meta property=\"og:type\" content=\"article\" \/>\n<meta property=\"og:title\" content=\"Yarg\u0131 Reformu Birinci Paketi \u0130le Ceza Muhakemesi Kanunu&#039;nda \u00d6nemli De\u011fi\u015fiklikler Yap\u0131ld\u0131\" \/>\n<meta property=\"og:description\" content=\"Yeni Geli\u015fme Yarg\u0131 Reformu Strateji Belgesi&#039;nin ilk paketi olan 7188 Say\u0131l\u0131 Ceza Muhakemesi Kanunu ve Baz\u0131 Kanunlarda De\u011fi\u015fiklik Yap\u0131lmas\u0131na Dair Kanun\" \/>\n<meta property=\"og:url\" content=\"https:\/\/www.esin.av.tr\/tr\/2019\/10\/30\/yargi-reformu-birinci-paketi-ile-ceza-muhakemesi-kanununda-onemli-degisiklikler-yapildi\/\" \/>\n<meta property=\"og:site_name\" content=\"Esin Avukatl\u0131k Ortakl\u0131\u011f\u0131\" \/>\n<meta property=\"article:published_time\" content=\"2019-10-30T09:02:36+00:00\" \/>\n<meta property=\"article:modified_time\" content=\"2022-06-09T12:38:23+00:00\" \/>\n<meta name=\"author\" content=\"R\u0131dvan Konrat\" \/>\n<meta name=\"twitter:card\" content=\"summary_large_image\" \/>\n<meta name=\"twitter:label1\" content=\"Written by\" \/>\n\t<meta name=\"twitter:data1\" content=\"R\u0131dvan Konrat\" \/>\n\t<meta name=\"twitter:label2\" content=\"Est. reading time\" \/>\n\t<meta name=\"twitter:data2\" content=\"5 minutes\" \/>\n<script type=\"application\/ld+json\" class=\"yoast-schema-graph\">{\"@context\":\"https:\/\/schema.org\",\"@graph\":[{\"@type\":\"Article\",\"@id\":\"https:\/\/www.esin.av.tr\/tr\/2019\/10\/30\/yargi-reformu-birinci-paketi-ile-ceza-muhakemesi-kanununda-onemli-degisiklikler-yapildi\/#article\",\"isPartOf\":{\"@id\":\"https:\/\/www.esin.av.tr\/tr\/2019\/10\/30\/yargi-reformu-birinci-paketi-ile-ceza-muhakemesi-kanununda-onemli-degisiklikler-yapildi\/\"},\"author\":{\"name\":\"R\u0131dvan Konrat\",\"@id\":\"https:\/\/www.esin.av.tr\/tr\/#\/schema\/person\/42c8e616aab56b8622fa365ad63282ae\"},\"headline\":\"Yarg\u0131 Reformu Birinci Paketi \u0130le Ceza Muhakemesi Kanunu&#8217;nda \u00d6nemli De\u011fi\u015fiklikler Yap\u0131ld\u0131\",\"datePublished\":\"2019-10-30T09:02:36+00:00\",\"dateModified\":\"2022-06-09T12:38:23+00:00\",\"mainEntityOfPage\":{\"@id\":\"https:\/\/www.esin.av.tr\/tr\/2019\/10\/30\/yargi-reformu-birinci-paketi-ile-ceza-muhakemesi-kanununda-onemli-degisiklikler-yapildi\/\"},\"wordCount\":1031,\"publisher\":{\"@id\":\"https:\/\/www.esin.av.tr\/tr\/#organization\"},\"keywords\":[\"Uyu\u015fmazl\u0131k \u00c7\u00f6z\u00fcm\u00fc\"],\"articleSection\":[\"Hukuk B\u00fcltenleri\"],\"inLanguage\":\"tr\"},{\"@type\":\"WebPage\",\"@id\":\"https:\/\/www.esin.av.tr\/tr\/2019\/10\/30\/yargi-reformu-birinci-paketi-ile-ceza-muhakemesi-kanununda-onemli-degisiklikler-yapildi\/\",\"url\":\"https:\/\/www.esin.av.tr\/tr\/2019\/10\/30\/yargi-reformu-birinci-paketi-ile-ceza-muhakemesi-kanununda-onemli-degisiklikler-yapildi\/\",\"name\":\"Yarg\u0131 Reformu Birinci Paketi \u0130le Ceza Muhakemesi Kanunu'nda \u00d6nemli De\u011fi\u015fiklikler Yap\u0131ld\u0131\",\"isPartOf\":{\"@id\":\"https:\/\/www.esin.av.tr\/tr\/#website\"},\"datePublished\":\"2019-10-30T09:02:36+00:00\",\"dateModified\":\"2022-06-09T12:38:23+00:00\",\"description\":\"Yeni Geli\u015fme Yarg\u0131 Reformu Strateji Belgesi'nin ilk paketi olan 7188 Say\u0131l\u0131 Ceza Muhakemesi Kanunu ve Baz\u0131 Kanunlarda De\u011fi\u015fiklik Yap\u0131lmas\u0131na Dair Kanun\",\"breadcrumb\":{\"@id\":\"https:\/\/www.esin.av.tr\/tr\/2019\/10\/30\/yargi-reformu-birinci-paketi-ile-ceza-muhakemesi-kanununda-onemli-degisiklikler-yapildi\/#breadcrumb\"},\"inLanguage\":\"tr\",\"potentialAction\":[{\"@type\":\"ReadAction\",\"target\":[\"https:\/\/www.esin.av.tr\/tr\/2019\/10\/30\/yargi-reformu-birinci-paketi-ile-ceza-muhakemesi-kanununda-onemli-degisiklikler-yapildi\/\"]}]},{\"@type\":\"BreadcrumbList\",\"@id\":\"https:\/\/www.esin.av.tr\/tr\/2019\/10\/30\/yargi-reformu-birinci-paketi-ile-ceza-muhakemesi-kanununda-onemli-degisiklikler-yapildi\/#breadcrumb\",\"itemListElement\":[{\"@type\":\"ListItem\",\"position\":1,\"name\":\"Home\",\"item\":\"https:\/\/www.esin.av.tr\/tr\/\"},{\"@type\":\"ListItem\",\"position\":2,\"name\":\"Yarg\u0131 Reformu Birinci Paketi \u0130le Ceza Muhakemesi Kanunu&#8217;nda \u00d6nemli De\u011fi\u015fiklikler Yap\u0131ld\u0131\"}]},{\"@type\":\"WebSite\",\"@id\":\"https:\/\/www.esin.av.tr\/tr\/#website\",\"url\":\"https:\/\/www.esin.av.tr\/tr\/\",\"name\":\"Esin Avukatl\u0131k Ortakl\u0131\u011f\u0131\",\"description\":\"\",\"publisher\":{\"@id\":\"https:\/\/www.esin.av.tr\/tr\/#organization\"},\"potentialAction\":[{\"@type\":\"SearchAction\",\"target\":{\"@type\":\"EntryPoint\",\"urlTemplate\":\"https:\/\/www.esin.av.tr\/tr\/?s={search_term_string}\"},\"query-input\":{\"@type\":\"PropertyValueSpecification\",\"valueRequired\":true,\"valueName\":\"search_term_string\"}}],\"inLanguage\":\"tr\"},{\"@type\":\"Organization\",\"@id\":\"https:\/\/www.esin.av.tr\/tr\/#organization\",\"name\":\"Esin Avukatl\u0131k Ortakl\u0131\u011f\u0131\",\"url\":\"https:\/\/www.esin.av.tr\/tr\/\",\"logo\":{\"@type\":\"ImageObject\",\"inLanguage\":\"tr\",\"@id\":\"https:\/\/www.esin.av.tr\/tr\/#\/schema\/logo\/image\/\",\"url\":\"https:\/\/www.esin.av.tr\/wp-content\/uploads\/2021\/09\/esin-2.jpg\",\"contentUrl\":\"https:\/\/www.esin.av.tr\/wp-content\/uploads\/2021\/09\/esin-2.jpg\",\"width\":800,\"height\":460,\"caption\":\"Esin Avukatl\u0131k Ortakl\u0131\u011f\u0131\"},\"image\":{\"@id\":\"https:\/\/www.esin.av.tr\/tr\/#\/schema\/logo\/image\/\"}},{\"@type\":\"Person\",\"@id\":\"https:\/\/www.esin.av.tr\/tr\/#\/schema\/person\/42c8e616aab56b8622fa365ad63282ae\",\"name\":\"R\u0131dvan Konrat\",\"image\":{\"@type\":\"ImageObject\",\"inLanguage\":\"tr\",\"@id\":\"https:\/\/www.esin.av.tr\/tr\/#\/schema\/person\/image\/\",\"url\":\"https:\/\/secure.gravatar.com\/avatar\/b20c6c583be38ed4e76e32f69fccc676?s=96&d=mm&r=g\",\"contentUrl\":\"https:\/\/secure.gravatar.com\/avatar\/b20c6c583be38ed4e76e32f69fccc676?s=96&d=mm&r=g\",\"caption\":\"R\u0131dvan Konrat\"},\"sameAs\":[\"http:\/\/www.esin.av.tr\"],\"url\":\"https:\/\/www.esin.av.tr\/tr\/author\/rkonrat\/\"}]}<\/script>\n<!-- \/ Yoast SEO plugin. -->","yoast_head_json":{"title":"Yarg\u0131 Reformu Birinci Paketi \u0130le Ceza Muhakemesi Kanunu'nda \u00d6nemli De\u011fi\u015fiklikler Yap\u0131ld\u0131","description":"Yeni Geli\u015fme Yarg\u0131 Reformu Strateji Belgesi'nin ilk paketi olan 7188 Say\u0131l\u0131 Ceza Muhakemesi Kanunu ve Baz\u0131 Kanunlarda De\u011fi\u015fiklik Yap\u0131lmas\u0131na Dair Kanun","robots":{"index":"index","follow":"follow","max-snippet":"max-snippet:-1","max-image-preview":"max-image-preview:large","max-video-preview":"max-video-preview:-1"},"canonical":"https:\/\/www.esin.av.tr\/tr\/2019\/10\/30\/yargi-reformu-birinci-paketi-ile-ceza-muhakemesi-kanununda-onemli-degisiklikler-yapildi\/","og_locale":"tr_TR","og_type":"article","og_title":"Yarg\u0131 Reformu Birinci Paketi \u0130le Ceza Muhakemesi Kanunu'nda \u00d6nemli De\u011fi\u015fiklikler Yap\u0131ld\u0131","og_description":"Yeni Geli\u015fme Yarg\u0131 Reformu Strateji Belgesi'nin ilk paketi olan 7188 Say\u0131l\u0131 Ceza Muhakemesi Kanunu ve Baz\u0131 Kanunlarda De\u011fi\u015fiklik Yap\u0131lmas\u0131na Dair Kanun","og_url":"https:\/\/www.esin.av.tr\/tr\/2019\/10\/30\/yargi-reformu-birinci-paketi-ile-ceza-muhakemesi-kanununda-onemli-degisiklikler-yapildi\/","og_site_name":"Esin Avukatl\u0131k Ortakl\u0131\u011f\u0131","article_published_time":"2019-10-30T09:02:36+00:00","article_modified_time":"2022-06-09T12:38:23+00:00","author":"R\u0131dvan Konrat","twitter_card":"summary_large_image","twitter_misc":{"Written by":"R\u0131dvan Konrat","Est. reading time":"5 minutes"},"schema":{"@context":"https:\/\/schema.org","@graph":[{"@type":"Article","@id":"https:\/\/www.esin.av.tr\/tr\/2019\/10\/30\/yargi-reformu-birinci-paketi-ile-ceza-muhakemesi-kanununda-onemli-degisiklikler-yapildi\/#article","isPartOf":{"@id":"https:\/\/www.esin.av.tr\/tr\/2019\/10\/30\/yargi-reformu-birinci-paketi-ile-ceza-muhakemesi-kanununda-onemli-degisiklikler-yapildi\/"},"author":{"name":"R\u0131dvan Konrat","@id":"https:\/\/www.esin.av.tr\/tr\/#\/schema\/person\/42c8e616aab56b8622fa365ad63282ae"},"headline":"Yarg\u0131 Reformu Birinci Paketi \u0130le Ceza Muhakemesi Kanunu&#8217;nda \u00d6nemli De\u011fi\u015fiklikler Yap\u0131ld\u0131","datePublished":"2019-10-30T09:02:36+00:00","dateModified":"2022-06-09T12:38:23+00:00","mainEntityOfPage":{"@id":"https:\/\/www.esin.av.tr\/tr\/2019\/10\/30\/yargi-reformu-birinci-paketi-ile-ceza-muhakemesi-kanununda-onemli-degisiklikler-yapildi\/"},"wordCount":1031,"publisher":{"@id":"https:\/\/www.esin.av.tr\/tr\/#organization"},"keywords":["Uyu\u015fmazl\u0131k \u00c7\u00f6z\u00fcm\u00fc"],"articleSection":["Hukuk B\u00fcltenleri"],"inLanguage":"tr"},{"@type":"WebPage","@id":"https:\/\/www.esin.av.tr\/tr\/2019\/10\/30\/yargi-reformu-birinci-paketi-ile-ceza-muhakemesi-kanununda-onemli-degisiklikler-yapildi\/","url":"https:\/\/www.esin.av.tr\/tr\/2019\/10\/30\/yargi-reformu-birinci-paketi-ile-ceza-muhakemesi-kanununda-onemli-degisiklikler-yapildi\/","name":"Yarg\u0131 Reformu Birinci Paketi \u0130le Ceza Muhakemesi Kanunu'nda \u00d6nemli De\u011fi\u015fiklikler Yap\u0131ld\u0131","isPartOf":{"@id":"https:\/\/www.esin.av.tr\/tr\/#website"},"datePublished":"2019-10-30T09:02:36+00:00","dateModified":"2022-06-09T12:38:23+00:00","description":"Yeni Geli\u015fme Yarg\u0131 Reformu Strateji Belgesi'nin ilk paketi olan 7188 Say\u0131l\u0131 Ceza Muhakemesi Kanunu ve Baz\u0131 Kanunlarda De\u011fi\u015fiklik Yap\u0131lmas\u0131na Dair Kanun","breadcrumb":{"@id":"https:\/\/www.esin.av.tr\/tr\/2019\/10\/30\/yargi-reformu-birinci-paketi-ile-ceza-muhakemesi-kanununda-onemli-degisiklikler-yapildi\/#breadcrumb"},"inLanguage":"tr","potentialAction":[{"@type":"ReadAction","target":["https:\/\/www.esin.av.tr\/tr\/2019\/10\/30\/yargi-reformu-birinci-paketi-ile-ceza-muhakemesi-kanununda-onemli-degisiklikler-yapildi\/"]}]},{"@type":"BreadcrumbList","@id":"https:\/\/www.esin.av.tr\/tr\/2019\/10\/30\/yargi-reformu-birinci-paketi-ile-ceza-muhakemesi-kanununda-onemli-degisiklikler-yapildi\/#breadcrumb","itemListElement":[{"@type":"ListItem","position":1,"name":"Home","item":"https:\/\/www.esin.av.tr\/tr\/"},{"@type":"ListItem","position":2,"name":"Yarg\u0131 Reformu Birinci Paketi \u0130le Ceza Muhakemesi Kanunu&#8217;nda \u00d6nemli De\u011fi\u015fiklikler Yap\u0131ld\u0131"}]},{"@type":"WebSite","@id":"https:\/\/www.esin.av.tr\/tr\/#website","url":"https:\/\/www.esin.av.tr\/tr\/","name":"Esin Avukatl\u0131k Ortakl\u0131\u011f\u0131","description":"","publisher":{"@id":"https:\/\/www.esin.av.tr\/tr\/#organization"},"potentialAction":[{"@type":"SearchAction","target":{"@type":"EntryPoint","urlTemplate":"https:\/\/www.esin.av.tr\/tr\/?s={search_term_string}"},"query-input":{"@type":"PropertyValueSpecification","valueRequired":true,"valueName":"search_term_string"}}],"inLanguage":"tr"},{"@type":"Organization","@id":"https:\/\/www.esin.av.tr\/tr\/#organization","name":"Esin Avukatl\u0131k Ortakl\u0131\u011f\u0131","url":"https:\/\/www.esin.av.tr\/tr\/","logo":{"@type":"ImageObject","inLanguage":"tr","@id":"https:\/\/www.esin.av.tr\/tr\/#\/schema\/logo\/image\/","url":"https:\/\/www.esin.av.tr\/wp-content\/uploads\/2021\/09\/esin-2.jpg","contentUrl":"https:\/\/www.esin.av.tr\/wp-content\/uploads\/2021\/09\/esin-2.jpg","width":800,"height":460,"caption":"Esin Avukatl\u0131k Ortakl\u0131\u011f\u0131"},"image":{"@id":"https:\/\/www.esin.av.tr\/tr\/#\/schema\/logo\/image\/"}},{"@type":"Person","@id":"https:\/\/www.esin.av.tr\/tr\/#\/schema\/person\/42c8e616aab56b8622fa365ad63282ae","name":"R\u0131dvan Konrat","image":{"@type":"ImageObject","inLanguage":"tr","@id":"https:\/\/www.esin.av.tr\/tr\/#\/schema\/person\/image\/","url":"https:\/\/secure.gravatar.com\/avatar\/b20c6c583be38ed4e76e32f69fccc676?s=96&d=mm&r=g","contentUrl":"https:\/\/secure.gravatar.com\/avatar\/b20c6c583be38ed4e76e32f69fccc676?s=96&d=mm&r=g","caption":"R\u0131dvan Konrat"},"sameAs":["http:\/\/www.esin.av.tr"],"url":"https:\/\/www.esin.av.tr\/tr\/author\/rkonrat\/"}]}},"_links":{"self":[{"href":"https:\/\/www.esin.av.tr\/tr\/wp-json\/wp\/v2\/posts\/14676","targetHints":{"allow":["GET"]}}],"collection":[{"href":"https:\/\/www.esin.av.tr\/tr\/wp-json\/wp\/v2\/posts"}],"about":[{"href":"https:\/\/www.esin.av.tr\/tr\/wp-json\/wp\/v2\/types\/post"}],"author":[{"embeddable":true,"href":"https:\/\/www.esin.av.tr\/tr\/wp-json\/wp\/v2\/users\/4"}],"replies":[{"embeddable":true,"href":"https:\/\/www.esin.av.tr\/tr\/wp-json\/wp\/v2\/comments?post=14676"}],"version-history":[{"count":1,"href":"https:\/\/www.esin.av.tr\/tr\/wp-json\/wp\/v2\/posts\/14676\/revisions"}],"predecessor-version":[{"id":15530,"href":"https:\/\/www.esin.av.tr\/tr\/wp-json\/wp\/v2\/posts\/14676\/revisions\/15530"}],"wp:attachment":[{"href":"https:\/\/www.esin.av.tr\/tr\/wp-json\/wp\/v2\/media?parent=14676"}],"wp:term":[{"taxonomy":"category","embeddable":true,"href":"https:\/\/www.esin.av.tr\/tr\/wp-json\/wp\/v2\/categories?post=14676"},{"taxonomy":"post_tag","embeddable":true,"href":"https:\/\/www.esin.av.tr\/tr\/wp-json\/wp\/v2\/tags?post=14676"}],"curies":[{"name":"wp","href":"https:\/\/api.w.org\/{rel}","templated":true}]}}