{"id":14670,"date":"2017-08-28T11:02:28","date_gmt":"2017-08-28T11:02:28","guid":{"rendered":"http:\/\/upt.esin.av.tr\/2017\/08\/28\/elektronik-ticaret-bilgi-sistemi-ve-bildirim-yukumlulugu-hakkinda-teblig-yayinlandi\/"},"modified":"2022-06-09T12:07:33","modified_gmt":"2022-06-09T12:07:33","slug":"elektronik-ticaret-bilgi-sistemi-ve-bildirim-yukumlulugu-hakkinda-teblig-yayinlandi","status":"publish","type":"post","link":"https:\/\/www.esin.av.tr\/tr\/2017\/08\/28\/elektronik-ticaret-bilgi-sistemi-ve-bildirim-yukumlulugu-hakkinda-teblig-yayinlandi\/","title":{"rendered":"Elektronik Ticaret Bilgi Sistemi ve Bildirim Y\u00fck\u00fcml\u00fcl\u00fc\u011f\u00fc Hakk\u0131nda Tebli\u011f Yay\u0131nland\u0131"},"content":{"rendered":"<p><strong>Yeni Geli\u015fmeler<\/strong><\/p>\n<p>T.C. G\u00fcmr\u00fck ve Ticaret Bakanl\u0131\u011f\u0131, ge\u00e7ti\u011fimiz g\u00fcnlerde Elektronik Ticaret Bilgi Sistemi ve Bildirim Y\u00fck\u00fcml\u00fcl\u00fckleri Hakk\u0131nda Tebli\u011f\u2018i (&#8220;<strong>Tebli\u011f<\/strong>&#8220;) 11 A\u011fustos 2017 tarihli Resmi Gazete&#8217;de yay\u0131mlad\u0131. Tebli\u011f, yay\u0131m\u0131 tarihinden ge\u00e7erli olmak \u00fczere y\u00fcr\u00fcrl\u00fc\u011fe girdi.<\/p>\n<p><strong>De\u011fi\u015fiklik Ne Getiriyor?<\/strong><\/p>\n<p>Tebli\u011f, hizmet sa\u011flay\u0131c\u0131lar ve arac\u0131 hizmet sa\u011flay\u0131c\u0131lar\u0131n kay\u0131tlar\u0131 ve ayn\u0131 zamanda bildirimlerin sunulmas\u0131 ve e-ticaret verilerinin toplanmas\u0131 i\u00e7in G\u00fcmr\u00fck ve Ticaret Bakanl\u0131\u011f\u0131 denetiminde bir Elektronik Ticaret Bilgi Sistemi&#8217;nin (&#8220;<strong>ETB\u0130S<\/strong>&#8220;) kurulmas\u0131n\u0131 \u00f6ng\u00f6r\u00fcyor. Bu do\u011frultuda Tebli\u011f, hizmet sa\u011flay\u0131c\u0131lara ve arac\u0131 hizmet sa\u011flay\u0131c\u0131lara e-ticaret faaliyetleriyle ba\u011flant\u0131l\u0131 olarak ETB\u0130S&#8217;e kay\u0131t olma ve birtak\u0131m bilgileri ETB\u0130S&#8217;te haz\u0131r bulundurma y\u00fck\u00fcml\u00fcl\u00fckleri getiriyor.<\/p>\n<p>Tebli\u011fin kapsam\u0131na a\u015fa\u011f\u0131daki ki\u015filer girecek:<\/p>\n<ul>\n<li>Kendilerine ait elektronik ticaret platformlar\u0131nda faaliyet g\u00f6steren hizmet sa\u011flay\u0131c\u0131lar,<\/li>\n<li>Arac\u0131 hizmet sa\u011flay\u0131c\u0131lar, ve<\/li>\n<li>Yurt i\u00e7inde yerle\u015fik olup T\u00fcrkiye&#8217;de elektronik ticaret faaliyetinde bulunmamakla birlikte yurt d\u0131\u015f\u0131nda yerle\u015fik bir arac\u0131 hizmet sa\u011flay\u0131c\u0131 \u00fczerinden s\u00f6zle\u015fme yapan veya sipari\u015f alan hizmet sa\u011flay\u0131c\u0131lar.<\/li>\n<\/ul>\n<p>Bu ba\u011flamda, hizmet sa\u011flay\u0131c\u0131lar ve arac\u0131 hizmet sa\u011flay\u0131c\u0131lar ETB\u0130S\u2019in kurulmas\u0131 ile birlikte belli ba\u015fl\u0131 bildirim y\u00fck\u00fcml\u00fcl\u00fcklerine tabi olacak. Hizmet ve arac\u0131 hizmet sa\u011flay\u0131c\u0131lar\u0131n (i) ETB\u0130S&#8217;e kaydolmalar\u0131 ve (ii) ETB\u0130S&#8217;e kay\u0131tlar\u0131n\u0131 takiben 30 g\u00fcn i\u00e7inde a\u015fa\u011f\u0131daki bilgileri sunmalar\u0131 gerekecek:<\/p>\n<ul>\n<li>Kay\u0131tl\u0131 Elektronik Posta (KEP) adresi,<\/li>\n<li>E-ticaretin t\u00fcr\u00fc,<\/li>\n<li>Varsa e-ticaret faaliyetleri d\u0131\u015f\u0131nda di\u011fer ticari faaliyetleri,<\/li>\n<li>E-ticaret ortam\u0131nda sunulan mal ve hizmetlerin t\u00fcr\u00fc,<\/li>\n<li>E-ticaret ortam\u0131nda sunulan \u00f6deme y\u00f6ntemleri,<\/li>\n<li>E-ticaret ortam\u0131nda ikinci el mallar\u0131n sat\u0131\u015fa sunulup sunulmad\u0131\u011f\u0131 ve varsa sat\u0131\u015fa sunulan ikinci el mallar\u0131n t\u00fcr\u00fc,<\/li>\n<li>Bankalar, di\u011fer \u00f6deme veya elektronik para kurulu\u015flar\u0131, kargo veya lojistik \u015firketleri gibi di\u011fer kurulu\u015flardan al\u0131nan hizmetlere ili\u015fkin bilgiler,<\/li>\n<li>Hizmet sa\u011flay\u0131c\u0131n\u0131n elektronik ticaret yapmas\u0131na imkan tan\u0131yan altyap\u0131 ve yaz\u0131l\u0131m hizmetlerini sa\u011flayan ger\u00e7ek ya da t\u00fczel ki\u015filere ili\u015fkin bilgiler,<\/li>\n<li>Ki\u015fisel verilerin ve m\u00fc\u015fteri bilgilerinin depolanmas\u0131 i\u00e7in veritabanlar\u0131n\u0131n bulundu\u011fu \u00fclkelere ili\u015fkin bilgiler,<\/li>\n<li>Elektronik ticaret ortam\u0131nda s\u0131n\u0131r \u00f6tesi elektronik ticaret ger\u00e7ekle\u015ftirilmesi halinde \u00fclke ve \u00f6deme y\u00f6ntemi baz\u0131nda bu ticaretin y\u0131ll\u0131k hacmi, ve<\/li>\n<li>G\u00fcmr\u00fck ve Ticaret Bakanl\u0131\u011f\u0131 taraf\u0131ndan istenen di\u011fer bilgiler.<\/li>\n<\/ul>\n<p>Tebli\u011f ayn\u0131 zamanda belirli faaliyetlerde bulunan ki\u015filere ek y\u00fck\u00fcml\u00fcl\u00fckler getiriyor. Bu ba\u011flamda, kendi e-ticaret platformlar\u0131n\u0131 i\u015fleten hizmet sa\u011flay\u0131c\u0131lar\u0131n s\u0131n\u0131r \u00f6tesi e-ticaret faaliyetlerinde \u00fcretim yerini, depo adreslerini ve arac\u0131 hizmet sa\u011flay\u0131c\u0131lar\u0131n\u0131n alan adlar\u0131n\u0131 bildirmesi gerekecek. Buna ek olarak, bankalar, \u00f6deme veya elektronik para kurulu\u015flar\u0131, kargo ve lojistik \u015firketleri, e-ticaret altyap\u0131 sa\u011flay\u0131c\u0131lar\u0131 ve arac\u0131 hizmet sa\u011flay\u0131c\u0131lar, internet \u00fczerinden yap\u0131lan s\u00f6zle\u015fme ve verilen sipari\u015flere ili\u015fkin anonim hale getirilmi\u015f istatistiki bilgileri G\u00fcmr\u00fck ve Ticaret Bakanl\u0131\u011f\u0131\u2019na ayl\u0131k d\u00f6nemler halinde bildirecek.<\/p>\n<p>ETB\u0130S&#8217;teki servis sa\u011flay\u0131c\u0131lar ve arac\u0131 hizmet sa\u011flay\u0131c\u0131larla ilgili bilgiler, G\u00fcmr\u00fck ve Ticaret Bakanl\u0131\u011f\u0131 taraf\u0131ndan kurulacak internet sitesinde ilan edilecek.<\/p>\n<p><strong>Ge\u00e7i\u015f S\u00fcreci<\/strong><\/p>\n<p>Tebli\u011f, ETB\u0130S&#8217;teki kay\u0131t ve bildirim y\u00fck\u00fcml\u00fcl\u00fckleri i\u00e7in bir ge\u00e7i\u015f s\u00fcreci \u00f6ng\u00f6r\u00fcyor. Buna g\u00f6re, mevcut e-ticaret \u015firketlerinin 31 Aral\u0131k 2017 tarihine kadar ETB\u0130S&#8217;e kaydolmas\u0131 ve gerekli istatistiki bilgileri 1 Ocak 2018 tarihine kadar sunmalar\u0131 gerekecek. ETB\u0130S hen\u00fcz kurulmad\u0131\u011f\u0131 i\u00e7in G\u00fcmr\u00fck ve Ticaret Bakanl\u0131\u011f\u0131&#8217;n\u0131n bu s\u00fcreleri\u00a0 uzatmas\u0131 muhtemel g\u00f6r\u00fcn\u00fcyor.<\/p>\n<p><strong>Sonu\u00e7<\/strong><\/p>\n<p>Tebli\u011f ile e-ticaret faaliyetlerinde bulunan hizmet sa\u011flay\u0131c\u0131lar ve arac\u0131 hizmet sa\u011flay\u0131c\u0131lar i\u00e7in birtak\u0131m y\u00fck\u00fcml\u00fcl\u00fckler \u00f6ng\u00f6ren yeni bir sistem kuruluyor. \u015eirketler, ETB\u0130S&#8217;in kurulmas\u0131 hususunda G\u00fcmr\u00fck ve Ticaret Bakanl\u0131\u011f\u0131\u2019n\u0131n duyurular\u0131n\u0131 yak\u0131ndan takip etmeli, bu yeni gerekliliklerin faaliyetlerini nas\u0131l etkileyebilece\u011fini dikkatle de\u011ferlendirmeli ve uyumlulu\u011fu sa\u011flamak i\u00e7in gerekli ad\u0131mlar\u0131 atmal\u0131d\u0131r.<\/p>\n","protected":false},"excerpt":{"rendered":"<p>Yeni Geli\u015fmeler T.C. G\u00fcmr\u00fck ve Ticaret Bakanl\u0131\u011f\u0131, ge\u00e7ti\u011fimiz g\u00fcnlerde Elektronik Ticaret Bilgi Sistemi ve Bildirim Y\u00fck\u00fcml\u00fcl\u00fckleri Hakk\u0131nda Tebli\u011f\u2018i (&#8220;Tebli\u011f&#8220;) 11 [&hellip;]<\/p>\n","protected":false},"author":4,"featured_media":0,"comment_status":"closed","ping_status":"closed","sticky":false,"template":"","format":"standard","meta":{"_acf_changed":false,"_stopmodifiedupdate":false,"_modified_date":"","footnotes":""},"categories":[120],"tags":[93],"class_list":["post-14670","post","type-post","status-publish","format-standard","hentry","category-legal-alerts","tag-information-technology-communications-tr"],"acf":[],"yoast_head":"<!-- This site is optimized with the Yoast SEO plugin v24.0 - https:\/\/yoast.com\/wordpress\/plugins\/seo\/ -->\n<title>Elektronik Ticaret Bilgi Sistemi ve Bildirim Y\u00fck\u00fcml\u00fcl\u00fc\u011f\u00fc Hakk\u0131nda Tebli\u011f Yay\u0131nland\u0131<\/title>\n<meta name=\"description\" content=\"Yeni Geli\u015fmeler T.C. G\u00fcmr\u00fck ve Ticaret Bakanl\u0131\u011f\u0131, ge\u00e7ti\u011fimiz g\u00fcnlerde Elektronik Ticaret Bilgi Sistemi ve Bildirim Y\u00fck\u00fcml\u00fcl\u00fckleri Hakk\u0131nda Tebli\u011f\u2018i\" \/>\n<meta name=\"robots\" content=\"index, follow, max-snippet:-1, max-image-preview:large, max-video-preview:-1\" \/>\n<link rel=\"canonical\" href=\"https:\/\/www.esin.av.tr\/tr\/2017\/08\/28\/elektronik-ticaret-bilgi-sistemi-ve-bildirim-yukumlulugu-hakkinda-teblig-yayinlandi\/\" \/>\n<meta property=\"og:locale\" content=\"tr_TR\" \/>\n<meta property=\"og:type\" content=\"article\" \/>\n<meta property=\"og:title\" content=\"Elektronik Ticaret Bilgi Sistemi ve Bildirim Y\u00fck\u00fcml\u00fcl\u00fc\u011f\u00fc Hakk\u0131nda Tebli\u011f Yay\u0131nland\u0131\" \/>\n<meta property=\"og:description\" content=\"Yeni Geli\u015fmeler T.C. G\u00fcmr\u00fck ve Ticaret Bakanl\u0131\u011f\u0131, ge\u00e7ti\u011fimiz g\u00fcnlerde Elektronik Ticaret Bilgi Sistemi ve Bildirim Y\u00fck\u00fcml\u00fcl\u00fckleri Hakk\u0131nda Tebli\u011f\u2018i\" \/>\n<meta property=\"og:url\" content=\"https:\/\/www.esin.av.tr\/tr\/2017\/08\/28\/elektronik-ticaret-bilgi-sistemi-ve-bildirim-yukumlulugu-hakkinda-teblig-yayinlandi\/\" \/>\n<meta property=\"og:site_name\" content=\"Esin Avukatl\u0131k Ortakl\u0131\u011f\u0131\" \/>\n<meta property=\"article:published_time\" content=\"2017-08-28T11:02:28+00:00\" \/>\n<meta property=\"article:modified_time\" content=\"2022-06-09T12:07:33+00:00\" \/>\n<meta name=\"author\" content=\"R\u0131dvan Konrat\" \/>\n<meta name=\"twitter:card\" content=\"summary_large_image\" \/>\n<meta name=\"twitter:label1\" content=\"Written by\" \/>\n\t<meta name=\"twitter:data1\" content=\"R\u0131dvan Konrat\" \/>\n\t<meta name=\"twitter:label2\" content=\"Est. reading time\" \/>\n\t<meta name=\"twitter:data2\" content=\"4 minutes\" \/>\n<script type=\"application\/ld+json\" class=\"yoast-schema-graph\">{\"@context\":\"https:\/\/schema.org\",\"@graph\":[{\"@type\":\"Article\",\"@id\":\"https:\/\/www.esin.av.tr\/tr\/2017\/08\/28\/elektronik-ticaret-bilgi-sistemi-ve-bildirim-yukumlulugu-hakkinda-teblig-yayinlandi\/#article\",\"isPartOf\":{\"@id\":\"https:\/\/www.esin.av.tr\/tr\/2017\/08\/28\/elektronik-ticaret-bilgi-sistemi-ve-bildirim-yukumlulugu-hakkinda-teblig-yayinlandi\/\"},\"author\":{\"name\":\"R\u0131dvan Konrat\",\"@id\":\"https:\/\/www.esin.av.tr\/tr\/#\/schema\/person\/42c8e616aab56b8622fa365ad63282ae\"},\"headline\":\"Elektronik Ticaret Bilgi Sistemi ve Bildirim Y\u00fck\u00fcml\u00fcl\u00fc\u011f\u00fc Hakk\u0131nda Tebli\u011f Yay\u0131nland\u0131\",\"datePublished\":\"2017-08-28T11:02:28+00:00\",\"dateModified\":\"2022-06-09T12:07:33+00:00\",\"mainEntityOfPage\":{\"@id\":\"https:\/\/www.esin.av.tr\/tr\/2017\/08\/28\/elektronik-ticaret-bilgi-sistemi-ve-bildirim-yukumlulugu-hakkinda-teblig-yayinlandi\/\"},\"wordCount\":762,\"publisher\":{\"@id\":\"https:\/\/www.esin.av.tr\/tr\/#organization\"},\"keywords\":[\"Bilgi Teknolojileri ve Telekom\u00fcnikasyon\"],\"articleSection\":[\"Hukuk B\u00fcltenleri\"],\"inLanguage\":\"tr\"},{\"@type\":\"WebPage\",\"@id\":\"https:\/\/www.esin.av.tr\/tr\/2017\/08\/28\/elektronik-ticaret-bilgi-sistemi-ve-bildirim-yukumlulugu-hakkinda-teblig-yayinlandi\/\",\"url\":\"https:\/\/www.esin.av.tr\/tr\/2017\/08\/28\/elektronik-ticaret-bilgi-sistemi-ve-bildirim-yukumlulugu-hakkinda-teblig-yayinlandi\/\",\"name\":\"Elektronik Ticaret Bilgi Sistemi ve Bildirim Y\u00fck\u00fcml\u00fcl\u00fc\u011f\u00fc Hakk\u0131nda Tebli\u011f Yay\u0131nland\u0131\",\"isPartOf\":{\"@id\":\"https:\/\/www.esin.av.tr\/tr\/#website\"},\"datePublished\":\"2017-08-28T11:02:28+00:00\",\"dateModified\":\"2022-06-09T12:07:33+00:00\",\"description\":\"Yeni Geli\u015fmeler T.C. G\u00fcmr\u00fck ve Ticaret Bakanl\u0131\u011f\u0131, ge\u00e7ti\u011fimiz g\u00fcnlerde Elektronik Ticaret Bilgi Sistemi ve Bildirim Y\u00fck\u00fcml\u00fcl\u00fckleri Hakk\u0131nda Tebli\u011f\u2018i\",\"breadcrumb\":{\"@id\":\"https:\/\/www.esin.av.tr\/tr\/2017\/08\/28\/elektronik-ticaret-bilgi-sistemi-ve-bildirim-yukumlulugu-hakkinda-teblig-yayinlandi\/#breadcrumb\"},\"inLanguage\":\"tr\",\"potentialAction\":[{\"@type\":\"ReadAction\",\"target\":[\"https:\/\/www.esin.av.tr\/tr\/2017\/08\/28\/elektronik-ticaret-bilgi-sistemi-ve-bildirim-yukumlulugu-hakkinda-teblig-yayinlandi\/\"]}]},{\"@type\":\"BreadcrumbList\",\"@id\":\"https:\/\/www.esin.av.tr\/tr\/2017\/08\/28\/elektronik-ticaret-bilgi-sistemi-ve-bildirim-yukumlulugu-hakkinda-teblig-yayinlandi\/#breadcrumb\",\"itemListElement\":[{\"@type\":\"ListItem\",\"position\":1,\"name\":\"Home\",\"item\":\"https:\/\/www.esin.av.tr\/tr\/\"},{\"@type\":\"ListItem\",\"position\":2,\"name\":\"Elektronik Ticaret Bilgi Sistemi ve Bildirim Y\u00fck\u00fcml\u00fcl\u00fc\u011f\u00fc Hakk\u0131nda Tebli\u011f Yay\u0131nland\u0131\"}]},{\"@type\":\"WebSite\",\"@id\":\"https:\/\/www.esin.av.tr\/tr\/#website\",\"url\":\"https:\/\/www.esin.av.tr\/tr\/\",\"name\":\"Esin Avukatl\u0131k Ortakl\u0131\u011f\u0131\",\"description\":\"\",\"publisher\":{\"@id\":\"https:\/\/www.esin.av.tr\/tr\/#organization\"},\"potentialAction\":[{\"@type\":\"SearchAction\",\"target\":{\"@type\":\"EntryPoint\",\"urlTemplate\":\"https:\/\/www.esin.av.tr\/tr\/?s={search_term_string}\"},\"query-input\":{\"@type\":\"PropertyValueSpecification\",\"valueRequired\":true,\"valueName\":\"search_term_string\"}}],\"inLanguage\":\"tr\"},{\"@type\":\"Organization\",\"@id\":\"https:\/\/www.esin.av.tr\/tr\/#organization\",\"name\":\"Esin Avukatl\u0131k Ortakl\u0131\u011f\u0131\",\"url\":\"https:\/\/www.esin.av.tr\/tr\/\",\"logo\":{\"@type\":\"ImageObject\",\"inLanguage\":\"tr\",\"@id\":\"https:\/\/www.esin.av.tr\/tr\/#\/schema\/logo\/image\/\",\"url\":\"https:\/\/www.esin.av.tr\/wp-content\/uploads\/2021\/09\/esin-2.jpg\",\"contentUrl\":\"https:\/\/www.esin.av.tr\/wp-content\/uploads\/2021\/09\/esin-2.jpg\",\"width\":800,\"height\":460,\"caption\":\"Esin Avukatl\u0131k Ortakl\u0131\u011f\u0131\"},\"image\":{\"@id\":\"https:\/\/www.esin.av.tr\/tr\/#\/schema\/logo\/image\/\"}},{\"@type\":\"Person\",\"@id\":\"https:\/\/www.esin.av.tr\/tr\/#\/schema\/person\/42c8e616aab56b8622fa365ad63282ae\",\"name\":\"R\u0131dvan Konrat\",\"image\":{\"@type\":\"ImageObject\",\"inLanguage\":\"tr\",\"@id\":\"https:\/\/www.esin.av.tr\/tr\/#\/schema\/person\/image\/\",\"url\":\"https:\/\/secure.gravatar.com\/avatar\/b20c6c583be38ed4e76e32f69fccc676?s=96&d=mm&r=g\",\"contentUrl\":\"https:\/\/secure.gravatar.com\/avatar\/b20c6c583be38ed4e76e32f69fccc676?s=96&d=mm&r=g\",\"caption\":\"R\u0131dvan Konrat\"},\"sameAs\":[\"http:\/\/www.esin.av.tr\"],\"url\":\"https:\/\/www.esin.av.tr\/tr\/author\/rkonrat\/\"}]}<\/script>\n<!-- \/ Yoast SEO plugin. -->","yoast_head_json":{"title":"Elektronik Ticaret Bilgi Sistemi ve Bildirim Y\u00fck\u00fcml\u00fcl\u00fc\u011f\u00fc Hakk\u0131nda Tebli\u011f Yay\u0131nland\u0131","description":"Yeni Geli\u015fmeler T.C. G\u00fcmr\u00fck ve Ticaret Bakanl\u0131\u011f\u0131, ge\u00e7ti\u011fimiz g\u00fcnlerde Elektronik Ticaret Bilgi Sistemi ve Bildirim Y\u00fck\u00fcml\u00fcl\u00fckleri Hakk\u0131nda Tebli\u011f\u2018i","robots":{"index":"index","follow":"follow","max-snippet":"max-snippet:-1","max-image-preview":"max-image-preview:large","max-video-preview":"max-video-preview:-1"},"canonical":"https:\/\/www.esin.av.tr\/tr\/2017\/08\/28\/elektronik-ticaret-bilgi-sistemi-ve-bildirim-yukumlulugu-hakkinda-teblig-yayinlandi\/","og_locale":"tr_TR","og_type":"article","og_title":"Elektronik Ticaret Bilgi Sistemi ve Bildirim Y\u00fck\u00fcml\u00fcl\u00fc\u011f\u00fc Hakk\u0131nda Tebli\u011f Yay\u0131nland\u0131","og_description":"Yeni Geli\u015fmeler T.C. G\u00fcmr\u00fck ve Ticaret Bakanl\u0131\u011f\u0131, ge\u00e7ti\u011fimiz g\u00fcnlerde Elektronik Ticaret Bilgi Sistemi ve Bildirim Y\u00fck\u00fcml\u00fcl\u00fckleri Hakk\u0131nda Tebli\u011f\u2018i","og_url":"https:\/\/www.esin.av.tr\/tr\/2017\/08\/28\/elektronik-ticaret-bilgi-sistemi-ve-bildirim-yukumlulugu-hakkinda-teblig-yayinlandi\/","og_site_name":"Esin Avukatl\u0131k Ortakl\u0131\u011f\u0131","article_published_time":"2017-08-28T11:02:28+00:00","article_modified_time":"2022-06-09T12:07:33+00:00","author":"R\u0131dvan Konrat","twitter_card":"summary_large_image","twitter_misc":{"Written by":"R\u0131dvan Konrat","Est. reading time":"4 minutes"},"schema":{"@context":"https:\/\/schema.org","@graph":[{"@type":"Article","@id":"https:\/\/www.esin.av.tr\/tr\/2017\/08\/28\/elektronik-ticaret-bilgi-sistemi-ve-bildirim-yukumlulugu-hakkinda-teblig-yayinlandi\/#article","isPartOf":{"@id":"https:\/\/www.esin.av.tr\/tr\/2017\/08\/28\/elektronik-ticaret-bilgi-sistemi-ve-bildirim-yukumlulugu-hakkinda-teblig-yayinlandi\/"},"author":{"name":"R\u0131dvan Konrat","@id":"https:\/\/www.esin.av.tr\/tr\/#\/schema\/person\/42c8e616aab56b8622fa365ad63282ae"},"headline":"Elektronik Ticaret Bilgi Sistemi ve Bildirim Y\u00fck\u00fcml\u00fcl\u00fc\u011f\u00fc Hakk\u0131nda Tebli\u011f Yay\u0131nland\u0131","datePublished":"2017-08-28T11:02:28+00:00","dateModified":"2022-06-09T12:07:33+00:00","mainEntityOfPage":{"@id":"https:\/\/www.esin.av.tr\/tr\/2017\/08\/28\/elektronik-ticaret-bilgi-sistemi-ve-bildirim-yukumlulugu-hakkinda-teblig-yayinlandi\/"},"wordCount":762,"publisher":{"@id":"https:\/\/www.esin.av.tr\/tr\/#organization"},"keywords":["Bilgi Teknolojileri ve Telekom\u00fcnikasyon"],"articleSection":["Hukuk B\u00fcltenleri"],"inLanguage":"tr"},{"@type":"WebPage","@id":"https:\/\/www.esin.av.tr\/tr\/2017\/08\/28\/elektronik-ticaret-bilgi-sistemi-ve-bildirim-yukumlulugu-hakkinda-teblig-yayinlandi\/","url":"https:\/\/www.esin.av.tr\/tr\/2017\/08\/28\/elektronik-ticaret-bilgi-sistemi-ve-bildirim-yukumlulugu-hakkinda-teblig-yayinlandi\/","name":"Elektronik Ticaret Bilgi Sistemi ve Bildirim Y\u00fck\u00fcml\u00fcl\u00fc\u011f\u00fc Hakk\u0131nda Tebli\u011f Yay\u0131nland\u0131","isPartOf":{"@id":"https:\/\/www.esin.av.tr\/tr\/#website"},"datePublished":"2017-08-28T11:02:28+00:00","dateModified":"2022-06-09T12:07:33+00:00","description":"Yeni Geli\u015fmeler T.C. G\u00fcmr\u00fck ve Ticaret Bakanl\u0131\u011f\u0131, ge\u00e7ti\u011fimiz g\u00fcnlerde Elektronik Ticaret Bilgi Sistemi ve Bildirim Y\u00fck\u00fcml\u00fcl\u00fckleri Hakk\u0131nda Tebli\u011f\u2018i","breadcrumb":{"@id":"https:\/\/www.esin.av.tr\/tr\/2017\/08\/28\/elektronik-ticaret-bilgi-sistemi-ve-bildirim-yukumlulugu-hakkinda-teblig-yayinlandi\/#breadcrumb"},"inLanguage":"tr","potentialAction":[{"@type":"ReadAction","target":["https:\/\/www.esin.av.tr\/tr\/2017\/08\/28\/elektronik-ticaret-bilgi-sistemi-ve-bildirim-yukumlulugu-hakkinda-teblig-yayinlandi\/"]}]},{"@type":"BreadcrumbList","@id":"https:\/\/www.esin.av.tr\/tr\/2017\/08\/28\/elektronik-ticaret-bilgi-sistemi-ve-bildirim-yukumlulugu-hakkinda-teblig-yayinlandi\/#breadcrumb","itemListElement":[{"@type":"ListItem","position":1,"name":"Home","item":"https:\/\/www.esin.av.tr\/tr\/"},{"@type":"ListItem","position":2,"name":"Elektronik Ticaret Bilgi Sistemi ve Bildirim Y\u00fck\u00fcml\u00fcl\u00fc\u011f\u00fc Hakk\u0131nda Tebli\u011f Yay\u0131nland\u0131"}]},{"@type":"WebSite","@id":"https:\/\/www.esin.av.tr\/tr\/#website","url":"https:\/\/www.esin.av.tr\/tr\/","name":"Esin Avukatl\u0131k Ortakl\u0131\u011f\u0131","description":"","publisher":{"@id":"https:\/\/www.esin.av.tr\/tr\/#organization"},"potentialAction":[{"@type":"SearchAction","target":{"@type":"EntryPoint","urlTemplate":"https:\/\/www.esin.av.tr\/tr\/?s={search_term_string}"},"query-input":{"@type":"PropertyValueSpecification","valueRequired":true,"valueName":"search_term_string"}}],"inLanguage":"tr"},{"@type":"Organization","@id":"https:\/\/www.esin.av.tr\/tr\/#organization","name":"Esin Avukatl\u0131k Ortakl\u0131\u011f\u0131","url":"https:\/\/www.esin.av.tr\/tr\/","logo":{"@type":"ImageObject","inLanguage":"tr","@id":"https:\/\/www.esin.av.tr\/tr\/#\/schema\/logo\/image\/","url":"https:\/\/www.esin.av.tr\/wp-content\/uploads\/2021\/09\/esin-2.jpg","contentUrl":"https:\/\/www.esin.av.tr\/wp-content\/uploads\/2021\/09\/esin-2.jpg","width":800,"height":460,"caption":"Esin Avukatl\u0131k Ortakl\u0131\u011f\u0131"},"image":{"@id":"https:\/\/www.esin.av.tr\/tr\/#\/schema\/logo\/image\/"}},{"@type":"Person","@id":"https:\/\/www.esin.av.tr\/tr\/#\/schema\/person\/42c8e616aab56b8622fa365ad63282ae","name":"R\u0131dvan Konrat","image":{"@type":"ImageObject","inLanguage":"tr","@id":"https:\/\/www.esin.av.tr\/tr\/#\/schema\/person\/image\/","url":"https:\/\/secure.gravatar.com\/avatar\/b20c6c583be38ed4e76e32f69fccc676?s=96&d=mm&r=g","contentUrl":"https:\/\/secure.gravatar.com\/avatar\/b20c6c583be38ed4e76e32f69fccc676?s=96&d=mm&r=g","caption":"R\u0131dvan Konrat"},"sameAs":["http:\/\/www.esin.av.tr"],"url":"https:\/\/www.esin.av.tr\/tr\/author\/rkonrat\/"}]}},"_links":{"self":[{"href":"https:\/\/www.esin.av.tr\/tr\/wp-json\/wp\/v2\/posts\/14670","targetHints":{"allow":["GET"]}}],"collection":[{"href":"https:\/\/www.esin.av.tr\/tr\/wp-json\/wp\/v2\/posts"}],"about":[{"href":"https:\/\/www.esin.av.tr\/tr\/wp-json\/wp\/v2\/types\/post"}],"author":[{"embeddable":true,"href":"https:\/\/www.esin.av.tr\/tr\/wp-json\/wp\/v2\/users\/4"}],"replies":[{"embeddable":true,"href":"https:\/\/www.esin.av.tr\/tr\/wp-json\/wp\/v2\/comments?post=14670"}],"version-history":[{"count":1,"href":"https:\/\/www.esin.av.tr\/tr\/wp-json\/wp\/v2\/posts\/14670\/revisions"}],"predecessor-version":[{"id":15761,"href":"https:\/\/www.esin.av.tr\/tr\/wp-json\/wp\/v2\/posts\/14670\/revisions\/15761"}],"wp:attachment":[{"href":"https:\/\/www.esin.av.tr\/tr\/wp-json\/wp\/v2\/media?parent=14670"}],"wp:term":[{"taxonomy":"category","embeddable":true,"href":"https:\/\/www.esin.av.tr\/tr\/wp-json\/wp\/v2\/categories?post=14670"},{"taxonomy":"post_tag","embeddable":true,"href":"https:\/\/www.esin.av.tr\/tr\/wp-json\/wp\/v2\/tags?post=14670"}],"curies":[{"name":"wp","href":"https:\/\/api.w.org\/{rel}","templated":true}]}}