{"id":14646,"date":"2018-01-25T10:50:43","date_gmt":"2018-01-25T10:50:43","guid":{"rendered":"http:\/\/upt.esin.av.tr\/2018\/01\/25\/kisisel-veri-guvenligi-rehberi-yayimlandi\/"},"modified":"2022-06-09T12:11:04","modified_gmt":"2022-06-09T12:11:04","slug":"kisisel-veri-guvenligi-rehberi-yayimlandi","status":"publish","type":"post","link":"https:\/\/www.esin.av.tr\/tr\/2018\/01\/25\/kisisel-veri-guvenligi-rehberi-yayimlandi\/","title":{"rendered":"Ki\u015fisel Veri G\u00fcvenli\u011fi Rehberi Yay\u0131mland\u0131"},"content":{"rendered":"<table cellspacing=\"0\">\n<tbody>\n<tr>\n<td>\n<p class=\"s7\"><strong>Yeni Geli\u015fmeler<\/strong><\/p>\n<p class=\"s11\">Ki\u015fisel Verileri Koruma Kurumu (&#8220;<b>Kurum<\/b>&#8220;) 19 Ocak 2018 tarihinde Ki\u015fisel Veri G\u00fcvenli\u011fi Rehberini (&#8220;<b>Rehber<\/b>&#8220;) yay\u0131mlad\u0131.<\/p>\n<p class=\"s7\"><strong>Rehber&#8217;in Amac\u0131<\/strong><\/p>\n<p class=\"s11\">Rehber; ki\u015fisel verilerin i\u015flenmesi s\u00fcrecinde 6698 say\u0131l\u0131 Ki\u015fisel Verilerin Korunmas\u0131 Kanunu&#8217;nun (&#8220;<b>Kanun<\/b>&#8220;) 12. maddesi uyar\u0131nca veri sorumlular\u0131n\u0131n almas\u0131 gereken teknik ve idari tedbirler konusunda uygulamada a\u00e7\u0131kl\u0131k sa\u011flanmas\u0131 ve iyi uygulama \u00f6rnekleri olu\u015fturulmas\u0131 amac\u0131yla haz\u0131rlanm\u0131\u015ft\u0131r.<\/p>\n<p class=\"s11\">Rehber&#8217;in hukuki olarak ba\u011flay\u0131c\u0131l\u0131\u011f\u0131 bulunmamaktad\u0131r ve Kanun&#8217;a ek olarak \u00e7\u0131kar\u0131lm\u0131\u015ft\u0131r, dolay\u0131s\u0131yla herhangi bir yapt\u0131r\u0131m \u00f6ng\u00f6rmemektedir. Ancak Ki\u015fisel Verileri Koruma Kurulu (&#8220;<b>Kurul<\/b>&#8220;) ve mahkemelerin, ki\u015fisel veri g\u00fcvenli\u011fine ili\u015fkin kurallar\u0131 uygularken Rehber&#8217;e ba\u015fvurmalar\u0131\u00a0beklendi\u011finden veri sorumlular\u0131n\u0131n Rehber&#8217;e uyum sa\u011flamalar\u0131 \u00f6nem ta\u015f\u0131maktad\u0131r.<\/p>\n<\/td>\n<\/tr>\n<\/tbody>\n<\/table>\n<table cellspacing=\"0\">\n<tbody>\n<tr>\n<td rowspan=\"4\" bgcolor=\"#e4e4e4\"><\/td>\n<td>\n<p class=\"s7\"><strong>Rehber Neler Getiriyor?<\/strong><\/p>\n<p class=\"s11\">Ki\u015fisel veri g\u00fcvenli\u011fine ili\u015fkin al\u0131nmas\u0131 \u00f6nerilen idari tedbirler aras\u0131nda; \u00e7al\u0131\u015fanlara Kanun hakk\u0131nda fark\u0131ndal\u0131k kazand\u0131r\u0131c\u0131 e\u011fitimler verilmesi, ki\u015fisel veri g\u00fcvenli\u011fine ili\u015fkin politikalar olu\u015fturulmas\u0131 ve d\u00fczenli kontroller yap\u0131lmas\u0131, ihtiya\u00e7 duyulmayan ki\u015fisel verilerin silinmesi ve veri i\u015fleyenlerden g\u00fcvenlik tedbirlerine ili\u015fkin s\u00f6zle\u015fmesel taahh\u00fctler al\u0131nmas\u0131 bulunmaktad\u0131r.<\/p>\n<p class=\"s11\">Yetkisiz eri\u015fimin engellenebilmesi amac\u0131yla, veri sorumlular\u0131n\u0131n s\u0131kl\u0131kla eri\u015fimi gerekmeyen ve ar\u015fiv ama\u00e7l\u0131 tutulan ki\u015fisel verilerin daha g\u00fcvenli ortamlarda muhafaza edilmesi \u00f6nerilmektedir.<\/p>\n<p class=\"s11\">Veri i\u015fleyenler ile imzalanacak s\u00f6zle\u015fmelerde; s\u0131r saklama y\u00fck\u00fcml\u00fcl\u00fc\u011f\u00fc, veri i\u015fleyene aktar\u0131lacak veri kategorilerinin s\u0131n\u0131rl\u0131 say\u0131da belirtilmesi, veri sorumlusuna denetim hakk\u0131 verilmesi gibi h\u00fck\u00fcmler bulunmas\u0131 \u00f6nerilmektedir.<\/p>\n<p class=\"s11\">Teknik tedbirler olarak ise; g\u00fcvenlik duvar\u0131, a\u011f ge\u00e7idi, eri\u015fim yetki ve kontrol matrisleri olu\u015fturulmas\u0131 gibi siber g\u00fcvenlik \u00f6nlemleri ile kay\u0131t ortamlar\u0131n\u0131n g\u00fcvenli\u011finin sa\u011flanmas\u0131 ve ki\u015fisel verilerin bulutta depolanmas\u0131 halinde bulut depolama hizmeti sa\u011flay\u0131c\u0131s\u0131n\u0131n ald\u0131\u011f\u0131 g\u00fcvenlik \u00f6nlemlerinin de\u011ferlendirilmesi ve ki\u015fisel verilerin yedeklenmesi \u00f6nerilmektedir.<\/p>\n<p class=\"s11\">Rehber&#8217;de ki\u015fisel veri i\u015fleme envanteri ve ki\u015fisel veri saklama ve imha politikas\u0131 haz\u0131rlanmas\u0131na idari tedbirler olarak yer verilmi\u015ftir. S\u00f6z konusu envanter ile politikan\u0131n; Veri Sorumlular\u0131 Sicili Hakk\u0131nda Y\u00f6netmelik uyar\u0131nca sicile kay\u0131t y\u00fck\u00fcml\u00fcl\u00fc\u011f\u00fc bulunan t\u00fcm veri sorumlular\u0131 taraf\u0131ndan haz\u0131rlanmas\u0131 gerekmektedir.<\/p>\n<p class=\"s7\"><strong>At\u0131lacak Ad\u0131mlar<\/strong><\/p>\n<p class=\"s11\">Rehber yol g\u00f6sterici nitelikte olsa da Kanun&#8217;un 12. maddesinde yer alan veri g\u00fcvenli\u011fine ili\u015fkin y\u00fck\u00fcml\u00fcl\u00fcklerin yerine getirilmemesi halinde 15.000 TL&#8217;den 1.000.000 TL&#8217;ye kadar para cezas\u0131 \u00f6ng\u00f6r\u00fclmektedir.<\/p>\n<p class=\"s11\">Veri sorumlular\u0131n\u0131n Rehber&#8217;de yer alan g\u00fcvenlik \u00f6nlemlerini hayata ge\u00e7irmeleri; ileride meydana gelebilecek olas\u0131 ki\u015fisel veri ihlallerinde Kurul veya mahkemeler nezdinde \u00f6ne s\u00fcr\u00fclecek savunmalar a\u00e7\u0131s\u0131ndan \u00e7ok \u00f6nemli rol oynayacakt\u0131r.<\/p>\n<\/td>\n<\/tr>\n<\/tbody>\n<\/table>\n","protected":false},"excerpt":{"rendered":"<p>Yeni Geli\u015fmeler Ki\u015fisel Verileri Koruma Kurumu (&#8220;Kurum&#8220;) 19 Ocak 2018 tarihinde Ki\u015fisel Veri G\u00fcvenli\u011fi Rehberini (&#8220;Rehber&#8220;) yay\u0131mlad\u0131. Rehber&#8217;in Amac\u0131 Rehber; [&hellip;]<\/p>\n","protected":false},"author":4,"featured_media":0,"comment_status":"closed","ping_status":"closed","sticky":false,"template":"","format":"standard","meta":{"_acf_changed":false,"_stopmodifiedupdate":false,"_modified_date":"","footnotes":""},"categories":[120],"tags":[93],"class_list":["post-14646","post","type-post","status-publish","format-standard","hentry","category-legal-alerts","tag-information-technology-communications-tr"],"acf":[],"yoast_head":"<!-- This site is optimized with the Yoast SEO plugin v24.0 - https:\/\/yoast.com\/wordpress\/plugins\/seo\/ -->\n<title>Ki\u015fisel Veri G\u00fcvenli\u011fi Rehberi Yay\u0131mland\u0131<\/title>\n<meta name=\"description\" content=\"Yeni Geli\u015fmeler Ki\u015fisel Verileri Koruma Kurumu (&quot;Kurum&quot;) 19 Ocak 2018 tarihinde Ki\u015fisel Veri G\u00fcvenli\u011fi Rehberini (&quot;Rehber&quot;) yay\u0131mlad\u0131. Rehber&#039;in Amac\u0131\" \/>\n<meta name=\"robots\" content=\"index, follow, max-snippet:-1, max-image-preview:large, max-video-preview:-1\" \/>\n<link rel=\"canonical\" href=\"https:\/\/www.esin.av.tr\/tr\/2018\/01\/25\/kisisel-veri-guvenligi-rehberi-yayimlandi\/\" \/>\n<meta property=\"og:locale\" content=\"tr_TR\" \/>\n<meta property=\"og:type\" content=\"article\" \/>\n<meta property=\"og:title\" content=\"Ki\u015fisel Veri G\u00fcvenli\u011fi Rehberi Yay\u0131mland\u0131\" \/>\n<meta property=\"og:description\" content=\"Yeni Geli\u015fmeler Ki\u015fisel Verileri Koruma Kurumu (&quot;Kurum&quot;) 19 Ocak 2018 tarihinde Ki\u015fisel Veri G\u00fcvenli\u011fi Rehberini (&quot;Rehber&quot;) yay\u0131mlad\u0131. Rehber&#039;in Amac\u0131\" \/>\n<meta property=\"og:url\" content=\"https:\/\/www.esin.av.tr\/tr\/2018\/01\/25\/kisisel-veri-guvenligi-rehberi-yayimlandi\/\" \/>\n<meta property=\"og:site_name\" content=\"Esin Avukatl\u0131k Ortakl\u0131\u011f\u0131\" \/>\n<meta property=\"article:published_time\" content=\"2018-01-25T10:50:43+00:00\" \/>\n<meta property=\"article:modified_time\" content=\"2022-06-09T12:11:04+00:00\" \/>\n<meta name=\"author\" content=\"R\u0131dvan Konrat\" \/>\n<meta name=\"twitter:card\" content=\"summary_large_image\" \/>\n<meta name=\"twitter:label1\" content=\"Written by\" \/>\n\t<meta name=\"twitter:data1\" content=\"R\u0131dvan Konrat\" \/>\n\t<meta name=\"twitter:label2\" content=\"Est. reading time\" \/>\n\t<meta name=\"twitter:data2\" content=\"2 minutes\" \/>\n<script type=\"application\/ld+json\" class=\"yoast-schema-graph\">{\"@context\":\"https:\/\/schema.org\",\"@graph\":[{\"@type\":\"Article\",\"@id\":\"https:\/\/www.esin.av.tr\/tr\/2018\/01\/25\/kisisel-veri-guvenligi-rehberi-yayimlandi\/#article\",\"isPartOf\":{\"@id\":\"https:\/\/www.esin.av.tr\/tr\/2018\/01\/25\/kisisel-veri-guvenligi-rehberi-yayimlandi\/\"},\"author\":{\"name\":\"R\u0131dvan Konrat\",\"@id\":\"https:\/\/www.esin.av.tr\/tr\/#\/schema\/person\/42c8e616aab56b8622fa365ad63282ae\"},\"headline\":\"Ki\u015fisel Veri G\u00fcvenli\u011fi Rehberi Yay\u0131mland\u0131\",\"datePublished\":\"2018-01-25T10:50:43+00:00\",\"dateModified\":\"2022-06-09T12:11:04+00:00\",\"mainEntityOfPage\":{\"@id\":\"https:\/\/www.esin.av.tr\/tr\/2018\/01\/25\/kisisel-veri-guvenligi-rehberi-yayimlandi\/\"},\"wordCount\":492,\"publisher\":{\"@id\":\"https:\/\/www.esin.av.tr\/tr\/#organization\"},\"keywords\":[\"Bilgi Teknolojileri ve Telekom\u00fcnikasyon\"],\"articleSection\":[\"Hukuk B\u00fcltenleri\"],\"inLanguage\":\"tr\"},{\"@type\":\"WebPage\",\"@id\":\"https:\/\/www.esin.av.tr\/tr\/2018\/01\/25\/kisisel-veri-guvenligi-rehberi-yayimlandi\/\",\"url\":\"https:\/\/www.esin.av.tr\/tr\/2018\/01\/25\/kisisel-veri-guvenligi-rehberi-yayimlandi\/\",\"name\":\"Ki\u015fisel Veri G\u00fcvenli\u011fi Rehberi Yay\u0131mland\u0131\",\"isPartOf\":{\"@id\":\"https:\/\/www.esin.av.tr\/tr\/#website\"},\"datePublished\":\"2018-01-25T10:50:43+00:00\",\"dateModified\":\"2022-06-09T12:11:04+00:00\",\"description\":\"Yeni Geli\u015fmeler Ki\u015fisel Verileri Koruma Kurumu (\\\"Kurum\\\") 19 Ocak 2018 tarihinde Ki\u015fisel Veri G\u00fcvenli\u011fi Rehberini (\\\"Rehber\\\") yay\u0131mlad\u0131. Rehber'in Amac\u0131\",\"breadcrumb\":{\"@id\":\"https:\/\/www.esin.av.tr\/tr\/2018\/01\/25\/kisisel-veri-guvenligi-rehberi-yayimlandi\/#breadcrumb\"},\"inLanguage\":\"tr\",\"potentialAction\":[{\"@type\":\"ReadAction\",\"target\":[\"https:\/\/www.esin.av.tr\/tr\/2018\/01\/25\/kisisel-veri-guvenligi-rehberi-yayimlandi\/\"]}]},{\"@type\":\"BreadcrumbList\",\"@id\":\"https:\/\/www.esin.av.tr\/tr\/2018\/01\/25\/kisisel-veri-guvenligi-rehberi-yayimlandi\/#breadcrumb\",\"itemListElement\":[{\"@type\":\"ListItem\",\"position\":1,\"name\":\"Home\",\"item\":\"https:\/\/www.esin.av.tr\/tr\/\"},{\"@type\":\"ListItem\",\"position\":2,\"name\":\"Ki\u015fisel Veri G\u00fcvenli\u011fi Rehberi Yay\u0131mland\u0131\"}]},{\"@type\":\"WebSite\",\"@id\":\"https:\/\/www.esin.av.tr\/tr\/#website\",\"url\":\"https:\/\/www.esin.av.tr\/tr\/\",\"name\":\"Esin Avukatl\u0131k Ortakl\u0131\u011f\u0131\",\"description\":\"\",\"publisher\":{\"@id\":\"https:\/\/www.esin.av.tr\/tr\/#organization\"},\"potentialAction\":[{\"@type\":\"SearchAction\",\"target\":{\"@type\":\"EntryPoint\",\"urlTemplate\":\"https:\/\/www.esin.av.tr\/tr\/?s={search_term_string}\"},\"query-input\":{\"@type\":\"PropertyValueSpecification\",\"valueRequired\":true,\"valueName\":\"search_term_string\"}}],\"inLanguage\":\"tr\"},{\"@type\":\"Organization\",\"@id\":\"https:\/\/www.esin.av.tr\/tr\/#organization\",\"name\":\"Esin Avukatl\u0131k Ortakl\u0131\u011f\u0131\",\"url\":\"https:\/\/www.esin.av.tr\/tr\/\",\"logo\":{\"@type\":\"ImageObject\",\"inLanguage\":\"tr\",\"@id\":\"https:\/\/www.esin.av.tr\/tr\/#\/schema\/logo\/image\/\",\"url\":\"https:\/\/www.esin.av.tr\/wp-content\/uploads\/2021\/09\/esin-2.jpg\",\"contentUrl\":\"https:\/\/www.esin.av.tr\/wp-content\/uploads\/2021\/09\/esin-2.jpg\",\"width\":800,\"height\":460,\"caption\":\"Esin Avukatl\u0131k Ortakl\u0131\u011f\u0131\"},\"image\":{\"@id\":\"https:\/\/www.esin.av.tr\/tr\/#\/schema\/logo\/image\/\"}},{\"@type\":\"Person\",\"@id\":\"https:\/\/www.esin.av.tr\/tr\/#\/schema\/person\/42c8e616aab56b8622fa365ad63282ae\",\"name\":\"R\u0131dvan Konrat\",\"image\":{\"@type\":\"ImageObject\",\"inLanguage\":\"tr\",\"@id\":\"https:\/\/www.esin.av.tr\/tr\/#\/schema\/person\/image\/\",\"url\":\"https:\/\/secure.gravatar.com\/avatar\/b20c6c583be38ed4e76e32f69fccc676?s=96&d=mm&r=g\",\"contentUrl\":\"https:\/\/secure.gravatar.com\/avatar\/b20c6c583be38ed4e76e32f69fccc676?s=96&d=mm&r=g\",\"caption\":\"R\u0131dvan Konrat\"},\"sameAs\":[\"http:\/\/www.esin.av.tr\"],\"url\":\"https:\/\/www.esin.av.tr\/tr\/author\/rkonrat\/\"}]}<\/script>\n<!-- \/ Yoast SEO plugin. -->","yoast_head_json":{"title":"Ki\u015fisel Veri G\u00fcvenli\u011fi Rehberi Yay\u0131mland\u0131","description":"Yeni Geli\u015fmeler Ki\u015fisel Verileri Koruma Kurumu (\"Kurum\") 19 Ocak 2018 tarihinde Ki\u015fisel Veri G\u00fcvenli\u011fi Rehberini (\"Rehber\") yay\u0131mlad\u0131. Rehber'in Amac\u0131","robots":{"index":"index","follow":"follow","max-snippet":"max-snippet:-1","max-image-preview":"max-image-preview:large","max-video-preview":"max-video-preview:-1"},"canonical":"https:\/\/www.esin.av.tr\/tr\/2018\/01\/25\/kisisel-veri-guvenligi-rehberi-yayimlandi\/","og_locale":"tr_TR","og_type":"article","og_title":"Ki\u015fisel Veri G\u00fcvenli\u011fi Rehberi Yay\u0131mland\u0131","og_description":"Yeni Geli\u015fmeler Ki\u015fisel Verileri Koruma Kurumu (\"Kurum\") 19 Ocak 2018 tarihinde Ki\u015fisel Veri G\u00fcvenli\u011fi Rehberini (\"Rehber\") yay\u0131mlad\u0131. Rehber'in Amac\u0131","og_url":"https:\/\/www.esin.av.tr\/tr\/2018\/01\/25\/kisisel-veri-guvenligi-rehberi-yayimlandi\/","og_site_name":"Esin Avukatl\u0131k Ortakl\u0131\u011f\u0131","article_published_time":"2018-01-25T10:50:43+00:00","article_modified_time":"2022-06-09T12:11:04+00:00","author":"R\u0131dvan Konrat","twitter_card":"summary_large_image","twitter_misc":{"Written by":"R\u0131dvan Konrat","Est. reading time":"2 minutes"},"schema":{"@context":"https:\/\/schema.org","@graph":[{"@type":"Article","@id":"https:\/\/www.esin.av.tr\/tr\/2018\/01\/25\/kisisel-veri-guvenligi-rehberi-yayimlandi\/#article","isPartOf":{"@id":"https:\/\/www.esin.av.tr\/tr\/2018\/01\/25\/kisisel-veri-guvenligi-rehberi-yayimlandi\/"},"author":{"name":"R\u0131dvan Konrat","@id":"https:\/\/www.esin.av.tr\/tr\/#\/schema\/person\/42c8e616aab56b8622fa365ad63282ae"},"headline":"Ki\u015fisel Veri G\u00fcvenli\u011fi Rehberi Yay\u0131mland\u0131","datePublished":"2018-01-25T10:50:43+00:00","dateModified":"2022-06-09T12:11:04+00:00","mainEntityOfPage":{"@id":"https:\/\/www.esin.av.tr\/tr\/2018\/01\/25\/kisisel-veri-guvenligi-rehberi-yayimlandi\/"},"wordCount":492,"publisher":{"@id":"https:\/\/www.esin.av.tr\/tr\/#organization"},"keywords":["Bilgi Teknolojileri ve Telekom\u00fcnikasyon"],"articleSection":["Hukuk B\u00fcltenleri"],"inLanguage":"tr"},{"@type":"WebPage","@id":"https:\/\/www.esin.av.tr\/tr\/2018\/01\/25\/kisisel-veri-guvenligi-rehberi-yayimlandi\/","url":"https:\/\/www.esin.av.tr\/tr\/2018\/01\/25\/kisisel-veri-guvenligi-rehberi-yayimlandi\/","name":"Ki\u015fisel Veri G\u00fcvenli\u011fi Rehberi Yay\u0131mland\u0131","isPartOf":{"@id":"https:\/\/www.esin.av.tr\/tr\/#website"},"datePublished":"2018-01-25T10:50:43+00:00","dateModified":"2022-06-09T12:11:04+00:00","description":"Yeni Geli\u015fmeler Ki\u015fisel Verileri Koruma Kurumu (\"Kurum\") 19 Ocak 2018 tarihinde Ki\u015fisel Veri G\u00fcvenli\u011fi Rehberini (\"Rehber\") yay\u0131mlad\u0131. Rehber'in Amac\u0131","breadcrumb":{"@id":"https:\/\/www.esin.av.tr\/tr\/2018\/01\/25\/kisisel-veri-guvenligi-rehberi-yayimlandi\/#breadcrumb"},"inLanguage":"tr","potentialAction":[{"@type":"ReadAction","target":["https:\/\/www.esin.av.tr\/tr\/2018\/01\/25\/kisisel-veri-guvenligi-rehberi-yayimlandi\/"]}]},{"@type":"BreadcrumbList","@id":"https:\/\/www.esin.av.tr\/tr\/2018\/01\/25\/kisisel-veri-guvenligi-rehberi-yayimlandi\/#breadcrumb","itemListElement":[{"@type":"ListItem","position":1,"name":"Home","item":"https:\/\/www.esin.av.tr\/tr\/"},{"@type":"ListItem","position":2,"name":"Ki\u015fisel Veri G\u00fcvenli\u011fi Rehberi Yay\u0131mland\u0131"}]},{"@type":"WebSite","@id":"https:\/\/www.esin.av.tr\/tr\/#website","url":"https:\/\/www.esin.av.tr\/tr\/","name":"Esin Avukatl\u0131k Ortakl\u0131\u011f\u0131","description":"","publisher":{"@id":"https:\/\/www.esin.av.tr\/tr\/#organization"},"potentialAction":[{"@type":"SearchAction","target":{"@type":"EntryPoint","urlTemplate":"https:\/\/www.esin.av.tr\/tr\/?s={search_term_string}"},"query-input":{"@type":"PropertyValueSpecification","valueRequired":true,"valueName":"search_term_string"}}],"inLanguage":"tr"},{"@type":"Organization","@id":"https:\/\/www.esin.av.tr\/tr\/#organization","name":"Esin Avukatl\u0131k Ortakl\u0131\u011f\u0131","url":"https:\/\/www.esin.av.tr\/tr\/","logo":{"@type":"ImageObject","inLanguage":"tr","@id":"https:\/\/www.esin.av.tr\/tr\/#\/schema\/logo\/image\/","url":"https:\/\/www.esin.av.tr\/wp-content\/uploads\/2021\/09\/esin-2.jpg","contentUrl":"https:\/\/www.esin.av.tr\/wp-content\/uploads\/2021\/09\/esin-2.jpg","width":800,"height":460,"caption":"Esin Avukatl\u0131k Ortakl\u0131\u011f\u0131"},"image":{"@id":"https:\/\/www.esin.av.tr\/tr\/#\/schema\/logo\/image\/"}},{"@type":"Person","@id":"https:\/\/www.esin.av.tr\/tr\/#\/schema\/person\/42c8e616aab56b8622fa365ad63282ae","name":"R\u0131dvan Konrat","image":{"@type":"ImageObject","inLanguage":"tr","@id":"https:\/\/www.esin.av.tr\/tr\/#\/schema\/person\/image\/","url":"https:\/\/secure.gravatar.com\/avatar\/b20c6c583be38ed4e76e32f69fccc676?s=96&d=mm&r=g","contentUrl":"https:\/\/secure.gravatar.com\/avatar\/b20c6c583be38ed4e76e32f69fccc676?s=96&d=mm&r=g","caption":"R\u0131dvan Konrat"},"sameAs":["http:\/\/www.esin.av.tr"],"url":"https:\/\/www.esin.av.tr\/tr\/author\/rkonrat\/"}]}},"_links":{"self":[{"href":"https:\/\/www.esin.av.tr\/tr\/wp-json\/wp\/v2\/posts\/14646","targetHints":{"allow":["GET"]}}],"collection":[{"href":"https:\/\/www.esin.av.tr\/tr\/wp-json\/wp\/v2\/posts"}],"about":[{"href":"https:\/\/www.esin.av.tr\/tr\/wp-json\/wp\/v2\/types\/post"}],"author":[{"embeddable":true,"href":"https:\/\/www.esin.av.tr\/tr\/wp-json\/wp\/v2\/users\/4"}],"replies":[{"embeddable":true,"href":"https:\/\/www.esin.av.tr\/tr\/wp-json\/wp\/v2\/comments?post=14646"}],"version-history":[{"count":1,"href":"https:\/\/www.esin.av.tr\/tr\/wp-json\/wp\/v2\/posts\/14646\/revisions"}],"predecessor-version":[{"id":15737,"href":"https:\/\/www.esin.av.tr\/tr\/wp-json\/wp\/v2\/posts\/14646\/revisions\/15737"}],"wp:attachment":[{"href":"https:\/\/www.esin.av.tr\/tr\/wp-json\/wp\/v2\/media?parent=14646"}],"wp:term":[{"taxonomy":"category","embeddable":true,"href":"https:\/\/www.esin.av.tr\/tr\/wp-json\/wp\/v2\/categories?post=14646"},{"taxonomy":"post_tag","embeddable":true,"href":"https:\/\/www.esin.av.tr\/tr\/wp-json\/wp\/v2\/tags?post=14646"}],"curies":[{"name":"wp","href":"https:\/\/api.w.org\/{rel}","templated":true}]}}