{"id":14640,"date":"2018-02-09T09:17:28","date_gmt":"2018-02-09T09:17:28","guid":{"rendered":"http:\/\/upt.esin.av.tr\/2018\/02\/09\/kozmetik-guvenligi-turkiye-guvensiz-ve-teknik-duzenlemeye-aykiri-kozmetik-urunlerin-uzerine-gitmeye-devam-ediyor-3\/"},"modified":"2022-06-09T12:10:48","modified_gmt":"2022-06-09T12:10:48","slug":"kozmetik-guvenligi-turkiye-guvensiz-ve-teknik-duzenlemeye-aykiri-kozmetik-urunlerin-uzerine-gitmeye-devam-ediyor-subat-2018","status":"publish","type":"post","link":"https:\/\/www.esin.av.tr\/tr\/2018\/02\/09\/kozmetik-guvenligi-turkiye-guvensiz-ve-teknik-duzenlemeye-aykiri-kozmetik-urunlerin-uzerine-gitmeye-devam-ediyor-subat-2018\/","title":{"rendered":"Kozmetik G\u00fcvenli\u011fi: T\u00fcrkiye G\u00fcvensiz ve Teknik D\u00fczenlemeye Ayk\u0131r\u0131 Kozmetik \u00dcr\u00fcnlerin \u00dczerine Gitmeye Devam Ediyor &#8211; \u015eubat 2018"},"content":{"rendered":"<table cellspacing=\"0\">\n<tbody>\n<tr>\n<td>\n<p class=\"s7\"><strong>Yeni Geli\u015fmeler<\/strong><\/p>\n<p class=\"s12\">T\u00fcrkiye \u0130la\u00e7 ve T\u0131bbi Cihaz Kurumu (&#8220;<b>T\u0130TCK<\/b>&#8220;), ge\u00e7ti\u011fimiz g\u00fcnlerde 2017 y\u0131l\u0131n\u0131n Eyl\u00fcl ile Aral\u0131k aylar\u0131 aras\u0131n\u0131 kapsayan d\u00f6nemde kozmetik sekt\u00f6r\u00fcn\u00fcn piyasa g\u00f6zetimi ve denetimi ile ilgili d\u00f6rd\u00fcnc\u00fc \u00e7eyrek sonu\u00e7lar\u0131n\u0131 a\u00e7\u0131klad\u0131.<\/p>\n<p class=\"s7\"><strong>Sonu\u00e7lar Ne Anlama Geliyor?<\/strong><\/p>\n<p class=\"s12\">T\u0130TCK Kozmetik Denetim Dairesi, 2017 y\u0131l\u0131n\u0131n d\u00f6rd\u00fcnc\u00fc \u00e7eyre\u011finde tespit edilen g\u00fcvensiz ve teknik d\u00fczenlemeye ayk\u0131r\u0131 kozmetik \u00fcr\u00fcnlerinin listesini yay\u0131mlad\u0131. \u0130ncelenen 398 kozmetik \u00fcr\u00fcnden 105 tanesinin teknik d\u00fczenlemeye ayk\u0131r\u0131, 6 tanesinin ise g\u00fcvensiz oldu\u011fu tespit edildi. Sorumlu \u015firketlere toplam 444.727 TL&#8217;lik ceza kesildi. D\u00f6rd\u00fcnc\u00fc \u00e7eyrekteki g\u00fcvensiz ve teknik d\u00fczenlemeye ayk\u0131r\u0131 kozmetik \u00fcr\u00fcnlerinin tam listesine <a href=\"https:\/\/www.titck.gov.tr\/PortalAdmin\/Uploads\/UnitPageAttachment\/Kozmetik%20G%C3%BCvensiz%20%C3%9Cr%C3%BCn%20Listesi-2017%204.%20d%C3%B6nem.pdf\">buradan<\/a> ula\u015fabilirsiniz.<\/p>\n<p class=\"s7\"><strong>Sonu\u00e7<\/strong><\/p>\n<p class=\"s8\">T\u0130TCK, kozmetik sekt\u00f6r\u00fcnde pazar g\u00f6zetim ve denetim faaliyetlerine d\u00fczenli olarak devam ediyor. Piyasada bulunan t\u00fcm kozmetik \u00fcr\u00fcnler, ilgili kanun ve y\u00f6netmeliklerle tamamen uyumlu olmal\u0131; \u00fcretici \u015firketler ise g\u00fcvensiz ya da teknik d\u00fczenlemeye ayk\u0131r\u0131 \u00fcr\u00fcnler satmad\u0131\u011f\u0131ndan veya da\u011f\u0131tmad\u0131\u011f\u0131ndan emin olmal\u0131d\u0131r.<\/p>\n<\/td>\n<\/tr>\n<\/tbody>\n<\/table>\n","protected":false},"excerpt":{"rendered":"<p>Yeni Geli\u015fmeler T\u00fcrkiye \u0130la\u00e7 ve T\u0131bbi Cihaz Kurumu (&#8220;T\u0130TCK&#8220;), ge\u00e7ti\u011fimiz g\u00fcnlerde 2017 y\u0131l\u0131n\u0131n Eyl\u00fcl ile Aral\u0131k aylar\u0131 aras\u0131n\u0131 kapsayan d\u00f6nemde [&hellip;]<\/p>\n","protected":false},"author":4,"featured_media":0,"comment_status":"closed","ping_status":"closed","sticky":false,"template":"","format":"standard","meta":{"_acf_changed":false,"_stopmodifiedupdate":false,"_modified_date":"","footnotes":""},"categories":[120],"tags":[92],"class_list":["post-14640","post","type-post","status-publish","format-standard","hentry","category-legal-alerts","tag-healthcare-tr"],"acf":[],"yoast_head":"<!-- This site is optimized with the Yoast SEO plugin v24.0 - https:\/\/yoast.com\/wordpress\/plugins\/seo\/ -->\n<title>Kozmetik G\u00fcvenli\u011fi: T\u00fcrkiye G\u00fcvensiz ve Teknik D\u00fczenlemeye Ayk\u0131r\u0131 Kozmetik \u00dcr\u00fcnlerin \u00dczerine Gitmeye Devam Ediyor - \u015eubat 2018<\/title>\n<meta name=\"description\" content=\"Yeni Geli\u015fmeler T\u00fcrkiye \u0130la\u00e7 ve T\u0131bbi Cihaz Kurumu (&quot;T\u0130TCK&quot;), ge\u00e7ti\u011fimiz g\u00fcnlerde 2017 y\u0131l\u0131n\u0131n Eyl\u00fcl ile Aral\u0131k aylar\u0131 aras\u0131n\u0131 kapsayan d\u00f6nemde kozmetik\" \/>\n<meta name=\"robots\" content=\"index, follow, max-snippet:-1, max-image-preview:large, max-video-preview:-1\" \/>\n<link rel=\"canonical\" href=\"https:\/\/www.esin.av.tr\/tr\/2018\/02\/09\/kozmetik-guvenligi-turkiye-guvensiz-ve-teknik-duzenlemeye-aykiri-kozmetik-urunlerin-uzerine-gitmeye-devam-ediyor-subat-2018\/\" \/>\n<meta property=\"og:locale\" content=\"tr_TR\" \/>\n<meta property=\"og:type\" content=\"article\" \/>\n<meta property=\"og:title\" content=\"Kozmetik G\u00fcvenli\u011fi: T\u00fcrkiye G\u00fcvensiz ve Teknik D\u00fczenlemeye Ayk\u0131r\u0131 Kozmetik \u00dcr\u00fcnlerin \u00dczerine Gitmeye Devam Ediyor - \u015eubat 2018\" \/>\n<meta property=\"og:description\" content=\"Yeni Geli\u015fmeler T\u00fcrkiye \u0130la\u00e7 ve T\u0131bbi Cihaz Kurumu (&quot;T\u0130TCK&quot;), ge\u00e7ti\u011fimiz g\u00fcnlerde 2017 y\u0131l\u0131n\u0131n Eyl\u00fcl ile Aral\u0131k aylar\u0131 aras\u0131n\u0131 kapsayan d\u00f6nemde kozmetik\" \/>\n<meta property=\"og:url\" content=\"https:\/\/www.esin.av.tr\/tr\/2018\/02\/09\/kozmetik-guvenligi-turkiye-guvensiz-ve-teknik-duzenlemeye-aykiri-kozmetik-urunlerin-uzerine-gitmeye-devam-ediyor-subat-2018\/\" \/>\n<meta property=\"og:site_name\" content=\"Esin Avukatl\u0131k Ortakl\u0131\u011f\u0131\" \/>\n<meta property=\"article:published_time\" content=\"2018-02-09T09:17:28+00:00\" \/>\n<meta property=\"article:modified_time\" content=\"2022-06-09T12:10:48+00:00\" \/>\n<meta name=\"author\" content=\"R\u0131dvan Konrat\" \/>\n<meta name=\"twitter:card\" content=\"summary_large_image\" \/>\n<meta name=\"twitter:label1\" content=\"Written by\" \/>\n\t<meta name=\"twitter:data1\" content=\"R\u0131dvan Konrat\" \/>\n\t<meta name=\"twitter:label2\" content=\"Est. reading time\" \/>\n\t<meta name=\"twitter:data2\" content=\"1 minute\" \/>\n<script type=\"application\/ld+json\" class=\"yoast-schema-graph\">{\"@context\":\"https:\/\/schema.org\",\"@graph\":[{\"@type\":\"Article\",\"@id\":\"https:\/\/www.esin.av.tr\/tr\/2018\/02\/09\/kozmetik-guvenligi-turkiye-guvensiz-ve-teknik-duzenlemeye-aykiri-kozmetik-urunlerin-uzerine-gitmeye-devam-ediyor-subat-2018\/#article\",\"isPartOf\":{\"@id\":\"https:\/\/www.esin.av.tr\/tr\/2018\/02\/09\/kozmetik-guvenligi-turkiye-guvensiz-ve-teknik-duzenlemeye-aykiri-kozmetik-urunlerin-uzerine-gitmeye-devam-ediyor-subat-2018\/\"},\"author\":{\"name\":\"R\u0131dvan Konrat\",\"@id\":\"https:\/\/www.esin.av.tr\/tr\/#\/schema\/person\/42c8e616aab56b8622fa365ad63282ae\"},\"headline\":\"Kozmetik G\u00fcvenli\u011fi: T\u00fcrkiye G\u00fcvensiz ve Teknik D\u00fczenlemeye Ayk\u0131r\u0131 Kozmetik \u00dcr\u00fcnlerin \u00dczerine Gitmeye Devam Ediyor &#8211; \u015eubat 2018\",\"datePublished\":\"2018-02-09T09:17:28+00:00\",\"dateModified\":\"2022-06-09T12:10:48+00:00\",\"mainEntityOfPage\":{\"@id\":\"https:\/\/www.esin.av.tr\/tr\/2018\/02\/09\/kozmetik-guvenligi-turkiye-guvensiz-ve-teknik-duzenlemeye-aykiri-kozmetik-urunlerin-uzerine-gitmeye-devam-ediyor-subat-2018\/\"},\"wordCount\":214,\"publisher\":{\"@id\":\"https:\/\/www.esin.av.tr\/tr\/#organization\"},\"keywords\":[\"Sa\u011fl\u0131k Hukuku\"],\"articleSection\":[\"Hukuk B\u00fcltenleri\"],\"inLanguage\":\"tr\"},{\"@type\":\"WebPage\",\"@id\":\"https:\/\/www.esin.av.tr\/tr\/2018\/02\/09\/kozmetik-guvenligi-turkiye-guvensiz-ve-teknik-duzenlemeye-aykiri-kozmetik-urunlerin-uzerine-gitmeye-devam-ediyor-subat-2018\/\",\"url\":\"https:\/\/www.esin.av.tr\/tr\/2018\/02\/09\/kozmetik-guvenligi-turkiye-guvensiz-ve-teknik-duzenlemeye-aykiri-kozmetik-urunlerin-uzerine-gitmeye-devam-ediyor-subat-2018\/\",\"name\":\"Kozmetik G\u00fcvenli\u011fi: T\u00fcrkiye G\u00fcvensiz ve Teknik D\u00fczenlemeye Ayk\u0131r\u0131 Kozmetik \u00dcr\u00fcnlerin \u00dczerine Gitmeye Devam Ediyor - \u015eubat 2018\",\"isPartOf\":{\"@id\":\"https:\/\/www.esin.av.tr\/tr\/#website\"},\"datePublished\":\"2018-02-09T09:17:28+00:00\",\"dateModified\":\"2022-06-09T12:10:48+00:00\",\"description\":\"Yeni Geli\u015fmeler T\u00fcrkiye \u0130la\u00e7 ve T\u0131bbi Cihaz Kurumu (\\\"T\u0130TCK\\\"), ge\u00e7ti\u011fimiz g\u00fcnlerde 2017 y\u0131l\u0131n\u0131n Eyl\u00fcl ile Aral\u0131k aylar\u0131 aras\u0131n\u0131 kapsayan d\u00f6nemde kozmetik\",\"breadcrumb\":{\"@id\":\"https:\/\/www.esin.av.tr\/tr\/2018\/02\/09\/kozmetik-guvenligi-turkiye-guvensiz-ve-teknik-duzenlemeye-aykiri-kozmetik-urunlerin-uzerine-gitmeye-devam-ediyor-subat-2018\/#breadcrumb\"},\"inLanguage\":\"tr\",\"potentialAction\":[{\"@type\":\"ReadAction\",\"target\":[\"https:\/\/www.esin.av.tr\/tr\/2018\/02\/09\/kozmetik-guvenligi-turkiye-guvensiz-ve-teknik-duzenlemeye-aykiri-kozmetik-urunlerin-uzerine-gitmeye-devam-ediyor-subat-2018\/\"]}]},{\"@type\":\"BreadcrumbList\",\"@id\":\"https:\/\/www.esin.av.tr\/tr\/2018\/02\/09\/kozmetik-guvenligi-turkiye-guvensiz-ve-teknik-duzenlemeye-aykiri-kozmetik-urunlerin-uzerine-gitmeye-devam-ediyor-subat-2018\/#breadcrumb\",\"itemListElement\":[{\"@type\":\"ListItem\",\"position\":1,\"name\":\"Home\",\"item\":\"https:\/\/www.esin.av.tr\/tr\/\"},{\"@type\":\"ListItem\",\"position\":2,\"name\":\"Kozmetik G\u00fcvenli\u011fi: T\u00fcrkiye G\u00fcvensiz ve Teknik D\u00fczenlemeye Ayk\u0131r\u0131 Kozmetik \u00dcr\u00fcnlerin \u00dczerine Gitmeye Devam Ediyor &#8211; \u015eubat 2018\"}]},{\"@type\":\"WebSite\",\"@id\":\"https:\/\/www.esin.av.tr\/tr\/#website\",\"url\":\"https:\/\/www.esin.av.tr\/tr\/\",\"name\":\"Esin Avukatl\u0131k Ortakl\u0131\u011f\u0131\",\"description\":\"\",\"publisher\":{\"@id\":\"https:\/\/www.esin.av.tr\/tr\/#organization\"},\"potentialAction\":[{\"@type\":\"SearchAction\",\"target\":{\"@type\":\"EntryPoint\",\"urlTemplate\":\"https:\/\/www.esin.av.tr\/tr\/?s={search_term_string}\"},\"query-input\":{\"@type\":\"PropertyValueSpecification\",\"valueRequired\":true,\"valueName\":\"search_term_string\"}}],\"inLanguage\":\"tr\"},{\"@type\":\"Organization\",\"@id\":\"https:\/\/www.esin.av.tr\/tr\/#organization\",\"name\":\"Esin Avukatl\u0131k Ortakl\u0131\u011f\u0131\",\"url\":\"https:\/\/www.esin.av.tr\/tr\/\",\"logo\":{\"@type\":\"ImageObject\",\"inLanguage\":\"tr\",\"@id\":\"https:\/\/www.esin.av.tr\/tr\/#\/schema\/logo\/image\/\",\"url\":\"https:\/\/www.esin.av.tr\/wp-content\/uploads\/2021\/09\/esin-2.jpg\",\"contentUrl\":\"https:\/\/www.esin.av.tr\/wp-content\/uploads\/2021\/09\/esin-2.jpg\",\"width\":800,\"height\":460,\"caption\":\"Esin Avukatl\u0131k Ortakl\u0131\u011f\u0131\"},\"image\":{\"@id\":\"https:\/\/www.esin.av.tr\/tr\/#\/schema\/logo\/image\/\"}},{\"@type\":\"Person\",\"@id\":\"https:\/\/www.esin.av.tr\/tr\/#\/schema\/person\/42c8e616aab56b8622fa365ad63282ae\",\"name\":\"R\u0131dvan Konrat\",\"image\":{\"@type\":\"ImageObject\",\"inLanguage\":\"tr\",\"@id\":\"https:\/\/www.esin.av.tr\/tr\/#\/schema\/person\/image\/\",\"url\":\"https:\/\/secure.gravatar.com\/avatar\/b20c6c583be38ed4e76e32f69fccc676?s=96&d=mm&r=g\",\"contentUrl\":\"https:\/\/secure.gravatar.com\/avatar\/b20c6c583be38ed4e76e32f69fccc676?s=96&d=mm&r=g\",\"caption\":\"R\u0131dvan Konrat\"},\"sameAs\":[\"http:\/\/www.esin.av.tr\"],\"url\":\"https:\/\/www.esin.av.tr\/tr\/author\/rkonrat\/\"}]}<\/script>\n<!-- \/ Yoast SEO plugin. -->","yoast_head_json":{"title":"Kozmetik G\u00fcvenli\u011fi: T\u00fcrkiye G\u00fcvensiz ve Teknik D\u00fczenlemeye Ayk\u0131r\u0131 Kozmetik \u00dcr\u00fcnlerin \u00dczerine Gitmeye Devam Ediyor - \u015eubat 2018","description":"Yeni Geli\u015fmeler T\u00fcrkiye \u0130la\u00e7 ve T\u0131bbi Cihaz Kurumu (\"T\u0130TCK\"), ge\u00e7ti\u011fimiz g\u00fcnlerde 2017 y\u0131l\u0131n\u0131n Eyl\u00fcl ile Aral\u0131k aylar\u0131 aras\u0131n\u0131 kapsayan d\u00f6nemde kozmetik","robots":{"index":"index","follow":"follow","max-snippet":"max-snippet:-1","max-image-preview":"max-image-preview:large","max-video-preview":"max-video-preview:-1"},"canonical":"https:\/\/www.esin.av.tr\/tr\/2018\/02\/09\/kozmetik-guvenligi-turkiye-guvensiz-ve-teknik-duzenlemeye-aykiri-kozmetik-urunlerin-uzerine-gitmeye-devam-ediyor-subat-2018\/","og_locale":"tr_TR","og_type":"article","og_title":"Kozmetik G\u00fcvenli\u011fi: T\u00fcrkiye G\u00fcvensiz ve Teknik D\u00fczenlemeye Ayk\u0131r\u0131 Kozmetik \u00dcr\u00fcnlerin \u00dczerine Gitmeye Devam Ediyor - \u015eubat 2018","og_description":"Yeni Geli\u015fmeler T\u00fcrkiye \u0130la\u00e7 ve T\u0131bbi Cihaz Kurumu (\"T\u0130TCK\"), ge\u00e7ti\u011fimiz g\u00fcnlerde 2017 y\u0131l\u0131n\u0131n Eyl\u00fcl ile Aral\u0131k aylar\u0131 aras\u0131n\u0131 kapsayan d\u00f6nemde kozmetik","og_url":"https:\/\/www.esin.av.tr\/tr\/2018\/02\/09\/kozmetik-guvenligi-turkiye-guvensiz-ve-teknik-duzenlemeye-aykiri-kozmetik-urunlerin-uzerine-gitmeye-devam-ediyor-subat-2018\/","og_site_name":"Esin Avukatl\u0131k Ortakl\u0131\u011f\u0131","article_published_time":"2018-02-09T09:17:28+00:00","article_modified_time":"2022-06-09T12:10:48+00:00","author":"R\u0131dvan Konrat","twitter_card":"summary_large_image","twitter_misc":{"Written by":"R\u0131dvan Konrat","Est. reading time":"1 minute"},"schema":{"@context":"https:\/\/schema.org","@graph":[{"@type":"Article","@id":"https:\/\/www.esin.av.tr\/tr\/2018\/02\/09\/kozmetik-guvenligi-turkiye-guvensiz-ve-teknik-duzenlemeye-aykiri-kozmetik-urunlerin-uzerine-gitmeye-devam-ediyor-subat-2018\/#article","isPartOf":{"@id":"https:\/\/www.esin.av.tr\/tr\/2018\/02\/09\/kozmetik-guvenligi-turkiye-guvensiz-ve-teknik-duzenlemeye-aykiri-kozmetik-urunlerin-uzerine-gitmeye-devam-ediyor-subat-2018\/"},"author":{"name":"R\u0131dvan Konrat","@id":"https:\/\/www.esin.av.tr\/tr\/#\/schema\/person\/42c8e616aab56b8622fa365ad63282ae"},"headline":"Kozmetik G\u00fcvenli\u011fi: T\u00fcrkiye G\u00fcvensiz ve Teknik D\u00fczenlemeye Ayk\u0131r\u0131 Kozmetik \u00dcr\u00fcnlerin \u00dczerine Gitmeye Devam Ediyor &#8211; \u015eubat 2018","datePublished":"2018-02-09T09:17:28+00:00","dateModified":"2022-06-09T12:10:48+00:00","mainEntityOfPage":{"@id":"https:\/\/www.esin.av.tr\/tr\/2018\/02\/09\/kozmetik-guvenligi-turkiye-guvensiz-ve-teknik-duzenlemeye-aykiri-kozmetik-urunlerin-uzerine-gitmeye-devam-ediyor-subat-2018\/"},"wordCount":214,"publisher":{"@id":"https:\/\/www.esin.av.tr\/tr\/#organization"},"keywords":["Sa\u011fl\u0131k Hukuku"],"articleSection":["Hukuk B\u00fcltenleri"],"inLanguage":"tr"},{"@type":"WebPage","@id":"https:\/\/www.esin.av.tr\/tr\/2018\/02\/09\/kozmetik-guvenligi-turkiye-guvensiz-ve-teknik-duzenlemeye-aykiri-kozmetik-urunlerin-uzerine-gitmeye-devam-ediyor-subat-2018\/","url":"https:\/\/www.esin.av.tr\/tr\/2018\/02\/09\/kozmetik-guvenligi-turkiye-guvensiz-ve-teknik-duzenlemeye-aykiri-kozmetik-urunlerin-uzerine-gitmeye-devam-ediyor-subat-2018\/","name":"Kozmetik G\u00fcvenli\u011fi: T\u00fcrkiye G\u00fcvensiz ve Teknik D\u00fczenlemeye Ayk\u0131r\u0131 Kozmetik \u00dcr\u00fcnlerin \u00dczerine Gitmeye Devam Ediyor - \u015eubat 2018","isPartOf":{"@id":"https:\/\/www.esin.av.tr\/tr\/#website"},"datePublished":"2018-02-09T09:17:28+00:00","dateModified":"2022-06-09T12:10:48+00:00","description":"Yeni Geli\u015fmeler T\u00fcrkiye \u0130la\u00e7 ve T\u0131bbi Cihaz Kurumu (\"T\u0130TCK\"), ge\u00e7ti\u011fimiz g\u00fcnlerde 2017 y\u0131l\u0131n\u0131n Eyl\u00fcl ile Aral\u0131k aylar\u0131 aras\u0131n\u0131 kapsayan d\u00f6nemde kozmetik","breadcrumb":{"@id":"https:\/\/www.esin.av.tr\/tr\/2018\/02\/09\/kozmetik-guvenligi-turkiye-guvensiz-ve-teknik-duzenlemeye-aykiri-kozmetik-urunlerin-uzerine-gitmeye-devam-ediyor-subat-2018\/#breadcrumb"},"inLanguage":"tr","potentialAction":[{"@type":"ReadAction","target":["https:\/\/www.esin.av.tr\/tr\/2018\/02\/09\/kozmetik-guvenligi-turkiye-guvensiz-ve-teknik-duzenlemeye-aykiri-kozmetik-urunlerin-uzerine-gitmeye-devam-ediyor-subat-2018\/"]}]},{"@type":"BreadcrumbList","@id":"https:\/\/www.esin.av.tr\/tr\/2018\/02\/09\/kozmetik-guvenligi-turkiye-guvensiz-ve-teknik-duzenlemeye-aykiri-kozmetik-urunlerin-uzerine-gitmeye-devam-ediyor-subat-2018\/#breadcrumb","itemListElement":[{"@type":"ListItem","position":1,"name":"Home","item":"https:\/\/www.esin.av.tr\/tr\/"},{"@type":"ListItem","position":2,"name":"Kozmetik G\u00fcvenli\u011fi: T\u00fcrkiye G\u00fcvensiz ve Teknik D\u00fczenlemeye Ayk\u0131r\u0131 Kozmetik \u00dcr\u00fcnlerin \u00dczerine Gitmeye Devam Ediyor &#8211; \u015eubat 2018"}]},{"@type":"WebSite","@id":"https:\/\/www.esin.av.tr\/tr\/#website","url":"https:\/\/www.esin.av.tr\/tr\/","name":"Esin Avukatl\u0131k Ortakl\u0131\u011f\u0131","description":"","publisher":{"@id":"https:\/\/www.esin.av.tr\/tr\/#organization"},"potentialAction":[{"@type":"SearchAction","target":{"@type":"EntryPoint","urlTemplate":"https:\/\/www.esin.av.tr\/tr\/?s={search_term_string}"},"query-input":{"@type":"PropertyValueSpecification","valueRequired":true,"valueName":"search_term_string"}}],"inLanguage":"tr"},{"@type":"Organization","@id":"https:\/\/www.esin.av.tr\/tr\/#organization","name":"Esin Avukatl\u0131k Ortakl\u0131\u011f\u0131","url":"https:\/\/www.esin.av.tr\/tr\/","logo":{"@type":"ImageObject","inLanguage":"tr","@id":"https:\/\/www.esin.av.tr\/tr\/#\/schema\/logo\/image\/","url":"https:\/\/www.esin.av.tr\/wp-content\/uploads\/2021\/09\/esin-2.jpg","contentUrl":"https:\/\/www.esin.av.tr\/wp-content\/uploads\/2021\/09\/esin-2.jpg","width":800,"height":460,"caption":"Esin Avukatl\u0131k Ortakl\u0131\u011f\u0131"},"image":{"@id":"https:\/\/www.esin.av.tr\/tr\/#\/schema\/logo\/image\/"}},{"@type":"Person","@id":"https:\/\/www.esin.av.tr\/tr\/#\/schema\/person\/42c8e616aab56b8622fa365ad63282ae","name":"R\u0131dvan Konrat","image":{"@type":"ImageObject","inLanguage":"tr","@id":"https:\/\/www.esin.av.tr\/tr\/#\/schema\/person\/image\/","url":"https:\/\/secure.gravatar.com\/avatar\/b20c6c583be38ed4e76e32f69fccc676?s=96&d=mm&r=g","contentUrl":"https:\/\/secure.gravatar.com\/avatar\/b20c6c583be38ed4e76e32f69fccc676?s=96&d=mm&r=g","caption":"R\u0131dvan Konrat"},"sameAs":["http:\/\/www.esin.av.tr"],"url":"https:\/\/www.esin.av.tr\/tr\/author\/rkonrat\/"}]}},"_links":{"self":[{"href":"https:\/\/www.esin.av.tr\/tr\/wp-json\/wp\/v2\/posts\/14640","targetHints":{"allow":["GET"]}}],"collection":[{"href":"https:\/\/www.esin.av.tr\/tr\/wp-json\/wp\/v2\/posts"}],"about":[{"href":"https:\/\/www.esin.av.tr\/tr\/wp-json\/wp\/v2\/types\/post"}],"author":[{"embeddable":true,"href":"https:\/\/www.esin.av.tr\/tr\/wp-json\/wp\/v2\/users\/4"}],"replies":[{"embeddable":true,"href":"https:\/\/www.esin.av.tr\/tr\/wp-json\/wp\/v2\/comments?post=14640"}],"version-history":[{"count":2,"href":"https:\/\/www.esin.av.tr\/tr\/wp-json\/wp\/v2\/posts\/14640\/revisions"}],"predecessor-version":[{"id":20262,"href":"https:\/\/www.esin.av.tr\/tr\/wp-json\/wp\/v2\/posts\/14640\/revisions\/20262"}],"wp:attachment":[{"href":"https:\/\/www.esin.av.tr\/tr\/wp-json\/wp\/v2\/media?parent=14640"}],"wp:term":[{"taxonomy":"category","embeddable":true,"href":"https:\/\/www.esin.av.tr\/tr\/wp-json\/wp\/v2\/categories?post=14640"},{"taxonomy":"post_tag","embeddable":true,"href":"https:\/\/www.esin.av.tr\/tr\/wp-json\/wp\/v2\/tags?post=14640"}],"curies":[{"name":"wp","href":"https:\/\/api.w.org\/{rel}","templated":true}]}}