{"id":14635,"date":"2018-03-01T13:47:43","date_gmt":"2018-03-01T13:47:43","guid":{"rendered":"http:\/\/upt.esin.av.tr\/2018\/03\/01\/sanayi-isbirligi-projelerinin-uygulanmasina-iliskin-yonetmelik-yururluge-girdi\/"},"modified":"2022-06-09T12:12:31","modified_gmt":"2022-06-09T12:12:31","slug":"sanayi-isbirligi-projelerinin-uygulanmasina-iliskin-yonetmelik-yururluge-girdi","status":"publish","type":"post","link":"https:\/\/www.esin.av.tr\/tr\/2018\/03\/01\/sanayi-isbirligi-projelerinin-uygulanmasina-iliskin-yonetmelik-yururluge-girdi\/","title":{"rendered":"Sanayi \u0130\u015fbirli\u011fi Projelerinin Uygulanmas\u0131na \u0130li\u015fkin Y\u00f6netmelik Y\u00fcr\u00fcrl\u00fc\u011fe Girdi"},"content":{"rendered":"<table cellspacing=\"0\">\n<tbody>\n<tr>\n<td>\n<p class=\"s7\"><strong>Yeni Geli\u015fme<\/strong><\/p>\n<p class=\"s11\">Sanayi \u0130\u015fbirli\u011fi Projelerinin Uygulanmas\u0131na \u0130li\u015fkin Y\u00f6netmelik (&#8220;<b>Y\u00f6netmelik<\/b>&#8220;) 17 \u015eubat 2018 tarihinde Bilim, Sanayi ve Teknoloji Bakanl\u0131\u011f\u0131nca (<b>&#8220;Bakanl\u0131k&#8221;<\/b>) yay\u0131mland\u0131 ve y\u00fcr\u00fcrl\u00fc\u011fe girdi.<\/p>\n<p class=\"s7\"><strong>Y\u00f6netmelik Ne Anlama Geliyor?<\/strong><\/p>\n<p class=\"s11\">Y\u00f6netmelik, 4734 say\u0131l\u0131 Kamu \u0130hale Kanunu&#8217;nun 3(1)(u) h\u00fckm\u00fcne g\u00f6re yenilik, yerlile\u015fme ve teknoloji transferini sa\u011flamaya y\u00f6nelik sanayi i\u015fbirli\u011fi uygulamalar\u0131n\u0131 i\u00e7eren mal ve hizmet al\u0131mlar\u0131 ile yap\u0131m i\u015flerinde uygulanacak usul ve esaslar\u0131 belirlemektedir.<\/p>\n<p class=\"s11\">Y\u00f6netmelik, a\u015fa\u011f\u0131daki kurallar\u0131 getirmektedir:<\/p>\n<ul id=\"l2\">\n<li>\n<p class=\"s11\">\u0130halelerde, fiyat\u0131n yan\u0131 s\u0131ra, i\u015fletme ve bak\u0131m maliyeti, verimlilik, kalite, teknik \u00fcst\u00fcnl\u00fckler, sanayi ve teknoloji kat\u0131l\u0131m\u0131 y\u00fck\u00fcml\u00fcl\u00fckleri gibi unsurlar da de\u011ferlendirmeye al\u0131nacak.<\/p>\n<\/li>\n<li>\n<p class=\"s11\">\u0130dareler, y\u00f6netmeli\u011fe g\u00f6re yap\u0131lacak ihalelerde, aday veya istekli say\u0131 s\u0131n\u0131r\u0131 aranmaks\u0131z\u0131n, a\u00e7\u0131k ihale veya belirli istekliler aras\u0131nda ihale usul\u00fc uygulayacak. Ancak idareler, stratejik \u00f6ncelikler, ulusal menfaat veya standardizasyonun sa\u011flanmas\u0131 gerek\u00e7eleriyle tek adaydan da teklif alabilecek.<\/p>\n<\/li>\n<li>\n<p class=\"s11\">\u0130darenin sanayi i\u015f birli\u011fi projeleri uygulamaya karar vermesini takiben teknik yeterlili\u011fi haiz tedarik grubu kurulacak.<\/p>\n<\/li>\n<li>\n<p class=\"s11\">Y\u00fcklenici, y\u00fck\u00fcml\u00fcl\u00fcklerini sanayi ve teknoloji kat\u0131l\u0131m\u0131 kategorileri kapsam\u0131nda yerine getirecek ve kategoriler A, B ve C olmak \u00fczere \u00fc\u00e7e ayr\u0131lacakt\u0131r. Y\u00fcklenici, idare ve Bakanl\u0131k&#8217;a ilave herhangi bir mali y\u00fck getirmeyecektir.<\/p>\n<\/li>\n<li>\n<p class=\"s11\">Y\u00fcklenici, sanayi ve teknoloji kat\u0131l\u0131m\u0131 s\u00f6zle\u015fmesi kapsam\u0131nda y\u00fck\u00fcml\u00fcl\u00fc\u011f\u00fcn\u00fcn % 6&#8217;s\u0131 oran\u0131nda ve y\u00fck\u00fcml\u00fcl\u00fck s\u00fcresinin tamamlanmas\u0131ndan itibaren en az bir y\u0131l s\u00fcreyle ge\u00e7erli olan teminat mektubunu Bakanl\u0131k&#8217;a sunacakt\u0131r.<\/p>\n<\/li>\n<li>\n<p class=\"s11\">Y\u00fck\u00fcml\u00fcl\u00fcklerin s\u00f6zle\u015fmede belirtilen s\u00fcre ve \u015fartlarda yerine getirilmemesi halinde, yerine getirilmeyen y\u00fck\u00fcml\u00fcl\u00fc\u011f\u00fcn % 6\u2019s\u0131 oran\u0131nda ceza uygulanacak.<\/p>\n<\/li>\n<\/ul>\n<\/td>\n<\/tr>\n<\/tbody>\n<\/table>\n<p>Y\u00f6netmeli\u011fin y\u00fcr\u00fcrl\u00fc\u011fe girdi\u011fi tarihten \u00f6nce ilan\u0131 yap\u0131lm\u0131\u015f ilgili ihalelere, ilan\u0131n yap\u0131ld\u0131\u011f\u0131 tarihte y\u00fcr\u00fcrl\u00fckte bulunan 4734 say\u0131l\u0131 Kamu \u0130hale Kanununun 3 \u00fcnc\u00fc Maddesinin (u) Bendine G\u00f6re Yap\u0131lacak Mal ve Hizmet Al\u0131mlar\u0131na \u0130li\u015fkin Sanayi \u0130\u015fbirli\u011fi Program\u0131 Usul ve Esaslar\u0131na Dair Y\u00f6netmelik uygulanacakt\u0131r.<\/p>\n<p class=\"s13\"><strong>Sonu\u00e7<\/strong><\/p>\n<p>\u015eirketlerin; Y\u00f6netmelik&#8217;in y\u00fcr\u00fcrl\u00fc\u011fe girmesini takiben ilan edilen ilgili ihalelere kat\u0131lmadan \u00f6nce ihale s\u00fcre\u00e7leri ve ihaleye kat\u0131lanlar ile y\u00fcklenicilerin y\u00fck\u00fcml\u00fcl\u00fcklerini dikkate almalar\u0131 \u00f6nerilmektedir.<\/p>\n","protected":false},"excerpt":{"rendered":"<p>Yeni Geli\u015fme Sanayi \u0130\u015fbirli\u011fi Projelerinin Uygulanmas\u0131na \u0130li\u015fkin Y\u00f6netmelik (&#8220;Y\u00f6netmelik&#8220;) 17 \u015eubat 2018 tarihinde Bilim, Sanayi ve Teknoloji Bakanl\u0131\u011f\u0131nca (&#8220;Bakanl\u0131k&#8221;) yay\u0131mland\u0131 [&hellip;]<\/p>\n","protected":false},"author":4,"featured_media":0,"comment_status":"closed","ping_status":"closed","sticky":false,"template":"","format":"standard","meta":{"_acf_changed":false,"_stopmodifiedupdate":false,"_modified_date":"","footnotes":""},"categories":[120],"tags":[94],"class_list":["post-14635","post","type-post","status-publish","format-standard","hentry","category-legal-alerts","tag-international-commercial-and-trade-tr"],"acf":[],"yoast_head":"<!-- This site is optimized with the Yoast SEO plugin v24.0 - https:\/\/yoast.com\/wordpress\/plugins\/seo\/ -->\n<title>Sanayi \u0130\u015fbirli\u011fi Projelerinin Uygulanmas\u0131na \u0130li\u015fkin Y\u00f6netmelik Y\u00fcr\u00fcrl\u00fc\u011fe Girdi<\/title>\n<meta name=\"description\" content=\"Yeni Geli\u015fme Sanayi \u0130\u015fbirli\u011fi Projelerinin Uygulanmas\u0131na \u0130li\u015fkin Y\u00f6netmelik (&quot;Y\u00f6netmelik&quot;) 17 \u015eubat 2018 tarihinde Bilim, Sanayi ve Teknoloji Bakanl\u0131\u011f\u0131nca\" \/>\n<meta name=\"robots\" content=\"index, follow, max-snippet:-1, max-image-preview:large, max-video-preview:-1\" \/>\n<link rel=\"canonical\" href=\"https:\/\/www.esin.av.tr\/tr\/2018\/03\/01\/sanayi-isbirligi-projelerinin-uygulanmasina-iliskin-yonetmelik-yururluge-girdi\/\" \/>\n<meta property=\"og:locale\" content=\"tr_TR\" \/>\n<meta property=\"og:type\" content=\"article\" \/>\n<meta property=\"og:title\" content=\"Sanayi \u0130\u015fbirli\u011fi Projelerinin Uygulanmas\u0131na \u0130li\u015fkin Y\u00f6netmelik Y\u00fcr\u00fcrl\u00fc\u011fe Girdi\" \/>\n<meta property=\"og:description\" content=\"Yeni Geli\u015fme Sanayi \u0130\u015fbirli\u011fi Projelerinin Uygulanmas\u0131na \u0130li\u015fkin Y\u00f6netmelik (&quot;Y\u00f6netmelik&quot;) 17 \u015eubat 2018 tarihinde Bilim, Sanayi ve Teknoloji Bakanl\u0131\u011f\u0131nca\" \/>\n<meta property=\"og:url\" content=\"https:\/\/www.esin.av.tr\/tr\/2018\/03\/01\/sanayi-isbirligi-projelerinin-uygulanmasina-iliskin-yonetmelik-yururluge-girdi\/\" \/>\n<meta property=\"og:site_name\" content=\"Esin Avukatl\u0131k Ortakl\u0131\u011f\u0131\" \/>\n<meta property=\"article:published_time\" content=\"2018-03-01T13:47:43+00:00\" \/>\n<meta property=\"article:modified_time\" content=\"2022-06-09T12:12:31+00:00\" \/>\n<meta name=\"author\" content=\"R\u0131dvan Konrat\" \/>\n<meta name=\"twitter:card\" content=\"summary_large_image\" \/>\n<meta name=\"twitter:label1\" content=\"Written by\" \/>\n\t<meta name=\"twitter:data1\" content=\"R\u0131dvan Konrat\" \/>\n\t<meta name=\"twitter:label2\" content=\"Est. reading time\" \/>\n\t<meta name=\"twitter:data2\" content=\"2 minutes\" \/>\n<script type=\"application\/ld+json\" class=\"yoast-schema-graph\">{\"@context\":\"https:\/\/schema.org\",\"@graph\":[{\"@type\":\"Article\",\"@id\":\"https:\/\/www.esin.av.tr\/tr\/2018\/03\/01\/sanayi-isbirligi-projelerinin-uygulanmasina-iliskin-yonetmelik-yururluge-girdi\/#article\",\"isPartOf\":{\"@id\":\"https:\/\/www.esin.av.tr\/tr\/2018\/03\/01\/sanayi-isbirligi-projelerinin-uygulanmasina-iliskin-yonetmelik-yururluge-girdi\/\"},\"author\":{\"name\":\"R\u0131dvan Konrat\",\"@id\":\"https:\/\/www.esin.av.tr\/tr\/#\/schema\/person\/42c8e616aab56b8622fa365ad63282ae\"},\"headline\":\"Sanayi \u0130\u015fbirli\u011fi Projelerinin Uygulanmas\u0131na \u0130li\u015fkin Y\u00f6netmelik Y\u00fcr\u00fcrl\u00fc\u011fe Girdi\",\"datePublished\":\"2018-03-01T13:47:43+00:00\",\"dateModified\":\"2022-06-09T12:12:31+00:00\",\"mainEntityOfPage\":{\"@id\":\"https:\/\/www.esin.av.tr\/tr\/2018\/03\/01\/sanayi-isbirligi-projelerinin-uygulanmasina-iliskin-yonetmelik-yururluge-girdi\/\"},\"wordCount\":426,\"publisher\":{\"@id\":\"https:\/\/www.esin.av.tr\/tr\/#organization\"},\"keywords\":[\"Uluslararas\u0131 Ticaret Hukuku\"],\"articleSection\":[\"Hukuk B\u00fcltenleri\"],\"inLanguage\":\"tr\"},{\"@type\":\"WebPage\",\"@id\":\"https:\/\/www.esin.av.tr\/tr\/2018\/03\/01\/sanayi-isbirligi-projelerinin-uygulanmasina-iliskin-yonetmelik-yururluge-girdi\/\",\"url\":\"https:\/\/www.esin.av.tr\/tr\/2018\/03\/01\/sanayi-isbirligi-projelerinin-uygulanmasina-iliskin-yonetmelik-yururluge-girdi\/\",\"name\":\"Sanayi \u0130\u015fbirli\u011fi Projelerinin Uygulanmas\u0131na \u0130li\u015fkin Y\u00f6netmelik Y\u00fcr\u00fcrl\u00fc\u011fe Girdi\",\"isPartOf\":{\"@id\":\"https:\/\/www.esin.av.tr\/tr\/#website\"},\"datePublished\":\"2018-03-01T13:47:43+00:00\",\"dateModified\":\"2022-06-09T12:12:31+00:00\",\"description\":\"Yeni Geli\u015fme Sanayi \u0130\u015fbirli\u011fi Projelerinin Uygulanmas\u0131na \u0130li\u015fkin Y\u00f6netmelik (\\\"Y\u00f6netmelik\\\") 17 \u015eubat 2018 tarihinde Bilim, Sanayi ve Teknoloji Bakanl\u0131\u011f\u0131nca\",\"breadcrumb\":{\"@id\":\"https:\/\/www.esin.av.tr\/tr\/2018\/03\/01\/sanayi-isbirligi-projelerinin-uygulanmasina-iliskin-yonetmelik-yururluge-girdi\/#breadcrumb\"},\"inLanguage\":\"tr\",\"potentialAction\":[{\"@type\":\"ReadAction\",\"target\":[\"https:\/\/www.esin.av.tr\/tr\/2018\/03\/01\/sanayi-isbirligi-projelerinin-uygulanmasina-iliskin-yonetmelik-yururluge-girdi\/\"]}]},{\"@type\":\"BreadcrumbList\",\"@id\":\"https:\/\/www.esin.av.tr\/tr\/2018\/03\/01\/sanayi-isbirligi-projelerinin-uygulanmasina-iliskin-yonetmelik-yururluge-girdi\/#breadcrumb\",\"itemListElement\":[{\"@type\":\"ListItem\",\"position\":1,\"name\":\"Home\",\"item\":\"https:\/\/www.esin.av.tr\/tr\/\"},{\"@type\":\"ListItem\",\"position\":2,\"name\":\"Sanayi \u0130\u015fbirli\u011fi Projelerinin Uygulanmas\u0131na \u0130li\u015fkin Y\u00f6netmelik Y\u00fcr\u00fcrl\u00fc\u011fe Girdi\"}]},{\"@type\":\"WebSite\",\"@id\":\"https:\/\/www.esin.av.tr\/tr\/#website\",\"url\":\"https:\/\/www.esin.av.tr\/tr\/\",\"name\":\"Esin Avukatl\u0131k Ortakl\u0131\u011f\u0131\",\"description\":\"\",\"publisher\":{\"@id\":\"https:\/\/www.esin.av.tr\/tr\/#organization\"},\"potentialAction\":[{\"@type\":\"SearchAction\",\"target\":{\"@type\":\"EntryPoint\",\"urlTemplate\":\"https:\/\/www.esin.av.tr\/tr\/?s={search_term_string}\"},\"query-input\":{\"@type\":\"PropertyValueSpecification\",\"valueRequired\":true,\"valueName\":\"search_term_string\"}}],\"inLanguage\":\"tr\"},{\"@type\":\"Organization\",\"@id\":\"https:\/\/www.esin.av.tr\/tr\/#organization\",\"name\":\"Esin Avukatl\u0131k Ortakl\u0131\u011f\u0131\",\"url\":\"https:\/\/www.esin.av.tr\/tr\/\",\"logo\":{\"@type\":\"ImageObject\",\"inLanguage\":\"tr\",\"@id\":\"https:\/\/www.esin.av.tr\/tr\/#\/schema\/logo\/image\/\",\"url\":\"https:\/\/www.esin.av.tr\/wp-content\/uploads\/2021\/09\/esin-2.jpg\",\"contentUrl\":\"https:\/\/www.esin.av.tr\/wp-content\/uploads\/2021\/09\/esin-2.jpg\",\"width\":800,\"height\":460,\"caption\":\"Esin Avukatl\u0131k Ortakl\u0131\u011f\u0131\"},\"image\":{\"@id\":\"https:\/\/www.esin.av.tr\/tr\/#\/schema\/logo\/image\/\"}},{\"@type\":\"Person\",\"@id\":\"https:\/\/www.esin.av.tr\/tr\/#\/schema\/person\/42c8e616aab56b8622fa365ad63282ae\",\"name\":\"R\u0131dvan Konrat\",\"image\":{\"@type\":\"ImageObject\",\"inLanguage\":\"tr\",\"@id\":\"https:\/\/www.esin.av.tr\/tr\/#\/schema\/person\/image\/\",\"url\":\"https:\/\/secure.gravatar.com\/avatar\/b20c6c583be38ed4e76e32f69fccc676?s=96&d=mm&r=g\",\"contentUrl\":\"https:\/\/secure.gravatar.com\/avatar\/b20c6c583be38ed4e76e32f69fccc676?s=96&d=mm&r=g\",\"caption\":\"R\u0131dvan Konrat\"},\"sameAs\":[\"http:\/\/www.esin.av.tr\"],\"url\":\"https:\/\/www.esin.av.tr\/tr\/author\/rkonrat\/\"}]}<\/script>\n<!-- \/ Yoast SEO plugin. -->","yoast_head_json":{"title":"Sanayi \u0130\u015fbirli\u011fi Projelerinin Uygulanmas\u0131na \u0130li\u015fkin Y\u00f6netmelik Y\u00fcr\u00fcrl\u00fc\u011fe Girdi","description":"Yeni Geli\u015fme Sanayi \u0130\u015fbirli\u011fi Projelerinin Uygulanmas\u0131na \u0130li\u015fkin Y\u00f6netmelik (\"Y\u00f6netmelik\") 17 \u015eubat 2018 tarihinde Bilim, Sanayi ve Teknoloji Bakanl\u0131\u011f\u0131nca","robots":{"index":"index","follow":"follow","max-snippet":"max-snippet:-1","max-image-preview":"max-image-preview:large","max-video-preview":"max-video-preview:-1"},"canonical":"https:\/\/www.esin.av.tr\/tr\/2018\/03\/01\/sanayi-isbirligi-projelerinin-uygulanmasina-iliskin-yonetmelik-yururluge-girdi\/","og_locale":"tr_TR","og_type":"article","og_title":"Sanayi \u0130\u015fbirli\u011fi Projelerinin Uygulanmas\u0131na \u0130li\u015fkin Y\u00f6netmelik Y\u00fcr\u00fcrl\u00fc\u011fe Girdi","og_description":"Yeni Geli\u015fme Sanayi \u0130\u015fbirli\u011fi Projelerinin Uygulanmas\u0131na \u0130li\u015fkin Y\u00f6netmelik (\"Y\u00f6netmelik\") 17 \u015eubat 2018 tarihinde Bilim, Sanayi ve Teknoloji Bakanl\u0131\u011f\u0131nca","og_url":"https:\/\/www.esin.av.tr\/tr\/2018\/03\/01\/sanayi-isbirligi-projelerinin-uygulanmasina-iliskin-yonetmelik-yururluge-girdi\/","og_site_name":"Esin Avukatl\u0131k Ortakl\u0131\u011f\u0131","article_published_time":"2018-03-01T13:47:43+00:00","article_modified_time":"2022-06-09T12:12:31+00:00","author":"R\u0131dvan Konrat","twitter_card":"summary_large_image","twitter_misc":{"Written by":"R\u0131dvan Konrat","Est. reading time":"2 minutes"},"schema":{"@context":"https:\/\/schema.org","@graph":[{"@type":"Article","@id":"https:\/\/www.esin.av.tr\/tr\/2018\/03\/01\/sanayi-isbirligi-projelerinin-uygulanmasina-iliskin-yonetmelik-yururluge-girdi\/#article","isPartOf":{"@id":"https:\/\/www.esin.av.tr\/tr\/2018\/03\/01\/sanayi-isbirligi-projelerinin-uygulanmasina-iliskin-yonetmelik-yururluge-girdi\/"},"author":{"name":"R\u0131dvan Konrat","@id":"https:\/\/www.esin.av.tr\/tr\/#\/schema\/person\/42c8e616aab56b8622fa365ad63282ae"},"headline":"Sanayi \u0130\u015fbirli\u011fi Projelerinin Uygulanmas\u0131na \u0130li\u015fkin Y\u00f6netmelik Y\u00fcr\u00fcrl\u00fc\u011fe Girdi","datePublished":"2018-03-01T13:47:43+00:00","dateModified":"2022-06-09T12:12:31+00:00","mainEntityOfPage":{"@id":"https:\/\/www.esin.av.tr\/tr\/2018\/03\/01\/sanayi-isbirligi-projelerinin-uygulanmasina-iliskin-yonetmelik-yururluge-girdi\/"},"wordCount":426,"publisher":{"@id":"https:\/\/www.esin.av.tr\/tr\/#organization"},"keywords":["Uluslararas\u0131 Ticaret Hukuku"],"articleSection":["Hukuk B\u00fcltenleri"],"inLanguage":"tr"},{"@type":"WebPage","@id":"https:\/\/www.esin.av.tr\/tr\/2018\/03\/01\/sanayi-isbirligi-projelerinin-uygulanmasina-iliskin-yonetmelik-yururluge-girdi\/","url":"https:\/\/www.esin.av.tr\/tr\/2018\/03\/01\/sanayi-isbirligi-projelerinin-uygulanmasina-iliskin-yonetmelik-yururluge-girdi\/","name":"Sanayi \u0130\u015fbirli\u011fi Projelerinin Uygulanmas\u0131na \u0130li\u015fkin Y\u00f6netmelik Y\u00fcr\u00fcrl\u00fc\u011fe Girdi","isPartOf":{"@id":"https:\/\/www.esin.av.tr\/tr\/#website"},"datePublished":"2018-03-01T13:47:43+00:00","dateModified":"2022-06-09T12:12:31+00:00","description":"Yeni Geli\u015fme Sanayi \u0130\u015fbirli\u011fi Projelerinin Uygulanmas\u0131na \u0130li\u015fkin Y\u00f6netmelik (\"Y\u00f6netmelik\") 17 \u015eubat 2018 tarihinde Bilim, Sanayi ve Teknoloji Bakanl\u0131\u011f\u0131nca","breadcrumb":{"@id":"https:\/\/www.esin.av.tr\/tr\/2018\/03\/01\/sanayi-isbirligi-projelerinin-uygulanmasina-iliskin-yonetmelik-yururluge-girdi\/#breadcrumb"},"inLanguage":"tr","potentialAction":[{"@type":"ReadAction","target":["https:\/\/www.esin.av.tr\/tr\/2018\/03\/01\/sanayi-isbirligi-projelerinin-uygulanmasina-iliskin-yonetmelik-yururluge-girdi\/"]}]},{"@type":"BreadcrumbList","@id":"https:\/\/www.esin.av.tr\/tr\/2018\/03\/01\/sanayi-isbirligi-projelerinin-uygulanmasina-iliskin-yonetmelik-yururluge-girdi\/#breadcrumb","itemListElement":[{"@type":"ListItem","position":1,"name":"Home","item":"https:\/\/www.esin.av.tr\/tr\/"},{"@type":"ListItem","position":2,"name":"Sanayi \u0130\u015fbirli\u011fi Projelerinin Uygulanmas\u0131na \u0130li\u015fkin Y\u00f6netmelik Y\u00fcr\u00fcrl\u00fc\u011fe Girdi"}]},{"@type":"WebSite","@id":"https:\/\/www.esin.av.tr\/tr\/#website","url":"https:\/\/www.esin.av.tr\/tr\/","name":"Esin Avukatl\u0131k Ortakl\u0131\u011f\u0131","description":"","publisher":{"@id":"https:\/\/www.esin.av.tr\/tr\/#organization"},"potentialAction":[{"@type":"SearchAction","target":{"@type":"EntryPoint","urlTemplate":"https:\/\/www.esin.av.tr\/tr\/?s={search_term_string}"},"query-input":{"@type":"PropertyValueSpecification","valueRequired":true,"valueName":"search_term_string"}}],"inLanguage":"tr"},{"@type":"Organization","@id":"https:\/\/www.esin.av.tr\/tr\/#organization","name":"Esin Avukatl\u0131k Ortakl\u0131\u011f\u0131","url":"https:\/\/www.esin.av.tr\/tr\/","logo":{"@type":"ImageObject","inLanguage":"tr","@id":"https:\/\/www.esin.av.tr\/tr\/#\/schema\/logo\/image\/","url":"https:\/\/www.esin.av.tr\/wp-content\/uploads\/2021\/09\/esin-2.jpg","contentUrl":"https:\/\/www.esin.av.tr\/wp-content\/uploads\/2021\/09\/esin-2.jpg","width":800,"height":460,"caption":"Esin Avukatl\u0131k Ortakl\u0131\u011f\u0131"},"image":{"@id":"https:\/\/www.esin.av.tr\/tr\/#\/schema\/logo\/image\/"}},{"@type":"Person","@id":"https:\/\/www.esin.av.tr\/tr\/#\/schema\/person\/42c8e616aab56b8622fa365ad63282ae","name":"R\u0131dvan Konrat","image":{"@type":"ImageObject","inLanguage":"tr","@id":"https:\/\/www.esin.av.tr\/tr\/#\/schema\/person\/image\/","url":"https:\/\/secure.gravatar.com\/avatar\/b20c6c583be38ed4e76e32f69fccc676?s=96&d=mm&r=g","contentUrl":"https:\/\/secure.gravatar.com\/avatar\/b20c6c583be38ed4e76e32f69fccc676?s=96&d=mm&r=g","caption":"R\u0131dvan Konrat"},"sameAs":["http:\/\/www.esin.av.tr"],"url":"https:\/\/www.esin.av.tr\/tr\/author\/rkonrat\/"}]}},"_links":{"self":[{"href":"https:\/\/www.esin.av.tr\/tr\/wp-json\/wp\/v2\/posts\/14635","targetHints":{"allow":["GET"]}}],"collection":[{"href":"https:\/\/www.esin.av.tr\/tr\/wp-json\/wp\/v2\/posts"}],"about":[{"href":"https:\/\/www.esin.av.tr\/tr\/wp-json\/wp\/v2\/types\/post"}],"author":[{"embeddable":true,"href":"https:\/\/www.esin.av.tr\/tr\/wp-json\/wp\/v2\/users\/4"}],"replies":[{"embeddable":true,"href":"https:\/\/www.esin.av.tr\/tr\/wp-json\/wp\/v2\/comments?post=14635"}],"version-history":[{"count":1,"href":"https:\/\/www.esin.av.tr\/tr\/wp-json\/wp\/v2\/posts\/14635\/revisions"}],"predecessor-version":[{"id":15726,"href":"https:\/\/www.esin.av.tr\/tr\/wp-json\/wp\/v2\/posts\/14635\/revisions\/15726"}],"wp:attachment":[{"href":"https:\/\/www.esin.av.tr\/tr\/wp-json\/wp\/v2\/media?parent=14635"}],"wp:term":[{"taxonomy":"category","embeddable":true,"href":"https:\/\/www.esin.av.tr\/tr\/wp-json\/wp\/v2\/categories?post=14635"},{"taxonomy":"post_tag","embeddable":true,"href":"https:\/\/www.esin.av.tr\/tr\/wp-json\/wp\/v2\/tags?post=14635"}],"curies":[{"name":"wp","href":"https:\/\/api.w.org\/{rel}","templated":true}]}}