{"id":14634,"date":"2018-03-04T08:45:02","date_gmt":"2018-03-04T08:45:02","guid":{"rendered":"http:\/\/upt.esin.av.tr\/2018\/03\/04\/yeni-doviz-borclanma-yasagi-satin-alma-finansmani-kaldiracli-satin-almalar-ve-proje-finansmanini-nasil-etkileyecek\/"},"modified":"2022-06-09T12:12:28","modified_gmt":"2022-06-09T12:12:28","slug":"yeni-doviz-borclanma-yasagi-satin-alma-finansmani-kaldiracli-satin-almalar-ve-proje-finansmanini-nasil-etkileyecek","status":"publish","type":"post","link":"https:\/\/www.esin.av.tr\/tr\/2018\/03\/04\/yeni-doviz-borclanma-yasagi-satin-alma-finansmani-kaldiracli-satin-almalar-ve-proje-finansmanini-nasil-etkileyecek\/","title":{"rendered":"Yeni d\u00f6viz bor\u00e7lanma yasa\u011f\u0131 sat\u0131n alma finansman\u0131\/kald\u0131ra\u00e7l\u0131 sat\u0131n almalar ve proje finansman\u0131n\u0131 nas\u0131l etkileyecek?"},"content":{"rendered":"<h3>Yeni Geli\u015fmeler<\/h3>\n<p>T\u00fcrk Paras\u0131 K\u0131ymetini Koruma Hakk\u0131nda 32 Say\u0131l\u0131 Karar&#8217;da (&#8220;<b>32 Say\u0131l\u0131 Karar<\/b>&#8220;) de\u011fi\u015fiklik yapan karar 25 Ocak 2018 tarih ve 30312 say\u0131l\u0131 Resmi Gazete&#8217;de yay\u0131mlanm\u0131\u015ft\u0131.<\/p>\n<p>32 Say\u0131l\u0131 Karar&#8217;da yap\u0131lan de\u011fi\u015fikliklerle, kural olarak, d\u00f6viz kredisi kullanacak T\u00fcrkiye&#8217;de mukim \u015firketlerin yeterli d\u00f6viz geliri olmas\u0131 veya kredi kullan\u0131m an\u0131 itibariyle kredi bakiyesinin 15 milyon ABD dolar\u0131 veya \u00fczerinde olmas\u0131 gerekecek. Aksi takdirde, birka\u00e7 istisna haricinde, d\u00f6viz kredisi kullan\u0131m\u0131 m\u00fcmk\u00fcn olmayacak.<\/p>\n<p>Kald\u0131ra\u00e7l\u0131 sat\u0131n alma i\u015flemleri ve proje finansman\u0131n\u0131n bu k\u0131s\u0131tlamalardan etkilenmesi bekleniyor.<\/p>\n<h3>K\u0131s\u0131tlamalar bu i\u015flemleri nas\u0131l etkileyecek?<\/h3>\n<p>T\u00fcrkiye&#8217;de ger\u00e7ekle\u015ftirilen kald\u0131ra\u00e7l\u0131 sat\u0131n alma ve proje finansman\u0131 i\u015flemleri, b\u00fcy\u00fck \u00e7o\u011funlukla, yat\u0131r\u0131mc\u0131lar taraf\u0131ndan T\u00fcrkiye&#8217;de kurulan \u00f6zel ama\u00e7l\u0131 \u015firketler (&#8220;<b>SPV<\/b>&#8220;) arac\u0131l\u0131\u011f\u0131yla ger\u00e7ekle\u015ftiriliyor. Kurulan bu \u015firketler, finansal kurulu\u015flardan kulland\u0131klar\u0131 d\u00f6viz kredileri ile hedef \u015firketin hisselerini sat\u0131n al\u0131yor veya projelerinin in\u015faat\u0131n\u0131 finanse ediyor.<\/p>\n<p>Her ne kadar kamu-\u00f6zel i\u015fbirli\u011fi projeleri (PPP), d\u00f6viz kredisi yasaklar\u0131ndan istisna tutulmu\u015f olsa da, kald\u0131ra\u00e7l\u0131 sat\u0131n almalar ve di\u011fer proje finansman\u0131 i\u015flemleri i\u00e7in herhangi bir istisna bulunmuyor.<\/p>\n<p>Bu noktada, T\u00fcrkiye&#8217;de kurulacak SPV&#8217;nin yeni kurulacak ve belli bir amaca \u00f6zg\u00fc \u015firket olmas\u0131 sebebiyle, fiiliyatta yeterli d\u00f6viz gelirinin olmas\u0131 veya 15 milyon ABD dolar\u0131 veya \u00fczeri d\u00f6viz kredisi bakiyesinin olmas\u0131 da m\u00fcmk\u00fcn g\u00f6r\u00fcnm\u00fcyor.<\/p>\n<p>Bu sebeple T\u00fcrkiye&#8217;de yerle\u015fik SPVlerin, sat\u0131n alma finansman\u0131 veya proje finansman\u0131 (PPP projeleri hari\u00e7) i\u00e7in d\u00f6viz kredisi kullanmalar\u0131 m\u00fcmk\u00fcn olmayacak.<\/p>\n<p>Bu noktada, sat\u0131n alma finansman\u0131 a\u00e7\u0131s\u0131ndan, finansman\u0131n T\u00fcrk liras\u0131 \u00fczerinden sa\u011flanmas\u0131 veya SPV&#8217;nin yurt d\u0131\u015f\u0131nda kurulmas\u0131 g\u00fcndeme gelebilir. Bu se\u00e7eneklerin, i\u015flemin tabi olaca\u011f\u0131 vergi rejimi ve i\u015flem dinamikleri a\u00e7\u0131s\u0131ndan de\u011ferlendirilmesi gerekecektir.<\/p>\n<p>Proje finansman\u0131 a\u00e7\u0131s\u0131ndan, hukuki veya fiili sebeplerle, SPV&#8217;nin yurt d\u0131\u015f\u0131nda kurulmas\u0131 pek \u00e7ok durumda m\u00fcmk\u00fcn olmayacakt\u0131r. Bu a\u00e7\u0131dan, kredinin, T\u00fcrk liras\u0131 \u00fczerinden al\u0131nmas\u0131 d\u00fc\u015f\u00fcn\u00fclebilir. T\u00fcrk liras\u0131 kredi kullan\u0131m\u0131n\u0131n, i\u015flem dinamikleri a\u00e7\u0131s\u0131ndan de\u011ferlendirilmesi gerekecektir.<\/p>\n<h3>Sonu\u00e7<\/h3>\n<p class=\"s14\">Bu kapsamda, kald\u0131ra\u00e7l\u0131 sat\u0131n alma ve proje finansman\u0131 i\u015flemlerinin, yeni d\u00f6viz bor\u00e7lanma k\u0131s\u0131tlamalar\u0131 kapsam\u0131nda de\u011ferlendirilmesi gerekecek. \u0130\u015flemin \u015fartlar\u0131 kapsam\u0131nda, yukar\u0131da yer alanlardan farkl\u0131 \u00e7\u00f6z\u00fcmlerin uygulanmas\u0131 da g\u00fcndeme gelebilecektir.<\/p>\n","protected":false},"excerpt":{"rendered":"<p>Yeni Geli\u015fmeler T\u00fcrk Paras\u0131 K\u0131ymetini Koruma Hakk\u0131nda 32 Say\u0131l\u0131 Karar&#8217;da (&#8220;32 Say\u0131l\u0131 Karar&#8220;) de\u011fi\u015fiklik yapan karar 25 Ocak 2018 tarih [&hellip;]<\/p>\n","protected":false},"author":4,"featured_media":0,"comment_status":"closed","ping_status":"closed","sticky":false,"template":"","format":"standard","meta":{"_acf_changed":false,"_stopmodifiedupdate":false,"_modified_date":"","footnotes":""},"categories":[120],"tags":[90],"class_list":["post-14634","post","type-post","status-publish","format-standard","hentry","category-legal-alerts","tag-banking-finance-tr"],"acf":[],"yoast_head":"<!-- This site is optimized with the Yoast SEO plugin v24.0 - https:\/\/yoast.com\/wordpress\/plugins\/seo\/ -->\n<title>Yeni d\u00f6viz bor\u00e7lanma yasa\u011f\u0131 sat\u0131n alma finansman\u0131\/kald\u0131ra\u00e7l\u0131 sat\u0131n almalar ve proje finansman\u0131n\u0131 nas\u0131l etkileyecek?<\/title>\n<meta name=\"description\" content=\"Kald\u0131ra\u00e7l\u0131 sat\u0131n alma ve proje finansman\u0131 i\u015flemlerinin, yeni d\u00f6viz bor\u00e7lanma k\u0131s\u0131tlamalar\u0131 kapsam\u0131nda de\u011ferlendirilmesi gerekecek.\" \/>\n<meta name=\"robots\" content=\"index, follow, max-snippet:-1, max-image-preview:large, max-video-preview:-1\" \/>\n<link rel=\"canonical\" href=\"https:\/\/www.esin.av.tr\/tr\/2018\/03\/04\/yeni-doviz-borclanma-yasagi-satin-alma-finansmani-kaldiracli-satin-almalar-ve-proje-finansmanini-nasil-etkileyecek\/\" \/>\n<meta property=\"og:locale\" content=\"tr_TR\" \/>\n<meta property=\"og:type\" content=\"article\" \/>\n<meta property=\"og:title\" content=\"Yeni d\u00f6viz bor\u00e7lanma yasa\u011f\u0131 sat\u0131n alma finansman\u0131\/kald\u0131ra\u00e7l\u0131 sat\u0131n almalar ve proje finansman\u0131n\u0131 nas\u0131l etkileyecek?\" \/>\n<meta property=\"og:description\" content=\"Kald\u0131ra\u00e7l\u0131 sat\u0131n alma ve proje finansman\u0131 i\u015flemlerinin, yeni d\u00f6viz bor\u00e7lanma k\u0131s\u0131tlamalar\u0131 kapsam\u0131nda de\u011ferlendirilmesi gerekecek.\" \/>\n<meta property=\"og:url\" content=\"https:\/\/www.esin.av.tr\/tr\/2018\/03\/04\/yeni-doviz-borclanma-yasagi-satin-alma-finansmani-kaldiracli-satin-almalar-ve-proje-finansmanini-nasil-etkileyecek\/\" \/>\n<meta property=\"og:site_name\" content=\"Esin Avukatl\u0131k Ortakl\u0131\u011f\u0131\" \/>\n<meta property=\"article:published_time\" content=\"2018-03-04T08:45:02+00:00\" \/>\n<meta property=\"article:modified_time\" content=\"2022-06-09T12:12:28+00:00\" \/>\n<meta name=\"author\" content=\"R\u0131dvan Konrat\" \/>\n<meta name=\"twitter:card\" content=\"summary_large_image\" \/>\n<meta name=\"twitter:label1\" content=\"Written by\" \/>\n\t<meta name=\"twitter:data1\" content=\"R\u0131dvan Konrat\" \/>\n\t<meta name=\"twitter:label2\" content=\"Est. reading time\" \/>\n\t<meta name=\"twitter:data2\" content=\"2 minutes\" \/>\n<script type=\"application\/ld+json\" class=\"yoast-schema-graph\">{\"@context\":\"https:\/\/schema.org\",\"@graph\":[{\"@type\":\"Article\",\"@id\":\"https:\/\/www.esin.av.tr\/tr\/2018\/03\/04\/yeni-doviz-borclanma-yasagi-satin-alma-finansmani-kaldiracli-satin-almalar-ve-proje-finansmanini-nasil-etkileyecek\/#article\",\"isPartOf\":{\"@id\":\"https:\/\/www.esin.av.tr\/tr\/2018\/03\/04\/yeni-doviz-borclanma-yasagi-satin-alma-finansmani-kaldiracli-satin-almalar-ve-proje-finansmanini-nasil-etkileyecek\/\"},\"author\":{\"name\":\"R\u0131dvan Konrat\",\"@id\":\"https:\/\/www.esin.av.tr\/tr\/#\/schema\/person\/42c8e616aab56b8622fa365ad63282ae\"},\"headline\":\"Yeni d\u00f6viz bor\u00e7lanma yasa\u011f\u0131 sat\u0131n alma finansman\u0131\/kald\u0131ra\u00e7l\u0131 sat\u0131n almalar ve proje finansman\u0131n\u0131 nas\u0131l etkileyecek?\",\"datePublished\":\"2018-03-04T08:45:02+00:00\",\"dateModified\":\"2022-06-09T12:12:28+00:00\",\"mainEntityOfPage\":{\"@id\":\"https:\/\/www.esin.av.tr\/tr\/2018\/03\/04\/yeni-doviz-borclanma-yasagi-satin-alma-finansmani-kaldiracli-satin-almalar-ve-proje-finansmanini-nasil-etkileyecek\/\"},\"wordCount\":459,\"publisher\":{\"@id\":\"https:\/\/www.esin.av.tr\/tr\/#organization\"},\"keywords\":[\"Bankac\u0131l\u0131k ve Finans\"],\"articleSection\":[\"Hukuk B\u00fcltenleri\"],\"inLanguage\":\"tr\"},{\"@type\":\"WebPage\",\"@id\":\"https:\/\/www.esin.av.tr\/tr\/2018\/03\/04\/yeni-doviz-borclanma-yasagi-satin-alma-finansmani-kaldiracli-satin-almalar-ve-proje-finansmanini-nasil-etkileyecek\/\",\"url\":\"https:\/\/www.esin.av.tr\/tr\/2018\/03\/04\/yeni-doviz-borclanma-yasagi-satin-alma-finansmani-kaldiracli-satin-almalar-ve-proje-finansmanini-nasil-etkileyecek\/\",\"name\":\"Yeni d\u00f6viz bor\u00e7lanma yasa\u011f\u0131 sat\u0131n alma finansman\u0131\/kald\u0131ra\u00e7l\u0131 sat\u0131n almalar ve proje finansman\u0131n\u0131 nas\u0131l etkileyecek?\",\"isPartOf\":{\"@id\":\"https:\/\/www.esin.av.tr\/tr\/#website\"},\"datePublished\":\"2018-03-04T08:45:02+00:00\",\"dateModified\":\"2022-06-09T12:12:28+00:00\",\"description\":\"Kald\u0131ra\u00e7l\u0131 sat\u0131n alma ve proje finansman\u0131 i\u015flemlerinin, yeni d\u00f6viz bor\u00e7lanma k\u0131s\u0131tlamalar\u0131 kapsam\u0131nda de\u011ferlendirilmesi gerekecek.\",\"breadcrumb\":{\"@id\":\"https:\/\/www.esin.av.tr\/tr\/2018\/03\/04\/yeni-doviz-borclanma-yasagi-satin-alma-finansmani-kaldiracli-satin-almalar-ve-proje-finansmanini-nasil-etkileyecek\/#breadcrumb\"},\"inLanguage\":\"tr\",\"potentialAction\":[{\"@type\":\"ReadAction\",\"target\":[\"https:\/\/www.esin.av.tr\/tr\/2018\/03\/04\/yeni-doviz-borclanma-yasagi-satin-alma-finansmani-kaldiracli-satin-almalar-ve-proje-finansmanini-nasil-etkileyecek\/\"]}]},{\"@type\":\"BreadcrumbList\",\"@id\":\"https:\/\/www.esin.av.tr\/tr\/2018\/03\/04\/yeni-doviz-borclanma-yasagi-satin-alma-finansmani-kaldiracli-satin-almalar-ve-proje-finansmanini-nasil-etkileyecek\/#breadcrumb\",\"itemListElement\":[{\"@type\":\"ListItem\",\"position\":1,\"name\":\"Home\",\"item\":\"https:\/\/www.esin.av.tr\/tr\/\"},{\"@type\":\"ListItem\",\"position\":2,\"name\":\"Yeni d\u00f6viz bor\u00e7lanma yasa\u011f\u0131 sat\u0131n alma finansman\u0131\/kald\u0131ra\u00e7l\u0131 sat\u0131n almalar ve proje finansman\u0131n\u0131 nas\u0131l etkileyecek?\"}]},{\"@type\":\"WebSite\",\"@id\":\"https:\/\/www.esin.av.tr\/tr\/#website\",\"url\":\"https:\/\/www.esin.av.tr\/tr\/\",\"name\":\"Esin Avukatl\u0131k Ortakl\u0131\u011f\u0131\",\"description\":\"\",\"publisher\":{\"@id\":\"https:\/\/www.esin.av.tr\/tr\/#organization\"},\"potentialAction\":[{\"@type\":\"SearchAction\",\"target\":{\"@type\":\"EntryPoint\",\"urlTemplate\":\"https:\/\/www.esin.av.tr\/tr\/?s={search_term_string}\"},\"query-input\":{\"@type\":\"PropertyValueSpecification\",\"valueRequired\":true,\"valueName\":\"search_term_string\"}}],\"inLanguage\":\"tr\"},{\"@type\":\"Organization\",\"@id\":\"https:\/\/www.esin.av.tr\/tr\/#organization\",\"name\":\"Esin Avukatl\u0131k Ortakl\u0131\u011f\u0131\",\"url\":\"https:\/\/www.esin.av.tr\/tr\/\",\"logo\":{\"@type\":\"ImageObject\",\"inLanguage\":\"tr\",\"@id\":\"https:\/\/www.esin.av.tr\/tr\/#\/schema\/logo\/image\/\",\"url\":\"https:\/\/www.esin.av.tr\/wp-content\/uploads\/2021\/09\/esin-2.jpg\",\"contentUrl\":\"https:\/\/www.esin.av.tr\/wp-content\/uploads\/2021\/09\/esin-2.jpg\",\"width\":800,\"height\":460,\"caption\":\"Esin Avukatl\u0131k Ortakl\u0131\u011f\u0131\"},\"image\":{\"@id\":\"https:\/\/www.esin.av.tr\/tr\/#\/schema\/logo\/image\/\"}},{\"@type\":\"Person\",\"@id\":\"https:\/\/www.esin.av.tr\/tr\/#\/schema\/person\/42c8e616aab56b8622fa365ad63282ae\",\"name\":\"R\u0131dvan Konrat\",\"image\":{\"@type\":\"ImageObject\",\"inLanguage\":\"tr\",\"@id\":\"https:\/\/www.esin.av.tr\/tr\/#\/schema\/person\/image\/\",\"url\":\"https:\/\/secure.gravatar.com\/avatar\/b20c6c583be38ed4e76e32f69fccc676?s=96&d=mm&r=g\",\"contentUrl\":\"https:\/\/secure.gravatar.com\/avatar\/b20c6c583be38ed4e76e32f69fccc676?s=96&d=mm&r=g\",\"caption\":\"R\u0131dvan Konrat\"},\"sameAs\":[\"http:\/\/www.esin.av.tr\"],\"url\":\"https:\/\/www.esin.av.tr\/tr\/author\/rkonrat\/\"}]}<\/script>\n<!-- \/ Yoast SEO plugin. -->","yoast_head_json":{"title":"Yeni d\u00f6viz bor\u00e7lanma yasa\u011f\u0131 sat\u0131n alma finansman\u0131\/kald\u0131ra\u00e7l\u0131 sat\u0131n almalar ve proje finansman\u0131n\u0131 nas\u0131l etkileyecek?","description":"Kald\u0131ra\u00e7l\u0131 sat\u0131n alma ve proje finansman\u0131 i\u015flemlerinin, yeni d\u00f6viz bor\u00e7lanma k\u0131s\u0131tlamalar\u0131 kapsam\u0131nda de\u011ferlendirilmesi gerekecek.","robots":{"index":"index","follow":"follow","max-snippet":"max-snippet:-1","max-image-preview":"max-image-preview:large","max-video-preview":"max-video-preview:-1"},"canonical":"https:\/\/www.esin.av.tr\/tr\/2018\/03\/04\/yeni-doviz-borclanma-yasagi-satin-alma-finansmani-kaldiracli-satin-almalar-ve-proje-finansmanini-nasil-etkileyecek\/","og_locale":"tr_TR","og_type":"article","og_title":"Yeni d\u00f6viz bor\u00e7lanma yasa\u011f\u0131 sat\u0131n alma finansman\u0131\/kald\u0131ra\u00e7l\u0131 sat\u0131n almalar ve proje finansman\u0131n\u0131 nas\u0131l etkileyecek?","og_description":"Kald\u0131ra\u00e7l\u0131 sat\u0131n alma ve proje finansman\u0131 i\u015flemlerinin, yeni d\u00f6viz bor\u00e7lanma k\u0131s\u0131tlamalar\u0131 kapsam\u0131nda de\u011ferlendirilmesi gerekecek.","og_url":"https:\/\/www.esin.av.tr\/tr\/2018\/03\/04\/yeni-doviz-borclanma-yasagi-satin-alma-finansmani-kaldiracli-satin-almalar-ve-proje-finansmanini-nasil-etkileyecek\/","og_site_name":"Esin Avukatl\u0131k Ortakl\u0131\u011f\u0131","article_published_time":"2018-03-04T08:45:02+00:00","article_modified_time":"2022-06-09T12:12:28+00:00","author":"R\u0131dvan Konrat","twitter_card":"summary_large_image","twitter_misc":{"Written by":"R\u0131dvan Konrat","Est. reading time":"2 minutes"},"schema":{"@context":"https:\/\/schema.org","@graph":[{"@type":"Article","@id":"https:\/\/www.esin.av.tr\/tr\/2018\/03\/04\/yeni-doviz-borclanma-yasagi-satin-alma-finansmani-kaldiracli-satin-almalar-ve-proje-finansmanini-nasil-etkileyecek\/#article","isPartOf":{"@id":"https:\/\/www.esin.av.tr\/tr\/2018\/03\/04\/yeni-doviz-borclanma-yasagi-satin-alma-finansmani-kaldiracli-satin-almalar-ve-proje-finansmanini-nasil-etkileyecek\/"},"author":{"name":"R\u0131dvan Konrat","@id":"https:\/\/www.esin.av.tr\/tr\/#\/schema\/person\/42c8e616aab56b8622fa365ad63282ae"},"headline":"Yeni d\u00f6viz bor\u00e7lanma yasa\u011f\u0131 sat\u0131n alma finansman\u0131\/kald\u0131ra\u00e7l\u0131 sat\u0131n almalar ve proje finansman\u0131n\u0131 nas\u0131l etkileyecek?","datePublished":"2018-03-04T08:45:02+00:00","dateModified":"2022-06-09T12:12:28+00:00","mainEntityOfPage":{"@id":"https:\/\/www.esin.av.tr\/tr\/2018\/03\/04\/yeni-doviz-borclanma-yasagi-satin-alma-finansmani-kaldiracli-satin-almalar-ve-proje-finansmanini-nasil-etkileyecek\/"},"wordCount":459,"publisher":{"@id":"https:\/\/www.esin.av.tr\/tr\/#organization"},"keywords":["Bankac\u0131l\u0131k ve Finans"],"articleSection":["Hukuk B\u00fcltenleri"],"inLanguage":"tr"},{"@type":"WebPage","@id":"https:\/\/www.esin.av.tr\/tr\/2018\/03\/04\/yeni-doviz-borclanma-yasagi-satin-alma-finansmani-kaldiracli-satin-almalar-ve-proje-finansmanini-nasil-etkileyecek\/","url":"https:\/\/www.esin.av.tr\/tr\/2018\/03\/04\/yeni-doviz-borclanma-yasagi-satin-alma-finansmani-kaldiracli-satin-almalar-ve-proje-finansmanini-nasil-etkileyecek\/","name":"Yeni d\u00f6viz bor\u00e7lanma yasa\u011f\u0131 sat\u0131n alma finansman\u0131\/kald\u0131ra\u00e7l\u0131 sat\u0131n almalar ve proje finansman\u0131n\u0131 nas\u0131l etkileyecek?","isPartOf":{"@id":"https:\/\/www.esin.av.tr\/tr\/#website"},"datePublished":"2018-03-04T08:45:02+00:00","dateModified":"2022-06-09T12:12:28+00:00","description":"Kald\u0131ra\u00e7l\u0131 sat\u0131n alma ve proje finansman\u0131 i\u015flemlerinin, yeni d\u00f6viz bor\u00e7lanma k\u0131s\u0131tlamalar\u0131 kapsam\u0131nda de\u011ferlendirilmesi gerekecek.","breadcrumb":{"@id":"https:\/\/www.esin.av.tr\/tr\/2018\/03\/04\/yeni-doviz-borclanma-yasagi-satin-alma-finansmani-kaldiracli-satin-almalar-ve-proje-finansmanini-nasil-etkileyecek\/#breadcrumb"},"inLanguage":"tr","potentialAction":[{"@type":"ReadAction","target":["https:\/\/www.esin.av.tr\/tr\/2018\/03\/04\/yeni-doviz-borclanma-yasagi-satin-alma-finansmani-kaldiracli-satin-almalar-ve-proje-finansmanini-nasil-etkileyecek\/"]}]},{"@type":"BreadcrumbList","@id":"https:\/\/www.esin.av.tr\/tr\/2018\/03\/04\/yeni-doviz-borclanma-yasagi-satin-alma-finansmani-kaldiracli-satin-almalar-ve-proje-finansmanini-nasil-etkileyecek\/#breadcrumb","itemListElement":[{"@type":"ListItem","position":1,"name":"Home","item":"https:\/\/www.esin.av.tr\/tr\/"},{"@type":"ListItem","position":2,"name":"Yeni d\u00f6viz bor\u00e7lanma yasa\u011f\u0131 sat\u0131n alma finansman\u0131\/kald\u0131ra\u00e7l\u0131 sat\u0131n almalar ve proje finansman\u0131n\u0131 nas\u0131l etkileyecek?"}]},{"@type":"WebSite","@id":"https:\/\/www.esin.av.tr\/tr\/#website","url":"https:\/\/www.esin.av.tr\/tr\/","name":"Esin Avukatl\u0131k Ortakl\u0131\u011f\u0131","description":"","publisher":{"@id":"https:\/\/www.esin.av.tr\/tr\/#organization"},"potentialAction":[{"@type":"SearchAction","target":{"@type":"EntryPoint","urlTemplate":"https:\/\/www.esin.av.tr\/tr\/?s={search_term_string}"},"query-input":{"@type":"PropertyValueSpecification","valueRequired":true,"valueName":"search_term_string"}}],"inLanguage":"tr"},{"@type":"Organization","@id":"https:\/\/www.esin.av.tr\/tr\/#organization","name":"Esin Avukatl\u0131k Ortakl\u0131\u011f\u0131","url":"https:\/\/www.esin.av.tr\/tr\/","logo":{"@type":"ImageObject","inLanguage":"tr","@id":"https:\/\/www.esin.av.tr\/tr\/#\/schema\/logo\/image\/","url":"https:\/\/www.esin.av.tr\/wp-content\/uploads\/2021\/09\/esin-2.jpg","contentUrl":"https:\/\/www.esin.av.tr\/wp-content\/uploads\/2021\/09\/esin-2.jpg","width":800,"height":460,"caption":"Esin Avukatl\u0131k Ortakl\u0131\u011f\u0131"},"image":{"@id":"https:\/\/www.esin.av.tr\/tr\/#\/schema\/logo\/image\/"}},{"@type":"Person","@id":"https:\/\/www.esin.av.tr\/tr\/#\/schema\/person\/42c8e616aab56b8622fa365ad63282ae","name":"R\u0131dvan Konrat","image":{"@type":"ImageObject","inLanguage":"tr","@id":"https:\/\/www.esin.av.tr\/tr\/#\/schema\/person\/image\/","url":"https:\/\/secure.gravatar.com\/avatar\/b20c6c583be38ed4e76e32f69fccc676?s=96&d=mm&r=g","contentUrl":"https:\/\/secure.gravatar.com\/avatar\/b20c6c583be38ed4e76e32f69fccc676?s=96&d=mm&r=g","caption":"R\u0131dvan Konrat"},"sameAs":["http:\/\/www.esin.av.tr"],"url":"https:\/\/www.esin.av.tr\/tr\/author\/rkonrat\/"}]}},"_links":{"self":[{"href":"https:\/\/www.esin.av.tr\/tr\/wp-json\/wp\/v2\/posts\/14634","targetHints":{"allow":["GET"]}}],"collection":[{"href":"https:\/\/www.esin.av.tr\/tr\/wp-json\/wp\/v2\/posts"}],"about":[{"href":"https:\/\/www.esin.av.tr\/tr\/wp-json\/wp\/v2\/types\/post"}],"author":[{"embeddable":true,"href":"https:\/\/www.esin.av.tr\/tr\/wp-json\/wp\/v2\/users\/4"}],"replies":[{"embeddable":true,"href":"https:\/\/www.esin.av.tr\/tr\/wp-json\/wp\/v2\/comments?post=14634"}],"version-history":[{"count":1,"href":"https:\/\/www.esin.av.tr\/tr\/wp-json\/wp\/v2\/posts\/14634\/revisions"}],"predecessor-version":[{"id":15725,"href":"https:\/\/www.esin.av.tr\/tr\/wp-json\/wp\/v2\/posts\/14634\/revisions\/15725"}],"wp:attachment":[{"href":"https:\/\/www.esin.av.tr\/tr\/wp-json\/wp\/v2\/media?parent=14634"}],"wp:term":[{"taxonomy":"category","embeddable":true,"href":"https:\/\/www.esin.av.tr\/tr\/wp-json\/wp\/v2\/categories?post=14634"},{"taxonomy":"post_tag","embeddable":true,"href":"https:\/\/www.esin.av.tr\/tr\/wp-json\/wp\/v2\/tags?post=14634"}],"curies":[{"name":"wp","href":"https:\/\/api.w.org\/{rel}","templated":true}]}}