{"id":14633,"date":"2018-03-12T10:43:25","date_gmt":"2018-03-12T10:43:25","guid":{"rendered":"http:\/\/upt.esin.av.tr\/2018\/03\/12\/ozel-nitelikli-kisisel-verilerin-islenmesinde-alinmasi-gereken-yeterli-onlemlere-iliskin-karar-yayinlandi\/"},"modified":"2022-06-09T12:12:25","modified_gmt":"2022-06-09T12:12:25","slug":"ozel-nitelikli-kisisel-verilerin-islenmesinde-alinmasi-gereken-yeterli-onlemlere-iliskin-karar-yayinlandi","status":"publish","type":"post","link":"https:\/\/www.esin.av.tr\/tr\/2018\/03\/12\/ozel-nitelikli-kisisel-verilerin-islenmesinde-alinmasi-gereken-yeterli-onlemlere-iliskin-karar-yayinlandi\/","title":{"rendered":"\u00d6zel Nitelikli Ki\u015fisel Verilerin \u0130\u015flenmesinde Al\u0131nmas\u0131 Gereken Yeterli \u00d6nlemlere ili\u015fkin Karar Yay\u0131nland\u0131"},"content":{"rendered":"<p><strong>Yeni Geli\u015fme<\/strong><\/p>\n<p>Ki\u015fisel Verileri Koruma Kurulu&#8217;nun (&#8220;Kurul&#8221;), &#8220;\u00f6zel nitelikli ki\u015fisel verilerin i\u015flenmesinde veri sorumlular\u0131nca al\u0131nmas\u0131 gereken yeterli \u00f6nlemler&#8221; konulu karar\u0131 (&#8220;Karar&#8221;), 7 Mart 2018 tarihli Resmi Gazete&#8217;de yay\u0131nlanm\u0131\u015ft\u0131r.<\/p>\n<p><strong>Karar Ne Anlama Geliyor?<\/strong><\/p>\n<p>Karar, 6698 say\u0131l\u0131 Ki\u015fisel Verilerin Korunmas\u0131 Kanunu&#8217;nun (&#8220;Kanun&#8221;), &#8220;\u00f6zel nitelikli ki\u015fisel verilerin i\u015flenmesinde, ayr\u0131ca Kurul taraf\u0131ndan belirlenen yeterli \u00f6nlemlerin al\u0131nmas\u0131 \u015fartt\u0131r&#8221; h\u00fckm\u00fcne dayanmaktad\u0131r.<\/p>\n<p>\u00d6zel nitelikli ki\u015fisel kategorilerine, Kanun&#8217;un 6. maddesinde s\u0131n\u0131rl\u0131 say\u0131da olarak yer verilmi\u015ftir: &#8220;ki\u015filerin \u0131rk\u0131, etnik k\u00f6keni, siyasi d\u00fc\u015f\u00fcncesi, felsefi inanc\u0131, dini, mezhebi veya di\u011fer inan\u00e7lar\u0131, k\u0131l\u0131k ve k\u0131yafeti, dernek, vak\u0131f ya da sendika \u00fcyeli\u011fi, sa\u011fl\u0131\u011f\u0131, cinsel hayat\u0131, ceza mahk\u00fbmiyeti ve g\u00fcvenlik tedbirleriyle ilgili verileri ile biyometrik ve genetik verileri.&#8221;<\/p>\n<p>Karar uyar\u0131nca \u00f6zel nitelikli ki\u015fisel veri i\u015fleyen veri sorumlular\u0131 taraf\u0131ndan al\u0131nmas\u0131 gereken yeterli \u00f6nlemler a\u015fa\u011f\u0131daki gibidir.<\/p>\n","protected":false},"excerpt":{"rendered":"<p>Yeni Geli\u015fme Ki\u015fisel Verileri Koruma Kurulu&#8217;nun (&#8220;Kurul&#8221;), &#8220;\u00f6zel nitelikli ki\u015fisel verilerin i\u015flenmesinde veri sorumlular\u0131nca al\u0131nmas\u0131 gereken yeterli \u00f6nlemler&#8221; konulu karar\u0131 [&hellip;]<\/p>\n","protected":false},"author":4,"featured_media":0,"comment_status":"closed","ping_status":"closed","sticky":false,"template":"","format":"standard","meta":{"_acf_changed":false,"_stopmodifiedupdate":false,"_modified_date":"","footnotes":""},"categories":[120],"tags":[93],"class_list":["post-14633","post","type-post","status-publish","format-standard","hentry","category-legal-alerts","tag-information-technology-communications-tr"],"acf":[],"yoast_head":"<!-- This site is optimized with the Yoast SEO plugin v24.0 - https:\/\/yoast.com\/wordpress\/plugins\/seo\/ -->\n<title>\u00d6zel Nitelikli Ki\u015fisel Verilerin \u0130\u015flenmesinde Al\u0131nmas\u0131 Gereken Yeterli \u00d6nlemlere ili\u015fkin Karar Yay\u0131nland\u0131<\/title>\n<meta name=\"description\" content=\"Yeni Geli\u015fme Ki\u015fisel Verileri Koruma Kurulu&#039;nun (&quot;Kurul&quot;), &quot;\u00f6zel nitelikli ki\u015fisel verilerin i\u015flenmesinde veri sorumlular\u0131nca al\u0131nmas\u0131 gereken yeterli\" \/>\n<meta name=\"robots\" content=\"index, follow, max-snippet:-1, max-image-preview:large, max-video-preview:-1\" \/>\n<link rel=\"canonical\" href=\"https:\/\/www.esin.av.tr\/tr\/2018\/03\/12\/ozel-nitelikli-kisisel-verilerin-islenmesinde-alinmasi-gereken-yeterli-onlemlere-iliskin-karar-yayinlandi\/\" \/>\n<meta property=\"og:locale\" content=\"tr_TR\" \/>\n<meta property=\"og:type\" content=\"article\" \/>\n<meta property=\"og:title\" content=\"\u00d6zel Nitelikli Ki\u015fisel Verilerin \u0130\u015flenmesinde Al\u0131nmas\u0131 Gereken Yeterli \u00d6nlemlere ili\u015fkin Karar Yay\u0131nland\u0131\" \/>\n<meta property=\"og:description\" content=\"Yeni Geli\u015fme Ki\u015fisel Verileri Koruma Kurulu&#039;nun (&quot;Kurul&quot;), &quot;\u00f6zel nitelikli ki\u015fisel verilerin i\u015flenmesinde veri sorumlular\u0131nca al\u0131nmas\u0131 gereken yeterli\" \/>\n<meta property=\"og:url\" content=\"https:\/\/www.esin.av.tr\/tr\/2018\/03\/12\/ozel-nitelikli-kisisel-verilerin-islenmesinde-alinmasi-gereken-yeterli-onlemlere-iliskin-karar-yayinlandi\/\" \/>\n<meta property=\"og:site_name\" content=\"Esin Avukatl\u0131k Ortakl\u0131\u011f\u0131\" \/>\n<meta property=\"article:published_time\" content=\"2018-03-12T10:43:25+00:00\" \/>\n<meta property=\"article:modified_time\" content=\"2022-06-09T12:12:25+00:00\" \/>\n<meta name=\"author\" content=\"R\u0131dvan Konrat\" \/>\n<meta name=\"twitter:card\" content=\"summary_large_image\" \/>\n<meta name=\"twitter:label1\" content=\"Written by\" \/>\n\t<meta name=\"twitter:data1\" content=\"R\u0131dvan Konrat\" \/>\n\t<meta name=\"twitter:label2\" content=\"Est. reading time\" \/>\n\t<meta name=\"twitter:data2\" content=\"1 minute\" \/>\n<script type=\"application\/ld+json\" class=\"yoast-schema-graph\">{\"@context\":\"https:\/\/schema.org\",\"@graph\":[{\"@type\":\"Article\",\"@id\":\"https:\/\/www.esin.av.tr\/tr\/2018\/03\/12\/ozel-nitelikli-kisisel-verilerin-islenmesinde-alinmasi-gereken-yeterli-onlemlere-iliskin-karar-yayinlandi\/#article\",\"isPartOf\":{\"@id\":\"https:\/\/www.esin.av.tr\/tr\/2018\/03\/12\/ozel-nitelikli-kisisel-verilerin-islenmesinde-alinmasi-gereken-yeterli-onlemlere-iliskin-karar-yayinlandi\/\"},\"author\":{\"name\":\"R\u0131dvan Konrat\",\"@id\":\"https:\/\/www.esin.av.tr\/tr\/#\/schema\/person\/42c8e616aab56b8622fa365ad63282ae\"},\"headline\":\"\u00d6zel Nitelikli Ki\u015fisel Verilerin \u0130\u015flenmesinde Al\u0131nmas\u0131 Gereken Yeterli \u00d6nlemlere ili\u015fkin Karar Yay\u0131nland\u0131\",\"datePublished\":\"2018-03-12T10:43:25+00:00\",\"dateModified\":\"2022-06-09T12:12:25+00:00\",\"mainEntityOfPage\":{\"@id\":\"https:\/\/www.esin.av.tr\/tr\/2018\/03\/12\/ozel-nitelikli-kisisel-verilerin-islenmesinde-alinmasi-gereken-yeterli-onlemlere-iliskin-karar-yayinlandi\/\"},\"wordCount\":181,\"publisher\":{\"@id\":\"https:\/\/www.esin.av.tr\/tr\/#organization\"},\"keywords\":[\"Bilgi Teknolojileri ve Telekom\u00fcnikasyon\"],\"articleSection\":[\"Hukuk B\u00fcltenleri\"],\"inLanguage\":\"tr\"},{\"@type\":\"WebPage\",\"@id\":\"https:\/\/www.esin.av.tr\/tr\/2018\/03\/12\/ozel-nitelikli-kisisel-verilerin-islenmesinde-alinmasi-gereken-yeterli-onlemlere-iliskin-karar-yayinlandi\/\",\"url\":\"https:\/\/www.esin.av.tr\/tr\/2018\/03\/12\/ozel-nitelikli-kisisel-verilerin-islenmesinde-alinmasi-gereken-yeterli-onlemlere-iliskin-karar-yayinlandi\/\",\"name\":\"\u00d6zel Nitelikli Ki\u015fisel Verilerin \u0130\u015flenmesinde Al\u0131nmas\u0131 Gereken Yeterli \u00d6nlemlere ili\u015fkin Karar Yay\u0131nland\u0131\",\"isPartOf\":{\"@id\":\"https:\/\/www.esin.av.tr\/tr\/#website\"},\"datePublished\":\"2018-03-12T10:43:25+00:00\",\"dateModified\":\"2022-06-09T12:12:25+00:00\",\"description\":\"Yeni Geli\u015fme Ki\u015fisel Verileri Koruma Kurulu'nun (\\\"Kurul\\\"), \\\"\u00f6zel nitelikli ki\u015fisel verilerin i\u015flenmesinde veri sorumlular\u0131nca al\u0131nmas\u0131 gereken yeterli\",\"breadcrumb\":{\"@id\":\"https:\/\/www.esin.av.tr\/tr\/2018\/03\/12\/ozel-nitelikli-kisisel-verilerin-islenmesinde-alinmasi-gereken-yeterli-onlemlere-iliskin-karar-yayinlandi\/#breadcrumb\"},\"inLanguage\":\"tr\",\"potentialAction\":[{\"@type\":\"ReadAction\",\"target\":[\"https:\/\/www.esin.av.tr\/tr\/2018\/03\/12\/ozel-nitelikli-kisisel-verilerin-islenmesinde-alinmasi-gereken-yeterli-onlemlere-iliskin-karar-yayinlandi\/\"]}]},{\"@type\":\"BreadcrumbList\",\"@id\":\"https:\/\/www.esin.av.tr\/tr\/2018\/03\/12\/ozel-nitelikli-kisisel-verilerin-islenmesinde-alinmasi-gereken-yeterli-onlemlere-iliskin-karar-yayinlandi\/#breadcrumb\",\"itemListElement\":[{\"@type\":\"ListItem\",\"position\":1,\"name\":\"Home\",\"item\":\"https:\/\/www.esin.av.tr\/tr\/\"},{\"@type\":\"ListItem\",\"position\":2,\"name\":\"\u00d6zel Nitelikli Ki\u015fisel Verilerin \u0130\u015flenmesinde Al\u0131nmas\u0131 Gereken Yeterli \u00d6nlemlere ili\u015fkin Karar Yay\u0131nland\u0131\"}]},{\"@type\":\"WebSite\",\"@id\":\"https:\/\/www.esin.av.tr\/tr\/#website\",\"url\":\"https:\/\/www.esin.av.tr\/tr\/\",\"name\":\"Esin Avukatl\u0131k Ortakl\u0131\u011f\u0131\",\"description\":\"\",\"publisher\":{\"@id\":\"https:\/\/www.esin.av.tr\/tr\/#organization\"},\"potentialAction\":[{\"@type\":\"SearchAction\",\"target\":{\"@type\":\"EntryPoint\",\"urlTemplate\":\"https:\/\/www.esin.av.tr\/tr\/?s={search_term_string}\"},\"query-input\":{\"@type\":\"PropertyValueSpecification\",\"valueRequired\":true,\"valueName\":\"search_term_string\"}}],\"inLanguage\":\"tr\"},{\"@type\":\"Organization\",\"@id\":\"https:\/\/www.esin.av.tr\/tr\/#organization\",\"name\":\"Esin Avukatl\u0131k Ortakl\u0131\u011f\u0131\",\"url\":\"https:\/\/www.esin.av.tr\/tr\/\",\"logo\":{\"@type\":\"ImageObject\",\"inLanguage\":\"tr\",\"@id\":\"https:\/\/www.esin.av.tr\/tr\/#\/schema\/logo\/image\/\",\"url\":\"https:\/\/www.esin.av.tr\/wp-content\/uploads\/2021\/09\/esin-2.jpg\",\"contentUrl\":\"https:\/\/www.esin.av.tr\/wp-content\/uploads\/2021\/09\/esin-2.jpg\",\"width\":800,\"height\":460,\"caption\":\"Esin Avukatl\u0131k Ortakl\u0131\u011f\u0131\"},\"image\":{\"@id\":\"https:\/\/www.esin.av.tr\/tr\/#\/schema\/logo\/image\/\"}},{\"@type\":\"Person\",\"@id\":\"https:\/\/www.esin.av.tr\/tr\/#\/schema\/person\/42c8e616aab56b8622fa365ad63282ae\",\"name\":\"R\u0131dvan Konrat\",\"image\":{\"@type\":\"ImageObject\",\"inLanguage\":\"tr\",\"@id\":\"https:\/\/www.esin.av.tr\/tr\/#\/schema\/person\/image\/\",\"url\":\"https:\/\/secure.gravatar.com\/avatar\/b20c6c583be38ed4e76e32f69fccc676?s=96&d=mm&r=g\",\"contentUrl\":\"https:\/\/secure.gravatar.com\/avatar\/b20c6c583be38ed4e76e32f69fccc676?s=96&d=mm&r=g\",\"caption\":\"R\u0131dvan Konrat\"},\"sameAs\":[\"http:\/\/www.esin.av.tr\"],\"url\":\"https:\/\/www.esin.av.tr\/tr\/author\/rkonrat\/\"}]}<\/script>\n<!-- \/ Yoast SEO plugin. -->","yoast_head_json":{"title":"\u00d6zel Nitelikli Ki\u015fisel Verilerin \u0130\u015flenmesinde Al\u0131nmas\u0131 Gereken Yeterli \u00d6nlemlere ili\u015fkin Karar Yay\u0131nland\u0131","description":"Yeni Geli\u015fme Ki\u015fisel Verileri Koruma Kurulu'nun (\"Kurul\"), \"\u00f6zel nitelikli ki\u015fisel verilerin i\u015flenmesinde veri sorumlular\u0131nca al\u0131nmas\u0131 gereken yeterli","robots":{"index":"index","follow":"follow","max-snippet":"max-snippet:-1","max-image-preview":"max-image-preview:large","max-video-preview":"max-video-preview:-1"},"canonical":"https:\/\/www.esin.av.tr\/tr\/2018\/03\/12\/ozel-nitelikli-kisisel-verilerin-islenmesinde-alinmasi-gereken-yeterli-onlemlere-iliskin-karar-yayinlandi\/","og_locale":"tr_TR","og_type":"article","og_title":"\u00d6zel Nitelikli Ki\u015fisel Verilerin \u0130\u015flenmesinde Al\u0131nmas\u0131 Gereken Yeterli \u00d6nlemlere ili\u015fkin Karar Yay\u0131nland\u0131","og_description":"Yeni Geli\u015fme Ki\u015fisel Verileri Koruma Kurulu'nun (\"Kurul\"), \"\u00f6zel nitelikli ki\u015fisel verilerin i\u015flenmesinde veri sorumlular\u0131nca al\u0131nmas\u0131 gereken yeterli","og_url":"https:\/\/www.esin.av.tr\/tr\/2018\/03\/12\/ozel-nitelikli-kisisel-verilerin-islenmesinde-alinmasi-gereken-yeterli-onlemlere-iliskin-karar-yayinlandi\/","og_site_name":"Esin Avukatl\u0131k Ortakl\u0131\u011f\u0131","article_published_time":"2018-03-12T10:43:25+00:00","article_modified_time":"2022-06-09T12:12:25+00:00","author":"R\u0131dvan Konrat","twitter_card":"summary_large_image","twitter_misc":{"Written by":"R\u0131dvan Konrat","Est. reading time":"1 minute"},"schema":{"@context":"https:\/\/schema.org","@graph":[{"@type":"Article","@id":"https:\/\/www.esin.av.tr\/tr\/2018\/03\/12\/ozel-nitelikli-kisisel-verilerin-islenmesinde-alinmasi-gereken-yeterli-onlemlere-iliskin-karar-yayinlandi\/#article","isPartOf":{"@id":"https:\/\/www.esin.av.tr\/tr\/2018\/03\/12\/ozel-nitelikli-kisisel-verilerin-islenmesinde-alinmasi-gereken-yeterli-onlemlere-iliskin-karar-yayinlandi\/"},"author":{"name":"R\u0131dvan Konrat","@id":"https:\/\/www.esin.av.tr\/tr\/#\/schema\/person\/42c8e616aab56b8622fa365ad63282ae"},"headline":"\u00d6zel Nitelikli Ki\u015fisel Verilerin \u0130\u015flenmesinde Al\u0131nmas\u0131 Gereken Yeterli \u00d6nlemlere ili\u015fkin Karar Yay\u0131nland\u0131","datePublished":"2018-03-12T10:43:25+00:00","dateModified":"2022-06-09T12:12:25+00:00","mainEntityOfPage":{"@id":"https:\/\/www.esin.av.tr\/tr\/2018\/03\/12\/ozel-nitelikli-kisisel-verilerin-islenmesinde-alinmasi-gereken-yeterli-onlemlere-iliskin-karar-yayinlandi\/"},"wordCount":181,"publisher":{"@id":"https:\/\/www.esin.av.tr\/tr\/#organization"},"keywords":["Bilgi Teknolojileri ve Telekom\u00fcnikasyon"],"articleSection":["Hukuk B\u00fcltenleri"],"inLanguage":"tr"},{"@type":"WebPage","@id":"https:\/\/www.esin.av.tr\/tr\/2018\/03\/12\/ozel-nitelikli-kisisel-verilerin-islenmesinde-alinmasi-gereken-yeterli-onlemlere-iliskin-karar-yayinlandi\/","url":"https:\/\/www.esin.av.tr\/tr\/2018\/03\/12\/ozel-nitelikli-kisisel-verilerin-islenmesinde-alinmasi-gereken-yeterli-onlemlere-iliskin-karar-yayinlandi\/","name":"\u00d6zel Nitelikli Ki\u015fisel Verilerin \u0130\u015flenmesinde Al\u0131nmas\u0131 Gereken Yeterli \u00d6nlemlere ili\u015fkin Karar Yay\u0131nland\u0131","isPartOf":{"@id":"https:\/\/www.esin.av.tr\/tr\/#website"},"datePublished":"2018-03-12T10:43:25+00:00","dateModified":"2022-06-09T12:12:25+00:00","description":"Yeni Geli\u015fme Ki\u015fisel Verileri Koruma Kurulu'nun (\"Kurul\"), \"\u00f6zel nitelikli ki\u015fisel verilerin i\u015flenmesinde veri sorumlular\u0131nca al\u0131nmas\u0131 gereken yeterli","breadcrumb":{"@id":"https:\/\/www.esin.av.tr\/tr\/2018\/03\/12\/ozel-nitelikli-kisisel-verilerin-islenmesinde-alinmasi-gereken-yeterli-onlemlere-iliskin-karar-yayinlandi\/#breadcrumb"},"inLanguage":"tr","potentialAction":[{"@type":"ReadAction","target":["https:\/\/www.esin.av.tr\/tr\/2018\/03\/12\/ozel-nitelikli-kisisel-verilerin-islenmesinde-alinmasi-gereken-yeterli-onlemlere-iliskin-karar-yayinlandi\/"]}]},{"@type":"BreadcrumbList","@id":"https:\/\/www.esin.av.tr\/tr\/2018\/03\/12\/ozel-nitelikli-kisisel-verilerin-islenmesinde-alinmasi-gereken-yeterli-onlemlere-iliskin-karar-yayinlandi\/#breadcrumb","itemListElement":[{"@type":"ListItem","position":1,"name":"Home","item":"https:\/\/www.esin.av.tr\/tr\/"},{"@type":"ListItem","position":2,"name":"\u00d6zel Nitelikli Ki\u015fisel Verilerin \u0130\u015flenmesinde Al\u0131nmas\u0131 Gereken Yeterli \u00d6nlemlere ili\u015fkin Karar Yay\u0131nland\u0131"}]},{"@type":"WebSite","@id":"https:\/\/www.esin.av.tr\/tr\/#website","url":"https:\/\/www.esin.av.tr\/tr\/","name":"Esin Avukatl\u0131k Ortakl\u0131\u011f\u0131","description":"","publisher":{"@id":"https:\/\/www.esin.av.tr\/tr\/#organization"},"potentialAction":[{"@type":"SearchAction","target":{"@type":"EntryPoint","urlTemplate":"https:\/\/www.esin.av.tr\/tr\/?s={search_term_string}"},"query-input":{"@type":"PropertyValueSpecification","valueRequired":true,"valueName":"search_term_string"}}],"inLanguage":"tr"},{"@type":"Organization","@id":"https:\/\/www.esin.av.tr\/tr\/#organization","name":"Esin Avukatl\u0131k Ortakl\u0131\u011f\u0131","url":"https:\/\/www.esin.av.tr\/tr\/","logo":{"@type":"ImageObject","inLanguage":"tr","@id":"https:\/\/www.esin.av.tr\/tr\/#\/schema\/logo\/image\/","url":"https:\/\/www.esin.av.tr\/wp-content\/uploads\/2021\/09\/esin-2.jpg","contentUrl":"https:\/\/www.esin.av.tr\/wp-content\/uploads\/2021\/09\/esin-2.jpg","width":800,"height":460,"caption":"Esin Avukatl\u0131k Ortakl\u0131\u011f\u0131"},"image":{"@id":"https:\/\/www.esin.av.tr\/tr\/#\/schema\/logo\/image\/"}},{"@type":"Person","@id":"https:\/\/www.esin.av.tr\/tr\/#\/schema\/person\/42c8e616aab56b8622fa365ad63282ae","name":"R\u0131dvan Konrat","image":{"@type":"ImageObject","inLanguage":"tr","@id":"https:\/\/www.esin.av.tr\/tr\/#\/schema\/person\/image\/","url":"https:\/\/secure.gravatar.com\/avatar\/b20c6c583be38ed4e76e32f69fccc676?s=96&d=mm&r=g","contentUrl":"https:\/\/secure.gravatar.com\/avatar\/b20c6c583be38ed4e76e32f69fccc676?s=96&d=mm&r=g","caption":"R\u0131dvan Konrat"},"sameAs":["http:\/\/www.esin.av.tr"],"url":"https:\/\/www.esin.av.tr\/tr\/author\/rkonrat\/"}]}},"_links":{"self":[{"href":"https:\/\/www.esin.av.tr\/tr\/wp-json\/wp\/v2\/posts\/14633","targetHints":{"allow":["GET"]}}],"collection":[{"href":"https:\/\/www.esin.av.tr\/tr\/wp-json\/wp\/v2\/posts"}],"about":[{"href":"https:\/\/www.esin.av.tr\/tr\/wp-json\/wp\/v2\/types\/post"}],"author":[{"embeddable":true,"href":"https:\/\/www.esin.av.tr\/tr\/wp-json\/wp\/v2\/users\/4"}],"replies":[{"embeddable":true,"href":"https:\/\/www.esin.av.tr\/tr\/wp-json\/wp\/v2\/comments?post=14633"}],"version-history":[{"count":1,"href":"https:\/\/www.esin.av.tr\/tr\/wp-json\/wp\/v2\/posts\/14633\/revisions"}],"predecessor-version":[{"id":15724,"href":"https:\/\/www.esin.av.tr\/tr\/wp-json\/wp\/v2\/posts\/14633\/revisions\/15724"}],"wp:attachment":[{"href":"https:\/\/www.esin.av.tr\/tr\/wp-json\/wp\/v2\/media?parent=14633"}],"wp:term":[{"taxonomy":"category","embeddable":true,"href":"https:\/\/www.esin.av.tr\/tr\/wp-json\/wp\/v2\/categories?post=14633"},{"taxonomy":"post_tag","embeddable":true,"href":"https:\/\/www.esin.av.tr\/tr\/wp-json\/wp\/v2\/tags?post=14633"}],"curies":[{"name":"wp","href":"https:\/\/api.w.org\/{rel}","templated":true}]}}