{"id":14620,"date":"2018-05-18T10:19:58","date_gmt":"2018-05-18T10:19:58","guid":{"rendered":"http:\/\/upt.esin.av.tr\/2018\/05\/18\/veri-sorumlulari-siciline-kayit-yukumlulugunun-istisnalarina-iliskin-karar-yayinlandi\/"},"modified":"2022-06-09T12:12:44","modified_gmt":"2022-06-09T12:12:44","slug":"veri-sorumlulari-siciline-kayit-yukumlulugunun-istisnalarina-iliskin-karar-yayinlandi","status":"publish","type":"post","link":"https:\/\/www.esin.av.tr\/tr\/2018\/05\/18\/veri-sorumlulari-siciline-kayit-yukumlulugunun-istisnalarina-iliskin-karar-yayinlandi\/","title":{"rendered":"Veri Sorumlular\u0131 Siciline Kay\u0131t Y\u00fck\u00fcml\u00fcl\u00fc\u011f\u00fcn\u00fcn \u0130stisnalar\u0131na \u0130li\u015fkin Karar Yay\u0131nland\u0131"},"content":{"rendered":"<p class=\"s8\"><strong>Yeni Geli\u015fme<\/strong><\/p>\n<p>Ki\u015fisel Verileri Koruma Kurulu&#8217;nun (&#8220;<b>Kurul<\/b>&#8220;), Veri Sorumlular\u0131 Sicili&#8217;ne (&#8220;<b>Sicil<\/b>&#8220;) kay\u0131t y\u00fck\u00fcml\u00fcl\u00fc\u011f\u00fcn\u00fcn istisnalar\u0131na ili\u015fkin karar\u0131 (&#8220;<b>Karar<\/b>&#8220;), 15 May\u0131s 2018 tarihli Resmi Gazete&#8217;de yay\u0131mland\u0131.<\/p>\n<h4>Karar Ne Anlama Geliyor?<\/h4>\n<p>Karar, 6698 say\u0131l\u0131 Ki\u015fisel Verilerin Korunmas\u0131 Kanunu&#8217;nun (&#8220;<b>Kanun<\/b>&#8220;), &#8220;\u0130\u015flenen ki\u015fisel verinin niteli\u011fi, say\u0131s\u0131, veri i\u015flemenin kanundan kaynaklanmas\u0131 veya \u00fc\u00e7\u00fcnc\u00fc ki\u015filere aktar\u0131lma durumu gibi Kurulca belirlenecek objektif kriterler g\u00f6z \u00f6n\u00fcne al\u0131nmak suretiyle, Kurul taraf\u0131ndan Sicil&#8217;e kay\u0131t zorunlulu\u011funa istisna getirilebilir&#8221; h\u00fckm\u00fcne dayan\u0131yor.<\/p>\n<p>Karar uyar\u0131nca a\u015fa\u011f\u0131da yer alanlar kay\u0131t y\u00fck\u00fcml\u00fcl\u00fc\u011f\u00fcnden muaf olacak:<\/p>\n<ul id=\"l1\">\n<li>Herhangi bir veri kay\u0131t sisteminin par\u00e7as\u0131 olmak kayd\u0131yla yaln\u0131zca otomatik olmayan yollarla ki\u015fisel veri i\u015fleyenler.<\/li>\n<li>Noterlik Kanunu uyar\u0131nca faaliyet g\u00f6steren noterler.<\/li>\n<li>Dernekler Kanununa g\u00f6re kurulmu\u015f derneklerden, Vak\u0131flar Kanununa g\u00f6re kurulmu\u015f vak\u0131flardan ve Sendikalar ve Toplu \u0130\u015f S\u00f6zle\u015fmesi Kanununa g\u00f6re kurulmu\u015f sendikalardan yaln\u0131zca ilgili mevzuat ve ama\u00e7lar\u0131na uygun, faaliyet alanlar\u0131yla s\u0131n\u0131rl\u0131 ve sadece kendi \u00e7al\u0131\u015fanlar\u0131na, \u00fcyelerine, mensuplar\u0131na ve ba\u011f\u0131\u015f\u00e7\u0131lar\u0131na y\u00f6nelik ki\u015fisel veri i\u015fleyenler.<\/li>\n<li>Siyasi Partiler Kanununa g\u00f6re kurulmu\u015f siyasi partiler.<\/li>\n<li>Avukatl\u0131k Kanunu uyar\u0131nca faaliyet g\u00f6steren avukatlar.<\/li>\n<li>Serbest Muhasebeci Mali M\u00fc\u015favirlik ve Yeminli Mali M\u00fc\u015favirlik Kanunu uyar\u0131nca faaliyet g\u00f6steren Serbest Muhasebeci Mali M\u00fc\u015favirler ve Yeminli Mali M\u00fc\u015favirler.<\/li>\n<\/ul>\n<p class=\"s8\"><strong>Sonu\u00e7<\/strong><\/p>\n<p>Veri sorumlular\u0131n\u0131n yukar\u0131da say\u0131lan istisnalardan birinin kapsam\u0131na girip girmediklerini de\u011ferlendirmeleri gerekiyor.<\/p>\n<p>Buna ek olarak, Sicil&#8217;e kay\u0131ttan muaf tutulan veri sorumlular\u0131n\u0131n ise Kanun&#8217;a uyumlu davranma y\u00fck\u00fcml\u00fcl\u00fckleri devam edecek. Sicil&#8217;e kay\u0131t y\u00fck\u00fcml\u00fcl\u00fc\u011f\u00fc bulunan veri sorumlular\u0131n\u0131n ki\u015fisel veri i\u015fleme envanteri ve ki\u015fisel veri saklama ve imha politikas\u0131 haz\u0131rlamalar\u0131 gerekiyor.<\/p>\n","protected":false},"excerpt":{"rendered":"<p>Yeni Geli\u015fme Ki\u015fisel Verileri Koruma Kurulu&#8217;nun (&#8220;Kurul&#8220;), Veri Sorumlular\u0131 Sicili&#8217;ne (&#8220;Sicil&#8220;) kay\u0131t y\u00fck\u00fcml\u00fcl\u00fc\u011f\u00fcn\u00fcn istisnalar\u0131na ili\u015fkin karar\u0131 (&#8220;Karar&#8220;), 15 May\u0131s 2018 [&hellip;]<\/p>\n","protected":false},"author":4,"featured_media":0,"comment_status":"closed","ping_status":"closed","sticky":false,"template":"","format":"standard","meta":{"_acf_changed":false,"_stopmodifiedupdate":false,"_modified_date":"","footnotes":""},"categories":[120],"tags":[93],"class_list":["post-14620","post","type-post","status-publish","format-standard","hentry","category-legal-alerts","tag-information-technology-communications-tr"],"acf":[],"yoast_head":"<!-- This site is optimized with the Yoast SEO plugin v24.0 - https:\/\/yoast.com\/wordpress\/plugins\/seo\/ -->\n<title>Veri Sorumlular\u0131 Siciline Kay\u0131t Y\u00fck\u00fcml\u00fcl\u00fc\u011f\u00fcn\u00fcn \u0130stisnalar\u0131na \u0130li\u015fkin Karar Yay\u0131nland\u0131<\/title>\n<meta name=\"description\" content=\"Yeni Geli\u015fme Ki\u015fisel Verileri Koruma Kurulu&#039;nun (&quot;Kurul&quot;), Veri Sorumlular\u0131 Sicili&#039;ne (&quot;Sicil&quot;) kay\u0131t y\u00fck\u00fcml\u00fcl\u00fc\u011f\u00fcn\u00fcn istisnalar\u0131na ili\u015fkin karar\u0131\" \/>\n<meta name=\"robots\" content=\"index, follow, max-snippet:-1, max-image-preview:large, max-video-preview:-1\" \/>\n<link rel=\"canonical\" href=\"https:\/\/www.esin.av.tr\/tr\/2018\/05\/18\/veri-sorumlulari-siciline-kayit-yukumlulugunun-istisnalarina-iliskin-karar-yayinlandi\/\" \/>\n<meta property=\"og:locale\" content=\"tr_TR\" \/>\n<meta property=\"og:type\" content=\"article\" \/>\n<meta property=\"og:title\" content=\"Veri Sorumlular\u0131 Siciline Kay\u0131t Y\u00fck\u00fcml\u00fcl\u00fc\u011f\u00fcn\u00fcn \u0130stisnalar\u0131na \u0130li\u015fkin Karar Yay\u0131nland\u0131\" \/>\n<meta property=\"og:description\" content=\"Yeni Geli\u015fme Ki\u015fisel Verileri Koruma Kurulu&#039;nun (&quot;Kurul&quot;), Veri Sorumlular\u0131 Sicili&#039;ne (&quot;Sicil&quot;) kay\u0131t y\u00fck\u00fcml\u00fcl\u00fc\u011f\u00fcn\u00fcn istisnalar\u0131na ili\u015fkin karar\u0131\" \/>\n<meta property=\"og:url\" content=\"https:\/\/www.esin.av.tr\/tr\/2018\/05\/18\/veri-sorumlulari-siciline-kayit-yukumlulugunun-istisnalarina-iliskin-karar-yayinlandi\/\" \/>\n<meta property=\"og:site_name\" content=\"Esin Avukatl\u0131k Ortakl\u0131\u011f\u0131\" \/>\n<meta property=\"article:published_time\" content=\"2018-05-18T10:19:58+00:00\" \/>\n<meta property=\"article:modified_time\" content=\"2022-06-09T12:12:44+00:00\" \/>\n<meta name=\"author\" content=\"R\u0131dvan Konrat\" \/>\n<meta name=\"twitter:card\" content=\"summary_large_image\" \/>\n<meta name=\"twitter:label1\" content=\"Written by\" \/>\n\t<meta name=\"twitter:data1\" content=\"R\u0131dvan Konrat\" \/>\n\t<meta name=\"twitter:label2\" content=\"Est. reading time\" \/>\n\t<meta name=\"twitter:data2\" content=\"2 minutes\" \/>\n<script type=\"application\/ld+json\" class=\"yoast-schema-graph\">{\"@context\":\"https:\/\/schema.org\",\"@graph\":[{\"@type\":\"Article\",\"@id\":\"https:\/\/www.esin.av.tr\/tr\/2018\/05\/18\/veri-sorumlulari-siciline-kayit-yukumlulugunun-istisnalarina-iliskin-karar-yayinlandi\/#article\",\"isPartOf\":{\"@id\":\"https:\/\/www.esin.av.tr\/tr\/2018\/05\/18\/veri-sorumlulari-siciline-kayit-yukumlulugunun-istisnalarina-iliskin-karar-yayinlandi\/\"},\"author\":{\"name\":\"R\u0131dvan Konrat\",\"@id\":\"https:\/\/www.esin.av.tr\/tr\/#\/schema\/person\/42c8e616aab56b8622fa365ad63282ae\"},\"headline\":\"Veri Sorumlular\u0131 Siciline Kay\u0131t Y\u00fck\u00fcml\u00fcl\u00fc\u011f\u00fcn\u00fcn \u0130stisnalar\u0131na \u0130li\u015fkin Karar Yay\u0131nland\u0131\",\"datePublished\":\"2018-05-18T10:19:58+00:00\",\"dateModified\":\"2022-06-09T12:12:44+00:00\",\"mainEntityOfPage\":{\"@id\":\"https:\/\/www.esin.av.tr\/tr\/2018\/05\/18\/veri-sorumlulari-siciline-kayit-yukumlulugunun-istisnalarina-iliskin-karar-yayinlandi\/\"},\"wordCount\":340,\"publisher\":{\"@id\":\"https:\/\/www.esin.av.tr\/tr\/#organization\"},\"keywords\":[\"Bilgi Teknolojileri ve Telekom\u00fcnikasyon\"],\"articleSection\":[\"Hukuk B\u00fcltenleri\"],\"inLanguage\":\"tr\"},{\"@type\":\"WebPage\",\"@id\":\"https:\/\/www.esin.av.tr\/tr\/2018\/05\/18\/veri-sorumlulari-siciline-kayit-yukumlulugunun-istisnalarina-iliskin-karar-yayinlandi\/\",\"url\":\"https:\/\/www.esin.av.tr\/tr\/2018\/05\/18\/veri-sorumlulari-siciline-kayit-yukumlulugunun-istisnalarina-iliskin-karar-yayinlandi\/\",\"name\":\"Veri Sorumlular\u0131 Siciline Kay\u0131t Y\u00fck\u00fcml\u00fcl\u00fc\u011f\u00fcn\u00fcn \u0130stisnalar\u0131na \u0130li\u015fkin Karar Yay\u0131nland\u0131\",\"isPartOf\":{\"@id\":\"https:\/\/www.esin.av.tr\/tr\/#website\"},\"datePublished\":\"2018-05-18T10:19:58+00:00\",\"dateModified\":\"2022-06-09T12:12:44+00:00\",\"description\":\"Yeni Geli\u015fme Ki\u015fisel Verileri Koruma Kurulu'nun (\\\"Kurul\\\"), Veri Sorumlular\u0131 Sicili'ne (\\\"Sicil\\\") kay\u0131t y\u00fck\u00fcml\u00fcl\u00fc\u011f\u00fcn\u00fcn istisnalar\u0131na ili\u015fkin karar\u0131\",\"breadcrumb\":{\"@id\":\"https:\/\/www.esin.av.tr\/tr\/2018\/05\/18\/veri-sorumlulari-siciline-kayit-yukumlulugunun-istisnalarina-iliskin-karar-yayinlandi\/#breadcrumb\"},\"inLanguage\":\"tr\",\"potentialAction\":[{\"@type\":\"ReadAction\",\"target\":[\"https:\/\/www.esin.av.tr\/tr\/2018\/05\/18\/veri-sorumlulari-siciline-kayit-yukumlulugunun-istisnalarina-iliskin-karar-yayinlandi\/\"]}]},{\"@type\":\"BreadcrumbList\",\"@id\":\"https:\/\/www.esin.av.tr\/tr\/2018\/05\/18\/veri-sorumlulari-siciline-kayit-yukumlulugunun-istisnalarina-iliskin-karar-yayinlandi\/#breadcrumb\",\"itemListElement\":[{\"@type\":\"ListItem\",\"position\":1,\"name\":\"Home\",\"item\":\"https:\/\/www.esin.av.tr\/tr\/\"},{\"@type\":\"ListItem\",\"position\":2,\"name\":\"Veri Sorumlular\u0131 Siciline Kay\u0131t Y\u00fck\u00fcml\u00fcl\u00fc\u011f\u00fcn\u00fcn \u0130stisnalar\u0131na \u0130li\u015fkin Karar Yay\u0131nland\u0131\"}]},{\"@type\":\"WebSite\",\"@id\":\"https:\/\/www.esin.av.tr\/tr\/#website\",\"url\":\"https:\/\/www.esin.av.tr\/tr\/\",\"name\":\"Esin Avukatl\u0131k Ortakl\u0131\u011f\u0131\",\"description\":\"\",\"publisher\":{\"@id\":\"https:\/\/www.esin.av.tr\/tr\/#organization\"},\"potentialAction\":[{\"@type\":\"SearchAction\",\"target\":{\"@type\":\"EntryPoint\",\"urlTemplate\":\"https:\/\/www.esin.av.tr\/tr\/?s={search_term_string}\"},\"query-input\":{\"@type\":\"PropertyValueSpecification\",\"valueRequired\":true,\"valueName\":\"search_term_string\"}}],\"inLanguage\":\"tr\"},{\"@type\":\"Organization\",\"@id\":\"https:\/\/www.esin.av.tr\/tr\/#organization\",\"name\":\"Esin Avukatl\u0131k Ortakl\u0131\u011f\u0131\",\"url\":\"https:\/\/www.esin.av.tr\/tr\/\",\"logo\":{\"@type\":\"ImageObject\",\"inLanguage\":\"tr\",\"@id\":\"https:\/\/www.esin.av.tr\/tr\/#\/schema\/logo\/image\/\",\"url\":\"https:\/\/www.esin.av.tr\/wp-content\/uploads\/2021\/09\/esin-2.jpg\",\"contentUrl\":\"https:\/\/www.esin.av.tr\/wp-content\/uploads\/2021\/09\/esin-2.jpg\",\"width\":800,\"height\":460,\"caption\":\"Esin Avukatl\u0131k Ortakl\u0131\u011f\u0131\"},\"image\":{\"@id\":\"https:\/\/www.esin.av.tr\/tr\/#\/schema\/logo\/image\/\"}},{\"@type\":\"Person\",\"@id\":\"https:\/\/www.esin.av.tr\/tr\/#\/schema\/person\/42c8e616aab56b8622fa365ad63282ae\",\"name\":\"R\u0131dvan Konrat\",\"image\":{\"@type\":\"ImageObject\",\"inLanguage\":\"tr\",\"@id\":\"https:\/\/www.esin.av.tr\/tr\/#\/schema\/person\/image\/\",\"url\":\"https:\/\/secure.gravatar.com\/avatar\/b20c6c583be38ed4e76e32f69fccc676?s=96&d=mm&r=g\",\"contentUrl\":\"https:\/\/secure.gravatar.com\/avatar\/b20c6c583be38ed4e76e32f69fccc676?s=96&d=mm&r=g\",\"caption\":\"R\u0131dvan Konrat\"},\"sameAs\":[\"http:\/\/www.esin.av.tr\"],\"url\":\"https:\/\/www.esin.av.tr\/tr\/author\/rkonrat\/\"}]}<\/script>\n<!-- \/ Yoast SEO plugin. -->","yoast_head_json":{"title":"Veri Sorumlular\u0131 Siciline Kay\u0131t Y\u00fck\u00fcml\u00fcl\u00fc\u011f\u00fcn\u00fcn \u0130stisnalar\u0131na \u0130li\u015fkin Karar Yay\u0131nland\u0131","description":"Yeni Geli\u015fme Ki\u015fisel Verileri Koruma Kurulu'nun (\"Kurul\"), Veri Sorumlular\u0131 Sicili'ne (\"Sicil\") kay\u0131t y\u00fck\u00fcml\u00fcl\u00fc\u011f\u00fcn\u00fcn istisnalar\u0131na ili\u015fkin karar\u0131","robots":{"index":"index","follow":"follow","max-snippet":"max-snippet:-1","max-image-preview":"max-image-preview:large","max-video-preview":"max-video-preview:-1"},"canonical":"https:\/\/www.esin.av.tr\/tr\/2018\/05\/18\/veri-sorumlulari-siciline-kayit-yukumlulugunun-istisnalarina-iliskin-karar-yayinlandi\/","og_locale":"tr_TR","og_type":"article","og_title":"Veri Sorumlular\u0131 Siciline Kay\u0131t Y\u00fck\u00fcml\u00fcl\u00fc\u011f\u00fcn\u00fcn \u0130stisnalar\u0131na \u0130li\u015fkin Karar Yay\u0131nland\u0131","og_description":"Yeni Geli\u015fme Ki\u015fisel Verileri Koruma Kurulu'nun (\"Kurul\"), Veri Sorumlular\u0131 Sicili'ne (\"Sicil\") kay\u0131t y\u00fck\u00fcml\u00fcl\u00fc\u011f\u00fcn\u00fcn istisnalar\u0131na ili\u015fkin karar\u0131","og_url":"https:\/\/www.esin.av.tr\/tr\/2018\/05\/18\/veri-sorumlulari-siciline-kayit-yukumlulugunun-istisnalarina-iliskin-karar-yayinlandi\/","og_site_name":"Esin Avukatl\u0131k Ortakl\u0131\u011f\u0131","article_published_time":"2018-05-18T10:19:58+00:00","article_modified_time":"2022-06-09T12:12:44+00:00","author":"R\u0131dvan Konrat","twitter_card":"summary_large_image","twitter_misc":{"Written by":"R\u0131dvan Konrat","Est. reading time":"2 minutes"},"schema":{"@context":"https:\/\/schema.org","@graph":[{"@type":"Article","@id":"https:\/\/www.esin.av.tr\/tr\/2018\/05\/18\/veri-sorumlulari-siciline-kayit-yukumlulugunun-istisnalarina-iliskin-karar-yayinlandi\/#article","isPartOf":{"@id":"https:\/\/www.esin.av.tr\/tr\/2018\/05\/18\/veri-sorumlulari-siciline-kayit-yukumlulugunun-istisnalarina-iliskin-karar-yayinlandi\/"},"author":{"name":"R\u0131dvan Konrat","@id":"https:\/\/www.esin.av.tr\/tr\/#\/schema\/person\/42c8e616aab56b8622fa365ad63282ae"},"headline":"Veri Sorumlular\u0131 Siciline Kay\u0131t Y\u00fck\u00fcml\u00fcl\u00fc\u011f\u00fcn\u00fcn \u0130stisnalar\u0131na \u0130li\u015fkin Karar Yay\u0131nland\u0131","datePublished":"2018-05-18T10:19:58+00:00","dateModified":"2022-06-09T12:12:44+00:00","mainEntityOfPage":{"@id":"https:\/\/www.esin.av.tr\/tr\/2018\/05\/18\/veri-sorumlulari-siciline-kayit-yukumlulugunun-istisnalarina-iliskin-karar-yayinlandi\/"},"wordCount":340,"publisher":{"@id":"https:\/\/www.esin.av.tr\/tr\/#organization"},"keywords":["Bilgi Teknolojileri ve Telekom\u00fcnikasyon"],"articleSection":["Hukuk B\u00fcltenleri"],"inLanguage":"tr"},{"@type":"WebPage","@id":"https:\/\/www.esin.av.tr\/tr\/2018\/05\/18\/veri-sorumlulari-siciline-kayit-yukumlulugunun-istisnalarina-iliskin-karar-yayinlandi\/","url":"https:\/\/www.esin.av.tr\/tr\/2018\/05\/18\/veri-sorumlulari-siciline-kayit-yukumlulugunun-istisnalarina-iliskin-karar-yayinlandi\/","name":"Veri Sorumlular\u0131 Siciline Kay\u0131t Y\u00fck\u00fcml\u00fcl\u00fc\u011f\u00fcn\u00fcn \u0130stisnalar\u0131na \u0130li\u015fkin Karar Yay\u0131nland\u0131","isPartOf":{"@id":"https:\/\/www.esin.av.tr\/tr\/#website"},"datePublished":"2018-05-18T10:19:58+00:00","dateModified":"2022-06-09T12:12:44+00:00","description":"Yeni Geli\u015fme Ki\u015fisel Verileri Koruma Kurulu'nun (\"Kurul\"), Veri Sorumlular\u0131 Sicili'ne (\"Sicil\") kay\u0131t y\u00fck\u00fcml\u00fcl\u00fc\u011f\u00fcn\u00fcn istisnalar\u0131na ili\u015fkin karar\u0131","breadcrumb":{"@id":"https:\/\/www.esin.av.tr\/tr\/2018\/05\/18\/veri-sorumlulari-siciline-kayit-yukumlulugunun-istisnalarina-iliskin-karar-yayinlandi\/#breadcrumb"},"inLanguage":"tr","potentialAction":[{"@type":"ReadAction","target":["https:\/\/www.esin.av.tr\/tr\/2018\/05\/18\/veri-sorumlulari-siciline-kayit-yukumlulugunun-istisnalarina-iliskin-karar-yayinlandi\/"]}]},{"@type":"BreadcrumbList","@id":"https:\/\/www.esin.av.tr\/tr\/2018\/05\/18\/veri-sorumlulari-siciline-kayit-yukumlulugunun-istisnalarina-iliskin-karar-yayinlandi\/#breadcrumb","itemListElement":[{"@type":"ListItem","position":1,"name":"Home","item":"https:\/\/www.esin.av.tr\/tr\/"},{"@type":"ListItem","position":2,"name":"Veri Sorumlular\u0131 Siciline Kay\u0131t Y\u00fck\u00fcml\u00fcl\u00fc\u011f\u00fcn\u00fcn \u0130stisnalar\u0131na \u0130li\u015fkin Karar Yay\u0131nland\u0131"}]},{"@type":"WebSite","@id":"https:\/\/www.esin.av.tr\/tr\/#website","url":"https:\/\/www.esin.av.tr\/tr\/","name":"Esin Avukatl\u0131k Ortakl\u0131\u011f\u0131","description":"","publisher":{"@id":"https:\/\/www.esin.av.tr\/tr\/#organization"},"potentialAction":[{"@type":"SearchAction","target":{"@type":"EntryPoint","urlTemplate":"https:\/\/www.esin.av.tr\/tr\/?s={search_term_string}"},"query-input":{"@type":"PropertyValueSpecification","valueRequired":true,"valueName":"search_term_string"}}],"inLanguage":"tr"},{"@type":"Organization","@id":"https:\/\/www.esin.av.tr\/tr\/#organization","name":"Esin Avukatl\u0131k Ortakl\u0131\u011f\u0131","url":"https:\/\/www.esin.av.tr\/tr\/","logo":{"@type":"ImageObject","inLanguage":"tr","@id":"https:\/\/www.esin.av.tr\/tr\/#\/schema\/logo\/image\/","url":"https:\/\/www.esin.av.tr\/wp-content\/uploads\/2021\/09\/esin-2.jpg","contentUrl":"https:\/\/www.esin.av.tr\/wp-content\/uploads\/2021\/09\/esin-2.jpg","width":800,"height":460,"caption":"Esin Avukatl\u0131k Ortakl\u0131\u011f\u0131"},"image":{"@id":"https:\/\/www.esin.av.tr\/tr\/#\/schema\/logo\/image\/"}},{"@type":"Person","@id":"https:\/\/www.esin.av.tr\/tr\/#\/schema\/person\/42c8e616aab56b8622fa365ad63282ae","name":"R\u0131dvan Konrat","image":{"@type":"ImageObject","inLanguage":"tr","@id":"https:\/\/www.esin.av.tr\/tr\/#\/schema\/person\/image\/","url":"https:\/\/secure.gravatar.com\/avatar\/b20c6c583be38ed4e76e32f69fccc676?s=96&d=mm&r=g","contentUrl":"https:\/\/secure.gravatar.com\/avatar\/b20c6c583be38ed4e76e32f69fccc676?s=96&d=mm&r=g","caption":"R\u0131dvan Konrat"},"sameAs":["http:\/\/www.esin.av.tr"],"url":"https:\/\/www.esin.av.tr\/tr\/author\/rkonrat\/"}]}},"_links":{"self":[{"href":"https:\/\/www.esin.av.tr\/tr\/wp-json\/wp\/v2\/posts\/14620","targetHints":{"allow":["GET"]}}],"collection":[{"href":"https:\/\/www.esin.av.tr\/tr\/wp-json\/wp\/v2\/posts"}],"about":[{"href":"https:\/\/www.esin.av.tr\/tr\/wp-json\/wp\/v2\/types\/post"}],"author":[{"embeddable":true,"href":"https:\/\/www.esin.av.tr\/tr\/wp-json\/wp\/v2\/users\/4"}],"replies":[{"embeddable":true,"href":"https:\/\/www.esin.av.tr\/tr\/wp-json\/wp\/v2\/comments?post=14620"}],"version-history":[{"count":1,"href":"https:\/\/www.esin.av.tr\/tr\/wp-json\/wp\/v2\/posts\/14620\/revisions"}],"predecessor-version":[{"id":15711,"href":"https:\/\/www.esin.av.tr\/tr\/wp-json\/wp\/v2\/posts\/14620\/revisions\/15711"}],"wp:attachment":[{"href":"https:\/\/www.esin.av.tr\/tr\/wp-json\/wp\/v2\/media?parent=14620"}],"wp:term":[{"taxonomy":"category","embeddable":true,"href":"https:\/\/www.esin.av.tr\/tr\/wp-json\/wp\/v2\/categories?post=14620"},{"taxonomy":"post_tag","embeddable":true,"href":"https:\/\/www.esin.av.tr\/tr\/wp-json\/wp\/v2\/tags?post=14620"}],"curies":[{"name":"wp","href":"https:\/\/api.w.org\/{rel}","templated":true}]}}