{"id":14618,"date":"2018-05-21T09:32:30","date_gmt":"2018-05-21T09:32:30","guid":{"rendered":"http:\/\/upt.esin.av.tr\/2018\/05\/21\/vergi-affi-yururluge-girdi\/"},"modified":"2022-06-09T12:15:05","modified_gmt":"2022-06-09T12:15:05","slug":"vergi-affi-yururluge-girdi","status":"publish","type":"post","link":"https:\/\/www.esin.av.tr\/tr\/2018\/05\/21\/vergi-affi-yururluge-girdi\/","title":{"rendered":"Vergi Aff\u0131 Y\u00fcr\u00fcrl\u00fc\u011fe Girdi"},"content":{"rendered":"<p><strong>Yeni Geli\u015fme<\/strong><\/p>\n<p>7143 say\u0131l\u0131 Vergi ve Di\u011fer Baz\u0131 Alacaklar\u0131n Yeniden Yap\u0131land\u0131r\u0131lmas\u0131 ile Baz\u0131 Kanunlarda De\u011fi\u015fiklik Yap\u0131lmas\u0131na \u0130li\u015fkin Kanun (&#8220;<strong>Kanun<\/strong> &#8220;) 18 May\u0131s 2018 tarihinde Resmi Gazete&#8217;de yay\u0131mlanarak y\u00fcr\u00fcrl\u00fc\u011fe girdi. Bu mevzuat b\u00fcltenimizde, Maliye Bakanl\u0131\u011f\u0131 taraf\u0131ndan takip edilen vergi alacaklar\u0131n\u0131n yeniden yap\u0131land\u0131r\u0131lmas\u0131na ili\u015fkin olarak Kanun ile getirilen ba\u015fl\u0131ca hususlara yer verilecektir.<\/p>\n<p><strong>Kanun Ne Getiriyor?<\/strong><\/p>\n<p>Yeniden yap\u0131land\u0131rman\u0131n kapsam\u0131na genel olarak 31 Mart 2018 \u00f6ncesi d\u00f6nemlere ili\u015fkin vergiler ile bunlara ba\u011fl\u0131 vergi cezalar\u0131, gecikme faizleri ve gecikme zamlar\u0131 ve vergi asl\u0131na ba\u011fl\u0131 olmayan di\u011fer vergi cezalar\u0131 girmektedir.<\/p>\n<p>31 Mart 2018 tarihinden sonra \u00f6denmesi gereken gelir vergisi taksitleri ile gelir veya kurumlar vergisine mahsuben 2018 y\u0131l\u0131nda \u00f6denmesi gereken ge\u00e7ici vergiler ile 2018 y\u0131l\u0131 i\u00e7in tahakkuk eden motorlu ta\u015f\u0131tlar vergisi ikinci taksiti Kanun&#8217;un kapsam\u0131 d\u0131\u015f\u0131ndad\u0131r.<\/p>\n<p><strong>1. Kesinle\u015fmi\u015f alacaklar<\/strong><\/p>\n<p>18 May\u0131s 2018 tarihi itibar\u0131yla vadesi geldi\u011fi halde \u00f6denmemi\u015f ya da \u00f6deme s\u00fcresi hen\u00fcz ge\u00e7memi\u015f bulunan<\/p>\n<p>\u2022 vergilerin \u00f6denmemi\u015f k\u0131sm\u0131n\u0131n tamam\u0131n\u0131n ve gecikme faizi\/zamm\u0131 yerine 18 May\u0131s 2018 tarihine kadar Y\u0130- \u00dcFE ayl\u0131k de\u011fi\u015fim oranlar\u0131 esas al\u0131narak belirlenecek tutar\u0131n Kanun&#8217;da belirtilen s\u00fcre ve \u015fekilde \u00f6denmesi \u015fart\u0131yla, vergi cezalar\u0131n ve bu cezalara ba\u011fl\u0131 gecikme faizi\/zamlar\u0131n\u0131n tamam\u0131n\u0131n,<\/p>\n<p>\u2022 bir vergi asl\u0131na ba\u011fl\u0131 olmaks\u0131z\u0131n kesilmi\u015f vergi cezalar\u0131 ile i\u015ftirak nedeniyle kesilmi\u015f vergi cezalar\u0131n\u0131n %50\u2019sinin ve gecikme zamm\u0131 yerine 18 May\u0131s 2018 tarihine kadar Y\u0130-\u00dcFE ayl\u0131k de\u011fi\u015fim oranlar\u0131 esas al\u0131narak belirlenecek tutar\u0131n Kanun&#8217;da belirtilen s\u00fcre ve \u015fekilde \u00f6denmesi \u015fart\u0131yla, vergi cezas\u0131n\u0131n kalan %50\u2019sinin ve bu cezalara ba\u011fl\u0131 gecikme zamlar\u0131n\u0131n tamam\u0131n\u0131n<\/p>\n<p>tahsilinden vazge\u00e7ilecektir.<\/p>\n<p><strong>2. Kesinle\u015fmemi\u015f veya dava safhas\u0131nda bulunan alacaklar<\/strong><\/p>\n<p><strong>a) 18 May\u0131s 2018 tarihi itibar\u0131yla ilk derece mahkemeleri nezdinde dava a\u00e7\u0131lm\u0131\u015f ya da dava a\u00e7ma s\u00fcresi hen\u00fcz ge\u00e7memi\u015f olan vergi tarhiyatlar\u0131<\/strong><\/p>\n<p>Vergi asl\u0131n\u0131n %50&#8217;sinin ve gecikme faizi\/zamm\u0131 yerine vergi asl\u0131n\u0131n %50&#8217;si \u00fczerinden 18 May\u0131s 2018 tarihine kadar Y\u0130- \u00dcFE ayl\u0131k de\u011fi\u015fim oranlar\u0131 esas al\u0131narak belirlenecek tutar\u0131n Kanun&#8217;da belirtilen s\u00fcre ve \u015fekilde \u00f6denmesi \u015fart\u0131yla, vergi asl\u0131n\u0131n kalan %50&#8217;si ve vergi cezalar\u0131n\u0131n tamam\u0131n\u0131n (gecikme zamm\u0131\/faizi ve asl\u0131na ba\u011fl\u0131 olarak kesilen di\u011fer cezalar ve bunlara ait gecikme zamlar\u0131 dahil) tahsilinden vazge\u00e7ilecektir.<\/p>\n<p>Uzla\u015fma h\u00fck\u00fcmlerinden yararlan\u0131lmak \u00fczere ba\u015fvuruda bulunulmu\u015f, uzla\u015fma g\u00fcn\u00fc verilmemi\u015f veya uzla\u015fma g\u00fcn\u00fc gelmemi\u015f ya da uzla\u015fma sa\u011flanamam\u0131\u015f ancak dava a\u00e7ma s\u00fcresi ge\u00e7memi\u015f olanlar vergiler de bu kapsamdad\u0131r.<\/p>\n<p><strong>b) \u0130tiraz\/istinaf veya temyiz s\u00fcreleri ge\u00e7memi\u015f ya da itiraz veya temyiz yoluna ba\u015fvurulmu\u015f ya da karar d\u00fczeltme talep s\u00fcresi ge\u00e7memi\u015f veya bu yola ba\u015fvurulmu\u015f olan vergi tarhiyatlar\u0131<\/strong><\/p>\n<p>Bu hallerde tahsilinden vazge\u00e7ilecek tutarlar 18 May\u0131s 2018 \u00f6nce verilen en son karar\u0131n tarhiyata ili\u015fkin terkin, tasdik veya ve bozma karar\u0131 olmas\u0131na g\u00f6re de\u011fi\u015fmektedir.<\/p>\n<p>\u2022 \u0130lk derece mahkemesi karar\u0131n\u0131n <strong>terkine<\/strong> ili\u015fkin olmas\u0131 halinde, ilk tarhiyata esas verginin %20\u2019sinin ve gecikme faizi yerine vergi asl\u0131n\u0131n %20&#8217;si \u00fczerinden 18 May\u0131s 2018 Y\u0130-\u00dcFE ayl\u0131k de\u011fi\u015fim oranlar\u0131 esas al\u0131narak belirlenecek tutar\u0131n Kanun&#8217;da belirtilen s\u00fcre ve \u015fekilde \u00f6denmesi \u015fart\u0131yla, vergi asl\u0131n\u0131n kalan %80&#8217;inin ve vergi cezalar\u0131n\u0131n tamam\u0131n\u0131n (asla ba\u011fl\u0131 olmayan cezalar\u0131 i\u00e7in %10\u2019nun \u00f6denmesi \u015fart\u0131yla kalan %90&#8217;\u0131n\u0131n) tahsilinden vazge\u00e7ilecektir.<\/p>\n<p>\u2022 \u0130lk derece mahkemesi karar\u0131n\u0131n <strong>tasdike<\/strong> ili\u015fkin olmas\u0131 halinde, tasdik edilen vergilerin tamam\u0131n\u0131n, terkin edilen vergilerin %20&#8217;sinin ve bu tutarlara ili\u015fkin gecikme faizi yerine 18 May\u0131s 2018 Y\u0130-\u00dcFE ayl\u0131k de\u011fi\u015fim oranlar\u0131 esas al\u0131narak belirlenecek tutar\u0131n Kanun&#8217;da belirtilen s\u00fcre ve \u015fekilde \u00f6denmesi \u015fart\u0131yla, vergi asl\u0131n\u0131n kalan<br \/>\n%80&#8217;inin ve vergi cezalar\u0131n\u0131n tamam\u0131n\u0131n (asla ba\u011fl\u0131 olmayan cezalar\u0131 i\u00e7in 50%\u2019sinin \u00f6denmesi \u015fart\u0131yla kalan k\u0131sm\u0131n\u0131n) tahsilinden vazge\u00e7ilecektir.<\/p>\n<p>\u2022 Dan\u0131\u015ftay veya b\u00f6lge idare mahkemesinin <strong>bozma karar\u0131<\/strong> vermesi halinde, vergi asl\u0131n\u0131n %50&#8217;sinin ve gecikme faizi yerine vergi asl\u0131n\u0131n %50&#8217;si \u00fczerinden 18 May\u0131s 2018 tarihine kadar Y\u0130-\u00dcFE ayl\u0131k de\u011fi\u015fim oranlar\u0131 esas<\/p>\n<p>al\u0131narak belirlenecek tutar\u0131n Kanun&#8217;da belirtilen s\u00fcre ve \u015fekilde \u00f6denmesi \u015fart\u0131yla, vergi asl\u0131n\u0131n kalan %50&#8217;si ve vergi cezalar\u0131n\u0131n tamam\u0131n\u0131n (asla ba\u011fl\u0131 olmayan cezalar\u0131 i\u00e7in %25\u2019inin \u00f6denmesi \u015fart\u0131yla kalan %75\u2019inin) tahsilinden vazge\u00e7ilecektir.<\/p>\n<p><strong>3. \u0130nceleme ve tarhiyat safhas\u0131nda bulunan vergiler<\/strong><\/p>\n<p>18 May\u0131s 2018 tarihinden \u00f6nce ba\u015flan\u0131lm\u0131\u015f ve bu tarih itibariyle tamamlanamam\u0131\u015f vergi incelemeleri sonucunda tarh edilecek vergi as\u0131llar\u0131n\u0131n %50&#8217;sinin ve gecikme faizi yerine vergi asl\u0131n\u0131n %50&#8217;si \u00fczerinden 18 May\u0131s 2018 tarihine kadar Y\u0130-\u00dcFE ayl\u0131k de\u011fi\u015fim oranlar\u0131 esas al\u0131narak belirlenecek tutar\u0131n Kanun&#8217;da belirtilen s\u00fcre ve \u015fekilde \u00f6denmesi \u015fart\u0131yla, vergi asl\u0131n\u0131n kalan %50&#8217;si ve vergi cezalar\u0131n\u0131n tamam\u0131n\u0131n (asla ba\u011fl\u0131 olmayan cezalar\u0131n\u0131n %25\u2019inin \u00f6denmesi \u015fart\u0131yla kalan %75\u2019inin) tahsilinden vazge\u00e7ilecektir.<\/p>\n<p><strong>4. Matrah ve vergi art\u0131r\u0131m\u0131<\/strong><\/p>\n<p>Kanun ile m\u00fckelleflere kurumlar vergisi, gelir vergisi, KDV ve baz\u0131 gelir ve kurumlar vergisi stopajlar\u0131 i\u00e7in matrah ve vergi art\u0131r\u0131m\u0131 imk\u00e2n\u0131 getirilmi\u015ftir.<\/p>\n<p><strong>a) Kurumsal vergisi matrah art\u0131r\u0131m\u0131<\/strong><\/p>\n<p>Kurumlar vergisi m\u00fckelleflerinin y\u0131ll\u0131k kurumlar vergisi matrahlar\u0131n\u0131 31 A\u011fustos 2018 tarihine kadar 2013 y\u0131l\u0131 i\u00e7in %35, 2014 y\u0131l\u0131 i\u00e7in %30, 2015 y\u0131l\u0131 i\u00e7in %25, 2016 y\u0131l\u0131 i\u00e7in %20 ve 2017 y\u0131l\u0131 i\u00e7in %15 oran\u0131ndan az olmamak \u00fczere art\u0131rmalar\u0131 halinde, art\u0131r\u0131mda bulunulan y\u0131llar i\u00e7in y\u0131ll\u0131k kurumlar vergisi incelemesi ve bu y\u0131llara ili\u015fkin olarak bu vergi t\u00fcrleri i\u00e7in daha sonra ba\u015fka bir tarhiyat yap\u0131lamaz.<\/p>\n<p>Art\u0131r\u0131lan matrahlar %20 oran\u0131nda vergilendirilir. Ancak, kurumlar vergisi m\u00fckelleflerinin art\u0131r\u0131mda bulunmak istedikleri y\u0131la ait beyannamelerini kanuni s\u00fcrelerinde vermi\u015f, bu vergi t\u00fcrlerinden tahakkuk eden vergilerini s\u00fcresinde \u00f6demi\u015f ve bu vergi t\u00fcrleri i\u00e7in bu Kanun\u2019da \u00f6ng\u00f6r\u00fclen kesinle\u015fmi\u015f alacaklar ve kesinle\u015fmemi\u015f veya dava safhas\u0131nda bulunan alacaklara ili\u015fkin h\u00fck\u00fcmlerden yararlanmam\u0131\u015f olmalar\u0131 \u015fart\u0131yla Kanun&#8217;a g\u00f6re art\u0131r\u0131lan matrahlar\u0131 %15 oran\u0131nda vergilendirilecektir.<\/p>\n<p>Kurumlar vergisi m\u00fckelleflerinin, art\u0131r\u0131mda bulunmak istedikleri y\u0131l ile ilgili olarak vermi\u015f olduklar\u0131 beyannamelerinde, zarar beyan edilmi\u015f olmas\u0131 veya indirim ve istisnalar nedeniyle matrah olu\u015fmamas\u0131 ya da hi\u00e7 beyanname verilmemi\u015f olmas\u0131 halinde, vergilendiremeye esas al\u0131nacak matrahlar ve Kanun&#8217;a g\u00f6re art\u0131r\u0131lan matrahlar, 2013 y\u0131l\u0131 i\u00e7in 36.190 TL&#8217;den, 2014 y\u0131l\u0131 i\u00e7in 38.323 TL&#8217;den, 2015 y\u0131l\u0131 i\u00e7in 40.701 TL&#8217;den, 2016 y\u0131l\u0131 i\u00e7in 43.260 TL&#8217;den ve 2017 y\u0131l\u0131 i\u00e7in 49.037 TL&#8217;den az olamaz.<\/p>\n<p><strong>b) KDV art\u0131r\u0131m\u0131<\/strong><\/p>\n<p>KDV m\u00fckelleflerinin, her bir vergilendirme d\u00f6nemine ili\u015fkin olarak verdikleri beyannamelerindeki hesaplanan KDV&#8217;nin y\u0131ll\u0131k toplam\u0131 \u00fczerinden 2013 y\u0131l\u0131 i\u00e7in %3,5, 2014 y\u0131l\u0131 i\u00e7in %3, 2015 y\u0131l\u0131 i\u00e7in %2,5, 2016 y\u0131l\u0131 i\u00e7in %2 ve 2017 y\u0131l\u0131 i\u00e7in<br \/>\n%1,5 oran\u0131ndan az olmamak \u00fczere belirlenecek KDV&#8217;yi vergi art\u0131r\u0131m\u0131 olarak 31 A\u011fustos 2018 tarihine kadar beyan etmeleri halinde, kendileri nezdinde s\u00f6z konusu vergilendirme d\u00f6nemleri ile ilgili olarak KDV incelemesi ve tarhiyat\u0131 yap\u0131lamaz.<\/p>\n<p><strong>5. \u0130\u015fletme kay\u0131tlar\u0131n\u0131n d\u00fczeltilmesi<\/strong><\/p>\n<p>Kanun ile m\u00fckelleflere, herhangi bir vergi cezas\u0131 veya gecikme faizine maruz kalmadan a\u015fa\u011f\u0131daki \u015fekillerde i\u015fletme kay\u0131tlar\u0131n\u0131 d\u00fczeltme imk\u00e2n\u0131 getirilmi\u015ftir.<\/p>\n<p><strong>a) \u0130\u015fletmede mevcut oldu\u011fu halde kay\u0131tlarda yer almayan emtia, makine, te\u00e7hizat ve demirba\u015flar<\/strong><\/p>\n<p>Gelir ve kurumlar vergisi m\u00fckellefleri i\u015fletmede mevcut oldu\u011fu halde kay\u0131tlarda yer almayan emtia, makine, te\u00e7hizat ve demirba\u015flar\u0131 rayi\u00e7 bedel ile 31 A\u011fustos 2018 tarihine kadar bir envanter listesi ile vergi dairelerine bildirmek suretiyle defterlerine kaydedebilirler. Genel orana tabi (%18) emtia, makine, te\u00e7hizat ve demirba\u015flar\u0131n \u00fczerinden %10 oran\u0131nda, indirimli orana tabi di\u011fer emtia, makine, te\u00e7hizat ve demirba\u015flar\u0131n bedeli \u00fczerinden tabi oldu\u011fu oranlar\u0131n yar\u0131s\u0131 esas al\u0131narak KDV hesaplan\u0131r ve ayr\u0131 bir beyanname ile sorumlu s\u0131fat\u0131yla beyan edilerek, beyanname verme s\u00fcresi i\u00e7inde \u00f6denir.<\/p>\n<p><strong>b) Kay\u0131tlarda yer ald\u0131\u011f\u0131 halde i\u015fletmede bulunmayan mallar<\/strong><\/p>\n<p>Gelir ve kurumlar vergisi m\u00fckellefleri, kay\u0131tlar\u0131nda yer ald\u0131\u011f\u0131 halde i\u015fletmede bulunmayan emtialar\u0131n\u0131, 31 A\u011fustos 2018 tarihine kadar, ayn\u0131 neviden emtialara ili\u015fkin cari y\u0131l kay\u0131tlar\u0131na g\u00f6re tespit edilen gayrisafi kar oran\u0131n\u0131 dikkate alarak fatura d\u00fczenlemek ve her t\u00fcrl\u00fc vergisel y\u00fck\u00fcml\u00fcl\u00fcklerini yerine getirmek suretiyle kay\u0131t ve beyanlar\u0131na intikal ettirebilirler.<\/p>\n<p><strong>c) Kay\u0131tlarda yer ald\u0131\u011f\u0131 halde i\u015fletmede bulunmayan kasa mevcudu ve ortaklardan alacaklar<\/strong><\/p>\n<p>Bilan\u00e7o esas\u0131na g\u00f6re defter tutan kurumlar vergisi m\u00fckellefleri, 31 Aral\u0131k 2017 tarihi itibar\u0131yla d\u00fczenledikleri bilan\u00e7olarda g\u00f6r\u00fclmekle birlikte i\u015fletmelerinde bulunmayan kasa mevcutlar\u0131 ve ortaklardan alacaklar\u0131 Kanun&#8217;un yay\u0131m tarihini izleyen \u00fc\u00e7\u00fcnc\u00fc ay\u0131n sonuna kadar vergi dairelerine beyan etmek suretiyle kay\u0131tlar\u0131n\u0131 d\u00fczeltebilirler. Beyan edilen tutarlar \u00fczerinden %3 oran\u0131nda vergiye tabi tutulur.<\/p>\n<p><strong>6. \u00d6deme \u015fekilleri<\/strong><\/p>\n<p>Bu Kanun h\u00fck\u00fcmlerinden yararlanmak isteyen m\u00fckellefler, 31 Temmuz 2018 tarihine kadar vergi dairelerine ba\u015fvurmal\u0131d\u0131r. M\u00fckellefler, Kanun h\u00fck\u00fcmlerine g\u00f6re hesaplanan tutarlar\u0131 pe\u015fin veya taksitler halinde \u00f6deyebilirler.<\/p>\n<p>M\u00fckelleflerin Kanun kapsam\u0131nda \u00f6denecek tutarlar\u0131n ilk taksitini Eyl\u00fcl ay\u0131ndan ba\u015flamak \u00fczere iki\u015fer ayl\u0131k d\u00f6nemler halinde azami 18 e\u015fit taksitte \u00f6demeleri gerekmektedir.<\/p>\n<p>Taksitle \u00f6denmek istenmesi halinde, m\u00fckelleflerin ba\u015fvuru s\u0131ras\u0131nda 6, 9, 12 veya 18 e\u015fit taksitte \u00f6deme se\u00e7eneklerinden birini tercih etmeleri gerekir. Hesaplanan tutarlar 6 e\u015fit taksit i\u00e7in 1,045; 9 e\u015fit taksit i\u00e7in 1,083; 12 e\u015fit taksit i\u00e7in 1,105; 18 e\u015fit taksit i\u00e7in 1,15 katsay\u0131s\u0131 ile \u00e7arp\u0131l\u0131r.<\/p>\n<p>Hesaplanan tutarlar\u0131n tamam\u0131n\u0131n ilk taksit \u00f6deme s\u00fcresi i\u00e7inde pe\u015fin olarak \u00f6denmesi halinde katsay\u0131 uygulanmaz ve gecikme faizleri yerine Y\u0130-\u00dcFE ayl\u0131k de\u011fi\u015fim oranlar\u0131 esas al\u0131narak hesaplanan tutarlar\u0131n %90&#8217;\u0131n\u0131n tahsilinden vazge\u00e7ilir.<\/p>\n<p><strong>7. Varl\u0131k bar\u0131\u015f\u0131<\/strong><\/p>\n<p>Varl\u0131k bar\u0131\u015f\u0131n\u0131n kapsam\u0131na (i) yurt d\u0131\u015f\u0131nda bulunan para, alt\u0131n, d\u00f6viz, menkul k\u0131ymet ve di\u011fer sermaye piyasas\u0131 ara\u00e7lar\u0131,<br \/>\n(ii) gelir veya kurumlar vergisi m\u00fckelleflerince sahip olunan ve T\u00fcrkiye&#8217;de bulunan ancak kanuni defter kay\u0131tlar\u0131nda yer almayan para, alt\u0131n, d\u00f6viz, menkul k\u0131ymet ve di\u011fer sermaye piyasas\u0131 ara\u00e7lar\u0131 ile ta\u015f\u0131nmazlar ve (iii) tam m\u00fckellefiyete tabi ger\u00e7ek ki\u015filer ile kurumlar\u0131n yurt d\u0131\u015f\u0131nda elde ettikleri baz\u0131 kazan\u00e7lar girmektedir.<\/p>\n<p><strong>a) Yurtd\u0131\u015f\u0131nda bulunan varl\u0131klar<\/strong><\/p>\n<p>\u2022 Yurt d\u0131\u015f\u0131nda bulunan para, alt\u0131n, d\u00f6viz, menkul k\u0131ymet ve di\u011fer sermaye piyasas\u0131 ara\u00e7lar\u0131n\u0131 kanuna uygun olarak 30 Kas\u0131m 2018 tarihine kadar T\u00fcrkiye&#8217;deki banka veya arac\u0131 kuruma bildiren ger\u00e7ek ve t\u00fczel ki\u015filer s\u00f6z konusu varl\u0131klar\u0131 serbest\u00e7e tasarruf edebilirler. Bu d\u00fczenleme kapsam\u0131nda bildirilen varl\u0131klar nedeniyle hi\u00e7bir suretle vergi incelemesi ve vergi tarhiyat\u0131 yap\u0131lmaz.<\/p>\n<p>\u2022 Banka ve arac\u0131 kurumlar, kendilerine bildirilen varl\u0131klara ili\u015fkin olarak %2 oran\u0131nda hesaplad\u0131klar\u0131 vergiyi, 31 Aral\u0131k 2018 tarihine kadar vergi sorumlusu s\u0131fat\u0131yla bir beyanname ile ba\u011fl\u0131 bulundu\u011fu vergi dairesine beyan eder ve ayn\u0131 s\u00fcrede \u00f6derler.<\/p>\n<p>\u2022 Bu vergi, hi\u00e7bir suretle gider yaz\u0131lamaz ve ba\u015fka bir vergiden mahsup edilemez. T\u00fcrkiye&#8217;ye getirilen varl\u0131klar\u0131n elden \u00e7\u0131kar\u0131lmas\u0131ndan do\u011fan zararlar, gelir veya kurumlar vergisi uygulamas\u0131 bak\u0131m\u0131ndan gider veya indirim olarak kabul edilmez.<\/p>\n<p>\u2022 31 Temmuz 2018 tarihine kadar bu d\u00fczenleme kapsam\u0131nda i\u015fleme tutulan varl\u0131klar hakk\u0131nda yukar\u0131da bahsi ge\u00e7en %2 oran\u0131ndaki vergi uygulanmaz.<\/p>\n<p>\u2022 Yukar\u0131da say\u0131lan varl\u0131klar, yurt d\u0131\u015f\u0131nda bulunan banka veya finansal kurumlardan kullan\u0131lan ve 18 May\u0131s 2018 tarihi itibar\u0131yla kanuni defterlerde kay\u0131tl\u0131 olan kredilerin en ge\u00e7 30 Kas\u0131m 2018 tarihine kadar kapat\u0131lmas\u0131nda kullan\u0131labilir. Bu takdirde, defter kay\u0131tlar\u0131ndan d\u00fc\u015f\u00fclmesi kayd\u0131yla, borcun \u00f6denmesinde kullan\u0131lan varl\u0131klar i\u00e7in T\u00fcrkiye&#8217;ye getirilme \u015fart\u0131 aranmaks\u0131z\u0131n bu h\u00fck\u00fcmlerden yararlan\u0131l\u0131r.<\/p>\n<p>\u2022 18 May\u0131s 2018 tarihi itibar\u0131yla kanuni defterlerde kay\u0131tl\u0131 olan sermaye avanslar\u0131n\u0131n, yurt d\u0131\u015f\u0131nda bulunan para, alt\u0131n, d\u00f6viz, menkul k\u0131ymet ve di\u011fer sermaye piyasas\u0131 ara\u00e7lar\u0131n\u0131n 18 May\u0131s 2018 tarihinden \u00f6nce T\u00fcrkiye&#8217;ye getirilmek suretiyle kar\u015f\u0131lanm\u0131\u015f olmas\u0131 halinde, s\u00f6z konusu avanslar\u0131n defter kay\u0131tlar\u0131ndan d\u00fc\u015f\u00fclmesi kayd\u0131yla bu h\u00fck\u00fcmlerden yararlan\u0131l\u0131r.<\/p>\n<p>\u2022 Vergi Usul Kanunu uyar\u0131nca defter tutan m\u00fckellefler, bu d\u00fczenleme kapsam\u0131nda T\u00fcrkiye&#8217;ye getirilen varl\u0131klar\u0131n\u0131, d\u00f6nem kazanc\u0131n\u0131n tespitinde dikkate almaks\u0131z\u0131n i\u015fletmelerine d\u00e2hil edebilecekleri gibi ayn\u0131 varl\u0131klar\u0131 vergiye tabi kazanc\u0131n ve kurumlar i\u00e7in da\u011f\u0131t\u0131labilir kazanc\u0131n tespitinde dikkate almaks\u0131z\u0131n i\u015fletmelerinden \u00e7ekebilirler.<\/p>\n<p>\u2022 Bu h\u00fck\u00fcmden faydalan\u0131labilmesi i\u00e7in bildirilen tutarlara ili\u015fkin tarh edilen verginin vadesinde \u00f6denmesi ve yurtd\u0131\u015f\u0131ndaki varl\u0131klar\u0131n, bildirimin yap\u0131ld\u0131\u011f\u0131 tarihten itibaren \u00fc\u00e7 ay i\u00e7inde T\u00fcrkiye&#8217;ye getirilmesi veya T\u00fcrkiye&#8217;deki banka ya da arac\u0131 kurumlarda a\u00e7\u0131lacak bir hesaba transfer edilmesi \u015fartt\u0131r.<\/p>\n<p><strong>b) T\u00fcrkiye&#8217;de bulunan ancak i\u015fletme kay\u0131tlar\u0131nda yer almayan varl\u0131klar<\/strong><\/p>\n<p>\u2022 Gelir veya kurumlar vergisi m\u00fckelleflerince sahip olunan ve T\u00fcrkiye&#8217;de bulunan ancak kanuni defter kay\u0131tlar\u0131nda yer almayan para, alt\u0131n, d\u00f6viz, menkul k\u0131ymet ve di\u011fer sermaye piyasas\u0131 ara\u00e7lar\u0131 ile ta\u015f\u0131nmazlar, 30 Kas\u0131m 2018 tarihine kadar vergi dairelerine beyan edilir. Bu d\u00fczenleme kapsam\u0131nda beyan edilen varl\u0131klar nedeniyle hi\u00e7bir suretle vergi incelemesi ve vergi tarhiyat\u0131 yap\u0131lmaz.<\/p>\n<p>\u2022 Beyan edilen s\u00f6z konusu varl\u0131klar, 30 Kas\u0131m 2018 tarihine kadar, d\u00f6nem kazanc\u0131n\u0131n tespitinde dikkate al\u0131nmaks\u0131z\u0131n kanuni defterlere kaydedilebilir. Bu takdirde, s\u00f6z konusu varl\u0131klar vergiye tabi kazanc\u0131n ve kurumlar i\u00e7in da\u011f\u0131t\u0131labilir kazanc\u0131n tespitinde dikkate al\u0131nmaks\u0131z\u0131n i\u015fletmeden \u00e7ekilebilir.<\/p>\n<p>\u2022 Vergi dairelerine beyan edilen varl\u0131klar\u0131n de\u011feri \u00fczerinden %2 oran\u0131nda vergi tarh edilir ve bu vergi, 31 Aral\u0131k 2018 tarihine kadar \u00f6denir.<\/p>\n<p>\u2022 Yukar\u0131daki d\u00fczenleme kapsam\u0131nda \u00f6denen vergi, hi\u00e7bir suretle gider yaz\u0131lamaz ve ba\u015fka bir vergiden mahsup edilemez. Kanuni defterlere kaydedilen varl\u0131klar\u0131n elden \u00e7\u0131kar\u0131lmas\u0131ndan do\u011fan zararlar, gelir veya kurumlar vergisi uygulamas\u0131 bak\u0131m\u0131ndan gider veya indirim olarak kabul edilmez.<\/p>\n<p>\u2022 31 Temmuz 2018 tarihine kadar bu d\u00fczenleme kapsam\u0131nda i\u015fleme tutulan varl\u0131klar hakk\u0131nda yukar\u0131da bahsi ge\u00e7en %2 oran\u0131ndaki vergi uygulanmaz.<\/p>\n<p>\u2022 Bu h\u00fck\u00fcmden faydalan\u0131labilmesi i\u00e7in beyan edilen tutarlara ili\u015fkin tarh edilen verginin vadesinde \u00f6denmesi \u015fartt\u0131r.<\/p>\n<p><strong>c) Yurtd\u0131\u015f\u0131 kazan\u00e7lar\u0131nda istisna<\/strong><\/p>\n<p>\u2022 Tam m\u00fckellefiyete tabi ger\u00e7ek ki\u015filer ile kurumlar\u0131n a\u015fa\u011f\u0131da say\u0131lan kazan\u00e7lar\u0131 31 Ekim 2018 tarihine kadar elde edilenler de d\u00e2hil olmak \u00fczere, bu d\u00fczenlemenin y\u00fcr\u00fcrl\u00fc\u011fe girdi\u011fi tarihten itibaren 31 Aral\u0131k 2018 tarihine kadar T\u00fcrkiye&#8217;ye transfer edilmesi kayd\u0131yla gelir veya kurumlar vergisinden m\u00fcstesna olacakt\u0131r.<\/p>\n<p>1. Kanuni ve i\u015f merkezi T\u00fcrkiye&#8217;de bulunmayan kurumlara ili\u015fkin i\u015ftirak hisselerinin sat\u0131\u015f\u0131ndan do\u011fan kazan\u00e7lar\u0131,<br \/>\n2. Kanuni ve i\u015f merkezi T\u00fcrkiye&#8217;de bulunmayan kurumlardan elde ettikleri i\u015ftirak kazan\u00e7lar\u0131,<br \/>\n3. Yurt d\u0131\u015f\u0131nda bulunan i\u015f yeri ve daimi temsilcileri arac\u0131l\u0131\u011f\u0131yla elde ettikleri ticari kazan\u00e7lar\u0131,<\/p>\n<p>\u2022 Tam m\u00fckellefiyete tabi ger\u00e7ek ki\u015filer ile kurumlar\u0131n, kanuni ve i\u015f merkezi T\u00fcrkiye&#8217;de bulunmayan kurumlar\u0131n tasfiyesinden do\u011fan kazan\u00e7lar 31 Aral\u0131k 2018 tarihine kadar T\u00fcrkiye&#8217;ye transfer edilmi\u015f olmas\u0131 kayd\u0131yla gelir ve kurumlar vergisinden m\u00fcstesna olacakt\u0131r.<\/p>\n","protected":false},"excerpt":{"rendered":"<p>Yeni Geli\u015fme 7143 say\u0131l\u0131 Vergi ve Di\u011fer Baz\u0131 Alacaklar\u0131n Yeniden Yap\u0131land\u0131r\u0131lmas\u0131 ile Baz\u0131 Kanunlarda De\u011fi\u015fiklik Yap\u0131lmas\u0131na \u0130li\u015fkin Kanun (&#8220;Kanun &#8220;) [&hellip;]<\/p>\n","protected":false},"author":4,"featured_media":0,"comment_status":"closed","ping_status":"closed","sticky":false,"template":"","format":"standard","meta":{"_acf_changed":false,"_stopmodifiedupdate":false,"_modified_date":"","footnotes":""},"categories":[120],"tags":[95],"class_list":["post-14618","post","type-post","status-publish","format-standard","hentry","category-legal-alerts","tag-tax-tr"],"acf":[],"yoast_head":"<!-- This site is optimized with the Yoast SEO plugin v24.0 - https:\/\/yoast.com\/wordpress\/plugins\/seo\/ -->\n<title>Vergi Aff\u0131 Y\u00fcr\u00fcrl\u00fc\u011fe Girdi<\/title>\n<meta name=\"description\" content=\"Yeni Geli\u015fme 7143 say\u0131l\u0131 Vergi ve Di\u011fer Baz\u0131 Alacaklar\u0131n Yeniden Yap\u0131land\u0131r\u0131lmas\u0131 ile Baz\u0131 Kanunlarda De\u011fi\u015fiklik Yap\u0131lmas\u0131na \u0130li\u015fkin Kanun (&quot;Kanun &quot;) 18\" \/>\n<meta name=\"robots\" content=\"index, follow, max-snippet:-1, max-image-preview:large, max-video-preview:-1\" \/>\n<link rel=\"canonical\" href=\"https:\/\/www.esin.av.tr\/tr\/2018\/05\/21\/vergi-affi-yururluge-girdi\/\" \/>\n<meta property=\"og:locale\" content=\"tr_TR\" \/>\n<meta property=\"og:type\" content=\"article\" \/>\n<meta property=\"og:title\" content=\"Vergi Aff\u0131 Y\u00fcr\u00fcrl\u00fc\u011fe Girdi\" \/>\n<meta property=\"og:description\" content=\"Yeni Geli\u015fme 7143 say\u0131l\u0131 Vergi ve Di\u011fer Baz\u0131 Alacaklar\u0131n Yeniden Yap\u0131land\u0131r\u0131lmas\u0131 ile Baz\u0131 Kanunlarda De\u011fi\u015fiklik Yap\u0131lmas\u0131na \u0130li\u015fkin Kanun (&quot;Kanun &quot;) 18\" \/>\n<meta property=\"og:url\" content=\"https:\/\/www.esin.av.tr\/tr\/2018\/05\/21\/vergi-affi-yururluge-girdi\/\" \/>\n<meta property=\"og:site_name\" content=\"Esin Avukatl\u0131k Ortakl\u0131\u011f\u0131\" \/>\n<meta property=\"article:published_time\" content=\"2018-05-21T09:32:30+00:00\" \/>\n<meta property=\"article:modified_time\" content=\"2022-06-09T12:15:05+00:00\" \/>\n<meta name=\"author\" content=\"R\u0131dvan Konrat\" \/>\n<meta name=\"twitter:card\" content=\"summary_large_image\" \/>\n<meta name=\"twitter:label1\" content=\"Written by\" \/>\n\t<meta name=\"twitter:data1\" content=\"R\u0131dvan Konrat\" \/>\n\t<meta name=\"twitter:label2\" content=\"Est. reading time\" \/>\n\t<meta name=\"twitter:data2\" content=\"13 minutes\" \/>\n<script type=\"application\/ld+json\" class=\"yoast-schema-graph\">{\"@context\":\"https:\/\/schema.org\",\"@graph\":[{\"@type\":\"Article\",\"@id\":\"https:\/\/www.esin.av.tr\/tr\/2018\/05\/21\/vergi-affi-yururluge-girdi\/#article\",\"isPartOf\":{\"@id\":\"https:\/\/www.esin.av.tr\/tr\/2018\/05\/21\/vergi-affi-yururluge-girdi\/\"},\"author\":{\"name\":\"R\u0131dvan Konrat\",\"@id\":\"https:\/\/www.esin.av.tr\/tr\/#\/schema\/person\/42c8e616aab56b8622fa365ad63282ae\"},\"headline\":\"Vergi Aff\u0131 Y\u00fcr\u00fcrl\u00fc\u011fe Girdi\",\"datePublished\":\"2018-05-21T09:32:30+00:00\",\"dateModified\":\"2022-06-09T12:15:05+00:00\",\"mainEntityOfPage\":{\"@id\":\"https:\/\/www.esin.av.tr\/tr\/2018\/05\/21\/vergi-affi-yururluge-girdi\/\"},\"wordCount\":2676,\"publisher\":{\"@id\":\"https:\/\/www.esin.av.tr\/tr\/#organization\"},\"keywords\":[\"Vergi\"],\"articleSection\":[\"Hukuk B\u00fcltenleri\"],\"inLanguage\":\"tr\"},{\"@type\":\"WebPage\",\"@id\":\"https:\/\/www.esin.av.tr\/tr\/2018\/05\/21\/vergi-affi-yururluge-girdi\/\",\"url\":\"https:\/\/www.esin.av.tr\/tr\/2018\/05\/21\/vergi-affi-yururluge-girdi\/\",\"name\":\"Vergi Aff\u0131 Y\u00fcr\u00fcrl\u00fc\u011fe Girdi\",\"isPartOf\":{\"@id\":\"https:\/\/www.esin.av.tr\/tr\/#website\"},\"datePublished\":\"2018-05-21T09:32:30+00:00\",\"dateModified\":\"2022-06-09T12:15:05+00:00\",\"description\":\"Yeni Geli\u015fme 7143 say\u0131l\u0131 Vergi ve Di\u011fer Baz\u0131 Alacaklar\u0131n Yeniden Yap\u0131land\u0131r\u0131lmas\u0131 ile Baz\u0131 Kanunlarda De\u011fi\u015fiklik Yap\u0131lmas\u0131na \u0130li\u015fkin Kanun (\\\"Kanun \\\") 18\",\"breadcrumb\":{\"@id\":\"https:\/\/www.esin.av.tr\/tr\/2018\/05\/21\/vergi-affi-yururluge-girdi\/#breadcrumb\"},\"inLanguage\":\"tr\",\"potentialAction\":[{\"@type\":\"ReadAction\",\"target\":[\"https:\/\/www.esin.av.tr\/tr\/2018\/05\/21\/vergi-affi-yururluge-girdi\/\"]}]},{\"@type\":\"BreadcrumbList\",\"@id\":\"https:\/\/www.esin.av.tr\/tr\/2018\/05\/21\/vergi-affi-yururluge-girdi\/#breadcrumb\",\"itemListElement\":[{\"@type\":\"ListItem\",\"position\":1,\"name\":\"Home\",\"item\":\"https:\/\/www.esin.av.tr\/tr\/\"},{\"@type\":\"ListItem\",\"position\":2,\"name\":\"Vergi Aff\u0131 Y\u00fcr\u00fcrl\u00fc\u011fe Girdi\"}]},{\"@type\":\"WebSite\",\"@id\":\"https:\/\/www.esin.av.tr\/tr\/#website\",\"url\":\"https:\/\/www.esin.av.tr\/tr\/\",\"name\":\"Esin Avukatl\u0131k Ortakl\u0131\u011f\u0131\",\"description\":\"\",\"publisher\":{\"@id\":\"https:\/\/www.esin.av.tr\/tr\/#organization\"},\"potentialAction\":[{\"@type\":\"SearchAction\",\"target\":{\"@type\":\"EntryPoint\",\"urlTemplate\":\"https:\/\/www.esin.av.tr\/tr\/?s={search_term_string}\"},\"query-input\":{\"@type\":\"PropertyValueSpecification\",\"valueRequired\":true,\"valueName\":\"search_term_string\"}}],\"inLanguage\":\"tr\"},{\"@type\":\"Organization\",\"@id\":\"https:\/\/www.esin.av.tr\/tr\/#organization\",\"name\":\"Esin Avukatl\u0131k Ortakl\u0131\u011f\u0131\",\"url\":\"https:\/\/www.esin.av.tr\/tr\/\",\"logo\":{\"@type\":\"ImageObject\",\"inLanguage\":\"tr\",\"@id\":\"https:\/\/www.esin.av.tr\/tr\/#\/schema\/logo\/image\/\",\"url\":\"https:\/\/www.esin.av.tr\/wp-content\/uploads\/2021\/09\/esin-2.jpg\",\"contentUrl\":\"https:\/\/www.esin.av.tr\/wp-content\/uploads\/2021\/09\/esin-2.jpg\",\"width\":800,\"height\":460,\"caption\":\"Esin Avukatl\u0131k Ortakl\u0131\u011f\u0131\"},\"image\":{\"@id\":\"https:\/\/www.esin.av.tr\/tr\/#\/schema\/logo\/image\/\"}},{\"@type\":\"Person\",\"@id\":\"https:\/\/www.esin.av.tr\/tr\/#\/schema\/person\/42c8e616aab56b8622fa365ad63282ae\",\"name\":\"R\u0131dvan Konrat\",\"image\":{\"@type\":\"ImageObject\",\"inLanguage\":\"tr\",\"@id\":\"https:\/\/www.esin.av.tr\/tr\/#\/schema\/person\/image\/\",\"url\":\"https:\/\/secure.gravatar.com\/avatar\/b20c6c583be38ed4e76e32f69fccc676?s=96&d=mm&r=g\",\"contentUrl\":\"https:\/\/secure.gravatar.com\/avatar\/b20c6c583be38ed4e76e32f69fccc676?s=96&d=mm&r=g\",\"caption\":\"R\u0131dvan Konrat\"},\"sameAs\":[\"http:\/\/www.esin.av.tr\"],\"url\":\"https:\/\/www.esin.av.tr\/tr\/author\/rkonrat\/\"}]}<\/script>\n<!-- \/ Yoast SEO plugin. -->","yoast_head_json":{"title":"Vergi Aff\u0131 Y\u00fcr\u00fcrl\u00fc\u011fe Girdi","description":"Yeni Geli\u015fme 7143 say\u0131l\u0131 Vergi ve Di\u011fer Baz\u0131 Alacaklar\u0131n Yeniden Yap\u0131land\u0131r\u0131lmas\u0131 ile Baz\u0131 Kanunlarda De\u011fi\u015fiklik Yap\u0131lmas\u0131na \u0130li\u015fkin Kanun (\"Kanun \") 18","robots":{"index":"index","follow":"follow","max-snippet":"max-snippet:-1","max-image-preview":"max-image-preview:large","max-video-preview":"max-video-preview:-1"},"canonical":"https:\/\/www.esin.av.tr\/tr\/2018\/05\/21\/vergi-affi-yururluge-girdi\/","og_locale":"tr_TR","og_type":"article","og_title":"Vergi Aff\u0131 Y\u00fcr\u00fcrl\u00fc\u011fe Girdi","og_description":"Yeni Geli\u015fme 7143 say\u0131l\u0131 Vergi ve Di\u011fer Baz\u0131 Alacaklar\u0131n Yeniden Yap\u0131land\u0131r\u0131lmas\u0131 ile Baz\u0131 Kanunlarda De\u011fi\u015fiklik Yap\u0131lmas\u0131na \u0130li\u015fkin Kanun (\"Kanun \") 18","og_url":"https:\/\/www.esin.av.tr\/tr\/2018\/05\/21\/vergi-affi-yururluge-girdi\/","og_site_name":"Esin Avukatl\u0131k Ortakl\u0131\u011f\u0131","article_published_time":"2018-05-21T09:32:30+00:00","article_modified_time":"2022-06-09T12:15:05+00:00","author":"R\u0131dvan Konrat","twitter_card":"summary_large_image","twitter_misc":{"Written by":"R\u0131dvan Konrat","Est. reading time":"13 minutes"},"schema":{"@context":"https:\/\/schema.org","@graph":[{"@type":"Article","@id":"https:\/\/www.esin.av.tr\/tr\/2018\/05\/21\/vergi-affi-yururluge-girdi\/#article","isPartOf":{"@id":"https:\/\/www.esin.av.tr\/tr\/2018\/05\/21\/vergi-affi-yururluge-girdi\/"},"author":{"name":"R\u0131dvan Konrat","@id":"https:\/\/www.esin.av.tr\/tr\/#\/schema\/person\/42c8e616aab56b8622fa365ad63282ae"},"headline":"Vergi Aff\u0131 Y\u00fcr\u00fcrl\u00fc\u011fe Girdi","datePublished":"2018-05-21T09:32:30+00:00","dateModified":"2022-06-09T12:15:05+00:00","mainEntityOfPage":{"@id":"https:\/\/www.esin.av.tr\/tr\/2018\/05\/21\/vergi-affi-yururluge-girdi\/"},"wordCount":2676,"publisher":{"@id":"https:\/\/www.esin.av.tr\/tr\/#organization"},"keywords":["Vergi"],"articleSection":["Hukuk B\u00fcltenleri"],"inLanguage":"tr"},{"@type":"WebPage","@id":"https:\/\/www.esin.av.tr\/tr\/2018\/05\/21\/vergi-affi-yururluge-girdi\/","url":"https:\/\/www.esin.av.tr\/tr\/2018\/05\/21\/vergi-affi-yururluge-girdi\/","name":"Vergi Aff\u0131 Y\u00fcr\u00fcrl\u00fc\u011fe Girdi","isPartOf":{"@id":"https:\/\/www.esin.av.tr\/tr\/#website"},"datePublished":"2018-05-21T09:32:30+00:00","dateModified":"2022-06-09T12:15:05+00:00","description":"Yeni Geli\u015fme 7143 say\u0131l\u0131 Vergi ve Di\u011fer Baz\u0131 Alacaklar\u0131n Yeniden Yap\u0131land\u0131r\u0131lmas\u0131 ile Baz\u0131 Kanunlarda De\u011fi\u015fiklik Yap\u0131lmas\u0131na \u0130li\u015fkin Kanun (\"Kanun \") 18","breadcrumb":{"@id":"https:\/\/www.esin.av.tr\/tr\/2018\/05\/21\/vergi-affi-yururluge-girdi\/#breadcrumb"},"inLanguage":"tr","potentialAction":[{"@type":"ReadAction","target":["https:\/\/www.esin.av.tr\/tr\/2018\/05\/21\/vergi-affi-yururluge-girdi\/"]}]},{"@type":"BreadcrumbList","@id":"https:\/\/www.esin.av.tr\/tr\/2018\/05\/21\/vergi-affi-yururluge-girdi\/#breadcrumb","itemListElement":[{"@type":"ListItem","position":1,"name":"Home","item":"https:\/\/www.esin.av.tr\/tr\/"},{"@type":"ListItem","position":2,"name":"Vergi Aff\u0131 Y\u00fcr\u00fcrl\u00fc\u011fe Girdi"}]},{"@type":"WebSite","@id":"https:\/\/www.esin.av.tr\/tr\/#website","url":"https:\/\/www.esin.av.tr\/tr\/","name":"Esin Avukatl\u0131k Ortakl\u0131\u011f\u0131","description":"","publisher":{"@id":"https:\/\/www.esin.av.tr\/tr\/#organization"},"potentialAction":[{"@type":"SearchAction","target":{"@type":"EntryPoint","urlTemplate":"https:\/\/www.esin.av.tr\/tr\/?s={search_term_string}"},"query-input":{"@type":"PropertyValueSpecification","valueRequired":true,"valueName":"search_term_string"}}],"inLanguage":"tr"},{"@type":"Organization","@id":"https:\/\/www.esin.av.tr\/tr\/#organization","name":"Esin Avukatl\u0131k Ortakl\u0131\u011f\u0131","url":"https:\/\/www.esin.av.tr\/tr\/","logo":{"@type":"ImageObject","inLanguage":"tr","@id":"https:\/\/www.esin.av.tr\/tr\/#\/schema\/logo\/image\/","url":"https:\/\/www.esin.av.tr\/wp-content\/uploads\/2021\/09\/esin-2.jpg","contentUrl":"https:\/\/www.esin.av.tr\/wp-content\/uploads\/2021\/09\/esin-2.jpg","width":800,"height":460,"caption":"Esin Avukatl\u0131k Ortakl\u0131\u011f\u0131"},"image":{"@id":"https:\/\/www.esin.av.tr\/tr\/#\/schema\/logo\/image\/"}},{"@type":"Person","@id":"https:\/\/www.esin.av.tr\/tr\/#\/schema\/person\/42c8e616aab56b8622fa365ad63282ae","name":"R\u0131dvan Konrat","image":{"@type":"ImageObject","inLanguage":"tr","@id":"https:\/\/www.esin.av.tr\/tr\/#\/schema\/person\/image\/","url":"https:\/\/secure.gravatar.com\/avatar\/b20c6c583be38ed4e76e32f69fccc676?s=96&d=mm&r=g","contentUrl":"https:\/\/secure.gravatar.com\/avatar\/b20c6c583be38ed4e76e32f69fccc676?s=96&d=mm&r=g","caption":"R\u0131dvan Konrat"},"sameAs":["http:\/\/www.esin.av.tr"],"url":"https:\/\/www.esin.av.tr\/tr\/author\/rkonrat\/"}]}},"_links":{"self":[{"href":"https:\/\/www.esin.av.tr\/tr\/wp-json\/wp\/v2\/posts\/14618","targetHints":{"allow":["GET"]}}],"collection":[{"href":"https:\/\/www.esin.av.tr\/tr\/wp-json\/wp\/v2\/posts"}],"about":[{"href":"https:\/\/www.esin.av.tr\/tr\/wp-json\/wp\/v2\/types\/post"}],"author":[{"embeddable":true,"href":"https:\/\/www.esin.av.tr\/tr\/wp-json\/wp\/v2\/users\/4"}],"replies":[{"embeddable":true,"href":"https:\/\/www.esin.av.tr\/tr\/wp-json\/wp\/v2\/comments?post=14618"}],"version-history":[{"count":2,"href":"https:\/\/www.esin.av.tr\/tr\/wp-json\/wp\/v2\/posts\/14618\/revisions"}],"predecessor-version":[{"id":16201,"href":"https:\/\/www.esin.av.tr\/tr\/wp-json\/wp\/v2\/posts\/14618\/revisions\/16201"}],"wp:attachment":[{"href":"https:\/\/www.esin.av.tr\/tr\/wp-json\/wp\/v2\/media?parent=14618"}],"wp:term":[{"taxonomy":"category","embeddable":true,"href":"https:\/\/www.esin.av.tr\/tr\/wp-json\/wp\/v2\/categories?post=14618"},{"taxonomy":"post_tag","embeddable":true,"href":"https:\/\/www.esin.av.tr\/tr\/wp-json\/wp\/v2\/tags?post=14618"}],"curies":[{"name":"wp","href":"https:\/\/api.w.org\/{rel}","templated":true}]}}