{"id":14617,"date":"2018-05-21T11:24:41","date_gmt":"2018-05-21T11:24:41","guid":{"rendered":"http:\/\/upt.esin.av.tr\/2018\/05\/21\/imar-barisi\/"},"modified":"2022-06-09T12:14:59","modified_gmt":"2022-06-09T12:14:59","slug":"imar-barisi","status":"publish","type":"post","link":"https:\/\/www.esin.av.tr\/tr\/2018\/05\/21\/imar-barisi\/","title":{"rendered":"\u0130mar Bar\u0131\u015f\u0131"},"content":{"rendered":"<p><strong>Yeni Geli\u015fme<\/strong><\/p>\n<p>3194 say\u0131l\u0131 \u0130mar Kanunu&#8217;na ge\u00e7ici madde eklenmesi suretiyle mevzuata yeni giren imar bar\u0131\u015f\u0131 (&#8220;\u0130mar Bar\u0131\u015f\u0131&#8221;) esaslar\u0131n\u0131 d\u00fczenleyen 7143 say\u0131l\u0131 Vergi ve Di\u011fer Baz\u0131 Alacaklar\u0131n Yeniden Yap\u0131land\u0131r\u0131lmas\u0131 ile Baz\u0131 Kanunlarda De\u011fi\u015fiklik Yap\u0131lmas\u0131na \u0130li\u015fkin Kanun (&#8220;Kanun&#8221;), 18 May\u0131s 2018 tarihli ve 30425 say\u0131l\u0131 Resmi Gazete&#8217;de yay\u0131mland\u0131.<\/p>\n<p><strong>Kanun Ne Anlama Geliyor?<\/strong><\/p>\n<p>Kanun&#8217;da, ruhsats\u0131z, ruhsat\u0131na ve eklerine veya imar mevzuat\u0131na ayk\u0131r\u0131 olarak 31 Aral\u0131k 2017 tarihinden evvel in\u015fa edilmi\u015f yap\u0131lar i\u00e7in yap\u0131 kay\u0131t belgesi (&#8220;Yap\u0131 Kay\u0131t Belgesi&#8221;) verilmesine ili\u015fkin h\u00fck\u00fcm ve \u015fartlar d\u00fczenleniyor.<\/p>\n<p><strong>Yap\u0131 Kay\u0131t Belgesi Verilmesi<\/strong><\/p>\n<p>Yap\u0131 Kay\u0131t Belgesi i\u00e7in \u00c7evre ve \u015eehircilik Bakanl\u0131\u011f\u0131&#8217;na ya da yetkilendirdi\u011fi kurumlara en ge\u00e7 31 Ekim 2018 tarihine kadar ba\u015fvuru yap\u0131lmal\u0131d\u0131r. Yap\u0131 Kay\u0131t Belgesi, yap\u0131n\u0131n halihaz\u0131rdaki kullan\u0131m amac\u0131na y\u00f6nelik olarak verilir. Kay\u0131t bedeli (&#8220;Kay\u0131t Bedeli&#8221;) en ge\u00e7 31 Aral\u0131k 2018 tarihine kadar \u00f6denmelidir. Kay\u0131t Bedeli konutlar i\u00e7in, arsan\u0131n emlak vergisi de\u011feri ve yap\u0131n\u0131n yakla\u015f\u0131k maliyet bedelinin toplam\u0131n\u0131n %3&#8217;\u00fc de\u011ferindedir. Ticari kullan\u0131ma tabi yap\u0131lar i\u00e7in ise, arsan\u0131n emlak vergisi de\u011feri ve yap\u0131n\u0131n yakla\u015f\u0131k maliyet bedelinin toplam\u0131n\u0131n %5&#8217;i de\u011ferindedir.<\/p>\n<p>Ba\u015fvuruya konu yap\u0131n\u0131n ve arsas\u0131n\u0131n m\u00fclkiyet durumu, yap\u0131 s\u0131n\u0131f\u0131 ve grubu ve di\u011fer hususlar yap\u0131 sahibinin beyan\u0131 esas al\u0131narak \u00c7evre ve \u015eehircilik Bakanl\u0131\u011f\u0131 taraf\u0131ndan haz\u0131rlanan Yap\u0131 Kay\u0131t Sistemi&#8217;ne kaydedilecek.<\/p>\n<p><strong>Yap\u0131 Kay\u0131t Belgesi Alman\u0131n Avantajlar\u0131<\/strong><\/p>\n<p>Yap\u0131 Kay\u0131t Belgesi olan yap\u0131lar i\u00e7in bulunan y\u0131k\u0131m kararlar\u0131 ve tahsil edilmemi\u015f idari para cezalar\u0131 iptal edilecek.<\/p>\n<p>Yap\u0131 Kay\u0131t Belgesi ve t\u00fcm maliklerin r\u0131zas\u0131 ile (i) yap\u0131 ruhsat\u0131 bulunan fakat yap\u0131 kullanma izni bulunmayan ve (ii) yap\u0131 ruhsat\u0131 bulunmayan yap\u0131larda, yap\u0131 kullanma izni aranmaks\u0131z\u0131n cins de\u011fi\u015fikli\u011fi ve kat m\u00fclkiyeti tesis edilebilecek. Ancak bu durumda Kay\u0131t Bedeli iki kat\u0131 olarak \u00f6denecek.<\/p>\n<p><strong>Yap\u0131 Kay\u0131t Belgesi\u2019nin Ge\u00e7erlilik S\u00fcresi ve \u0130stisnalar<\/strong><\/p>\n<p>Yap\u0131 Kay\u0131t Belgesi, yap\u0131n\u0131n yeniden yap\u0131land\u0131r\u0131lmas\u0131na veya kentsel d\u00f6n\u00fc\u015f\u00fcm uygulamas\u0131na kadar ge\u00e7erli olacak.<\/p>\n<p>Yap\u0131 Kay\u0131t Belgesi bulunan yap\u0131 yeniden yap\u0131land\u0131r\u0131ld\u0131\u011f\u0131 takdirde, y\u00fcr\u00fcrl\u00fckteki imar planlar\u0131na ve mevzuat\u0131na tabi olacak. A\u015fa\u011f\u0131daki b\u00f6lgeler \u0130mar Bar\u0131\u015f\u0131 kapsam\u0131na dahil olmayacak:<br \/>\n\u2022 2960 say\u0131l\u0131 Bo\u011fazi\u00e7i Kanunu&#8217;nda tan\u0131mlanan Bo\u011fazi\u00e7i sahil \u015feridinin ve \u00f6ng\u00f6r\u00fcn\u00fcm b\u00f6lgesinin Kanun&#8217;un ekinde g\u00f6sterilen b\u00f6lgeleri.<\/p>\n<p>\u2022 \u0130stanbul tarihi yar\u0131madas\u0131n\u0131n Kanun&#8217;un ekinde g\u00f6sterilen b\u00f6lgeleri.<\/p>\n<p>\u2022 6546 say\u0131l\u0131 \u00c7anakkale Sava\u015flar\u0131 Gelibolu Tarihi Alan Ba\u015fkanl\u0131\u011f\u0131 Kurulmas\u0131 Hakk\u0131nda Kanun&#8217;un 2(e) maddesinde belirlenmi\u015f Tarihi Alan.<\/p>\n<p><strong>Sonu\u00e7<\/strong><\/p>\n<p>Ruhsats\u0131z, ruhsat\u0131na ve eklerine veya imar mevzuat\u0131na ayk\u0131r\u0131 olarak in\u015fa edilen gayrimenkule sahip ki\u015filerin ya da \u015firketlerin, Kanun\u2019dan ve Yap\u0131 Kay\u0131t Belgesi\u2019nin avantajlar\u0131ndan faydalanabilmesi i\u00e7in \u015fartlar sa\u011flan\u0131yorsa 31 Ekim 2018 tarihine kadar ba\u015fvuruda bulunmas\u0131 ve 31 Aral\u0131k 2018 tarihine kadar da Kay\u0131t Bedeli\u2019ni \u00f6demesi gerekecek.<\/p>\n","protected":false},"excerpt":{"rendered":"<p>Yeni Geli\u015fme 3194 say\u0131l\u0131 \u0130mar Kanunu&#8217;na ge\u00e7ici madde eklenmesi suretiyle mevzuata yeni giren imar bar\u0131\u015f\u0131 (&#8220;\u0130mar Bar\u0131\u015f\u0131&#8221;) esaslar\u0131n\u0131 d\u00fczenleyen 7143 [&hellip;]<\/p>\n","protected":false},"author":4,"featured_media":0,"comment_status":"closed","ping_status":"closed","sticky":false,"template":"","format":"standard","meta":{"_acf_changed":false,"_stopmodifiedupdate":false,"_modified_date":"","footnotes":""},"categories":[120],"tags":[100],"class_list":["post-14617","post","type-post","status-publish","format-standard","hentry","category-legal-alerts","tag-real-estate-tr"],"acf":[],"yoast_head":"<!-- This site is optimized with the Yoast SEO plugin v24.0 - https:\/\/yoast.com\/wordpress\/plugins\/seo\/ -->\n<title>\u0130mar Bar\u0131\u015f\u0131<\/title>\n<meta name=\"description\" content=\"Yeni Geli\u015fme 3194 say\u0131l\u0131 \u0130mar Kanunu&#039;na ge\u00e7ici madde eklenmesi suretiyle mevzuata yeni giren imar bar\u0131\u015f\u0131 (&quot;\u0130mar Bar\u0131\u015f\u0131&quot;) esaslar\u0131n\u0131 d\u00fczenleyen 7143 say\u0131l\u0131\" \/>\n<meta name=\"robots\" content=\"index, follow, max-snippet:-1, max-image-preview:large, max-video-preview:-1\" \/>\n<link rel=\"canonical\" href=\"https:\/\/www.esin.av.tr\/tr\/2018\/05\/21\/imar-barisi\/\" \/>\n<meta property=\"og:locale\" content=\"tr_TR\" \/>\n<meta property=\"og:type\" content=\"article\" \/>\n<meta property=\"og:title\" content=\"\u0130mar Bar\u0131\u015f\u0131\" \/>\n<meta property=\"og:description\" content=\"Yeni Geli\u015fme 3194 say\u0131l\u0131 \u0130mar Kanunu&#039;na ge\u00e7ici madde eklenmesi suretiyle mevzuata yeni giren imar bar\u0131\u015f\u0131 (&quot;\u0130mar Bar\u0131\u015f\u0131&quot;) esaslar\u0131n\u0131 d\u00fczenleyen 7143 say\u0131l\u0131\" \/>\n<meta property=\"og:url\" content=\"https:\/\/www.esin.av.tr\/tr\/2018\/05\/21\/imar-barisi\/\" \/>\n<meta property=\"og:site_name\" content=\"Esin Avukatl\u0131k Ortakl\u0131\u011f\u0131\" \/>\n<meta property=\"article:published_time\" content=\"2018-05-21T11:24:41+00:00\" \/>\n<meta property=\"article:modified_time\" content=\"2022-06-09T12:14:59+00:00\" \/>\n<meta name=\"author\" content=\"R\u0131dvan Konrat\" \/>\n<meta name=\"twitter:card\" content=\"summary_large_image\" \/>\n<meta name=\"twitter:label1\" content=\"Written by\" \/>\n\t<meta name=\"twitter:data1\" content=\"R\u0131dvan Konrat\" \/>\n\t<meta name=\"twitter:label2\" content=\"Est. reading time\" \/>\n\t<meta name=\"twitter:data2\" content=\"3 minutes\" \/>\n<script type=\"application\/ld+json\" class=\"yoast-schema-graph\">{\"@context\":\"https:\/\/schema.org\",\"@graph\":[{\"@type\":\"Article\",\"@id\":\"https:\/\/www.esin.av.tr\/tr\/2018\/05\/21\/imar-barisi\/#article\",\"isPartOf\":{\"@id\":\"https:\/\/www.esin.av.tr\/tr\/2018\/05\/21\/imar-barisi\/\"},\"author\":{\"name\":\"R\u0131dvan Konrat\",\"@id\":\"https:\/\/www.esin.av.tr\/tr\/#\/schema\/person\/42c8e616aab56b8622fa365ad63282ae\"},\"headline\":\"\u0130mar Bar\u0131\u015f\u0131\",\"datePublished\":\"2018-05-21T11:24:41+00:00\",\"dateModified\":\"2022-06-09T12:14:59+00:00\",\"mainEntityOfPage\":{\"@id\":\"https:\/\/www.esin.av.tr\/tr\/2018\/05\/21\/imar-barisi\/\"},\"wordCount\":544,\"publisher\":{\"@id\":\"https:\/\/www.esin.av.tr\/tr\/#organization\"},\"keywords\":[\"Gayrimenkul Hukuku\"],\"articleSection\":[\"Hukuk B\u00fcltenleri\"],\"inLanguage\":\"tr\"},{\"@type\":\"WebPage\",\"@id\":\"https:\/\/www.esin.av.tr\/tr\/2018\/05\/21\/imar-barisi\/\",\"url\":\"https:\/\/www.esin.av.tr\/tr\/2018\/05\/21\/imar-barisi\/\",\"name\":\"\u0130mar Bar\u0131\u015f\u0131\",\"isPartOf\":{\"@id\":\"https:\/\/www.esin.av.tr\/tr\/#website\"},\"datePublished\":\"2018-05-21T11:24:41+00:00\",\"dateModified\":\"2022-06-09T12:14:59+00:00\",\"description\":\"Yeni Geli\u015fme 3194 say\u0131l\u0131 \u0130mar Kanunu'na ge\u00e7ici madde eklenmesi suretiyle mevzuata yeni giren imar bar\u0131\u015f\u0131 (\\\"\u0130mar Bar\u0131\u015f\u0131\\\") esaslar\u0131n\u0131 d\u00fczenleyen 7143 say\u0131l\u0131\",\"breadcrumb\":{\"@id\":\"https:\/\/www.esin.av.tr\/tr\/2018\/05\/21\/imar-barisi\/#breadcrumb\"},\"inLanguage\":\"tr\",\"potentialAction\":[{\"@type\":\"ReadAction\",\"target\":[\"https:\/\/www.esin.av.tr\/tr\/2018\/05\/21\/imar-barisi\/\"]}]},{\"@type\":\"BreadcrumbList\",\"@id\":\"https:\/\/www.esin.av.tr\/tr\/2018\/05\/21\/imar-barisi\/#breadcrumb\",\"itemListElement\":[{\"@type\":\"ListItem\",\"position\":1,\"name\":\"Home\",\"item\":\"https:\/\/www.esin.av.tr\/tr\/\"},{\"@type\":\"ListItem\",\"position\":2,\"name\":\"\u0130mar Bar\u0131\u015f\u0131\"}]},{\"@type\":\"WebSite\",\"@id\":\"https:\/\/www.esin.av.tr\/tr\/#website\",\"url\":\"https:\/\/www.esin.av.tr\/tr\/\",\"name\":\"Esin Avukatl\u0131k Ortakl\u0131\u011f\u0131\",\"description\":\"\",\"publisher\":{\"@id\":\"https:\/\/www.esin.av.tr\/tr\/#organization\"},\"potentialAction\":[{\"@type\":\"SearchAction\",\"target\":{\"@type\":\"EntryPoint\",\"urlTemplate\":\"https:\/\/www.esin.av.tr\/tr\/?s={search_term_string}\"},\"query-input\":{\"@type\":\"PropertyValueSpecification\",\"valueRequired\":true,\"valueName\":\"search_term_string\"}}],\"inLanguage\":\"tr\"},{\"@type\":\"Organization\",\"@id\":\"https:\/\/www.esin.av.tr\/tr\/#organization\",\"name\":\"Esin Avukatl\u0131k Ortakl\u0131\u011f\u0131\",\"url\":\"https:\/\/www.esin.av.tr\/tr\/\",\"logo\":{\"@type\":\"ImageObject\",\"inLanguage\":\"tr\",\"@id\":\"https:\/\/www.esin.av.tr\/tr\/#\/schema\/logo\/image\/\",\"url\":\"https:\/\/www.esin.av.tr\/wp-content\/uploads\/2021\/09\/esin-2.jpg\",\"contentUrl\":\"https:\/\/www.esin.av.tr\/wp-content\/uploads\/2021\/09\/esin-2.jpg\",\"width\":800,\"height\":460,\"caption\":\"Esin Avukatl\u0131k Ortakl\u0131\u011f\u0131\"},\"image\":{\"@id\":\"https:\/\/www.esin.av.tr\/tr\/#\/schema\/logo\/image\/\"}},{\"@type\":\"Person\",\"@id\":\"https:\/\/www.esin.av.tr\/tr\/#\/schema\/person\/42c8e616aab56b8622fa365ad63282ae\",\"name\":\"R\u0131dvan Konrat\",\"image\":{\"@type\":\"ImageObject\",\"inLanguage\":\"tr\",\"@id\":\"https:\/\/www.esin.av.tr\/tr\/#\/schema\/person\/image\/\",\"url\":\"https:\/\/secure.gravatar.com\/avatar\/b20c6c583be38ed4e76e32f69fccc676?s=96&d=mm&r=g\",\"contentUrl\":\"https:\/\/secure.gravatar.com\/avatar\/b20c6c583be38ed4e76e32f69fccc676?s=96&d=mm&r=g\",\"caption\":\"R\u0131dvan Konrat\"},\"sameAs\":[\"http:\/\/www.esin.av.tr\"],\"url\":\"https:\/\/www.esin.av.tr\/tr\/author\/rkonrat\/\"}]}<\/script>\n<!-- \/ Yoast SEO plugin. -->","yoast_head_json":{"title":"\u0130mar Bar\u0131\u015f\u0131","description":"Yeni Geli\u015fme 3194 say\u0131l\u0131 \u0130mar Kanunu'na ge\u00e7ici madde eklenmesi suretiyle mevzuata yeni giren imar bar\u0131\u015f\u0131 (\"\u0130mar Bar\u0131\u015f\u0131\") esaslar\u0131n\u0131 d\u00fczenleyen 7143 say\u0131l\u0131","robots":{"index":"index","follow":"follow","max-snippet":"max-snippet:-1","max-image-preview":"max-image-preview:large","max-video-preview":"max-video-preview:-1"},"canonical":"https:\/\/www.esin.av.tr\/tr\/2018\/05\/21\/imar-barisi\/","og_locale":"tr_TR","og_type":"article","og_title":"\u0130mar Bar\u0131\u015f\u0131","og_description":"Yeni Geli\u015fme 3194 say\u0131l\u0131 \u0130mar Kanunu'na ge\u00e7ici madde eklenmesi suretiyle mevzuata yeni giren imar bar\u0131\u015f\u0131 (\"\u0130mar Bar\u0131\u015f\u0131\") esaslar\u0131n\u0131 d\u00fczenleyen 7143 say\u0131l\u0131","og_url":"https:\/\/www.esin.av.tr\/tr\/2018\/05\/21\/imar-barisi\/","og_site_name":"Esin Avukatl\u0131k Ortakl\u0131\u011f\u0131","article_published_time":"2018-05-21T11:24:41+00:00","article_modified_time":"2022-06-09T12:14:59+00:00","author":"R\u0131dvan Konrat","twitter_card":"summary_large_image","twitter_misc":{"Written by":"R\u0131dvan Konrat","Est. reading time":"3 minutes"},"schema":{"@context":"https:\/\/schema.org","@graph":[{"@type":"Article","@id":"https:\/\/www.esin.av.tr\/tr\/2018\/05\/21\/imar-barisi\/#article","isPartOf":{"@id":"https:\/\/www.esin.av.tr\/tr\/2018\/05\/21\/imar-barisi\/"},"author":{"name":"R\u0131dvan Konrat","@id":"https:\/\/www.esin.av.tr\/tr\/#\/schema\/person\/42c8e616aab56b8622fa365ad63282ae"},"headline":"\u0130mar Bar\u0131\u015f\u0131","datePublished":"2018-05-21T11:24:41+00:00","dateModified":"2022-06-09T12:14:59+00:00","mainEntityOfPage":{"@id":"https:\/\/www.esin.av.tr\/tr\/2018\/05\/21\/imar-barisi\/"},"wordCount":544,"publisher":{"@id":"https:\/\/www.esin.av.tr\/tr\/#organization"},"keywords":["Gayrimenkul Hukuku"],"articleSection":["Hukuk B\u00fcltenleri"],"inLanguage":"tr"},{"@type":"WebPage","@id":"https:\/\/www.esin.av.tr\/tr\/2018\/05\/21\/imar-barisi\/","url":"https:\/\/www.esin.av.tr\/tr\/2018\/05\/21\/imar-barisi\/","name":"\u0130mar Bar\u0131\u015f\u0131","isPartOf":{"@id":"https:\/\/www.esin.av.tr\/tr\/#website"},"datePublished":"2018-05-21T11:24:41+00:00","dateModified":"2022-06-09T12:14:59+00:00","description":"Yeni Geli\u015fme 3194 say\u0131l\u0131 \u0130mar Kanunu'na ge\u00e7ici madde eklenmesi suretiyle mevzuata yeni giren imar bar\u0131\u015f\u0131 (\"\u0130mar Bar\u0131\u015f\u0131\") esaslar\u0131n\u0131 d\u00fczenleyen 7143 say\u0131l\u0131","breadcrumb":{"@id":"https:\/\/www.esin.av.tr\/tr\/2018\/05\/21\/imar-barisi\/#breadcrumb"},"inLanguage":"tr","potentialAction":[{"@type":"ReadAction","target":["https:\/\/www.esin.av.tr\/tr\/2018\/05\/21\/imar-barisi\/"]}]},{"@type":"BreadcrumbList","@id":"https:\/\/www.esin.av.tr\/tr\/2018\/05\/21\/imar-barisi\/#breadcrumb","itemListElement":[{"@type":"ListItem","position":1,"name":"Home","item":"https:\/\/www.esin.av.tr\/tr\/"},{"@type":"ListItem","position":2,"name":"\u0130mar Bar\u0131\u015f\u0131"}]},{"@type":"WebSite","@id":"https:\/\/www.esin.av.tr\/tr\/#website","url":"https:\/\/www.esin.av.tr\/tr\/","name":"Esin Avukatl\u0131k Ortakl\u0131\u011f\u0131","description":"","publisher":{"@id":"https:\/\/www.esin.av.tr\/tr\/#organization"},"potentialAction":[{"@type":"SearchAction","target":{"@type":"EntryPoint","urlTemplate":"https:\/\/www.esin.av.tr\/tr\/?s={search_term_string}"},"query-input":{"@type":"PropertyValueSpecification","valueRequired":true,"valueName":"search_term_string"}}],"inLanguage":"tr"},{"@type":"Organization","@id":"https:\/\/www.esin.av.tr\/tr\/#organization","name":"Esin Avukatl\u0131k Ortakl\u0131\u011f\u0131","url":"https:\/\/www.esin.av.tr\/tr\/","logo":{"@type":"ImageObject","inLanguage":"tr","@id":"https:\/\/www.esin.av.tr\/tr\/#\/schema\/logo\/image\/","url":"https:\/\/www.esin.av.tr\/wp-content\/uploads\/2021\/09\/esin-2.jpg","contentUrl":"https:\/\/www.esin.av.tr\/wp-content\/uploads\/2021\/09\/esin-2.jpg","width":800,"height":460,"caption":"Esin Avukatl\u0131k Ortakl\u0131\u011f\u0131"},"image":{"@id":"https:\/\/www.esin.av.tr\/tr\/#\/schema\/logo\/image\/"}},{"@type":"Person","@id":"https:\/\/www.esin.av.tr\/tr\/#\/schema\/person\/42c8e616aab56b8622fa365ad63282ae","name":"R\u0131dvan Konrat","image":{"@type":"ImageObject","inLanguage":"tr","@id":"https:\/\/www.esin.av.tr\/tr\/#\/schema\/person\/image\/","url":"https:\/\/secure.gravatar.com\/avatar\/b20c6c583be38ed4e76e32f69fccc676?s=96&d=mm&r=g","contentUrl":"https:\/\/secure.gravatar.com\/avatar\/b20c6c583be38ed4e76e32f69fccc676?s=96&d=mm&r=g","caption":"R\u0131dvan Konrat"},"sameAs":["http:\/\/www.esin.av.tr"],"url":"https:\/\/www.esin.av.tr\/tr\/author\/rkonrat\/"}]}},"_links":{"self":[{"href":"https:\/\/www.esin.av.tr\/tr\/wp-json\/wp\/v2\/posts\/14617","targetHints":{"allow":["GET"]}}],"collection":[{"href":"https:\/\/www.esin.av.tr\/tr\/wp-json\/wp\/v2\/posts"}],"about":[{"href":"https:\/\/www.esin.av.tr\/tr\/wp-json\/wp\/v2\/types\/post"}],"author":[{"embeddable":true,"href":"https:\/\/www.esin.av.tr\/tr\/wp-json\/wp\/v2\/users\/4"}],"replies":[{"embeddable":true,"href":"https:\/\/www.esin.av.tr\/tr\/wp-json\/wp\/v2\/comments?post=14617"}],"version-history":[{"count":1,"href":"https:\/\/www.esin.av.tr\/tr\/wp-json\/wp\/v2\/posts\/14617\/revisions"}],"predecessor-version":[{"id":15708,"href":"https:\/\/www.esin.av.tr\/tr\/wp-json\/wp\/v2\/posts\/14617\/revisions\/15708"}],"wp:attachment":[{"href":"https:\/\/www.esin.av.tr\/tr\/wp-json\/wp\/v2\/media?parent=14617"}],"wp:term":[{"taxonomy":"category","embeddable":true,"href":"https:\/\/www.esin.av.tr\/tr\/wp-json\/wp\/v2\/categories?post=14617"},{"taxonomy":"post_tag","embeddable":true,"href":"https:\/\/www.esin.av.tr\/tr\/wp-json\/wp\/v2\/tags?post=14617"}],"curies":[{"name":"wp","href":"https:\/\/api.w.org\/{rel}","templated":true}]}}