{"id":14613,"date":"2018-06-12T11:28:33","date_gmt":"2018-06-12T11:28:33","guid":{"rendered":"http:\/\/upt.esin.av.tr\/2018\/06\/12\/hazine-girisim-sermayesi-fonlarina-yatirim-yapacak\/"},"modified":"2022-06-09T12:14:49","modified_gmt":"2022-06-09T12:14:49","slug":"hazine-girisim-sermayesi-fonlarina-yatirim-yapacak","status":"publish","type":"post","link":"https:\/\/www.esin.av.tr\/tr\/2018\/06\/12\/hazine-girisim-sermayesi-fonlarina-yatirim-yapacak\/","title":{"rendered":"Hazine Giri\u015fim Sermayesi Fonlar\u0131na Yat\u0131r\u0131m Yapacak"},"content":{"rendered":"<p><strong>Yeni Geli\u015fme<\/strong><\/p>\n<p>Bakanlar Kurulu 5 Haziran 2018 tarihinde Resmi Gazete\u2019de yay\u0131mlanan 2018\/11662 say\u0131l\u0131 karar\u0131yla Hazine M\u00fcste\u015farl\u0131\u011f\u0131\u2019n\u0131n (\u201cHazine\u201d) giri\u015fim sermayesi fonlar\u0131na (\u201cfon\u201d) yat\u0131r\u0131m yapabilmesinin \u00f6n\u00fc a\u00e7\u0131ld\u0131.<\/p>\n<p>Bakanlar Kurulu, karar ile Hazine\u2019nin fonlara yapaca\u011f\u0131 yat\u0131r\u0131mlara ili\u015fkin kurallar\u0131n kapsam ve \u00e7er\u00e7evesini belirlemekte olup, Hazine her bir fon ile yapaca\u011f\u0131 protokol ile ilgili fonun tabi olaca\u011f\u0131 kurallar ve uygulamaya ili\u015fkin detaylar\u0131 belirleyecek.<\/p>\n<p>Bu kapsamda, karar kapsam\u0131nda fonlara kaynak aktar\u0131lmas\u0131, fonlar\u0131n ve portf\u00f6y y\u00f6neticilerinin se\u00e7im kriterleri, fonlar\u0131n yat\u0131r\u0131m yapabilece\u011fi alanlar, fonlar\u0131n denetimi ve kaynak tutarlar\u0131 ve masraflara ili\u015fkin \u00e7er\u00e7eve esaslar belirlenmi\u015ftir.<\/p>\n<p><strong>Yat\u0131r\u0131m S\u00fcreci<\/strong><\/p>\n<p><em>Duyuru metni \u2014 Hazine sa\u011flanacak kayna\u011f\u0131n \u00fcst s\u0131n\u0131r\u0131n\u0131, tahsis edilecek kayna\u011f\u0131n kullan\u0131m amac\u0131n\u0131, finansman t\u00fcr\u00fcn\u00fc ve uygulamaya ili\u015fkin di\u011fer hususlar\u0131 belirledi\u011fi, T\u00fcrk\u00e7e ve \u0130ngilizce olarak haz\u0131rlanan duyuru metnini kendi internet sitesinde yay\u0131mlayacak.<\/em><\/p>\n<p><em>Ba\u015fvuru \/ De\u011ferlendirme \u2014 Yap\u0131lan ba\u015fvurular de\u011ferlendirme komitesi taraf\u0131ndan duyuru metnindeki ve a\u015fa\u011f\u0131daki hususlar dikkate al\u0131narak de\u011ferlendirilecek:<\/em><\/p>\n<p>\u2022 Portf\u00f6y y\u00f6neticisinin daha \u00f6nceki yat\u0131r\u0131mlar\u0131ndaki karl\u0131l\u0131\u011f\u0131 da dahil olmak \u00fczere tecr\u00fcbesi.<\/p>\n<p>\u2022 Fonun y\u00f6netim masraflar\u0131.<\/p>\n<p>\u2022 Di\u011fer yat\u0131r\u0131mc\u0131lar taraf\u0131ndan taahh\u00fct edilen sermaye tutarlar\u0131.<\/p>\n<p>Onay \u2014 Hazine\u2019nin ba\u011fl\u0131 oldu\u011fu Bakan, de\u011ferlendirme komitesinin kendisine sunaca\u011f\u0131 g\u00f6r\u00fc\u015f\u00fcn\u00fc de dikkate alarak portf\u00f6y y\u00f6neticisini, yat\u0131r\u0131m tutar\u0131n\u0131 ve t\u00fcr\u00fcn\u00fc belirlemeye yetkili olacak.<\/p>\n<p>Portf\u00f6y Y\u00f6neticisinin NitelikleriPortf\u00f6y y\u00f6neticisinin a\u015fa\u011f\u0131daki niteliklere veya en az\u0131ndan bu niteliklere sahip bir ki\u015finin s\u00fcrekli olarak bulundu\u011fu bir y\u00f6netim ekibine sahip olmas\u0131 gerekecek:<\/p>\n<p>\u2022 Portf\u00f6y y\u00f6neticisi olarak en az be\u015f farkl\u0131 \u015firkete yat\u0131r\u0131m yapm\u0131\u015f veya yat\u0131r\u0131m karar\u0131 alm\u0131\u015f olmak.<\/p>\n<p>\u2022 Son on y\u0131l i\u00e7inde yat\u0131r\u0131mlar\u0131ndan en az birinden k\u00e2r ederek \u00e7\u0131k\u0131\u015f yapm\u0131\u015f olmak.<\/p>\n<p>Ancak, fonun en az %50\u2019sinin di\u011fer yat\u0131r\u0131mc\u0131lar taraf\u0131ndan taahh\u00fct edilmesi halinde, ilk defa fon kuracaklar bak\u0131m\u0131ndan s\u00f6z konusu nitelikler aranmayabilir.<\/p>\n<p><strong>Kaynak<\/strong><\/p>\n<p><em>Toplam Taahh\u00fct Tavan\u0131<\/em><\/p>\n<p>31 Aral\u0131k 2023 tarihine kadar giri\u015fim sermayesi fonlar\u0131na taahh\u00fct edilebilecek toplam kaynak tutar\u0131 tavan\u0131, masraf, \u00fccretler ve kur farklar\u0131 hari\u00e7 2 milyar TL\u2019dir.<\/p>\n<p>Bu tarihten sonraki her be\u015f y\u0131ll\u0131k d\u00f6nem i\u00e7in taahh\u00fct tutar\u0131 tavan\u0131 Bakanlar Kurulu taraf\u0131ndan belirlenecektir.<\/p>\n<p><em>Yat\u0131r\u0131m Baz\u0131nda Taahh\u00fct Miktar\u0131<\/em><\/p>\n<p>Kural olarak, Hazine\u2019nin fona taahh\u00fct etti\u011fi tutar, fona taahh\u00fct edilen toplam tutar\u0131n %30\u2019unu ge\u00e7emez.<\/p>\n<p>Ancak, ilk defa kurulacak fonlar i\u00e7in taahh\u00fct tutar\u0131, fona taahh\u00fct edilen toplam tutar\u0131n %50\u2019sine kadar olabilir.<\/p>\n<p>Bakan bu oranlar\u0131 y\u00fczde elli orana kadar artt\u0131rmaya yetkilidir.<\/p>\n<p><em>Aktar\u0131m ve Kullan\u0131m \u015eekli<\/em><\/p>\n<p>Fonlara sa\u011flanacak kaynak, fonun T\u00fcrkiye\u2019de yerle\u015fik bir bankada a\u00e7t\u0131\u011f\u0131 hesaba aktar\u0131l\u0131r.<\/p>\n<p>Fon taahh\u00fct edilen kayna\u011f\u0131, projelere yat\u0131r\u0131m yapmak, sermaye \u015firketlerine sermaye aktarmak, sermaye \u015firketlerinin yap\u0131land\u0131r\u0131lm\u0131\u015f bor\u00e7lanma ara\u00e7lar\u0131n\u0131 sat\u0131n almak, finansal kurumlar arac\u0131l\u0131\u011f\u0131yla bor\u00e7 vermek ya da giri\u015fim sermayesi \u015firketlerinin bor\u00e7lanma ara\u00e7lar\u0131na yat\u0131r\u0131m yapmak suretiyle kullanabilir.<\/p>\n<p><em>Masraflar ve \u00dccretler<\/em><\/p>\n<p>Hazine bir defaya mahsus olmak \u00fczere, fona taahh\u00fct etti\u011fi kayna\u011f\u0131n %2\u2019sine kadar kurulu\u015f masraf\u0131 \u00f6deyebilir.<\/p>\n<p>Her halde, Hazine taraf\u0131ndan fona y\u0131ll\u0131k olarak \u00f6denecek masraf ve \u00fccretlerin toplam\u0131, fona taahh\u00fct edilen kayna\u011f\u0131n %2,5\u2019ini ge\u00e7emez.<\/p>\n<p>Hazine taraf\u0131ndan portf\u00f6y y\u00f6neticisine \u00f6denecek performans \u00fccreti, Hazine\u2019nin elde etti\u011fi k\u00e2r pay\u0131n\u0131n %20\u2019sini a\u015famaz.<\/p>\n<p>Fonla birlikte e\u015f yat\u0131r\u0131m yapan bireysel kat\u0131l\u0131m yat\u0131r\u0131mc\u0131s\u0131na \u00f6denecek performans \u00fccreti, Hazine\u2019nin elde etti\u011fi k\u00e2r pay\u0131n\u0131n %25\u2019ini a\u015famaz.<\/p>\n<p>Taraflar performans \u00fccretlerinin \u00f6denmesini, belirli e\u015fiklerin \u00fczerinde k\u00e2r elde edilmesine ba\u011flayabilir. Fonun e\u015fik getiri \u00fczerinde k\u00e2r elde etmesi durumunda, Hazine taraf\u0131ndan portf\u00f6y y\u00f6neticisine e\u015fik getirinin \u00fczerinde olu\u015fan k\u00e2r\u0131n %10\u2019una kadar ilave \u00fccret \u00f6denebilir.<\/p>\n<p><strong>Yat\u0131r\u0131m Alanlar\u0131<\/strong><\/p>\n<p>Hazine\u2019nin kaynak sa\u011flad\u0131\u011f\u0131 fonlar a\u015fa\u011f\u0131daki kapsama giren yat\u0131r\u0131mlar yapamazlar:<\/p>\n<p>\u2022 T\u00fct\u00fcn ve alkoll\u00fc i\u00e7ecek \u00fcretimi<\/p>\n<p>\u2022 Savunma sanayii hari\u00e7 silah ve cephane \u00fcretimi ve ticareti.<\/p>\n<p>\u2022 Ana faaliyet konusu gayrimenkul olan alanlar.<\/p>\n<p>\u2022 Altyap\u0131 yat\u0131r\u0131mlar\u0131.<\/p>\n<p>\u2022 Kanunlarla yasaklanm\u0131\u015f faaliyetler.<\/p>\n<p>\u2022 Protokolde yasakl\u0131 faaliyetler olarak belirtilen alanlar.<\/p>\n<p><strong>Denetim<\/strong><\/p>\n<p>Hazine\u2019nin uygun g\u00f6rece\u011fi bir ba\u011f\u0131ms\u0131z denetim \u015firketi fonun faaliyetlerini y\u0131ll\u0131k olarak denetler. Ayr\u0131ca, Hazine gerekli g\u00f6rd\u00fc\u011f\u00fc hallerde fonu do\u011frudan kendisi denetleyebilir.<\/p>\n<p><strong>Sonu\u00e7<\/strong><\/p>\n<p>2014 y\u0131l\u0131nda Hazine\u2019nin giri\u015fim sermayesi\/\u00f6zel sermaye fonlar\u0131na finansman sa\u011flayan \u00fcst fonlara yat\u0131r\u0131m yapmas\u0131n\u0131n imk\u00e2n\u0131 tan\u0131nm\u0131\u015ft\u0131. Ancak, yat\u0131r\u0131mc\u0131 \u00e7evrelerinde, ilgili d\u00fczenlemenin yabanc\u0131 fonlar\u0131n T\u00fcrkiye\u2019ye \u00e7ekilmesi konusunda yeterli esnekli\u011fi ve cazibeyi sa\u011flamad\u0131\u011f\u0131 d\u00fc\u015f\u00fcn\u00fclmekteydi.<\/p>\n<p>Yabanc\u0131 fonlar\u0131n T\u00fcrkiye\u2019deki yat\u0131r\u0131mlar\u0131n\u0131n art\u0131r\u0131lmas\u0131 amac\u0131yla, Hazine\u2019nin \u00fcst fonlara yat\u0131r\u0131m yapabilmesine ek olarak do\u011frudan giri\u015fim sermayesi fonlar\u0131na da yat\u0131r\u0131m yapmas\u0131n\u0131n imk\u00e2n\u0131n\u0131 sa\u011flamak ad\u0131na, 2017 y\u0131l\u0131 Kas\u0131m ay\u0131nda 4749 say\u0131l\u0131 Kamu Finansman\u0131 ve Bor\u00e7 Y\u00f6netiminin D\u00fczenlenmesi Hakk\u0131nda Kanun\u2019da de\u011fi\u015fiklik yap\u0131larak ek madde eklenmi\u015fti. Bakanlar Kurulu karar\u0131 ile ilgili yat\u0131r\u0131mlar\u0131n kapsam ve \u00e7er\u00e7evesi belirlenmi\u015f ve netle\u015ftirilmi\u015f oldu.<\/p>\n<p>Bu de\u011fi\u015fikliklerle Hazine\u2019nin alternatif yat\u0131r\u0131m imk\u00e2nlar\u0131na sahip olmas\u0131, T\u00fcrkiye\u2019de giri\u015fim sermayesi fonlar\u0131n\u0131n faaliyetlerinin art\u0131r\u0131lmas\u0131 ve daha \u00e7ok portf\u00f6y y\u00f6neticisinin yeti\u015ftirilmesi planlanmaktad\u0131r.<\/p>\n","protected":false},"excerpt":{"rendered":"<p>Yeni Geli\u015fme Bakanlar Kurulu 5 Haziran 2018 tarihinde Resmi Gazete\u2019de yay\u0131mlanan 2018\/11662 say\u0131l\u0131 karar\u0131yla Hazine M\u00fcste\u015farl\u0131\u011f\u0131\u2019n\u0131n (\u201cHazine\u201d) giri\u015fim sermayesi fonlar\u0131na [&hellip;]<\/p>\n","protected":false},"author":4,"featured_media":0,"comment_status":"closed","ping_status":"closed","sticky":false,"template":"","format":"standard","meta":{"_acf_changed":false,"_stopmodifiedupdate":false,"_modified_date":"","footnotes":""},"categories":[120],"tags":[97],"class_list":["post-14613","post","type-post","status-publish","format-standard","hentry","category-legal-alerts","tag-capital-markets-tr"],"acf":[],"yoast_head":"<!-- This site is optimized with the Yoast SEO plugin v24.0 - https:\/\/yoast.com\/wordpress\/plugins\/seo\/ -->\n<title>Hazine Giri\u015fim Sermayesi Fonlar\u0131na Yat\u0131r\u0131m Yapacak<\/title>\n<meta name=\"description\" content=\"Yeni Geli\u015fme Bakanlar Kurulu 5 Haziran 2018 tarihinde Resmi Gazete\u2019de yay\u0131mlanan 2018\/11662 say\u0131l\u0131 karar\u0131yla Hazine M\u00fcste\u015farl\u0131\u011f\u0131\u2019n\u0131n (\u201cHazine\u201d) giri\u015fim\" \/>\n<meta name=\"robots\" content=\"index, follow, max-snippet:-1, max-image-preview:large, max-video-preview:-1\" \/>\n<link rel=\"canonical\" href=\"https:\/\/www.esin.av.tr\/tr\/2018\/06\/12\/hazine-girisim-sermayesi-fonlarina-yatirim-yapacak\/\" \/>\n<meta property=\"og:locale\" content=\"tr_TR\" \/>\n<meta property=\"og:type\" content=\"article\" \/>\n<meta property=\"og:title\" content=\"Hazine Giri\u015fim Sermayesi Fonlar\u0131na Yat\u0131r\u0131m Yapacak\" \/>\n<meta property=\"og:description\" content=\"Yeni Geli\u015fme Bakanlar Kurulu 5 Haziran 2018 tarihinde Resmi Gazete\u2019de yay\u0131mlanan 2018\/11662 say\u0131l\u0131 karar\u0131yla Hazine M\u00fcste\u015farl\u0131\u011f\u0131\u2019n\u0131n (\u201cHazine\u201d) giri\u015fim\" \/>\n<meta property=\"og:url\" content=\"https:\/\/www.esin.av.tr\/tr\/2018\/06\/12\/hazine-girisim-sermayesi-fonlarina-yatirim-yapacak\/\" \/>\n<meta property=\"og:site_name\" content=\"Esin Avukatl\u0131k Ortakl\u0131\u011f\u0131\" \/>\n<meta property=\"article:published_time\" content=\"2018-06-12T11:28:33+00:00\" \/>\n<meta property=\"article:modified_time\" content=\"2022-06-09T12:14:49+00:00\" \/>\n<meta name=\"author\" content=\"R\u0131dvan Konrat\" \/>\n<meta name=\"twitter:card\" content=\"summary_large_image\" \/>\n<meta name=\"twitter:label1\" content=\"Written by\" \/>\n\t<meta name=\"twitter:data1\" content=\"R\u0131dvan Konrat\" \/>\n\t<meta name=\"twitter:label2\" content=\"Est. reading time\" \/>\n\t<meta name=\"twitter:data2\" content=\"5 minutes\" \/>\n<script type=\"application\/ld+json\" class=\"yoast-schema-graph\">{\"@context\":\"https:\/\/schema.org\",\"@graph\":[{\"@type\":\"Article\",\"@id\":\"https:\/\/www.esin.av.tr\/tr\/2018\/06\/12\/hazine-girisim-sermayesi-fonlarina-yatirim-yapacak\/#article\",\"isPartOf\":{\"@id\":\"https:\/\/www.esin.av.tr\/tr\/2018\/06\/12\/hazine-girisim-sermayesi-fonlarina-yatirim-yapacak\/\"},\"author\":{\"name\":\"R\u0131dvan Konrat\",\"@id\":\"https:\/\/www.esin.av.tr\/tr\/#\/schema\/person\/42c8e616aab56b8622fa365ad63282ae\"},\"headline\":\"Hazine Giri\u015fim Sermayesi Fonlar\u0131na Yat\u0131r\u0131m Yapacak\",\"datePublished\":\"2018-06-12T11:28:33+00:00\",\"dateModified\":\"2022-06-09T12:14:49+00:00\",\"mainEntityOfPage\":{\"@id\":\"https:\/\/www.esin.av.tr\/tr\/2018\/06\/12\/hazine-girisim-sermayesi-fonlarina-yatirim-yapacak\/\"},\"wordCount\":985,\"publisher\":{\"@id\":\"https:\/\/www.esin.av.tr\/tr\/#organization\"},\"keywords\":[\"Sermaye Piyasas\u0131 Hukuku\"],\"articleSection\":[\"Hukuk B\u00fcltenleri\"],\"inLanguage\":\"tr\"},{\"@type\":\"WebPage\",\"@id\":\"https:\/\/www.esin.av.tr\/tr\/2018\/06\/12\/hazine-girisim-sermayesi-fonlarina-yatirim-yapacak\/\",\"url\":\"https:\/\/www.esin.av.tr\/tr\/2018\/06\/12\/hazine-girisim-sermayesi-fonlarina-yatirim-yapacak\/\",\"name\":\"Hazine Giri\u015fim Sermayesi Fonlar\u0131na Yat\u0131r\u0131m Yapacak\",\"isPartOf\":{\"@id\":\"https:\/\/www.esin.av.tr\/tr\/#website\"},\"datePublished\":\"2018-06-12T11:28:33+00:00\",\"dateModified\":\"2022-06-09T12:14:49+00:00\",\"description\":\"Yeni Geli\u015fme Bakanlar Kurulu 5 Haziran 2018 tarihinde Resmi Gazete\u2019de yay\u0131mlanan 2018\/11662 say\u0131l\u0131 karar\u0131yla Hazine M\u00fcste\u015farl\u0131\u011f\u0131\u2019n\u0131n (\u201cHazine\u201d) giri\u015fim\",\"breadcrumb\":{\"@id\":\"https:\/\/www.esin.av.tr\/tr\/2018\/06\/12\/hazine-girisim-sermayesi-fonlarina-yatirim-yapacak\/#breadcrumb\"},\"inLanguage\":\"tr\",\"potentialAction\":[{\"@type\":\"ReadAction\",\"target\":[\"https:\/\/www.esin.av.tr\/tr\/2018\/06\/12\/hazine-girisim-sermayesi-fonlarina-yatirim-yapacak\/\"]}]},{\"@type\":\"BreadcrumbList\",\"@id\":\"https:\/\/www.esin.av.tr\/tr\/2018\/06\/12\/hazine-girisim-sermayesi-fonlarina-yatirim-yapacak\/#breadcrumb\",\"itemListElement\":[{\"@type\":\"ListItem\",\"position\":1,\"name\":\"Home\",\"item\":\"https:\/\/www.esin.av.tr\/tr\/\"},{\"@type\":\"ListItem\",\"position\":2,\"name\":\"Hazine Giri\u015fim Sermayesi Fonlar\u0131na Yat\u0131r\u0131m Yapacak\"}]},{\"@type\":\"WebSite\",\"@id\":\"https:\/\/www.esin.av.tr\/tr\/#website\",\"url\":\"https:\/\/www.esin.av.tr\/tr\/\",\"name\":\"Esin Avukatl\u0131k Ortakl\u0131\u011f\u0131\",\"description\":\"\",\"publisher\":{\"@id\":\"https:\/\/www.esin.av.tr\/tr\/#organization\"},\"potentialAction\":[{\"@type\":\"SearchAction\",\"target\":{\"@type\":\"EntryPoint\",\"urlTemplate\":\"https:\/\/www.esin.av.tr\/tr\/?s={search_term_string}\"},\"query-input\":{\"@type\":\"PropertyValueSpecification\",\"valueRequired\":true,\"valueName\":\"search_term_string\"}}],\"inLanguage\":\"tr\"},{\"@type\":\"Organization\",\"@id\":\"https:\/\/www.esin.av.tr\/tr\/#organization\",\"name\":\"Esin Avukatl\u0131k Ortakl\u0131\u011f\u0131\",\"url\":\"https:\/\/www.esin.av.tr\/tr\/\",\"logo\":{\"@type\":\"ImageObject\",\"inLanguage\":\"tr\",\"@id\":\"https:\/\/www.esin.av.tr\/tr\/#\/schema\/logo\/image\/\",\"url\":\"https:\/\/www.esin.av.tr\/wp-content\/uploads\/2021\/09\/esin-2.jpg\",\"contentUrl\":\"https:\/\/www.esin.av.tr\/wp-content\/uploads\/2021\/09\/esin-2.jpg\",\"width\":800,\"height\":460,\"caption\":\"Esin Avukatl\u0131k Ortakl\u0131\u011f\u0131\"},\"image\":{\"@id\":\"https:\/\/www.esin.av.tr\/tr\/#\/schema\/logo\/image\/\"}},{\"@type\":\"Person\",\"@id\":\"https:\/\/www.esin.av.tr\/tr\/#\/schema\/person\/42c8e616aab56b8622fa365ad63282ae\",\"name\":\"R\u0131dvan Konrat\",\"image\":{\"@type\":\"ImageObject\",\"inLanguage\":\"tr\",\"@id\":\"https:\/\/www.esin.av.tr\/tr\/#\/schema\/person\/image\/\",\"url\":\"https:\/\/secure.gravatar.com\/avatar\/b20c6c583be38ed4e76e32f69fccc676?s=96&d=mm&r=g\",\"contentUrl\":\"https:\/\/secure.gravatar.com\/avatar\/b20c6c583be38ed4e76e32f69fccc676?s=96&d=mm&r=g\",\"caption\":\"R\u0131dvan Konrat\"},\"sameAs\":[\"http:\/\/www.esin.av.tr\"],\"url\":\"https:\/\/www.esin.av.tr\/tr\/author\/rkonrat\/\"}]}<\/script>\n<!-- \/ Yoast SEO plugin. -->","yoast_head_json":{"title":"Hazine Giri\u015fim Sermayesi Fonlar\u0131na Yat\u0131r\u0131m Yapacak","description":"Yeni Geli\u015fme Bakanlar Kurulu 5 Haziran 2018 tarihinde Resmi Gazete\u2019de yay\u0131mlanan 2018\/11662 say\u0131l\u0131 karar\u0131yla Hazine M\u00fcste\u015farl\u0131\u011f\u0131\u2019n\u0131n (\u201cHazine\u201d) giri\u015fim","robots":{"index":"index","follow":"follow","max-snippet":"max-snippet:-1","max-image-preview":"max-image-preview:large","max-video-preview":"max-video-preview:-1"},"canonical":"https:\/\/www.esin.av.tr\/tr\/2018\/06\/12\/hazine-girisim-sermayesi-fonlarina-yatirim-yapacak\/","og_locale":"tr_TR","og_type":"article","og_title":"Hazine Giri\u015fim Sermayesi Fonlar\u0131na Yat\u0131r\u0131m Yapacak","og_description":"Yeni Geli\u015fme Bakanlar Kurulu 5 Haziran 2018 tarihinde Resmi Gazete\u2019de yay\u0131mlanan 2018\/11662 say\u0131l\u0131 karar\u0131yla Hazine M\u00fcste\u015farl\u0131\u011f\u0131\u2019n\u0131n (\u201cHazine\u201d) giri\u015fim","og_url":"https:\/\/www.esin.av.tr\/tr\/2018\/06\/12\/hazine-girisim-sermayesi-fonlarina-yatirim-yapacak\/","og_site_name":"Esin Avukatl\u0131k Ortakl\u0131\u011f\u0131","article_published_time":"2018-06-12T11:28:33+00:00","article_modified_time":"2022-06-09T12:14:49+00:00","author":"R\u0131dvan Konrat","twitter_card":"summary_large_image","twitter_misc":{"Written by":"R\u0131dvan Konrat","Est. reading time":"5 minutes"},"schema":{"@context":"https:\/\/schema.org","@graph":[{"@type":"Article","@id":"https:\/\/www.esin.av.tr\/tr\/2018\/06\/12\/hazine-girisim-sermayesi-fonlarina-yatirim-yapacak\/#article","isPartOf":{"@id":"https:\/\/www.esin.av.tr\/tr\/2018\/06\/12\/hazine-girisim-sermayesi-fonlarina-yatirim-yapacak\/"},"author":{"name":"R\u0131dvan Konrat","@id":"https:\/\/www.esin.av.tr\/tr\/#\/schema\/person\/42c8e616aab56b8622fa365ad63282ae"},"headline":"Hazine Giri\u015fim Sermayesi Fonlar\u0131na Yat\u0131r\u0131m Yapacak","datePublished":"2018-06-12T11:28:33+00:00","dateModified":"2022-06-09T12:14:49+00:00","mainEntityOfPage":{"@id":"https:\/\/www.esin.av.tr\/tr\/2018\/06\/12\/hazine-girisim-sermayesi-fonlarina-yatirim-yapacak\/"},"wordCount":985,"publisher":{"@id":"https:\/\/www.esin.av.tr\/tr\/#organization"},"keywords":["Sermaye Piyasas\u0131 Hukuku"],"articleSection":["Hukuk B\u00fcltenleri"],"inLanguage":"tr"},{"@type":"WebPage","@id":"https:\/\/www.esin.av.tr\/tr\/2018\/06\/12\/hazine-girisim-sermayesi-fonlarina-yatirim-yapacak\/","url":"https:\/\/www.esin.av.tr\/tr\/2018\/06\/12\/hazine-girisim-sermayesi-fonlarina-yatirim-yapacak\/","name":"Hazine Giri\u015fim Sermayesi Fonlar\u0131na Yat\u0131r\u0131m Yapacak","isPartOf":{"@id":"https:\/\/www.esin.av.tr\/tr\/#website"},"datePublished":"2018-06-12T11:28:33+00:00","dateModified":"2022-06-09T12:14:49+00:00","description":"Yeni Geli\u015fme Bakanlar Kurulu 5 Haziran 2018 tarihinde Resmi Gazete\u2019de yay\u0131mlanan 2018\/11662 say\u0131l\u0131 karar\u0131yla Hazine M\u00fcste\u015farl\u0131\u011f\u0131\u2019n\u0131n (\u201cHazine\u201d) giri\u015fim","breadcrumb":{"@id":"https:\/\/www.esin.av.tr\/tr\/2018\/06\/12\/hazine-girisim-sermayesi-fonlarina-yatirim-yapacak\/#breadcrumb"},"inLanguage":"tr","potentialAction":[{"@type":"ReadAction","target":["https:\/\/www.esin.av.tr\/tr\/2018\/06\/12\/hazine-girisim-sermayesi-fonlarina-yatirim-yapacak\/"]}]},{"@type":"BreadcrumbList","@id":"https:\/\/www.esin.av.tr\/tr\/2018\/06\/12\/hazine-girisim-sermayesi-fonlarina-yatirim-yapacak\/#breadcrumb","itemListElement":[{"@type":"ListItem","position":1,"name":"Home","item":"https:\/\/www.esin.av.tr\/tr\/"},{"@type":"ListItem","position":2,"name":"Hazine Giri\u015fim Sermayesi Fonlar\u0131na Yat\u0131r\u0131m Yapacak"}]},{"@type":"WebSite","@id":"https:\/\/www.esin.av.tr\/tr\/#website","url":"https:\/\/www.esin.av.tr\/tr\/","name":"Esin Avukatl\u0131k Ortakl\u0131\u011f\u0131","description":"","publisher":{"@id":"https:\/\/www.esin.av.tr\/tr\/#organization"},"potentialAction":[{"@type":"SearchAction","target":{"@type":"EntryPoint","urlTemplate":"https:\/\/www.esin.av.tr\/tr\/?s={search_term_string}"},"query-input":{"@type":"PropertyValueSpecification","valueRequired":true,"valueName":"search_term_string"}}],"inLanguage":"tr"},{"@type":"Organization","@id":"https:\/\/www.esin.av.tr\/tr\/#organization","name":"Esin Avukatl\u0131k Ortakl\u0131\u011f\u0131","url":"https:\/\/www.esin.av.tr\/tr\/","logo":{"@type":"ImageObject","inLanguage":"tr","@id":"https:\/\/www.esin.av.tr\/tr\/#\/schema\/logo\/image\/","url":"https:\/\/www.esin.av.tr\/wp-content\/uploads\/2021\/09\/esin-2.jpg","contentUrl":"https:\/\/www.esin.av.tr\/wp-content\/uploads\/2021\/09\/esin-2.jpg","width":800,"height":460,"caption":"Esin Avukatl\u0131k Ortakl\u0131\u011f\u0131"},"image":{"@id":"https:\/\/www.esin.av.tr\/tr\/#\/schema\/logo\/image\/"}},{"@type":"Person","@id":"https:\/\/www.esin.av.tr\/tr\/#\/schema\/person\/42c8e616aab56b8622fa365ad63282ae","name":"R\u0131dvan Konrat","image":{"@type":"ImageObject","inLanguage":"tr","@id":"https:\/\/www.esin.av.tr\/tr\/#\/schema\/person\/image\/","url":"https:\/\/secure.gravatar.com\/avatar\/b20c6c583be38ed4e76e32f69fccc676?s=96&d=mm&r=g","contentUrl":"https:\/\/secure.gravatar.com\/avatar\/b20c6c583be38ed4e76e32f69fccc676?s=96&d=mm&r=g","caption":"R\u0131dvan Konrat"},"sameAs":["http:\/\/www.esin.av.tr"],"url":"https:\/\/www.esin.av.tr\/tr\/author\/rkonrat\/"}]}},"_links":{"self":[{"href":"https:\/\/www.esin.av.tr\/tr\/wp-json\/wp\/v2\/posts\/14613","targetHints":{"allow":["GET"]}}],"collection":[{"href":"https:\/\/www.esin.av.tr\/tr\/wp-json\/wp\/v2\/posts"}],"about":[{"href":"https:\/\/www.esin.av.tr\/tr\/wp-json\/wp\/v2\/types\/post"}],"author":[{"embeddable":true,"href":"https:\/\/www.esin.av.tr\/tr\/wp-json\/wp\/v2\/users\/4"}],"replies":[{"embeddable":true,"href":"https:\/\/www.esin.av.tr\/tr\/wp-json\/wp\/v2\/comments?post=14613"}],"version-history":[{"count":1,"href":"https:\/\/www.esin.av.tr\/tr\/wp-json\/wp\/v2\/posts\/14613\/revisions"}],"predecessor-version":[{"id":15704,"href":"https:\/\/www.esin.av.tr\/tr\/wp-json\/wp\/v2\/posts\/14613\/revisions\/15704"}],"wp:attachment":[{"href":"https:\/\/www.esin.av.tr\/tr\/wp-json\/wp\/v2\/media?parent=14613"}],"wp:term":[{"taxonomy":"category","embeddable":true,"href":"https:\/\/www.esin.av.tr\/tr\/wp-json\/wp\/v2\/categories?post=14613"},{"taxonomy":"post_tag","embeddable":true,"href":"https:\/\/www.esin.av.tr\/tr\/wp-json\/wp\/v2\/tags?post=14613"}],"curies":[{"name":"wp","href":"https:\/\/api.w.org\/{rel}","templated":true}]}}