{"id":14601,"date":"2018-08-13T11:26:51","date_gmt":"2018-08-13T11:26:51","guid":{"rendered":"http:\/\/upt.esin.av.tr\/2018\/08\/13\/sanayi-ve-teknoloji-bakanligi-yeni-100-gunluk-eylem-planini-acikladi\/"},"modified":"2022-06-09T12:15:09","modified_gmt":"2022-06-09T12:15:09","slug":"sanayi-ve-teknoloji-bakanligi-yeni-100-gunluk-eylem-planini-acikladi","status":"publish","type":"post","link":"https:\/\/www.esin.av.tr\/tr\/2018\/08\/13\/sanayi-ve-teknoloji-bakanligi-yeni-100-gunluk-eylem-planini-acikladi\/","title":{"rendered":"Sanayi ve Teknoloji Bakanl\u0131\u011f\u0131 Yeni 100 G\u00fcnl\u00fck Eylem Plan\u0131n\u0131 A\u00e7\u0131klad\u0131"},"content":{"rendered":"<p class=\"s6\"><strong>Yeni Geli\u015fme<\/strong><\/p>\n<p>Sanayi ve Teknoloji Bakanl\u0131\u011f\u0131 (&#8220;<b>Bakanl\u0131k<\/b>&#8220;), ge\u00e7ti\u011fimiz g\u00fcnlerde bir\u00e7ok projenin tamamlanmas\u0131 ve yeni projelerin ba\u015flat\u0131lmas\u0131n\u0131 \u00f6ng\u00f6ren 100 g\u00fcnl\u00fck eylem plan\u0131n\u0131 duyurdu.<\/p>\n<h4>Eylem Plan\u0131 Neler \u0130\u00e7eriyor?<\/h4>\n<p>Bakanl\u0131k&#8217;\u0131n 100 g\u00fcnl\u00fck eylem plan\u0131 ile Ar-Ge&#8217;den y\u00fcksek teknolojili milli \u00fcr\u00fcnlere, model fabrikalardan b\u00f6lgesel kalk\u0131nmaya kadar bir\u00e7ok projede h\u0131zl\u0131 geli\u015fmeler planlan\u0131yor. Bu kapsamda, Ar-Ge merkezlerinin say\u0131s\u0131 % 9 art\u0131r\u0131lacak olup tasar\u0131m merkezlerinin say\u0131s\u0131 ise %8 art\u0131r\u0131lacak.<\/p>\n<p>Bakanl\u0131k teknoparklar, Ar&amp;Ge merkezleri ve e\u011fitim at\u00f6lyelerine b\u00fcy\u00fck \u00f6nem veriyor ve do\u011frultuda ara\u015ft\u0131rma merkezlerinin kurulumu ve geli\u015ftirilmesi i\u00e7in \u00e7e\u015fitli kurulu\u015flarla bir\u00e7ok i\u015fbirli\u011fi s\u00f6zle\u015fmesi imzalamay\u0131 ve altyap\u0131 \u00e7al\u0131\u015fmalar\u0131n\u0131 ger\u00e7ekle\u015ftirmeyi hedefliyor.<\/p>\n<p>Bili\u015fim ve bilgi g\u00fcvenli\u011fi \u00e7al\u0131\u015fmalar\u0131 kapsam\u0131nda ise milli g\u00fcvenli veri depolama sistemi kurularak t\u00fcm \u00fcniversitelerin ortak kullan\u0131m\u0131na sunulacak. Yerli ve milli mesajla\u015fma sistemi olarak tasarlanan KurumNet&#8217;in \u00e7e\u015fitli kamu kurumlar\u0131nda kurulumu ve testleri ger\u00e7ekle\u015ftirilecek.<\/p>\n<p>Bununla birlikte, eylem plan\u0131 kapsam\u0131nda halihaz\u0131rda devam etmekte olan \u00e7e\u015fitli savunma sanayisi projelerinin test i\u015flemlerinin tamamlanmas\u0131 ve teslimatlar\u0131n\u0131n ger\u00e7ekle\u015ftirilmesi planlan\u0131yor.<\/p>\n<p class=\"s6\"><strong>Sonu\u00e7<\/strong><\/p>\n<p>Cumhurba\u015fkanl\u0131\u011f\u0131&#8217;n\u0131n 100 g\u00fcnl\u00fck eylem program\u0131n\u0131n bir par\u00e7as\u0131 olarak Bakanl\u0131k devam etmekte olan sanayi ve teknoloji projelerinin h\u0131zla geli\u015ftirilmesi ve yeni projelerin ba\u015flat\u0131lmas\u0131 i\u00e7in \u00e7al\u0131\u015fmalar\u0131n\u0131 s\u00fcrd\u00fcr\u00fcyor.<\/p>\n","protected":false},"excerpt":{"rendered":"<p>Yeni Geli\u015fme Sanayi ve Teknoloji Bakanl\u0131\u011f\u0131 (&#8220;Bakanl\u0131k&#8220;), ge\u00e7ti\u011fimiz g\u00fcnlerde bir\u00e7ok projenin tamamlanmas\u0131 ve yeni projelerin ba\u015flat\u0131lmas\u0131n\u0131 \u00f6ng\u00f6ren 100 g\u00fcnl\u00fck eylem [&hellip;]<\/p>\n","protected":false},"author":4,"featured_media":0,"comment_status":"closed","ping_status":"closed","sticky":false,"template":"","format":"standard","meta":{"_acf_changed":false,"_stopmodifiedupdate":false,"_modified_date":"","footnotes":""},"categories":[120],"tags":[93],"class_list":["post-14601","post","type-post","status-publish","format-standard","hentry","category-legal-alerts","tag-information-technology-communications-tr"],"acf":[],"yoast_head":"<!-- This site is optimized with the Yoast SEO plugin v24.0 - https:\/\/yoast.com\/wordpress\/plugins\/seo\/ -->\n<title>Sanayi ve Teknoloji Bakanl\u0131\u011f\u0131 Yeni 100 G\u00fcnl\u00fck Eylem Plan\u0131n\u0131 A\u00e7\u0131klad\u0131<\/title>\n<meta name=\"description\" content=\"Yeni Geli\u015fme Sanayi ve Teknoloji Bakanl\u0131\u011f\u0131 (&quot;Bakanl\u0131k&quot;), ge\u00e7ti\u011fimiz g\u00fcnlerde bir\u00e7ok projenin tamamlanmas\u0131 ve yeni projelerin ba\u015flat\u0131lmas\u0131n\u0131 \u00f6ng\u00f6ren 100\" \/>\n<meta name=\"robots\" content=\"index, follow, max-snippet:-1, max-image-preview:large, max-video-preview:-1\" \/>\n<link rel=\"canonical\" href=\"https:\/\/www.esin.av.tr\/tr\/2018\/08\/13\/sanayi-ve-teknoloji-bakanligi-yeni-100-gunluk-eylem-planini-acikladi\/\" \/>\n<meta property=\"og:locale\" content=\"tr_TR\" \/>\n<meta property=\"og:type\" content=\"article\" \/>\n<meta property=\"og:title\" content=\"Sanayi ve Teknoloji Bakanl\u0131\u011f\u0131 Yeni 100 G\u00fcnl\u00fck Eylem Plan\u0131n\u0131 A\u00e7\u0131klad\u0131\" \/>\n<meta property=\"og:description\" content=\"Yeni Geli\u015fme Sanayi ve Teknoloji Bakanl\u0131\u011f\u0131 (&quot;Bakanl\u0131k&quot;), ge\u00e7ti\u011fimiz g\u00fcnlerde bir\u00e7ok projenin tamamlanmas\u0131 ve yeni projelerin ba\u015flat\u0131lmas\u0131n\u0131 \u00f6ng\u00f6ren 100\" \/>\n<meta property=\"og:url\" content=\"https:\/\/www.esin.av.tr\/tr\/2018\/08\/13\/sanayi-ve-teknoloji-bakanligi-yeni-100-gunluk-eylem-planini-acikladi\/\" \/>\n<meta property=\"og:site_name\" content=\"Esin Avukatl\u0131k Ortakl\u0131\u011f\u0131\" \/>\n<meta property=\"article:published_time\" content=\"2018-08-13T11:26:51+00:00\" \/>\n<meta property=\"article:modified_time\" content=\"2022-06-09T12:15:09+00:00\" \/>\n<meta name=\"author\" content=\"R\u0131dvan Konrat\" \/>\n<meta name=\"twitter:card\" content=\"summary_large_image\" \/>\n<meta name=\"twitter:label1\" content=\"Written by\" \/>\n\t<meta name=\"twitter:data1\" content=\"R\u0131dvan Konrat\" \/>\n\t<meta name=\"twitter:label2\" content=\"Est. reading time\" \/>\n\t<meta name=\"twitter:data2\" content=\"1 minute\" \/>\n<script type=\"application\/ld+json\" class=\"yoast-schema-graph\">{\"@context\":\"https:\/\/schema.org\",\"@graph\":[{\"@type\":\"Article\",\"@id\":\"https:\/\/www.esin.av.tr\/tr\/2018\/08\/13\/sanayi-ve-teknoloji-bakanligi-yeni-100-gunluk-eylem-planini-acikladi\/#article\",\"isPartOf\":{\"@id\":\"https:\/\/www.esin.av.tr\/tr\/2018\/08\/13\/sanayi-ve-teknoloji-bakanligi-yeni-100-gunluk-eylem-planini-acikladi\/\"},\"author\":{\"name\":\"R\u0131dvan Konrat\",\"@id\":\"https:\/\/www.esin.av.tr\/tr\/#\/schema\/person\/42c8e616aab56b8622fa365ad63282ae\"},\"headline\":\"Sanayi ve Teknoloji Bakanl\u0131\u011f\u0131 Yeni 100 G\u00fcnl\u00fck Eylem Plan\u0131n\u0131 A\u00e7\u0131klad\u0131\",\"datePublished\":\"2018-08-13T11:26:51+00:00\",\"dateModified\":\"2022-06-09T12:15:09+00:00\",\"mainEntityOfPage\":{\"@id\":\"https:\/\/www.esin.av.tr\/tr\/2018\/08\/13\/sanayi-ve-teknoloji-bakanligi-yeni-100-gunluk-eylem-planini-acikladi\/\"},\"wordCount\":276,\"publisher\":{\"@id\":\"https:\/\/www.esin.av.tr\/tr\/#organization\"},\"keywords\":[\"Bilgi Teknolojileri ve Telekom\u00fcnikasyon\"],\"articleSection\":[\"Hukuk B\u00fcltenleri\"],\"inLanguage\":\"tr\"},{\"@type\":\"WebPage\",\"@id\":\"https:\/\/www.esin.av.tr\/tr\/2018\/08\/13\/sanayi-ve-teknoloji-bakanligi-yeni-100-gunluk-eylem-planini-acikladi\/\",\"url\":\"https:\/\/www.esin.av.tr\/tr\/2018\/08\/13\/sanayi-ve-teknoloji-bakanligi-yeni-100-gunluk-eylem-planini-acikladi\/\",\"name\":\"Sanayi ve Teknoloji Bakanl\u0131\u011f\u0131 Yeni 100 G\u00fcnl\u00fck Eylem Plan\u0131n\u0131 A\u00e7\u0131klad\u0131\",\"isPartOf\":{\"@id\":\"https:\/\/www.esin.av.tr\/tr\/#website\"},\"datePublished\":\"2018-08-13T11:26:51+00:00\",\"dateModified\":\"2022-06-09T12:15:09+00:00\",\"description\":\"Yeni Geli\u015fme Sanayi ve Teknoloji Bakanl\u0131\u011f\u0131 (\\\"Bakanl\u0131k\\\"), ge\u00e7ti\u011fimiz g\u00fcnlerde bir\u00e7ok projenin tamamlanmas\u0131 ve yeni projelerin ba\u015flat\u0131lmas\u0131n\u0131 \u00f6ng\u00f6ren 100\",\"breadcrumb\":{\"@id\":\"https:\/\/www.esin.av.tr\/tr\/2018\/08\/13\/sanayi-ve-teknoloji-bakanligi-yeni-100-gunluk-eylem-planini-acikladi\/#breadcrumb\"},\"inLanguage\":\"tr\",\"potentialAction\":[{\"@type\":\"ReadAction\",\"target\":[\"https:\/\/www.esin.av.tr\/tr\/2018\/08\/13\/sanayi-ve-teknoloji-bakanligi-yeni-100-gunluk-eylem-planini-acikladi\/\"]}]},{\"@type\":\"BreadcrumbList\",\"@id\":\"https:\/\/www.esin.av.tr\/tr\/2018\/08\/13\/sanayi-ve-teknoloji-bakanligi-yeni-100-gunluk-eylem-planini-acikladi\/#breadcrumb\",\"itemListElement\":[{\"@type\":\"ListItem\",\"position\":1,\"name\":\"Home\",\"item\":\"https:\/\/www.esin.av.tr\/tr\/\"},{\"@type\":\"ListItem\",\"position\":2,\"name\":\"Sanayi ve Teknoloji Bakanl\u0131\u011f\u0131 Yeni 100 G\u00fcnl\u00fck Eylem Plan\u0131n\u0131 A\u00e7\u0131klad\u0131\"}]},{\"@type\":\"WebSite\",\"@id\":\"https:\/\/www.esin.av.tr\/tr\/#website\",\"url\":\"https:\/\/www.esin.av.tr\/tr\/\",\"name\":\"Esin Avukatl\u0131k Ortakl\u0131\u011f\u0131\",\"description\":\"\",\"publisher\":{\"@id\":\"https:\/\/www.esin.av.tr\/tr\/#organization\"},\"potentialAction\":[{\"@type\":\"SearchAction\",\"target\":{\"@type\":\"EntryPoint\",\"urlTemplate\":\"https:\/\/www.esin.av.tr\/tr\/?s={search_term_string}\"},\"query-input\":{\"@type\":\"PropertyValueSpecification\",\"valueRequired\":true,\"valueName\":\"search_term_string\"}}],\"inLanguage\":\"tr\"},{\"@type\":\"Organization\",\"@id\":\"https:\/\/www.esin.av.tr\/tr\/#organization\",\"name\":\"Esin Avukatl\u0131k Ortakl\u0131\u011f\u0131\",\"url\":\"https:\/\/www.esin.av.tr\/tr\/\",\"logo\":{\"@type\":\"ImageObject\",\"inLanguage\":\"tr\",\"@id\":\"https:\/\/www.esin.av.tr\/tr\/#\/schema\/logo\/image\/\",\"url\":\"https:\/\/www.esin.av.tr\/wp-content\/uploads\/2021\/09\/esin-2.jpg\",\"contentUrl\":\"https:\/\/www.esin.av.tr\/wp-content\/uploads\/2021\/09\/esin-2.jpg\",\"width\":800,\"height\":460,\"caption\":\"Esin Avukatl\u0131k Ortakl\u0131\u011f\u0131\"},\"image\":{\"@id\":\"https:\/\/www.esin.av.tr\/tr\/#\/schema\/logo\/image\/\"}},{\"@type\":\"Person\",\"@id\":\"https:\/\/www.esin.av.tr\/tr\/#\/schema\/person\/42c8e616aab56b8622fa365ad63282ae\",\"name\":\"R\u0131dvan Konrat\",\"image\":{\"@type\":\"ImageObject\",\"inLanguage\":\"tr\",\"@id\":\"https:\/\/www.esin.av.tr\/tr\/#\/schema\/person\/image\/\",\"url\":\"https:\/\/secure.gravatar.com\/avatar\/b20c6c583be38ed4e76e32f69fccc676?s=96&d=mm&r=g\",\"contentUrl\":\"https:\/\/secure.gravatar.com\/avatar\/b20c6c583be38ed4e76e32f69fccc676?s=96&d=mm&r=g\",\"caption\":\"R\u0131dvan Konrat\"},\"sameAs\":[\"http:\/\/www.esin.av.tr\"],\"url\":\"https:\/\/www.esin.av.tr\/tr\/author\/rkonrat\/\"}]}<\/script>\n<!-- \/ Yoast SEO plugin. -->","yoast_head_json":{"title":"Sanayi ve Teknoloji Bakanl\u0131\u011f\u0131 Yeni 100 G\u00fcnl\u00fck Eylem Plan\u0131n\u0131 A\u00e7\u0131klad\u0131","description":"Yeni Geli\u015fme Sanayi ve Teknoloji Bakanl\u0131\u011f\u0131 (\"Bakanl\u0131k\"), ge\u00e7ti\u011fimiz g\u00fcnlerde bir\u00e7ok projenin tamamlanmas\u0131 ve yeni projelerin ba\u015flat\u0131lmas\u0131n\u0131 \u00f6ng\u00f6ren 100","robots":{"index":"index","follow":"follow","max-snippet":"max-snippet:-1","max-image-preview":"max-image-preview:large","max-video-preview":"max-video-preview:-1"},"canonical":"https:\/\/www.esin.av.tr\/tr\/2018\/08\/13\/sanayi-ve-teknoloji-bakanligi-yeni-100-gunluk-eylem-planini-acikladi\/","og_locale":"tr_TR","og_type":"article","og_title":"Sanayi ve Teknoloji Bakanl\u0131\u011f\u0131 Yeni 100 G\u00fcnl\u00fck Eylem Plan\u0131n\u0131 A\u00e7\u0131klad\u0131","og_description":"Yeni Geli\u015fme Sanayi ve Teknoloji Bakanl\u0131\u011f\u0131 (\"Bakanl\u0131k\"), ge\u00e7ti\u011fimiz g\u00fcnlerde bir\u00e7ok projenin tamamlanmas\u0131 ve yeni projelerin ba\u015flat\u0131lmas\u0131n\u0131 \u00f6ng\u00f6ren 100","og_url":"https:\/\/www.esin.av.tr\/tr\/2018\/08\/13\/sanayi-ve-teknoloji-bakanligi-yeni-100-gunluk-eylem-planini-acikladi\/","og_site_name":"Esin Avukatl\u0131k Ortakl\u0131\u011f\u0131","article_published_time":"2018-08-13T11:26:51+00:00","article_modified_time":"2022-06-09T12:15:09+00:00","author":"R\u0131dvan Konrat","twitter_card":"summary_large_image","twitter_misc":{"Written by":"R\u0131dvan Konrat","Est. reading time":"1 minute"},"schema":{"@context":"https:\/\/schema.org","@graph":[{"@type":"Article","@id":"https:\/\/www.esin.av.tr\/tr\/2018\/08\/13\/sanayi-ve-teknoloji-bakanligi-yeni-100-gunluk-eylem-planini-acikladi\/#article","isPartOf":{"@id":"https:\/\/www.esin.av.tr\/tr\/2018\/08\/13\/sanayi-ve-teknoloji-bakanligi-yeni-100-gunluk-eylem-planini-acikladi\/"},"author":{"name":"R\u0131dvan Konrat","@id":"https:\/\/www.esin.av.tr\/tr\/#\/schema\/person\/42c8e616aab56b8622fa365ad63282ae"},"headline":"Sanayi ve Teknoloji Bakanl\u0131\u011f\u0131 Yeni 100 G\u00fcnl\u00fck Eylem Plan\u0131n\u0131 A\u00e7\u0131klad\u0131","datePublished":"2018-08-13T11:26:51+00:00","dateModified":"2022-06-09T12:15:09+00:00","mainEntityOfPage":{"@id":"https:\/\/www.esin.av.tr\/tr\/2018\/08\/13\/sanayi-ve-teknoloji-bakanligi-yeni-100-gunluk-eylem-planini-acikladi\/"},"wordCount":276,"publisher":{"@id":"https:\/\/www.esin.av.tr\/tr\/#organization"},"keywords":["Bilgi Teknolojileri ve Telekom\u00fcnikasyon"],"articleSection":["Hukuk B\u00fcltenleri"],"inLanguage":"tr"},{"@type":"WebPage","@id":"https:\/\/www.esin.av.tr\/tr\/2018\/08\/13\/sanayi-ve-teknoloji-bakanligi-yeni-100-gunluk-eylem-planini-acikladi\/","url":"https:\/\/www.esin.av.tr\/tr\/2018\/08\/13\/sanayi-ve-teknoloji-bakanligi-yeni-100-gunluk-eylem-planini-acikladi\/","name":"Sanayi ve Teknoloji Bakanl\u0131\u011f\u0131 Yeni 100 G\u00fcnl\u00fck Eylem Plan\u0131n\u0131 A\u00e7\u0131klad\u0131","isPartOf":{"@id":"https:\/\/www.esin.av.tr\/tr\/#website"},"datePublished":"2018-08-13T11:26:51+00:00","dateModified":"2022-06-09T12:15:09+00:00","description":"Yeni Geli\u015fme Sanayi ve Teknoloji Bakanl\u0131\u011f\u0131 (\"Bakanl\u0131k\"), ge\u00e7ti\u011fimiz g\u00fcnlerde bir\u00e7ok projenin tamamlanmas\u0131 ve yeni projelerin ba\u015flat\u0131lmas\u0131n\u0131 \u00f6ng\u00f6ren 100","breadcrumb":{"@id":"https:\/\/www.esin.av.tr\/tr\/2018\/08\/13\/sanayi-ve-teknoloji-bakanligi-yeni-100-gunluk-eylem-planini-acikladi\/#breadcrumb"},"inLanguage":"tr","potentialAction":[{"@type":"ReadAction","target":["https:\/\/www.esin.av.tr\/tr\/2018\/08\/13\/sanayi-ve-teknoloji-bakanligi-yeni-100-gunluk-eylem-planini-acikladi\/"]}]},{"@type":"BreadcrumbList","@id":"https:\/\/www.esin.av.tr\/tr\/2018\/08\/13\/sanayi-ve-teknoloji-bakanligi-yeni-100-gunluk-eylem-planini-acikladi\/#breadcrumb","itemListElement":[{"@type":"ListItem","position":1,"name":"Home","item":"https:\/\/www.esin.av.tr\/tr\/"},{"@type":"ListItem","position":2,"name":"Sanayi ve Teknoloji Bakanl\u0131\u011f\u0131 Yeni 100 G\u00fcnl\u00fck Eylem Plan\u0131n\u0131 A\u00e7\u0131klad\u0131"}]},{"@type":"WebSite","@id":"https:\/\/www.esin.av.tr\/tr\/#website","url":"https:\/\/www.esin.av.tr\/tr\/","name":"Esin Avukatl\u0131k Ortakl\u0131\u011f\u0131","description":"","publisher":{"@id":"https:\/\/www.esin.av.tr\/tr\/#organization"},"potentialAction":[{"@type":"SearchAction","target":{"@type":"EntryPoint","urlTemplate":"https:\/\/www.esin.av.tr\/tr\/?s={search_term_string}"},"query-input":{"@type":"PropertyValueSpecification","valueRequired":true,"valueName":"search_term_string"}}],"inLanguage":"tr"},{"@type":"Organization","@id":"https:\/\/www.esin.av.tr\/tr\/#organization","name":"Esin Avukatl\u0131k Ortakl\u0131\u011f\u0131","url":"https:\/\/www.esin.av.tr\/tr\/","logo":{"@type":"ImageObject","inLanguage":"tr","@id":"https:\/\/www.esin.av.tr\/tr\/#\/schema\/logo\/image\/","url":"https:\/\/www.esin.av.tr\/wp-content\/uploads\/2021\/09\/esin-2.jpg","contentUrl":"https:\/\/www.esin.av.tr\/wp-content\/uploads\/2021\/09\/esin-2.jpg","width":800,"height":460,"caption":"Esin Avukatl\u0131k Ortakl\u0131\u011f\u0131"},"image":{"@id":"https:\/\/www.esin.av.tr\/tr\/#\/schema\/logo\/image\/"}},{"@type":"Person","@id":"https:\/\/www.esin.av.tr\/tr\/#\/schema\/person\/42c8e616aab56b8622fa365ad63282ae","name":"R\u0131dvan Konrat","image":{"@type":"ImageObject","inLanguage":"tr","@id":"https:\/\/www.esin.av.tr\/tr\/#\/schema\/person\/image\/","url":"https:\/\/secure.gravatar.com\/avatar\/b20c6c583be38ed4e76e32f69fccc676?s=96&d=mm&r=g","contentUrl":"https:\/\/secure.gravatar.com\/avatar\/b20c6c583be38ed4e76e32f69fccc676?s=96&d=mm&r=g","caption":"R\u0131dvan Konrat"},"sameAs":["http:\/\/www.esin.av.tr"],"url":"https:\/\/www.esin.av.tr\/tr\/author\/rkonrat\/"}]}},"_links":{"self":[{"href":"https:\/\/www.esin.av.tr\/tr\/wp-json\/wp\/v2\/posts\/14601","targetHints":{"allow":["GET"]}}],"collection":[{"href":"https:\/\/www.esin.av.tr\/tr\/wp-json\/wp\/v2\/posts"}],"about":[{"href":"https:\/\/www.esin.av.tr\/tr\/wp-json\/wp\/v2\/types\/post"}],"author":[{"embeddable":true,"href":"https:\/\/www.esin.av.tr\/tr\/wp-json\/wp\/v2\/users\/4"}],"replies":[{"embeddable":true,"href":"https:\/\/www.esin.av.tr\/tr\/wp-json\/wp\/v2\/comments?post=14601"}],"version-history":[{"count":1,"href":"https:\/\/www.esin.av.tr\/tr\/wp-json\/wp\/v2\/posts\/14601\/revisions"}],"predecessor-version":[{"id":15692,"href":"https:\/\/www.esin.av.tr\/tr\/wp-json\/wp\/v2\/posts\/14601\/revisions\/15692"}],"wp:attachment":[{"href":"https:\/\/www.esin.av.tr\/tr\/wp-json\/wp\/v2\/media?parent=14601"}],"wp:term":[{"taxonomy":"category","embeddable":true,"href":"https:\/\/www.esin.av.tr\/tr\/wp-json\/wp\/v2\/categories?post=14601"},{"taxonomy":"post_tag","embeddable":true,"href":"https:\/\/www.esin.av.tr\/tr\/wp-json\/wp\/v2\/tags?post=14601"}],"curies":[{"name":"wp","href":"https:\/\/api.w.org\/{rel}","templated":true}]}}