{"id":14597,"date":"2018-08-17T11:59:30","date_gmt":"2018-08-17T11:59:30","guid":{"rendered":"http:\/\/upt.esin.av.tr\/2018\/08\/17\/spk-kaldirac-oranlarini-gecici-olarak-dusurdu\/"},"modified":"2022-06-09T12:17:57","modified_gmt":"2022-06-09T12:17:57","slug":"spk-kaldirac-oranlarini-gecici-olarak-dusurdu","status":"publish","type":"post","link":"https:\/\/www.esin.av.tr\/tr\/2018\/08\/17\/spk-kaldirac-oranlarini-gecici-olarak-dusurdu\/","title":{"rendered":"SPK Kald\u0131ra\u00e7 Oranlar\u0131n\u0131 Ge\u00e7ici Olarak D\u00fc\u015f\u00fcrd\u00fc"},"content":{"rendered":"<h4>Yeni Geli\u015fme<\/h4>\n<p>Sermaye Piyasas\u0131 Kurulu (&#8220;<b>SPK<\/b>&#8220;) i\u015flemin bir taraf\u0131n\u0131 TL&#8217;nin olu\u015fturdu\u011fu foreks piyasas\u0131 i\u015flemlerinde kald\u0131ra\u00e7 oranlar\u0131n\u0131 ge\u00e7ici olarak 10:1&#8217;den 1:1&#8217;e d\u00fc\u015f\u00fcrd\u00fc\u011f\u00fcn\u00fc duyurdu. S\u00f6z konusu oran 16 A\u011fustos 2018 ile 3 Eyl\u00fcl 2018 tarihleri aras\u0131nda ge\u00e7erli olacak.<\/p>\n<p><strong>De\u011fi\u015fiklik Ne Getiriyor?<\/strong><\/p>\n<ul id=\"l1\">\n<li>SPK son d\u00f6nemde d\u00f6viz piyasas\u0131nda ya\u015fanan dalgalanmalara kar\u015f\u0131 yat\u0131r\u0131mc\u0131lar\u0131 korumak amac\u0131yla, 3 Eyl\u00fcl 2018 tarihine kadar bir taraf\u0131n\u0131 TL&#8217;nin olu\u015fturdu\u011fu paritelerde yeni a\u00e7\u0131lacak pozisyonlara ili\u015fkin i\u015flemlerde kald\u0131ra\u00e7 oranlar\u0131n\u0131 10:1&#8217;den 1:1&#8217;e d\u00fc\u015f\u00fcrm\u00fc\u015ft\u00fcr. Bu de\u011fi\u015fiklik, \u00f6zellikle foreks piyasas\u0131nda Kurban Bayram\u0131 sonras\u0131nda i\u015flemler ba\u015flad\u0131\u011f\u0131nda ortaya \u00e7\u0131kabilecek ma\u011fduriyetleri engellemeyi ama\u00e7lamaktad\u0131r.<\/li>\n<li>Kald\u0131ra\u00e7 oran\u0131ndaki bu ge\u00e7ici de\u011fi\u015fiklik 16 A\u011fustos 2018 tarihi \u00f6ncesinde al\u0131nan a\u00e7\u0131k pozisyonlara ve bu pozisyonlardan olu\u015fabilecek riskleri korumaya y\u00f6nelik (<i>hedge<\/i>) i\u015flemlere uygulanmayacakt\u0131r.<\/li>\n<\/ul>\n<h4>Sonu\u00e7<\/h4>\n<p>SPK bu de\u011fi\u015fiklikle yat\u0131r\u0131mc\u0131lar\u0131n son d\u00f6nemde ya\u015fanan dalgalanmalar sebebiyle maruz kalabilecekleri risklerden olumsuz etkilenmelerini \u00f6nlemeye \u00e7al\u0131\u015fmaktad\u0131r.<\/p>\n<p>&nbsp;<\/p>\n","protected":false},"excerpt":{"rendered":"<p>Yeni Geli\u015fme Sermaye Piyasas\u0131 Kurulu (&#8220;SPK&#8220;) i\u015flemin bir taraf\u0131n\u0131 TL&#8217;nin olu\u015fturdu\u011fu foreks piyasas\u0131 i\u015flemlerinde kald\u0131ra\u00e7 oranlar\u0131n\u0131 ge\u00e7ici olarak 10:1&#8217;den 1:1&#8217;e [&hellip;]<\/p>\n","protected":false},"author":4,"featured_media":0,"comment_status":"closed","ping_status":"closed","sticky":false,"template":"","format":"standard","meta":{"_acf_changed":false,"_stopmodifiedupdate":false,"_modified_date":"","footnotes":""},"categories":[120],"tags":[97],"class_list":["post-14597","post","type-post","status-publish","format-standard","hentry","category-legal-alerts","tag-capital-markets-tr"],"acf":[],"yoast_head":"<!-- This site is optimized with the Yoast SEO plugin v24.0 - https:\/\/yoast.com\/wordpress\/plugins\/seo\/ -->\n<title>SPK Kald\u0131ra\u00e7 Oranlar\u0131n\u0131 Ge\u00e7ici Olarak D\u00fc\u015f\u00fcrd\u00fc<\/title>\n<meta name=\"description\" content=\"Yeni Geli\u015fme Sermaye Piyasas\u0131 Kurulu (&quot;SPK&quot;) i\u015flemin bir taraf\u0131n\u0131 TL&#039;nin olu\u015fturdu\u011fu foreks piyasas\u0131 i\u015flemlerinde kald\u0131ra\u00e7 oranlar\u0131n\u0131 ge\u00e7ici olarak\" \/>\n<meta name=\"robots\" content=\"index, follow, max-snippet:-1, max-image-preview:large, max-video-preview:-1\" \/>\n<link rel=\"canonical\" href=\"https:\/\/www.esin.av.tr\/tr\/2018\/08\/17\/spk-kaldirac-oranlarini-gecici-olarak-dusurdu\/\" \/>\n<meta property=\"og:locale\" content=\"tr_TR\" \/>\n<meta property=\"og:type\" content=\"article\" \/>\n<meta property=\"og:title\" content=\"SPK Kald\u0131ra\u00e7 Oranlar\u0131n\u0131 Ge\u00e7ici Olarak D\u00fc\u015f\u00fcrd\u00fc\" \/>\n<meta property=\"og:description\" content=\"Yeni Geli\u015fme Sermaye Piyasas\u0131 Kurulu (&quot;SPK&quot;) i\u015flemin bir taraf\u0131n\u0131 TL&#039;nin olu\u015fturdu\u011fu foreks piyasas\u0131 i\u015flemlerinde kald\u0131ra\u00e7 oranlar\u0131n\u0131 ge\u00e7ici olarak\" \/>\n<meta property=\"og:url\" content=\"https:\/\/www.esin.av.tr\/tr\/2018\/08\/17\/spk-kaldirac-oranlarini-gecici-olarak-dusurdu\/\" \/>\n<meta property=\"og:site_name\" content=\"Esin Avukatl\u0131k Ortakl\u0131\u011f\u0131\" \/>\n<meta property=\"article:published_time\" content=\"2018-08-17T11:59:30+00:00\" \/>\n<meta property=\"article:modified_time\" content=\"2022-06-09T12:17:57+00:00\" \/>\n<meta name=\"author\" content=\"R\u0131dvan Konrat\" \/>\n<meta name=\"twitter:card\" content=\"summary_large_image\" \/>\n<meta name=\"twitter:label1\" content=\"Written by\" \/>\n\t<meta name=\"twitter:data1\" content=\"R\u0131dvan Konrat\" \/>\n\t<meta name=\"twitter:label2\" content=\"Est. reading time\" \/>\n\t<meta name=\"twitter:data2\" content=\"1 minute\" \/>\n<script type=\"application\/ld+json\" class=\"yoast-schema-graph\">{\"@context\":\"https:\/\/schema.org\",\"@graph\":[{\"@type\":\"Article\",\"@id\":\"https:\/\/www.esin.av.tr\/tr\/2018\/08\/17\/spk-kaldirac-oranlarini-gecici-olarak-dusurdu\/#article\",\"isPartOf\":{\"@id\":\"https:\/\/www.esin.av.tr\/tr\/2018\/08\/17\/spk-kaldirac-oranlarini-gecici-olarak-dusurdu\/\"},\"author\":{\"name\":\"R\u0131dvan Konrat\",\"@id\":\"https:\/\/www.esin.av.tr\/tr\/#\/schema\/person\/42c8e616aab56b8622fa365ad63282ae\"},\"headline\":\"SPK Kald\u0131ra\u00e7 Oranlar\u0131n\u0131 Ge\u00e7ici Olarak D\u00fc\u015f\u00fcrd\u00fc\",\"datePublished\":\"2018-08-17T11:59:30+00:00\",\"dateModified\":\"2022-06-09T12:17:57+00:00\",\"mainEntityOfPage\":{\"@id\":\"https:\/\/www.esin.av.tr\/tr\/2018\/08\/17\/spk-kaldirac-oranlarini-gecici-olarak-dusurdu\/\"},\"wordCount\":200,\"publisher\":{\"@id\":\"https:\/\/www.esin.av.tr\/tr\/#organization\"},\"keywords\":[\"Sermaye Piyasas\u0131 Hukuku\"],\"articleSection\":[\"Hukuk B\u00fcltenleri\"],\"inLanguage\":\"tr\"},{\"@type\":\"WebPage\",\"@id\":\"https:\/\/www.esin.av.tr\/tr\/2018\/08\/17\/spk-kaldirac-oranlarini-gecici-olarak-dusurdu\/\",\"url\":\"https:\/\/www.esin.av.tr\/tr\/2018\/08\/17\/spk-kaldirac-oranlarini-gecici-olarak-dusurdu\/\",\"name\":\"SPK Kald\u0131ra\u00e7 Oranlar\u0131n\u0131 Ge\u00e7ici Olarak D\u00fc\u015f\u00fcrd\u00fc\",\"isPartOf\":{\"@id\":\"https:\/\/www.esin.av.tr\/tr\/#website\"},\"datePublished\":\"2018-08-17T11:59:30+00:00\",\"dateModified\":\"2022-06-09T12:17:57+00:00\",\"description\":\"Yeni Geli\u015fme Sermaye Piyasas\u0131 Kurulu (\\\"SPK\\\") i\u015flemin bir taraf\u0131n\u0131 TL'nin olu\u015fturdu\u011fu foreks piyasas\u0131 i\u015flemlerinde kald\u0131ra\u00e7 oranlar\u0131n\u0131 ge\u00e7ici olarak\",\"breadcrumb\":{\"@id\":\"https:\/\/www.esin.av.tr\/tr\/2018\/08\/17\/spk-kaldirac-oranlarini-gecici-olarak-dusurdu\/#breadcrumb\"},\"inLanguage\":\"tr\",\"potentialAction\":[{\"@type\":\"ReadAction\",\"target\":[\"https:\/\/www.esin.av.tr\/tr\/2018\/08\/17\/spk-kaldirac-oranlarini-gecici-olarak-dusurdu\/\"]}]},{\"@type\":\"BreadcrumbList\",\"@id\":\"https:\/\/www.esin.av.tr\/tr\/2018\/08\/17\/spk-kaldirac-oranlarini-gecici-olarak-dusurdu\/#breadcrumb\",\"itemListElement\":[{\"@type\":\"ListItem\",\"position\":1,\"name\":\"Home\",\"item\":\"https:\/\/www.esin.av.tr\/tr\/\"},{\"@type\":\"ListItem\",\"position\":2,\"name\":\"SPK Kald\u0131ra\u00e7 Oranlar\u0131n\u0131 Ge\u00e7ici Olarak D\u00fc\u015f\u00fcrd\u00fc\"}]},{\"@type\":\"WebSite\",\"@id\":\"https:\/\/www.esin.av.tr\/tr\/#website\",\"url\":\"https:\/\/www.esin.av.tr\/tr\/\",\"name\":\"Esin Avukatl\u0131k Ortakl\u0131\u011f\u0131\",\"description\":\"\",\"publisher\":{\"@id\":\"https:\/\/www.esin.av.tr\/tr\/#organization\"},\"potentialAction\":[{\"@type\":\"SearchAction\",\"target\":{\"@type\":\"EntryPoint\",\"urlTemplate\":\"https:\/\/www.esin.av.tr\/tr\/?s={search_term_string}\"},\"query-input\":{\"@type\":\"PropertyValueSpecification\",\"valueRequired\":true,\"valueName\":\"search_term_string\"}}],\"inLanguage\":\"tr\"},{\"@type\":\"Organization\",\"@id\":\"https:\/\/www.esin.av.tr\/tr\/#organization\",\"name\":\"Esin Avukatl\u0131k Ortakl\u0131\u011f\u0131\",\"url\":\"https:\/\/www.esin.av.tr\/tr\/\",\"logo\":{\"@type\":\"ImageObject\",\"inLanguage\":\"tr\",\"@id\":\"https:\/\/www.esin.av.tr\/tr\/#\/schema\/logo\/image\/\",\"url\":\"https:\/\/www.esin.av.tr\/wp-content\/uploads\/2021\/09\/esin-2.jpg\",\"contentUrl\":\"https:\/\/www.esin.av.tr\/wp-content\/uploads\/2021\/09\/esin-2.jpg\",\"width\":800,\"height\":460,\"caption\":\"Esin Avukatl\u0131k Ortakl\u0131\u011f\u0131\"},\"image\":{\"@id\":\"https:\/\/www.esin.av.tr\/tr\/#\/schema\/logo\/image\/\"}},{\"@type\":\"Person\",\"@id\":\"https:\/\/www.esin.av.tr\/tr\/#\/schema\/person\/42c8e616aab56b8622fa365ad63282ae\",\"name\":\"R\u0131dvan Konrat\",\"image\":{\"@type\":\"ImageObject\",\"inLanguage\":\"tr\",\"@id\":\"https:\/\/www.esin.av.tr\/tr\/#\/schema\/person\/image\/\",\"url\":\"https:\/\/secure.gravatar.com\/avatar\/b20c6c583be38ed4e76e32f69fccc676?s=96&d=mm&r=g\",\"contentUrl\":\"https:\/\/secure.gravatar.com\/avatar\/b20c6c583be38ed4e76e32f69fccc676?s=96&d=mm&r=g\",\"caption\":\"R\u0131dvan Konrat\"},\"sameAs\":[\"http:\/\/www.esin.av.tr\"],\"url\":\"https:\/\/www.esin.av.tr\/tr\/author\/rkonrat\/\"}]}<\/script>\n<!-- \/ Yoast SEO plugin. -->","yoast_head_json":{"title":"SPK Kald\u0131ra\u00e7 Oranlar\u0131n\u0131 Ge\u00e7ici Olarak D\u00fc\u015f\u00fcrd\u00fc","description":"Yeni Geli\u015fme Sermaye Piyasas\u0131 Kurulu (\"SPK\") i\u015flemin bir taraf\u0131n\u0131 TL'nin olu\u015fturdu\u011fu foreks piyasas\u0131 i\u015flemlerinde kald\u0131ra\u00e7 oranlar\u0131n\u0131 ge\u00e7ici olarak","robots":{"index":"index","follow":"follow","max-snippet":"max-snippet:-1","max-image-preview":"max-image-preview:large","max-video-preview":"max-video-preview:-1"},"canonical":"https:\/\/www.esin.av.tr\/tr\/2018\/08\/17\/spk-kaldirac-oranlarini-gecici-olarak-dusurdu\/","og_locale":"tr_TR","og_type":"article","og_title":"SPK Kald\u0131ra\u00e7 Oranlar\u0131n\u0131 Ge\u00e7ici Olarak D\u00fc\u015f\u00fcrd\u00fc","og_description":"Yeni Geli\u015fme Sermaye Piyasas\u0131 Kurulu (\"SPK\") i\u015flemin bir taraf\u0131n\u0131 TL'nin olu\u015fturdu\u011fu foreks piyasas\u0131 i\u015flemlerinde kald\u0131ra\u00e7 oranlar\u0131n\u0131 ge\u00e7ici olarak","og_url":"https:\/\/www.esin.av.tr\/tr\/2018\/08\/17\/spk-kaldirac-oranlarini-gecici-olarak-dusurdu\/","og_site_name":"Esin Avukatl\u0131k Ortakl\u0131\u011f\u0131","article_published_time":"2018-08-17T11:59:30+00:00","article_modified_time":"2022-06-09T12:17:57+00:00","author":"R\u0131dvan Konrat","twitter_card":"summary_large_image","twitter_misc":{"Written by":"R\u0131dvan Konrat","Est. reading time":"1 minute"},"schema":{"@context":"https:\/\/schema.org","@graph":[{"@type":"Article","@id":"https:\/\/www.esin.av.tr\/tr\/2018\/08\/17\/spk-kaldirac-oranlarini-gecici-olarak-dusurdu\/#article","isPartOf":{"@id":"https:\/\/www.esin.av.tr\/tr\/2018\/08\/17\/spk-kaldirac-oranlarini-gecici-olarak-dusurdu\/"},"author":{"name":"R\u0131dvan Konrat","@id":"https:\/\/www.esin.av.tr\/tr\/#\/schema\/person\/42c8e616aab56b8622fa365ad63282ae"},"headline":"SPK Kald\u0131ra\u00e7 Oranlar\u0131n\u0131 Ge\u00e7ici Olarak D\u00fc\u015f\u00fcrd\u00fc","datePublished":"2018-08-17T11:59:30+00:00","dateModified":"2022-06-09T12:17:57+00:00","mainEntityOfPage":{"@id":"https:\/\/www.esin.av.tr\/tr\/2018\/08\/17\/spk-kaldirac-oranlarini-gecici-olarak-dusurdu\/"},"wordCount":200,"publisher":{"@id":"https:\/\/www.esin.av.tr\/tr\/#organization"},"keywords":["Sermaye Piyasas\u0131 Hukuku"],"articleSection":["Hukuk B\u00fcltenleri"],"inLanguage":"tr"},{"@type":"WebPage","@id":"https:\/\/www.esin.av.tr\/tr\/2018\/08\/17\/spk-kaldirac-oranlarini-gecici-olarak-dusurdu\/","url":"https:\/\/www.esin.av.tr\/tr\/2018\/08\/17\/spk-kaldirac-oranlarini-gecici-olarak-dusurdu\/","name":"SPK Kald\u0131ra\u00e7 Oranlar\u0131n\u0131 Ge\u00e7ici Olarak D\u00fc\u015f\u00fcrd\u00fc","isPartOf":{"@id":"https:\/\/www.esin.av.tr\/tr\/#website"},"datePublished":"2018-08-17T11:59:30+00:00","dateModified":"2022-06-09T12:17:57+00:00","description":"Yeni Geli\u015fme Sermaye Piyasas\u0131 Kurulu (\"SPK\") i\u015flemin bir taraf\u0131n\u0131 TL'nin olu\u015fturdu\u011fu foreks piyasas\u0131 i\u015flemlerinde kald\u0131ra\u00e7 oranlar\u0131n\u0131 ge\u00e7ici olarak","breadcrumb":{"@id":"https:\/\/www.esin.av.tr\/tr\/2018\/08\/17\/spk-kaldirac-oranlarini-gecici-olarak-dusurdu\/#breadcrumb"},"inLanguage":"tr","potentialAction":[{"@type":"ReadAction","target":["https:\/\/www.esin.av.tr\/tr\/2018\/08\/17\/spk-kaldirac-oranlarini-gecici-olarak-dusurdu\/"]}]},{"@type":"BreadcrumbList","@id":"https:\/\/www.esin.av.tr\/tr\/2018\/08\/17\/spk-kaldirac-oranlarini-gecici-olarak-dusurdu\/#breadcrumb","itemListElement":[{"@type":"ListItem","position":1,"name":"Home","item":"https:\/\/www.esin.av.tr\/tr\/"},{"@type":"ListItem","position":2,"name":"SPK Kald\u0131ra\u00e7 Oranlar\u0131n\u0131 Ge\u00e7ici Olarak D\u00fc\u015f\u00fcrd\u00fc"}]},{"@type":"WebSite","@id":"https:\/\/www.esin.av.tr\/tr\/#website","url":"https:\/\/www.esin.av.tr\/tr\/","name":"Esin Avukatl\u0131k Ortakl\u0131\u011f\u0131","description":"","publisher":{"@id":"https:\/\/www.esin.av.tr\/tr\/#organization"},"potentialAction":[{"@type":"SearchAction","target":{"@type":"EntryPoint","urlTemplate":"https:\/\/www.esin.av.tr\/tr\/?s={search_term_string}"},"query-input":{"@type":"PropertyValueSpecification","valueRequired":true,"valueName":"search_term_string"}}],"inLanguage":"tr"},{"@type":"Organization","@id":"https:\/\/www.esin.av.tr\/tr\/#organization","name":"Esin Avukatl\u0131k Ortakl\u0131\u011f\u0131","url":"https:\/\/www.esin.av.tr\/tr\/","logo":{"@type":"ImageObject","inLanguage":"tr","@id":"https:\/\/www.esin.av.tr\/tr\/#\/schema\/logo\/image\/","url":"https:\/\/www.esin.av.tr\/wp-content\/uploads\/2021\/09\/esin-2.jpg","contentUrl":"https:\/\/www.esin.av.tr\/wp-content\/uploads\/2021\/09\/esin-2.jpg","width":800,"height":460,"caption":"Esin Avukatl\u0131k Ortakl\u0131\u011f\u0131"},"image":{"@id":"https:\/\/www.esin.av.tr\/tr\/#\/schema\/logo\/image\/"}},{"@type":"Person","@id":"https:\/\/www.esin.av.tr\/tr\/#\/schema\/person\/42c8e616aab56b8622fa365ad63282ae","name":"R\u0131dvan Konrat","image":{"@type":"ImageObject","inLanguage":"tr","@id":"https:\/\/www.esin.av.tr\/tr\/#\/schema\/person\/image\/","url":"https:\/\/secure.gravatar.com\/avatar\/b20c6c583be38ed4e76e32f69fccc676?s=96&d=mm&r=g","contentUrl":"https:\/\/secure.gravatar.com\/avatar\/b20c6c583be38ed4e76e32f69fccc676?s=96&d=mm&r=g","caption":"R\u0131dvan Konrat"},"sameAs":["http:\/\/www.esin.av.tr"],"url":"https:\/\/www.esin.av.tr\/tr\/author\/rkonrat\/"}]}},"_links":{"self":[{"href":"https:\/\/www.esin.av.tr\/tr\/wp-json\/wp\/v2\/posts\/14597","targetHints":{"allow":["GET"]}}],"collection":[{"href":"https:\/\/www.esin.av.tr\/tr\/wp-json\/wp\/v2\/posts"}],"about":[{"href":"https:\/\/www.esin.av.tr\/tr\/wp-json\/wp\/v2\/types\/post"}],"author":[{"embeddable":true,"href":"https:\/\/www.esin.av.tr\/tr\/wp-json\/wp\/v2\/users\/4"}],"replies":[{"embeddable":true,"href":"https:\/\/www.esin.av.tr\/tr\/wp-json\/wp\/v2\/comments?post=14597"}],"version-history":[{"count":1,"href":"https:\/\/www.esin.av.tr\/tr\/wp-json\/wp\/v2\/posts\/14597\/revisions"}],"predecessor-version":[{"id":15688,"href":"https:\/\/www.esin.av.tr\/tr\/wp-json\/wp\/v2\/posts\/14597\/revisions\/15688"}],"wp:attachment":[{"href":"https:\/\/www.esin.av.tr\/tr\/wp-json\/wp\/v2\/media?parent=14597"}],"wp:term":[{"taxonomy":"category","embeddable":true,"href":"https:\/\/www.esin.av.tr\/tr\/wp-json\/wp\/v2\/categories?post=14597"},{"taxonomy":"post_tag","embeddable":true,"href":"https:\/\/www.esin.av.tr\/tr\/wp-json\/wp\/v2\/tags?post=14597"}],"curies":[{"name":"wp","href":"https:\/\/api.w.org\/{rel}","templated":true}]}}