{"id":14565,"date":"2018-10-15T07:16:42","date_gmt":"2018-10-15T07:16:42","guid":{"rendered":"http:\/\/upt.esin.av.tr\/2018\/10\/15\/is-sozlesmelerinde-dovizle-odeme-yasagi\/"},"modified":"2022-06-09T12:21:40","modified_gmt":"2022-06-09T12:21:40","slug":"is-sozlesmelerinde-dovizle-odeme-yasagi","status":"publish","type":"post","link":"https:\/\/www.esin.av.tr\/tr\/2018\/10\/15\/is-sozlesmelerinde-dovizle-odeme-yasagi\/","title":{"rendered":"\u0130\u015f S\u00f6zle\u015fmelerinde D\u00f6vizle \u00d6deme Yasa\u011f\u0131"},"content":{"rendered":"<p><strong>Yeni Geli\u015fme<\/strong><\/p>\n<p>13 Eyl\u00fcl 2018 tarihli Resmi Gazete&#8217;de yay\u0131nlanan T\u00fcrk Paras\u0131 K\u0131ymetini Koruma Hakk\u0131nda 32 Say\u0131l\u0131 Karar&#8217;da (&#8220;<strong>32 say\u0131l\u0131 Karar<\/strong>&#8220;) yap\u0131lan de\u011fi\u015fiklikler neticesinde T\u00fcrkiye&#8217;de yerle\u015fik ki\u015filer aras\u0131nda akdedilen i\u015f s\u00f6zle\u015fmeleri kapsam\u0131ndaki \u00f6deme y\u00fck\u00fcml\u00fcl\u00fcklerinin d\u00f6viz cinsinden veya d\u00f6vize endeksli olarak kararla\u015ft\u0131r\u0131lmas\u0131 yasaklanm\u0131\u015ft\u0131. S\u00f6z konusu k\u0131s\u0131tlamalar\u0131n y\u00fcr\u00fcrl\u00fc\u011fe girmesini takiben, T.C. Hazine ve Maliye Bakanl\u0131\u011f\u0131 taraf\u0131ndan 32 Say\u0131l\u0131 Karara \u0130li\u015fkin Tebli\u011f&#8217;de (Tebli\u011f No: 2008-32\/34) de\u011fi\u015fiklikler yap\u0131larak an\u0131lan k\u0131s\u0131tlamalar\u0131n istisnalar\u0131 belirlendi. \u0130stisnalar, 6 Ekim 2018 tarihli Resmi Gazete&#8217;de yay\u0131nlan\u0131p y\u00fcr\u00fcrl\u00fc\u011fe girdi.<\/p>\n<p><strong>De\u011fi\u015fiklikler Ne Getiriyor?<\/strong><\/p>\n<p>32 say\u0131l\u0131 Karar&#8217;da yap\u0131lan de\u011fi\u015fiklikler neticesinde, T\u00fcrkiye&#8217;de yerle\u015fik ki\u015filer aras\u0131nda akdedilen i\u015f s\u00f6zle\u015fmelerinde s\u00f6zle\u015fme bedelinin ve bu s\u00f6zle\u015fmelerden kaynaklanan di\u011fer \u00f6deme y\u00fck\u00fcml\u00fcl\u00fcklerinin d\u00f6viz cinsinden veya d\u00f6vize endeksli olarak kararla\u015ft\u0131r\u0131lmas\u0131 m\u00fcmk\u00fcn de\u011fildir.<\/p>\n<p>Kural olarak, a\u015fa\u011f\u0131da yer alan kurulu\u015flar da T\u00fcrkiye&#8217;deki yerle\u015fik ki\u015filer ile akdettikleri i\u015f s\u00f6zle\u015fmeleri bak\u0131m\u0131nda d\u00f6vizle \u00f6deme yapma yasa\u011f\u0131na tabi olacakt\u0131r:<\/p>\n<ul>\n<li>T\u00fcrkiye\u2019de yerle\u015fik ki\u015filerin yurt d\u0131\u015f\u0131ndaki \u015fube, temsilcilik, ofis, irtibat b\u00fcrolar\u0131;<\/li>\n<li>T\u00fcrkiye\u2019de yerle\u015fik ki\u015filerin yurt d\u0131\u015f\u0131nda i\u015fletti\u011fi veya y\u00f6netti\u011fi fonlar; ve<\/li>\n<li>T\u00fcrkiye\u2019de yerle\u015fik ki\u015filerin yurt d\u0131\u015f\u0131nda y\u00fczde elli ve \u00fczerinde pay sahipliklerinin bulundu\u011fu \u015firketler ile T\u00fcrkiye\u2019de yerle\u015fik ki\u015filerin yurt d\u0131\u015f\u0131nda do\u011frudan ya da dolayl\u0131 olarak sahipliklerinde bulunan \u015firketler.<\/li>\n<\/ul>\n<p><strong>\u0130\u015f S\u00f6zle\u015fmeleri A\u00e7\u0131s\u0131ndan D\u00f6vizle \u00d6deme Yasa\u011f\u0131n\u0131n \u0130stisnalar\u0131 <\/strong><\/p>\n<p>32 Say\u0131l\u0131 Karara \u0130li\u015fkin Tebli\u011f&#8217;de (Tebli\u011f No: 2008-32\/34) yap\u0131lan de\u011fi\u015fiklikler uyar\u0131nca, a\u015fa\u011f\u0131da yer alan i\u015f s\u00f6zle\u015fmeleri, T\u00fcrkiye&#8217;de yerle\u015fik say\u0131lan ki\u015filer aras\u0131nda yap\u0131lsalar dahi, d\u00f6vizle \u00f6deme yasa\u011f\u0131na tabi olmayacakt\u0131r:<\/p>\n<ul>\n<li>Yurt d\u0131\u015f\u0131nda ifa edilen i\u015f s\u00f6zle\u015fmeleri;<\/li>\n<li>T\u00fcrkiye Cumhuriyeti Devleti ile vatanda\u015fl\u0131k ba\u011f\u0131 bulunmayan i\u015f\u00e7ilerin taraf oldu\u011fu i\u015f s\u00f6zle\u015fmeleri;<\/li>\n<li>D\u0131\u015far\u0131da yerle\u015fik ki\u015filerin T\u00fcrkiye\u2019de bulunan \u015fube, temsilcilik, ofis ve irtibat b\u00fcrosu taraf\u0131ndan akdedilen i\u015f s\u00f6zle\u015fmeleri;<\/li>\n<li>D\u0131\u015far\u0131da yerle\u015fik ki\u015filerin T\u00fcrkiye\u2019de bulunan, do\u011frudan veya dolayl\u0131 olarak y\u00fczde elli ve \u00fczerinde pay sahipliklerinin bulundu\u011fu \u015firketler taraf\u0131ndan akdedilen i\u015f s\u00f6zle\u015fmeleri; ve<\/li>\n<li>Serbest b\u00f6lgelerde yer alan \u015firketlerin serbest b\u00f6lgedeki faaliyetleri kapsam\u0131nda taraf olduklar\u0131 i\u015f s\u00f6zle\u015fmeleri.<\/li>\n<\/ul>\n<p><strong>D\u00f6vizden TL&#8217;ye D\u00f6n\u00fc\u015f\u00fcm<\/strong><\/p>\n<ul>\n<li>D\u00f6vizle \u00f6deme yasa\u011f\u0131 kapsam\u0131nda bulunan ve herhangi bir istisnadan faydalanamayan s\u00f6zle\u015fmelerin k\u0131s\u0131tlamalara uygun olarak akdedilmesigerekmektedir. Bu kapsamda, 32 say\u0131l\u0131 Karar&#8217;daki de\u011fi\u015fiklik tarihinden \u00f6nce akdedilmi\u015f olan s\u00f6zle\u015fmelerin 13 Eyl\u00fcl 2018&#8217;den itibaren otuz g\u00fcn i\u00e7inde k\u0131s\u0131tlamalara uygun olarak tadil edilmesi gerekmektedir.<\/li>\n<li>TL&#8217;ye d\u00f6n\u00fc\u015fmesi gereken s\u00f6zle\u015fmelerde yer alan bedellerin d\u00f6n\u00fc\u015f\u00fcm\u00fcnde taraflarca mutabakata var\u0131lamazsa s\u00f6z konusu bedeller, 2 Ocak 2018 tarihindeki g\u00f6sterge niteli\u011findeki T\u00fcrkiye Cumhuriyet Merkez Bankas\u0131 efektif sat\u0131\u015f kuru kullan\u0131larak hesaplanan tutara, 2 Ocak 2018 tarihinden yeniden belirleme tarihine kadar T\u00fcrkiye \u0130statistik Kurumu&#8217;nun her ay i\u00e7in belirledi\u011fi t\u00fcketici fiyat endeksi (T\u00dcFE) ayl\u0131k de\u011fi\u015fim oranlar\u0131 esas al\u0131narak hesaplanacak tutar\u0131n eklenmesi suretiyle belirlenecektir.<\/li>\n<li>D\u00f6viz cinsinden veya d\u00f6vize endeksli olarak kararla\u015ft\u0131r\u0131lmas\u0131 m\u00fcmk\u00fcn olmayan s\u00f6zle\u015fmelerde tahsili yap\u0131lm\u0131\u015f veya gecikmi\u015f alacaklar i\u00e7in yukar\u0131da belirtildi\u011fi gibi yeniden belirleme yap\u0131lmas\u0131na gerek bulunmamaktad\u0131r.<\/li>\n<\/ul>\n","protected":false},"excerpt":{"rendered":"<p>Yeni Geli\u015fme 13 Eyl\u00fcl 2018 tarihli Resmi Gazete&#8217;de yay\u0131nlanan T\u00fcrk Paras\u0131 K\u0131ymetini Koruma Hakk\u0131nda 32 Say\u0131l\u0131 Karar&#8217;da (&#8220;32 say\u0131l\u0131 Karar&#8220;) [&hellip;]<\/p>\n","protected":false},"author":4,"featured_media":0,"comment_status":"closed","ping_status":"closed","sticky":false,"template":"","format":"standard","meta":{"_acf_changed":false,"_stopmodifiedupdate":false,"_modified_date":"","footnotes":""},"categories":[120],"tags":[101],"class_list":["post-14565","post","type-post","status-publish","format-standard","hentry","category-legal-alerts","tag-employment-tr"],"acf":[],"yoast_head":"<!-- This site is optimized with the Yoast SEO plugin v24.0 - https:\/\/yoast.com\/wordpress\/plugins\/seo\/ -->\n<title>\u0130\u015f S\u00f6zle\u015fmelerinde D\u00f6vizle \u00d6deme Yasa\u011f\u0131<\/title>\n<meta name=\"description\" content=\"T\u00fcrkiye&#039;de yerle\u015fik ki\u015filer aras\u0131nda akdedilen i\u015f s\u00f6zle\u015fmelerinde s\u00f6zle\u015fme bedelinin ve bu s\u00f6zle\u015fmelerden kaynaklanan di\u011fer \u00f6deme y\u00fck\u00fcml\u00fcl\u00fcklerinin d\u00f6viz cinsinden veya d\u00f6vize endeksli olarak kararla\u015ft\u0131r\u0131lmas\u0131 m\u00fcmk\u00fcn de\u011fildir.\" \/>\n<meta name=\"robots\" content=\"index, follow, max-snippet:-1, max-image-preview:large, max-video-preview:-1\" \/>\n<link rel=\"canonical\" href=\"https:\/\/www.esin.av.tr\/tr\/2018\/10\/15\/is-sozlesmelerinde-dovizle-odeme-yasagi\/\" \/>\n<meta property=\"og:locale\" content=\"tr_TR\" \/>\n<meta property=\"og:type\" content=\"article\" \/>\n<meta property=\"og:title\" content=\"\u0130\u015f S\u00f6zle\u015fmelerinde D\u00f6vizle \u00d6deme Yasa\u011f\u0131\" \/>\n<meta property=\"og:description\" content=\"T\u00fcrkiye&#039;de yerle\u015fik ki\u015filer aras\u0131nda akdedilen i\u015f s\u00f6zle\u015fmelerinde s\u00f6zle\u015fme bedelinin ve bu s\u00f6zle\u015fmelerden kaynaklanan di\u011fer \u00f6deme y\u00fck\u00fcml\u00fcl\u00fcklerinin d\u00f6viz cinsinden veya d\u00f6vize endeksli olarak kararla\u015ft\u0131r\u0131lmas\u0131 m\u00fcmk\u00fcn de\u011fildir.\" \/>\n<meta property=\"og:url\" content=\"https:\/\/www.esin.av.tr\/tr\/2018\/10\/15\/is-sozlesmelerinde-dovizle-odeme-yasagi\/\" \/>\n<meta property=\"og:site_name\" content=\"Esin Avukatl\u0131k Ortakl\u0131\u011f\u0131\" \/>\n<meta property=\"article:published_time\" content=\"2018-10-15T07:16:42+00:00\" \/>\n<meta property=\"article:modified_time\" content=\"2022-06-09T12:21:40+00:00\" \/>\n<meta name=\"author\" content=\"R\u0131dvan Konrat\" \/>\n<meta name=\"twitter:card\" content=\"summary_large_image\" \/>\n<meta name=\"twitter:label1\" content=\"Written by\" \/>\n\t<meta name=\"twitter:data1\" content=\"R\u0131dvan Konrat\" \/>\n\t<meta name=\"twitter:label2\" content=\"Est. reading time\" \/>\n\t<meta name=\"twitter:data2\" content=\"3 minutes\" \/>\n<script type=\"application\/ld+json\" class=\"yoast-schema-graph\">{\"@context\":\"https:\/\/schema.org\",\"@graph\":[{\"@type\":\"Article\",\"@id\":\"https:\/\/www.esin.av.tr\/tr\/2018\/10\/15\/is-sozlesmelerinde-dovizle-odeme-yasagi\/#article\",\"isPartOf\":{\"@id\":\"https:\/\/www.esin.av.tr\/tr\/2018\/10\/15\/is-sozlesmelerinde-dovizle-odeme-yasagi\/\"},\"author\":{\"name\":\"R\u0131dvan Konrat\",\"@id\":\"https:\/\/www.esin.av.tr\/tr\/#\/schema\/person\/42c8e616aab56b8622fa365ad63282ae\"},\"headline\":\"\u0130\u015f S\u00f6zle\u015fmelerinde D\u00f6vizle \u00d6deme Yasa\u011f\u0131\",\"datePublished\":\"2018-10-15T07:16:42+00:00\",\"dateModified\":\"2022-06-09T12:21:40+00:00\",\"mainEntityOfPage\":{\"@id\":\"https:\/\/www.esin.av.tr\/tr\/2018\/10\/15\/is-sozlesmelerinde-dovizle-odeme-yasagi\/\"},\"wordCount\":654,\"publisher\":{\"@id\":\"https:\/\/www.esin.av.tr\/tr\/#organization\"},\"keywords\":[\"\u0130\u015f Hukuku\"],\"articleSection\":[\"Hukuk B\u00fcltenleri\"],\"inLanguage\":\"tr\"},{\"@type\":\"WebPage\",\"@id\":\"https:\/\/www.esin.av.tr\/tr\/2018\/10\/15\/is-sozlesmelerinde-dovizle-odeme-yasagi\/\",\"url\":\"https:\/\/www.esin.av.tr\/tr\/2018\/10\/15\/is-sozlesmelerinde-dovizle-odeme-yasagi\/\",\"name\":\"\u0130\u015f S\u00f6zle\u015fmelerinde D\u00f6vizle \u00d6deme Yasa\u011f\u0131\",\"isPartOf\":{\"@id\":\"https:\/\/www.esin.av.tr\/tr\/#website\"},\"datePublished\":\"2018-10-15T07:16:42+00:00\",\"dateModified\":\"2022-06-09T12:21:40+00:00\",\"description\":\"T\u00fcrkiye'de yerle\u015fik ki\u015filer aras\u0131nda akdedilen i\u015f s\u00f6zle\u015fmelerinde s\u00f6zle\u015fme bedelinin ve bu s\u00f6zle\u015fmelerden kaynaklanan di\u011fer \u00f6deme y\u00fck\u00fcml\u00fcl\u00fcklerinin d\u00f6viz cinsinden veya d\u00f6vize endeksli olarak kararla\u015ft\u0131r\u0131lmas\u0131 m\u00fcmk\u00fcn de\u011fildir.\",\"breadcrumb\":{\"@id\":\"https:\/\/www.esin.av.tr\/tr\/2018\/10\/15\/is-sozlesmelerinde-dovizle-odeme-yasagi\/#breadcrumb\"},\"inLanguage\":\"tr\",\"potentialAction\":[{\"@type\":\"ReadAction\",\"target\":[\"https:\/\/www.esin.av.tr\/tr\/2018\/10\/15\/is-sozlesmelerinde-dovizle-odeme-yasagi\/\"]}]},{\"@type\":\"BreadcrumbList\",\"@id\":\"https:\/\/www.esin.av.tr\/tr\/2018\/10\/15\/is-sozlesmelerinde-dovizle-odeme-yasagi\/#breadcrumb\",\"itemListElement\":[{\"@type\":\"ListItem\",\"position\":1,\"name\":\"Home\",\"item\":\"https:\/\/www.esin.av.tr\/tr\/\"},{\"@type\":\"ListItem\",\"position\":2,\"name\":\"\u0130\u015f S\u00f6zle\u015fmelerinde D\u00f6vizle \u00d6deme Yasa\u011f\u0131\"}]},{\"@type\":\"WebSite\",\"@id\":\"https:\/\/www.esin.av.tr\/tr\/#website\",\"url\":\"https:\/\/www.esin.av.tr\/tr\/\",\"name\":\"Esin Avukatl\u0131k Ortakl\u0131\u011f\u0131\",\"description\":\"\",\"publisher\":{\"@id\":\"https:\/\/www.esin.av.tr\/tr\/#organization\"},\"potentialAction\":[{\"@type\":\"SearchAction\",\"target\":{\"@type\":\"EntryPoint\",\"urlTemplate\":\"https:\/\/www.esin.av.tr\/tr\/?s={search_term_string}\"},\"query-input\":{\"@type\":\"PropertyValueSpecification\",\"valueRequired\":true,\"valueName\":\"search_term_string\"}}],\"inLanguage\":\"tr\"},{\"@type\":\"Organization\",\"@id\":\"https:\/\/www.esin.av.tr\/tr\/#organization\",\"name\":\"Esin Avukatl\u0131k Ortakl\u0131\u011f\u0131\",\"url\":\"https:\/\/www.esin.av.tr\/tr\/\",\"logo\":{\"@type\":\"ImageObject\",\"inLanguage\":\"tr\",\"@id\":\"https:\/\/www.esin.av.tr\/tr\/#\/schema\/logo\/image\/\",\"url\":\"https:\/\/www.esin.av.tr\/wp-content\/uploads\/2021\/09\/esin-2.jpg\",\"contentUrl\":\"https:\/\/www.esin.av.tr\/wp-content\/uploads\/2021\/09\/esin-2.jpg\",\"width\":800,\"height\":460,\"caption\":\"Esin Avukatl\u0131k Ortakl\u0131\u011f\u0131\"},\"image\":{\"@id\":\"https:\/\/www.esin.av.tr\/tr\/#\/schema\/logo\/image\/\"}},{\"@type\":\"Person\",\"@id\":\"https:\/\/www.esin.av.tr\/tr\/#\/schema\/person\/42c8e616aab56b8622fa365ad63282ae\",\"name\":\"R\u0131dvan Konrat\",\"image\":{\"@type\":\"ImageObject\",\"inLanguage\":\"tr\",\"@id\":\"https:\/\/www.esin.av.tr\/tr\/#\/schema\/person\/image\/\",\"url\":\"https:\/\/secure.gravatar.com\/avatar\/b20c6c583be38ed4e76e32f69fccc676?s=96&d=mm&r=g\",\"contentUrl\":\"https:\/\/secure.gravatar.com\/avatar\/b20c6c583be38ed4e76e32f69fccc676?s=96&d=mm&r=g\",\"caption\":\"R\u0131dvan Konrat\"},\"sameAs\":[\"http:\/\/www.esin.av.tr\"],\"url\":\"https:\/\/www.esin.av.tr\/tr\/author\/rkonrat\/\"}]}<\/script>\n<!-- \/ Yoast SEO plugin. -->","yoast_head_json":{"title":"\u0130\u015f S\u00f6zle\u015fmelerinde D\u00f6vizle \u00d6deme Yasa\u011f\u0131","description":"T\u00fcrkiye'de yerle\u015fik ki\u015filer aras\u0131nda akdedilen i\u015f s\u00f6zle\u015fmelerinde s\u00f6zle\u015fme bedelinin ve bu s\u00f6zle\u015fmelerden kaynaklanan di\u011fer \u00f6deme y\u00fck\u00fcml\u00fcl\u00fcklerinin d\u00f6viz cinsinden veya d\u00f6vize endeksli olarak kararla\u015ft\u0131r\u0131lmas\u0131 m\u00fcmk\u00fcn de\u011fildir.","robots":{"index":"index","follow":"follow","max-snippet":"max-snippet:-1","max-image-preview":"max-image-preview:large","max-video-preview":"max-video-preview:-1"},"canonical":"https:\/\/www.esin.av.tr\/tr\/2018\/10\/15\/is-sozlesmelerinde-dovizle-odeme-yasagi\/","og_locale":"tr_TR","og_type":"article","og_title":"\u0130\u015f S\u00f6zle\u015fmelerinde D\u00f6vizle \u00d6deme Yasa\u011f\u0131","og_description":"T\u00fcrkiye'de yerle\u015fik ki\u015filer aras\u0131nda akdedilen i\u015f s\u00f6zle\u015fmelerinde s\u00f6zle\u015fme bedelinin ve bu s\u00f6zle\u015fmelerden kaynaklanan di\u011fer \u00f6deme y\u00fck\u00fcml\u00fcl\u00fcklerinin d\u00f6viz cinsinden veya d\u00f6vize endeksli olarak kararla\u015ft\u0131r\u0131lmas\u0131 m\u00fcmk\u00fcn de\u011fildir.","og_url":"https:\/\/www.esin.av.tr\/tr\/2018\/10\/15\/is-sozlesmelerinde-dovizle-odeme-yasagi\/","og_site_name":"Esin Avukatl\u0131k Ortakl\u0131\u011f\u0131","article_published_time":"2018-10-15T07:16:42+00:00","article_modified_time":"2022-06-09T12:21:40+00:00","author":"R\u0131dvan Konrat","twitter_card":"summary_large_image","twitter_misc":{"Written by":"R\u0131dvan Konrat","Est. reading time":"3 minutes"},"schema":{"@context":"https:\/\/schema.org","@graph":[{"@type":"Article","@id":"https:\/\/www.esin.av.tr\/tr\/2018\/10\/15\/is-sozlesmelerinde-dovizle-odeme-yasagi\/#article","isPartOf":{"@id":"https:\/\/www.esin.av.tr\/tr\/2018\/10\/15\/is-sozlesmelerinde-dovizle-odeme-yasagi\/"},"author":{"name":"R\u0131dvan Konrat","@id":"https:\/\/www.esin.av.tr\/tr\/#\/schema\/person\/42c8e616aab56b8622fa365ad63282ae"},"headline":"\u0130\u015f S\u00f6zle\u015fmelerinde D\u00f6vizle \u00d6deme Yasa\u011f\u0131","datePublished":"2018-10-15T07:16:42+00:00","dateModified":"2022-06-09T12:21:40+00:00","mainEntityOfPage":{"@id":"https:\/\/www.esin.av.tr\/tr\/2018\/10\/15\/is-sozlesmelerinde-dovizle-odeme-yasagi\/"},"wordCount":654,"publisher":{"@id":"https:\/\/www.esin.av.tr\/tr\/#organization"},"keywords":["\u0130\u015f Hukuku"],"articleSection":["Hukuk B\u00fcltenleri"],"inLanguage":"tr"},{"@type":"WebPage","@id":"https:\/\/www.esin.av.tr\/tr\/2018\/10\/15\/is-sozlesmelerinde-dovizle-odeme-yasagi\/","url":"https:\/\/www.esin.av.tr\/tr\/2018\/10\/15\/is-sozlesmelerinde-dovizle-odeme-yasagi\/","name":"\u0130\u015f S\u00f6zle\u015fmelerinde D\u00f6vizle \u00d6deme Yasa\u011f\u0131","isPartOf":{"@id":"https:\/\/www.esin.av.tr\/tr\/#website"},"datePublished":"2018-10-15T07:16:42+00:00","dateModified":"2022-06-09T12:21:40+00:00","description":"T\u00fcrkiye'de yerle\u015fik ki\u015filer aras\u0131nda akdedilen i\u015f s\u00f6zle\u015fmelerinde s\u00f6zle\u015fme bedelinin ve bu s\u00f6zle\u015fmelerden kaynaklanan di\u011fer \u00f6deme y\u00fck\u00fcml\u00fcl\u00fcklerinin d\u00f6viz cinsinden veya d\u00f6vize endeksli olarak kararla\u015ft\u0131r\u0131lmas\u0131 m\u00fcmk\u00fcn de\u011fildir.","breadcrumb":{"@id":"https:\/\/www.esin.av.tr\/tr\/2018\/10\/15\/is-sozlesmelerinde-dovizle-odeme-yasagi\/#breadcrumb"},"inLanguage":"tr","potentialAction":[{"@type":"ReadAction","target":["https:\/\/www.esin.av.tr\/tr\/2018\/10\/15\/is-sozlesmelerinde-dovizle-odeme-yasagi\/"]}]},{"@type":"BreadcrumbList","@id":"https:\/\/www.esin.av.tr\/tr\/2018\/10\/15\/is-sozlesmelerinde-dovizle-odeme-yasagi\/#breadcrumb","itemListElement":[{"@type":"ListItem","position":1,"name":"Home","item":"https:\/\/www.esin.av.tr\/tr\/"},{"@type":"ListItem","position":2,"name":"\u0130\u015f S\u00f6zle\u015fmelerinde D\u00f6vizle \u00d6deme Yasa\u011f\u0131"}]},{"@type":"WebSite","@id":"https:\/\/www.esin.av.tr\/tr\/#website","url":"https:\/\/www.esin.av.tr\/tr\/","name":"Esin Avukatl\u0131k Ortakl\u0131\u011f\u0131","description":"","publisher":{"@id":"https:\/\/www.esin.av.tr\/tr\/#organization"},"potentialAction":[{"@type":"SearchAction","target":{"@type":"EntryPoint","urlTemplate":"https:\/\/www.esin.av.tr\/tr\/?s={search_term_string}"},"query-input":{"@type":"PropertyValueSpecification","valueRequired":true,"valueName":"search_term_string"}}],"inLanguage":"tr"},{"@type":"Organization","@id":"https:\/\/www.esin.av.tr\/tr\/#organization","name":"Esin Avukatl\u0131k Ortakl\u0131\u011f\u0131","url":"https:\/\/www.esin.av.tr\/tr\/","logo":{"@type":"ImageObject","inLanguage":"tr","@id":"https:\/\/www.esin.av.tr\/tr\/#\/schema\/logo\/image\/","url":"https:\/\/www.esin.av.tr\/wp-content\/uploads\/2021\/09\/esin-2.jpg","contentUrl":"https:\/\/www.esin.av.tr\/wp-content\/uploads\/2021\/09\/esin-2.jpg","width":800,"height":460,"caption":"Esin Avukatl\u0131k Ortakl\u0131\u011f\u0131"},"image":{"@id":"https:\/\/www.esin.av.tr\/tr\/#\/schema\/logo\/image\/"}},{"@type":"Person","@id":"https:\/\/www.esin.av.tr\/tr\/#\/schema\/person\/42c8e616aab56b8622fa365ad63282ae","name":"R\u0131dvan Konrat","image":{"@type":"ImageObject","inLanguage":"tr","@id":"https:\/\/www.esin.av.tr\/tr\/#\/schema\/person\/image\/","url":"https:\/\/secure.gravatar.com\/avatar\/b20c6c583be38ed4e76e32f69fccc676?s=96&d=mm&r=g","contentUrl":"https:\/\/secure.gravatar.com\/avatar\/b20c6c583be38ed4e76e32f69fccc676?s=96&d=mm&r=g","caption":"R\u0131dvan Konrat"},"sameAs":["http:\/\/www.esin.av.tr"],"url":"https:\/\/www.esin.av.tr\/tr\/author\/rkonrat\/"}]}},"_links":{"self":[{"href":"https:\/\/www.esin.av.tr\/tr\/wp-json\/wp\/v2\/posts\/14565","targetHints":{"allow":["GET"]}}],"collection":[{"href":"https:\/\/www.esin.av.tr\/tr\/wp-json\/wp\/v2\/posts"}],"about":[{"href":"https:\/\/www.esin.av.tr\/tr\/wp-json\/wp\/v2\/types\/post"}],"author":[{"embeddable":true,"href":"https:\/\/www.esin.av.tr\/tr\/wp-json\/wp\/v2\/users\/4"}],"replies":[{"embeddable":true,"href":"https:\/\/www.esin.av.tr\/tr\/wp-json\/wp\/v2\/comments?post=14565"}],"version-history":[{"count":1,"href":"https:\/\/www.esin.av.tr\/tr\/wp-json\/wp\/v2\/posts\/14565\/revisions"}],"predecessor-version":[{"id":15657,"href":"https:\/\/www.esin.av.tr\/tr\/wp-json\/wp\/v2\/posts\/14565\/revisions\/15657"}],"wp:attachment":[{"href":"https:\/\/www.esin.av.tr\/tr\/wp-json\/wp\/v2\/media?parent=14565"}],"wp:term":[{"taxonomy":"category","embeddable":true,"href":"https:\/\/www.esin.av.tr\/tr\/wp-json\/wp\/v2\/categories?post=14565"},{"taxonomy":"post_tag","embeddable":true,"href":"https:\/\/www.esin.av.tr\/tr\/wp-json\/wp\/v2\/tags?post=14565"}],"curies":[{"name":"wp","href":"https:\/\/api.w.org\/{rel}","templated":true}]}}