{"id":14560,"date":"2018-10-17T10:43:26","date_gmt":"2018-10-17T10:43:26","guid":{"rendered":"http:\/\/upt.esin.av.tr\/2018\/10\/17\/is-sozlesmelerinde-tlye-gecisin-detaylari-belli-oldu\/"},"modified":"2022-06-09T12:21:25","modified_gmt":"2022-06-09T12:21:25","slug":"is-sozlesmelerinde-tlye-gecisin-detaylari-belli-oldu","status":"publish","type":"post","link":"https:\/\/www.esin.av.tr\/tr\/2018\/10\/17\/is-sozlesmelerinde-tlye-gecisin-detaylari-belli-oldu\/","title":{"rendered":"\u0130\u015f S\u00f6zle\u015fmelerinde TL\u2019ye Ge\u00e7i\u015fin Detaylar\u0131 Belli Oldu"},"content":{"rendered":"<p><strong>Yeni Geli\u015fme<\/strong><\/p>\n<p>Hazine ve Maliye Bakanl\u0131\u011f\u0131 (\u201c<strong>Bakanl\u0131k<\/strong>\u201d) d\u00f6viz cinsinden ve d\u00f6vize endeksli s\u00f6zle\u015fmeler hakk\u0131nda bir bas\u0131n duyurusu yay\u0131nlayarak uygulamaya ili\u015fkin s\u0131k\u00e7a sorulan sorulara ve cevaplar\u0131na yer verdi. Bu kapsamda, i\u015f s\u00f6zle\u015fmeleri ile ilgili uygulaman\u0131n detaylar\u0131 da belli olmu\u015f oldu.<\/p>\n<p>S\u0131k\u00e7a sorulan sorularda, i\u015f s\u00f6zle\u015fmeleri gibi d\u00f6vizle \u00f6deme yasa\u011f\u0131 kapsam\u0131na giren s\u00f6zle\u015fmelerde TL\u2019ye d\u00f6n\u00fc\u015f\u00fcm\u00fcn ne \u015fekilde yap\u0131laca\u011f\u0131na ili\u015fkin \u00f6rnek bir hesaplama bulunuyor. Ayr\u0131ca yabanc\u0131 ger\u00e7ek ve t\u00fczel ki\u015filerin d\u00f6viz cinsinden veya d\u00f6vize endeksli olarak i\u015f s\u00f6zle\u015fmeleri akdedebilmeleri konusuna da a\u00e7\u0131kl\u0131k getirildi. (<em>S\u0131k\u00e7a sorulan sorulara bu linkten ula\u015fabilirsiniz<\/em>: <u><a href=\"https:\/\/urldefense.proofpoint.com\/v2\/url?u=http-3A__esinxchange.com_collect_click.aspx-3Fu-3DjRYOrR8N39Sy8FKu3gIk-2BCoDRJBsUJAeeFP73YW56CVZn52A8WIxqDEQWI8nvllomr0gmkGjhEK8l_7K5nbg5S4Y2bPX4KTg0v9_tGx8UwfPfJZC0Q86AQ-3D-3D-26rh-3Dff00420170253c55e08acb624c4288f3997fd5e9&amp;d=DwMFaQ&amp;c=ptMoEJ5oTofwe4L9tBtGCQ&amp;r=G30VoJFPGz_Ir3aMyzsuwp-RUctbhKuQyecMIB0EBsk&amp;m=eL_g9PAG_vn8admTsmU8f9lZ-pquexhJOBUlf6NYNHQ&amp;s=h_FA1v8W_tpAm6FZBQQ34Lknvd_rlHrBGsHLqeZBagw&amp;e=\">https:\/\/hazine.gov.tr\/sikca-sorulan-sorular-dovize-endeksli-sozlesmeler?type=icon<\/a><\/u>)<\/p>\n<p>Buna g\u00f6re, a\u015fa\u011f\u0131da yer alan i\u015f s\u00f6zle\u015fmelerinde d\u00f6vizle \u00f6deme yasa\u011f\u0131 uygulanmayacakt\u0131r:<\/p>\n<ul>\n<li>T\u00fcrkiye Cumhuriyeti Devletiyle vatanda\u015fl\u0131k ba\u011f\u0131 bulunmayan; ancak T\u00fcrkiye\u2019de kanuni yerle\u015fim yeri bulunan \u00e7al\u0131\u015fanlar\u0131n taraf oldu\u011fu i\u015f s\u00f6zle\u015fmeleri,<\/li>\n<li>T\u00fcrkiye\u2019de kanuni yerle\u015fim yeri bulunmayan d\u0131\u015far\u0131da yerle\u015fiklerin T\u00fcrkiye\u2019de bulunan; (i) \u015fube, temsilcilik, ofis, irtibat b\u00fcrolar ve (ii) do\u011frudan veya dolayl\u0131 olarak y\u00fczde elli ve \u00fczerinde pay sahipliklerinin bulundu\u011fu \u015firketlerin taraf oldu\u011fu i\u015f s\u00f6zle\u015fmeleri,<\/li>\n<li>T\u00fcrkiye\u2019de kanuni yerle\u015fim yeri ve T\u00fcrkiye Cumhuriyeti Devletiyle vatanda\u015fl\u0131k ba\u011f\u0131 bulunmayan \u00e7al\u0131\u015fanlar\u0131n taraf oldu\u011fu i\u015f s\u00f6zle\u015fmeleri,<\/li>\n<li>Serbest b\u00f6lgelerdeki \u015firketlerin, serbest b\u00f6lgedeki faaliyetleri kapsam\u0131nda taraf oldu\u011fu i\u015f s\u00f6zle\u015fmeleri ve<\/li>\n<li>Yurt d\u0131\u015f\u0131nda ifa edilen i\u015f s\u00f6zle\u015fmeleri.<\/li>\n<\/ul>\n<p>Ayr\u0131ca, T\u00fcrk vatanda\u015f\u0131 olmayan futbolcular\u0131n \u00fccretlerinin d\u00f6viz cinsinden veya d\u00f6vize endeksli olarak \u00f6denmesinin m\u00fcmk\u00fcn oldu\u011fu; ancak T\u00fcrk vatanda\u015f\u0131 olan futbolcular\u0131n T\u00fcrkiye\u2019de yerle\u015fik kul\u00fcplerle akdedece\u011fi s\u00f6zle\u015fmelerin d\u00f6viz cinsinden veya d\u00f6vize endeksli olarak kararla\u015ft\u0131r\u0131lmas\u0131n\u0131n m\u00fcmk\u00fcn olmad\u0131\u011f\u0131 hususu da netle\u015ftirildi.<\/p>\n<p>Son olarak, yabanc\u0131 pay sahipli\u011fi bak\u0131m\u0131ndan i\u015f s\u00f6zle\u015fmelerindeki \u00f6deme y\u00fck\u00fcml\u00fcl\u00fcklerini d\u00f6viz \u00fczerinden veya d\u00f6vize endeksli belirleyebilme istisnas\u0131 tan\u0131nan kurulu\u015flar\u0131n -bu istisna sadece kendilerine tan\u0131nd\u0131\u011f\u0131 i\u00e7in- s\u00f6zle\u015fmenin kar\u015f\u0131 taraf\u0131 herhangi bir istisnadan faydalanm\u0131yorsa, TL&#8217;ye d\u00f6n\u00fc\u015f\u00fcm\u00fc talep edebilecekleri ve bu durumda da ilgili i\u015f s\u00f6zle\u015fmelerinde TL&#8217;ye d\u00f6n\u00fc\u015f\u00fcm\u00fcn zorunlu olaca\u011f\u0131na h\u00fckmedildi.<\/p>\n<p><strong>Sonu\u00e7<\/strong><\/p>\n<p>Hazine ve Maliye Bakanl\u0131\u011f\u0131 taraf\u0131ndan yay\u0131nlanan bas\u0131n a\u00e7\u0131klamas\u0131 ve s\u0131k\u00e7a sorulan sorular, i\u015f s\u00f6zle\u015fmelerinde yer alan ve d\u00f6viz \u00fczerinden yap\u0131laca\u011f\u0131 belirtilen \u00f6demeler i\u00e7in TL\u2019ye ge\u00e7i\u015f s\u00fcreci a\u00e7\u0131s\u0131ndan baz\u0131 teredd\u00fctleri ortadan kald\u0131rm\u0131\u015ft\u0131r.<\/p>\n","protected":false},"excerpt":{"rendered":"<p>Yeni Geli\u015fme Hazine ve Maliye Bakanl\u0131\u011f\u0131 (\u201cBakanl\u0131k\u201d) d\u00f6viz cinsinden ve d\u00f6vize endeksli s\u00f6zle\u015fmeler hakk\u0131nda bir bas\u0131n duyurusu yay\u0131nlayarak uygulamaya ili\u015fkin [&hellip;]<\/p>\n","protected":false},"author":4,"featured_media":0,"comment_status":"closed","ping_status":"closed","sticky":false,"template":"","format":"standard","meta":{"_acf_changed":false,"_stopmodifiedupdate":false,"_modified_date":"","footnotes":""},"categories":[120],"tags":[101],"class_list":["post-14560","post","type-post","status-publish","format-standard","hentry","category-legal-alerts","tag-employment-tr"],"acf":[],"yoast_head":"<!-- This site is optimized with the Yoast SEO plugin v24.0 - https:\/\/yoast.com\/wordpress\/plugins\/seo\/ -->\n<title>\u0130\u015f S\u00f6zle\u015fmelerinde TL\u2019ye Ge\u00e7i\u015fin Detaylar\u0131 Belli Oldu<\/title>\n<meta name=\"description\" content=\"Yeni Geli\u015fme Hazine ve Maliye Bakanl\u0131\u011f\u0131 (\u201cBakanl\u0131k\u201d) d\u00f6viz cinsinden ve d\u00f6vize endeksli s\u00f6zle\u015fmeler hakk\u0131nda bir bas\u0131n duyurusu yay\u0131nlayarak uygulamaya\" \/>\n<meta name=\"robots\" content=\"index, follow, max-snippet:-1, max-image-preview:large, max-video-preview:-1\" \/>\n<link rel=\"canonical\" href=\"https:\/\/www.esin.av.tr\/tr\/2018\/10\/17\/is-sozlesmelerinde-tlye-gecisin-detaylari-belli-oldu\/\" \/>\n<meta property=\"og:locale\" content=\"tr_TR\" \/>\n<meta property=\"og:type\" content=\"article\" \/>\n<meta property=\"og:title\" content=\"\u0130\u015f S\u00f6zle\u015fmelerinde TL\u2019ye Ge\u00e7i\u015fin Detaylar\u0131 Belli Oldu\" \/>\n<meta property=\"og:description\" content=\"Yeni Geli\u015fme Hazine ve Maliye Bakanl\u0131\u011f\u0131 (\u201cBakanl\u0131k\u201d) d\u00f6viz cinsinden ve d\u00f6vize endeksli s\u00f6zle\u015fmeler hakk\u0131nda bir bas\u0131n duyurusu yay\u0131nlayarak uygulamaya\" \/>\n<meta property=\"og:url\" content=\"https:\/\/www.esin.av.tr\/tr\/2018\/10\/17\/is-sozlesmelerinde-tlye-gecisin-detaylari-belli-oldu\/\" \/>\n<meta property=\"og:site_name\" content=\"Esin Avukatl\u0131k Ortakl\u0131\u011f\u0131\" \/>\n<meta property=\"article:published_time\" content=\"2018-10-17T10:43:26+00:00\" \/>\n<meta property=\"article:modified_time\" content=\"2022-06-09T12:21:25+00:00\" \/>\n<meta name=\"author\" content=\"R\u0131dvan Konrat\" \/>\n<meta name=\"twitter:card\" content=\"summary_large_image\" \/>\n<meta name=\"twitter:label1\" content=\"Written by\" \/>\n\t<meta name=\"twitter:data1\" content=\"R\u0131dvan Konrat\" \/>\n\t<meta name=\"twitter:label2\" content=\"Est. reading time\" \/>\n\t<meta name=\"twitter:data2\" content=\"2 minutes\" \/>\n<script type=\"application\/ld+json\" class=\"yoast-schema-graph\">{\"@context\":\"https:\/\/schema.org\",\"@graph\":[{\"@type\":\"Article\",\"@id\":\"https:\/\/www.esin.av.tr\/tr\/2018\/10\/17\/is-sozlesmelerinde-tlye-gecisin-detaylari-belli-oldu\/#article\",\"isPartOf\":{\"@id\":\"https:\/\/www.esin.av.tr\/tr\/2018\/10\/17\/is-sozlesmelerinde-tlye-gecisin-detaylari-belli-oldu\/\"},\"author\":{\"name\":\"R\u0131dvan Konrat\",\"@id\":\"https:\/\/www.esin.av.tr\/tr\/#\/schema\/person\/42c8e616aab56b8622fa365ad63282ae\"},\"headline\":\"\u0130\u015f S\u00f6zle\u015fmelerinde TL\u2019ye Ge\u00e7i\u015fin Detaylar\u0131 Belli Oldu\",\"datePublished\":\"2018-10-17T10:43:26+00:00\",\"dateModified\":\"2022-06-09T12:21:25+00:00\",\"mainEntityOfPage\":{\"@id\":\"https:\/\/www.esin.av.tr\/tr\/2018\/10\/17\/is-sozlesmelerinde-tlye-gecisin-detaylari-belli-oldu\/\"},\"wordCount\":490,\"publisher\":{\"@id\":\"https:\/\/www.esin.av.tr\/tr\/#organization\"},\"keywords\":[\"\u0130\u015f Hukuku\"],\"articleSection\":[\"Hukuk B\u00fcltenleri\"],\"inLanguage\":\"tr\"},{\"@type\":\"WebPage\",\"@id\":\"https:\/\/www.esin.av.tr\/tr\/2018\/10\/17\/is-sozlesmelerinde-tlye-gecisin-detaylari-belli-oldu\/\",\"url\":\"https:\/\/www.esin.av.tr\/tr\/2018\/10\/17\/is-sozlesmelerinde-tlye-gecisin-detaylari-belli-oldu\/\",\"name\":\"\u0130\u015f S\u00f6zle\u015fmelerinde TL\u2019ye Ge\u00e7i\u015fin Detaylar\u0131 Belli Oldu\",\"isPartOf\":{\"@id\":\"https:\/\/www.esin.av.tr\/tr\/#website\"},\"datePublished\":\"2018-10-17T10:43:26+00:00\",\"dateModified\":\"2022-06-09T12:21:25+00:00\",\"description\":\"Yeni Geli\u015fme Hazine ve Maliye Bakanl\u0131\u011f\u0131 (\u201cBakanl\u0131k\u201d) d\u00f6viz cinsinden ve d\u00f6vize endeksli s\u00f6zle\u015fmeler hakk\u0131nda bir bas\u0131n duyurusu yay\u0131nlayarak uygulamaya\",\"breadcrumb\":{\"@id\":\"https:\/\/www.esin.av.tr\/tr\/2018\/10\/17\/is-sozlesmelerinde-tlye-gecisin-detaylari-belli-oldu\/#breadcrumb\"},\"inLanguage\":\"tr\",\"potentialAction\":[{\"@type\":\"ReadAction\",\"target\":[\"https:\/\/www.esin.av.tr\/tr\/2018\/10\/17\/is-sozlesmelerinde-tlye-gecisin-detaylari-belli-oldu\/\"]}]},{\"@type\":\"BreadcrumbList\",\"@id\":\"https:\/\/www.esin.av.tr\/tr\/2018\/10\/17\/is-sozlesmelerinde-tlye-gecisin-detaylari-belli-oldu\/#breadcrumb\",\"itemListElement\":[{\"@type\":\"ListItem\",\"position\":1,\"name\":\"Home\",\"item\":\"https:\/\/www.esin.av.tr\/tr\/\"},{\"@type\":\"ListItem\",\"position\":2,\"name\":\"\u0130\u015f S\u00f6zle\u015fmelerinde TL\u2019ye Ge\u00e7i\u015fin Detaylar\u0131 Belli Oldu\"}]},{\"@type\":\"WebSite\",\"@id\":\"https:\/\/www.esin.av.tr\/tr\/#website\",\"url\":\"https:\/\/www.esin.av.tr\/tr\/\",\"name\":\"Esin Avukatl\u0131k Ortakl\u0131\u011f\u0131\",\"description\":\"\",\"publisher\":{\"@id\":\"https:\/\/www.esin.av.tr\/tr\/#organization\"},\"potentialAction\":[{\"@type\":\"SearchAction\",\"target\":{\"@type\":\"EntryPoint\",\"urlTemplate\":\"https:\/\/www.esin.av.tr\/tr\/?s={search_term_string}\"},\"query-input\":{\"@type\":\"PropertyValueSpecification\",\"valueRequired\":true,\"valueName\":\"search_term_string\"}}],\"inLanguage\":\"tr\"},{\"@type\":\"Organization\",\"@id\":\"https:\/\/www.esin.av.tr\/tr\/#organization\",\"name\":\"Esin Avukatl\u0131k Ortakl\u0131\u011f\u0131\",\"url\":\"https:\/\/www.esin.av.tr\/tr\/\",\"logo\":{\"@type\":\"ImageObject\",\"inLanguage\":\"tr\",\"@id\":\"https:\/\/www.esin.av.tr\/tr\/#\/schema\/logo\/image\/\",\"url\":\"https:\/\/www.esin.av.tr\/wp-content\/uploads\/2021\/09\/esin-2.jpg\",\"contentUrl\":\"https:\/\/www.esin.av.tr\/wp-content\/uploads\/2021\/09\/esin-2.jpg\",\"width\":800,\"height\":460,\"caption\":\"Esin Avukatl\u0131k Ortakl\u0131\u011f\u0131\"},\"image\":{\"@id\":\"https:\/\/www.esin.av.tr\/tr\/#\/schema\/logo\/image\/\"}},{\"@type\":\"Person\",\"@id\":\"https:\/\/www.esin.av.tr\/tr\/#\/schema\/person\/42c8e616aab56b8622fa365ad63282ae\",\"name\":\"R\u0131dvan Konrat\",\"image\":{\"@type\":\"ImageObject\",\"inLanguage\":\"tr\",\"@id\":\"https:\/\/www.esin.av.tr\/tr\/#\/schema\/person\/image\/\",\"url\":\"https:\/\/secure.gravatar.com\/avatar\/b20c6c583be38ed4e76e32f69fccc676?s=96&d=mm&r=g\",\"contentUrl\":\"https:\/\/secure.gravatar.com\/avatar\/b20c6c583be38ed4e76e32f69fccc676?s=96&d=mm&r=g\",\"caption\":\"R\u0131dvan Konrat\"},\"sameAs\":[\"http:\/\/www.esin.av.tr\"],\"url\":\"https:\/\/www.esin.av.tr\/tr\/author\/rkonrat\/\"}]}<\/script>\n<!-- \/ Yoast SEO plugin. -->","yoast_head_json":{"title":"\u0130\u015f S\u00f6zle\u015fmelerinde TL\u2019ye Ge\u00e7i\u015fin Detaylar\u0131 Belli Oldu","description":"Yeni Geli\u015fme Hazine ve Maliye Bakanl\u0131\u011f\u0131 (\u201cBakanl\u0131k\u201d) d\u00f6viz cinsinden ve d\u00f6vize endeksli s\u00f6zle\u015fmeler hakk\u0131nda bir bas\u0131n duyurusu yay\u0131nlayarak uygulamaya","robots":{"index":"index","follow":"follow","max-snippet":"max-snippet:-1","max-image-preview":"max-image-preview:large","max-video-preview":"max-video-preview:-1"},"canonical":"https:\/\/www.esin.av.tr\/tr\/2018\/10\/17\/is-sozlesmelerinde-tlye-gecisin-detaylari-belli-oldu\/","og_locale":"tr_TR","og_type":"article","og_title":"\u0130\u015f S\u00f6zle\u015fmelerinde TL\u2019ye Ge\u00e7i\u015fin Detaylar\u0131 Belli Oldu","og_description":"Yeni Geli\u015fme Hazine ve Maliye Bakanl\u0131\u011f\u0131 (\u201cBakanl\u0131k\u201d) d\u00f6viz cinsinden ve d\u00f6vize endeksli s\u00f6zle\u015fmeler hakk\u0131nda bir bas\u0131n duyurusu yay\u0131nlayarak uygulamaya","og_url":"https:\/\/www.esin.av.tr\/tr\/2018\/10\/17\/is-sozlesmelerinde-tlye-gecisin-detaylari-belli-oldu\/","og_site_name":"Esin Avukatl\u0131k Ortakl\u0131\u011f\u0131","article_published_time":"2018-10-17T10:43:26+00:00","article_modified_time":"2022-06-09T12:21:25+00:00","author":"R\u0131dvan Konrat","twitter_card":"summary_large_image","twitter_misc":{"Written by":"R\u0131dvan Konrat","Est. reading time":"2 minutes"},"schema":{"@context":"https:\/\/schema.org","@graph":[{"@type":"Article","@id":"https:\/\/www.esin.av.tr\/tr\/2018\/10\/17\/is-sozlesmelerinde-tlye-gecisin-detaylari-belli-oldu\/#article","isPartOf":{"@id":"https:\/\/www.esin.av.tr\/tr\/2018\/10\/17\/is-sozlesmelerinde-tlye-gecisin-detaylari-belli-oldu\/"},"author":{"name":"R\u0131dvan Konrat","@id":"https:\/\/www.esin.av.tr\/tr\/#\/schema\/person\/42c8e616aab56b8622fa365ad63282ae"},"headline":"\u0130\u015f S\u00f6zle\u015fmelerinde TL\u2019ye Ge\u00e7i\u015fin Detaylar\u0131 Belli Oldu","datePublished":"2018-10-17T10:43:26+00:00","dateModified":"2022-06-09T12:21:25+00:00","mainEntityOfPage":{"@id":"https:\/\/www.esin.av.tr\/tr\/2018\/10\/17\/is-sozlesmelerinde-tlye-gecisin-detaylari-belli-oldu\/"},"wordCount":490,"publisher":{"@id":"https:\/\/www.esin.av.tr\/tr\/#organization"},"keywords":["\u0130\u015f Hukuku"],"articleSection":["Hukuk B\u00fcltenleri"],"inLanguage":"tr"},{"@type":"WebPage","@id":"https:\/\/www.esin.av.tr\/tr\/2018\/10\/17\/is-sozlesmelerinde-tlye-gecisin-detaylari-belli-oldu\/","url":"https:\/\/www.esin.av.tr\/tr\/2018\/10\/17\/is-sozlesmelerinde-tlye-gecisin-detaylari-belli-oldu\/","name":"\u0130\u015f S\u00f6zle\u015fmelerinde TL\u2019ye Ge\u00e7i\u015fin Detaylar\u0131 Belli Oldu","isPartOf":{"@id":"https:\/\/www.esin.av.tr\/tr\/#website"},"datePublished":"2018-10-17T10:43:26+00:00","dateModified":"2022-06-09T12:21:25+00:00","description":"Yeni Geli\u015fme Hazine ve Maliye Bakanl\u0131\u011f\u0131 (\u201cBakanl\u0131k\u201d) d\u00f6viz cinsinden ve d\u00f6vize endeksli s\u00f6zle\u015fmeler hakk\u0131nda bir bas\u0131n duyurusu yay\u0131nlayarak uygulamaya","breadcrumb":{"@id":"https:\/\/www.esin.av.tr\/tr\/2018\/10\/17\/is-sozlesmelerinde-tlye-gecisin-detaylari-belli-oldu\/#breadcrumb"},"inLanguage":"tr","potentialAction":[{"@type":"ReadAction","target":["https:\/\/www.esin.av.tr\/tr\/2018\/10\/17\/is-sozlesmelerinde-tlye-gecisin-detaylari-belli-oldu\/"]}]},{"@type":"BreadcrumbList","@id":"https:\/\/www.esin.av.tr\/tr\/2018\/10\/17\/is-sozlesmelerinde-tlye-gecisin-detaylari-belli-oldu\/#breadcrumb","itemListElement":[{"@type":"ListItem","position":1,"name":"Home","item":"https:\/\/www.esin.av.tr\/tr\/"},{"@type":"ListItem","position":2,"name":"\u0130\u015f S\u00f6zle\u015fmelerinde TL\u2019ye Ge\u00e7i\u015fin Detaylar\u0131 Belli Oldu"}]},{"@type":"WebSite","@id":"https:\/\/www.esin.av.tr\/tr\/#website","url":"https:\/\/www.esin.av.tr\/tr\/","name":"Esin Avukatl\u0131k Ortakl\u0131\u011f\u0131","description":"","publisher":{"@id":"https:\/\/www.esin.av.tr\/tr\/#organization"},"potentialAction":[{"@type":"SearchAction","target":{"@type":"EntryPoint","urlTemplate":"https:\/\/www.esin.av.tr\/tr\/?s={search_term_string}"},"query-input":{"@type":"PropertyValueSpecification","valueRequired":true,"valueName":"search_term_string"}}],"inLanguage":"tr"},{"@type":"Organization","@id":"https:\/\/www.esin.av.tr\/tr\/#organization","name":"Esin Avukatl\u0131k Ortakl\u0131\u011f\u0131","url":"https:\/\/www.esin.av.tr\/tr\/","logo":{"@type":"ImageObject","inLanguage":"tr","@id":"https:\/\/www.esin.av.tr\/tr\/#\/schema\/logo\/image\/","url":"https:\/\/www.esin.av.tr\/wp-content\/uploads\/2021\/09\/esin-2.jpg","contentUrl":"https:\/\/www.esin.av.tr\/wp-content\/uploads\/2021\/09\/esin-2.jpg","width":800,"height":460,"caption":"Esin Avukatl\u0131k Ortakl\u0131\u011f\u0131"},"image":{"@id":"https:\/\/www.esin.av.tr\/tr\/#\/schema\/logo\/image\/"}},{"@type":"Person","@id":"https:\/\/www.esin.av.tr\/tr\/#\/schema\/person\/42c8e616aab56b8622fa365ad63282ae","name":"R\u0131dvan Konrat","image":{"@type":"ImageObject","inLanguage":"tr","@id":"https:\/\/www.esin.av.tr\/tr\/#\/schema\/person\/image\/","url":"https:\/\/secure.gravatar.com\/avatar\/b20c6c583be38ed4e76e32f69fccc676?s=96&d=mm&r=g","contentUrl":"https:\/\/secure.gravatar.com\/avatar\/b20c6c583be38ed4e76e32f69fccc676?s=96&d=mm&r=g","caption":"R\u0131dvan Konrat"},"sameAs":["http:\/\/www.esin.av.tr"],"url":"https:\/\/www.esin.av.tr\/tr\/author\/rkonrat\/"}]}},"_links":{"self":[{"href":"https:\/\/www.esin.av.tr\/tr\/wp-json\/wp\/v2\/posts\/14560","targetHints":{"allow":["GET"]}}],"collection":[{"href":"https:\/\/www.esin.av.tr\/tr\/wp-json\/wp\/v2\/posts"}],"about":[{"href":"https:\/\/www.esin.av.tr\/tr\/wp-json\/wp\/v2\/types\/post"}],"author":[{"embeddable":true,"href":"https:\/\/www.esin.av.tr\/tr\/wp-json\/wp\/v2\/users\/4"}],"replies":[{"embeddable":true,"href":"https:\/\/www.esin.av.tr\/tr\/wp-json\/wp\/v2\/comments?post=14560"}],"version-history":[{"count":1,"href":"https:\/\/www.esin.av.tr\/tr\/wp-json\/wp\/v2\/posts\/14560\/revisions"}],"predecessor-version":[{"id":15652,"href":"https:\/\/www.esin.av.tr\/tr\/wp-json\/wp\/v2\/posts\/14560\/revisions\/15652"}],"wp:attachment":[{"href":"https:\/\/www.esin.av.tr\/tr\/wp-json\/wp\/v2\/media?parent=14560"}],"wp:term":[{"taxonomy":"category","embeddable":true,"href":"https:\/\/www.esin.av.tr\/tr\/wp-json\/wp\/v2\/categories?post=14560"},{"taxonomy":"post_tag","embeddable":true,"href":"https:\/\/www.esin.av.tr\/tr\/wp-json\/wp\/v2\/tags?post=14560"}],"curies":[{"name":"wp","href":"https:\/\/api.w.org\/{rel}","templated":true}]}}