{"id":14557,"date":"2018-10-23T12:50:49","date_gmt":"2018-10-23T12:50:49","guid":{"rendered":"http:\/\/upt.esin.av.tr\/2018\/10\/23\/cevre-etiketi-yonetmeligi-yayimlandi\/"},"modified":"2022-06-09T12:22:16","modified_gmt":"2022-06-09T12:22:16","slug":"cevre-etiketi-yonetmeligi-yayimlandi","status":"publish","type":"post","link":"https:\/\/www.esin.av.tr\/tr\/2018\/10\/23\/cevre-etiketi-yonetmeligi-yayimlandi\/","title":{"rendered":"\u00c7evre Etiketi Y\u00f6netmeli\u011fi Yay\u0131mland\u0131"},"content":{"rendered":"<p><strong>Yeni Geli\u015fme<\/strong><\/p>\n<p>\u00c7evre Etiketi Y\u00f6netmeli\u011fi (<strong>&#8220;Y\u00f6netmelik&#8221;<\/strong>) \u00c7evre ve \u015eehircilik Bakanl\u0131\u011f\u0131 (<strong>&#8220;Bakanl\u0131k&#8221;<\/strong>) taraf\u0131ndan 19 Ekim 2018 tarihinde Resmi Gazete&#8217;de yay\u0131mlanarak y\u00fcr\u00fcrl\u00fc\u011fe girdi. Y\u00f6netmelik, \u00e7evresel etkileri azalt\u0131lm\u0131\u015f \u00fcr\u00fcn veya hizmetleri te\u015fvik etmek i\u00e7in bu \u00fcr\u00fcnlere yerle\u015ftirilecek \u00e7evre etiketine ili\u015fkin idari ve teknik hususlar ile bu sistemin uygulanmas\u0131na ili\u015fkin usul ve esaslar\u0131 d\u00fczenliyor.<\/p>\n<p><strong>Y\u00f6netmelik Neler Getiriyor?<\/strong><\/p>\n<p>Y\u00f6netmelik ile olu\u015fturulan \u00e7evre etiketi sistemi; \u00fcr\u00fcn veya hizmetlerin \u00fcretim, kullan\u0131m, t\u00fcketim, geri d\u00f6n\u00fc\u015f\u00fcm gibi ya\u015fam d\u00f6ng\u00fcs\u00fcn\u00fcn b\u00fct\u00fcn evrelerinde, ekosistemlerin bozulmas\u0131n\u0131 \u00f6nlemeyi ve do\u011fal kaynaklar\u0131n t\u00fcketiminde \u00e7evre, do\u011fal ya\u015fam, iklim ve insan \u00fczerindeki olumsuz etkileri azaltmay\u0131 ama\u00e7l\u0131yor.<\/p>\n<p>\u00c7evre etiketi kullan\u0131m\u0131 g\u00f6n\u00fcll\u00fck esas\u0131na dayal\u0131 olacak. Bu do\u011frultuda \u00fcreticiler, imalat\u00e7\u0131lar, ihracat\u00e7\u0131lar, ithalat\u00e7\u0131lar, hizmet sa\u011flay\u0131c\u0131lar, toptanc\u0131 ve perakende sat\u0131c\u0131lar, T\u00fcrkiye\u2019de \u00fcretilen, da\u011f\u0131t\u0131lan, ihra\u00e7 edilen veya ithalat yoluyla piyasaya sunulan \u00fcr\u00fcn veya hizmetlerinde bu \u00fcr\u00fcn ve hizmetlerin \u00e7evreye duyarl\u0131 ve \u00e7evre dostu oldu\u011funu g\u00f6steren \u00e7evre etiketi kullanabilecek.<\/p>\n<p>\u00dcr\u00fcn ve hizmetlerine \u00e7evre etiketi yerle\u015ftirmek isteyen \u015firketlerin ba\u015fvuru dilek\u00e7esi, ba\u015fvuru yap\u0131lacak \u00fcr\u00fcn veya hizmet ve \u015firketin tan\u0131t\u0131m\u0131na ili\u015fkin bilgi ve belgeler ile Y\u00f6netmelik&#8217;te say\u0131lan veya Bakanl\u0131k&#8217;\u0131n talep etti\u011fi di\u011fer belgeler ile birlikte Bakanl\u0131k&#8217;a ba\u015fvuruda bulunmas\u0131 gerekiyor. Ba\u015fvuru sahibi, ba\u015fvurusu onayland\u0131ktan sonra Bakanl\u0131k ile imzalayaca\u011f\u0131 s\u00f6zle\u015fme kapsam\u0131nda &#8220;\u00e7evre etiketi kullan\u0131c\u0131s\u0131&#8221; say\u0131lacak. \u00c7evre etiketi 4 y\u0131l s\u00fcre ile verilecek, \u00e7evre etiketi kullan\u0131c\u0131s\u0131n\u0131n ba\u015fvurmas\u0131 halinde bu s\u00fcre uzat\u0131labilecek.<\/p>\n<p>\u00c7evre etiketinin rengi, logosu, boyutlar\u0131, \u00fcr\u00fcn grubu,\u00a0kriter\u00a0ve tescil bilgilerinin etiketi \u00fczerinde konumland\u0131r\u0131lmas\u0131na ili\u015fkin hususlar ise Bakanl\u0131k taraf\u0131ndan belirlenip ilan edilecek. Y\u00f6netmelik&#8217;e <u><a href=\"https:\/\/urldefense.proofpoint.com\/v2\/url?u=http-3A__esinxchange.com_collect_click.aspx-3Fu-3D_G1GTPto3VUEvjWxWvuFwjzZMLMHrP7GSpPDTBLmPR1wM4UNA6HgVhwVWZS10qLEdn-2Ba2QNhaK7UnfYE0wV_AA-3D-3D-26rh-3Dff0042472baacfb23240d1fcf044b9587ea71663&amp;d=DwMFaQ&amp;c=ptMoEJ5oTofwe4L9tBtGCQ&amp;r=G30VoJFPGz_Ir3aMyzsuwp-RUctbhKuQyecMIB0EBsk&amp;m=SPWqthEsF_hz8mTVSipQN8ukLhAa2buxYCI31sk7v24&amp;s=NhxWLF3SJ8vp-3Sm3DYnU8bLMkbZrXfdfsC_-wQ0Tfg&amp;e=\">buradan<\/a><\/u> ula\u015fabilirsiniz.<\/p>\n<p><strong>Sonu\u00e7<\/strong><\/p>\n<p>Bakanl\u0131k do\u011fal ya\u015fam\u0131n ve halk sa\u011fl\u0131\u011f\u0131n\u0131n korunmas\u0131 ve bu do\u011frultuda t\u00fcketicilerin bilin\u00e7lendirilmesine y\u00f6nelik \u00e7al\u0131\u015fmalar\u0131na devam ediyor. Bakanl\u0131k \u00e7evre etiketi ile t\u00fcketicilerin \u00e7evre dostu \u00fcr\u00fcnleri ay\u0131rt edebilmesini sa\u011flamay\u0131 ve bu \u00fcr\u00fcnlerin t\u00fcketimini te\u015fvik etmeyi ama\u00e7l\u0131yor. \u00a0T\u00fcrkiye&#8217;de sundu\u011fu \u00fcr\u00fcn ve hizmetlerde \u00e7evre etiketi kullanmak isteyen \u015firketler bu f\u0131rsat\u0131 dikkatlice de\u011ferlendirmeli, Y\u00f6netmelik&#8217;te \u00f6ng\u00f6r\u00fclen gereklilikleri g\u00f6zden ge\u00e7irmeli, izlenmesi gereken usul ve esaslara uygun olarak Bakanl\u0131k&#8217;a ba\u015fvuruda bulunmal\u0131d\u0131r.<\/p>\n","protected":false},"excerpt":{"rendered":"<p>Yeni Geli\u015fme \u00c7evre Etiketi Y\u00f6netmeli\u011fi (&#8220;Y\u00f6netmelik&#8221;) \u00c7evre ve \u015eehircilik Bakanl\u0131\u011f\u0131 (&#8220;Bakanl\u0131k&#8221;) taraf\u0131ndan 19 Ekim 2018 tarihinde Resmi Gazete&#8217;de yay\u0131mlanarak y\u00fcr\u00fcrl\u00fc\u011fe [&hellip;]<\/p>\n","protected":false},"author":4,"featured_media":0,"comment_status":"closed","ping_status":"closed","sticky":false,"template":"","format":"standard","meta":{"_acf_changed":false,"_stopmodifiedupdate":false,"_modified_date":"","footnotes":""},"categories":[120],"tags":[94],"class_list":["post-14557","post","type-post","status-publish","format-standard","hentry","category-legal-alerts","tag-international-commercial-and-trade-tr"],"acf":[],"yoast_head":"<!-- This site is optimized with the Yoast SEO plugin v24.0 - https:\/\/yoast.com\/wordpress\/plugins\/seo\/ -->\n<title>\u00c7evre Etiketi Y\u00f6netmeli\u011fi Yay\u0131mland\u0131<\/title>\n<meta name=\"description\" content=\"Yeni Geli\u015fme \u00c7evre Etiketi Y\u00f6netmeli\u011fi (&quot;Y\u00f6netmelik&quot;) \u00c7evre ve \u015eehircilik Bakanl\u0131\u011f\u0131 (&quot;Bakanl\u0131k&quot;) taraf\u0131ndan 19 Ekim 2018 tarihinde Resmi Gazete&#039;de\" \/>\n<meta name=\"robots\" content=\"index, follow, max-snippet:-1, max-image-preview:large, max-video-preview:-1\" \/>\n<link rel=\"canonical\" href=\"https:\/\/www.esin.av.tr\/tr\/2018\/10\/23\/cevre-etiketi-yonetmeligi-yayimlandi\/\" \/>\n<meta property=\"og:locale\" content=\"tr_TR\" \/>\n<meta property=\"og:type\" content=\"article\" \/>\n<meta property=\"og:title\" content=\"\u00c7evre Etiketi Y\u00f6netmeli\u011fi Yay\u0131mland\u0131\" \/>\n<meta property=\"og:description\" content=\"Yeni Geli\u015fme \u00c7evre Etiketi Y\u00f6netmeli\u011fi (&quot;Y\u00f6netmelik&quot;) \u00c7evre ve \u015eehircilik Bakanl\u0131\u011f\u0131 (&quot;Bakanl\u0131k&quot;) taraf\u0131ndan 19 Ekim 2018 tarihinde Resmi Gazete&#039;de\" \/>\n<meta property=\"og:url\" content=\"https:\/\/www.esin.av.tr\/tr\/2018\/10\/23\/cevre-etiketi-yonetmeligi-yayimlandi\/\" \/>\n<meta property=\"og:site_name\" content=\"Esin Avukatl\u0131k Ortakl\u0131\u011f\u0131\" \/>\n<meta property=\"article:published_time\" content=\"2018-10-23T12:50:49+00:00\" \/>\n<meta property=\"article:modified_time\" content=\"2022-06-09T12:22:16+00:00\" \/>\n<meta name=\"author\" content=\"R\u0131dvan Konrat\" \/>\n<meta name=\"twitter:card\" content=\"summary_large_image\" \/>\n<meta name=\"twitter:label1\" content=\"Written by\" \/>\n\t<meta name=\"twitter:data1\" content=\"R\u0131dvan Konrat\" \/>\n\t<meta name=\"twitter:label2\" content=\"Est. reading time\" \/>\n\t<meta name=\"twitter:data2\" content=\"2 minutes\" \/>\n<script type=\"application\/ld+json\" class=\"yoast-schema-graph\">{\"@context\":\"https:\/\/schema.org\",\"@graph\":[{\"@type\":\"Article\",\"@id\":\"https:\/\/www.esin.av.tr\/tr\/2018\/10\/23\/cevre-etiketi-yonetmeligi-yayimlandi\/#article\",\"isPartOf\":{\"@id\":\"https:\/\/www.esin.av.tr\/tr\/2018\/10\/23\/cevre-etiketi-yonetmeligi-yayimlandi\/\"},\"author\":{\"name\":\"R\u0131dvan Konrat\",\"@id\":\"https:\/\/www.esin.av.tr\/tr\/#\/schema\/person\/42c8e616aab56b8622fa365ad63282ae\"},\"headline\":\"\u00c7evre Etiketi Y\u00f6netmeli\u011fi Yay\u0131mland\u0131\",\"datePublished\":\"2018-10-23T12:50:49+00:00\",\"dateModified\":\"2022-06-09T12:22:16+00:00\",\"mainEntityOfPage\":{\"@id\":\"https:\/\/www.esin.av.tr\/tr\/2018\/10\/23\/cevre-etiketi-yonetmeligi-yayimlandi\/\"},\"wordCount\":452,\"publisher\":{\"@id\":\"https:\/\/www.esin.av.tr\/tr\/#organization\"},\"keywords\":[\"Uluslararas\u0131 Ticaret Hukuku\"],\"articleSection\":[\"Hukuk B\u00fcltenleri\"],\"inLanguage\":\"tr\"},{\"@type\":\"WebPage\",\"@id\":\"https:\/\/www.esin.av.tr\/tr\/2018\/10\/23\/cevre-etiketi-yonetmeligi-yayimlandi\/\",\"url\":\"https:\/\/www.esin.av.tr\/tr\/2018\/10\/23\/cevre-etiketi-yonetmeligi-yayimlandi\/\",\"name\":\"\u00c7evre Etiketi Y\u00f6netmeli\u011fi Yay\u0131mland\u0131\",\"isPartOf\":{\"@id\":\"https:\/\/www.esin.av.tr\/tr\/#website\"},\"datePublished\":\"2018-10-23T12:50:49+00:00\",\"dateModified\":\"2022-06-09T12:22:16+00:00\",\"description\":\"Yeni Geli\u015fme \u00c7evre Etiketi Y\u00f6netmeli\u011fi (\\\"Y\u00f6netmelik\\\") \u00c7evre ve \u015eehircilik Bakanl\u0131\u011f\u0131 (\\\"Bakanl\u0131k\\\") taraf\u0131ndan 19 Ekim 2018 tarihinde Resmi Gazete'de\",\"breadcrumb\":{\"@id\":\"https:\/\/www.esin.av.tr\/tr\/2018\/10\/23\/cevre-etiketi-yonetmeligi-yayimlandi\/#breadcrumb\"},\"inLanguage\":\"tr\",\"potentialAction\":[{\"@type\":\"ReadAction\",\"target\":[\"https:\/\/www.esin.av.tr\/tr\/2018\/10\/23\/cevre-etiketi-yonetmeligi-yayimlandi\/\"]}]},{\"@type\":\"BreadcrumbList\",\"@id\":\"https:\/\/www.esin.av.tr\/tr\/2018\/10\/23\/cevre-etiketi-yonetmeligi-yayimlandi\/#breadcrumb\",\"itemListElement\":[{\"@type\":\"ListItem\",\"position\":1,\"name\":\"Home\",\"item\":\"https:\/\/www.esin.av.tr\/tr\/\"},{\"@type\":\"ListItem\",\"position\":2,\"name\":\"\u00c7evre Etiketi Y\u00f6netmeli\u011fi Yay\u0131mland\u0131\"}]},{\"@type\":\"WebSite\",\"@id\":\"https:\/\/www.esin.av.tr\/tr\/#website\",\"url\":\"https:\/\/www.esin.av.tr\/tr\/\",\"name\":\"Esin Avukatl\u0131k Ortakl\u0131\u011f\u0131\",\"description\":\"\",\"publisher\":{\"@id\":\"https:\/\/www.esin.av.tr\/tr\/#organization\"},\"potentialAction\":[{\"@type\":\"SearchAction\",\"target\":{\"@type\":\"EntryPoint\",\"urlTemplate\":\"https:\/\/www.esin.av.tr\/tr\/?s={search_term_string}\"},\"query-input\":{\"@type\":\"PropertyValueSpecification\",\"valueRequired\":true,\"valueName\":\"search_term_string\"}}],\"inLanguage\":\"tr\"},{\"@type\":\"Organization\",\"@id\":\"https:\/\/www.esin.av.tr\/tr\/#organization\",\"name\":\"Esin Avukatl\u0131k Ortakl\u0131\u011f\u0131\",\"url\":\"https:\/\/www.esin.av.tr\/tr\/\",\"logo\":{\"@type\":\"ImageObject\",\"inLanguage\":\"tr\",\"@id\":\"https:\/\/www.esin.av.tr\/tr\/#\/schema\/logo\/image\/\",\"url\":\"https:\/\/www.esin.av.tr\/wp-content\/uploads\/2021\/09\/esin-2.jpg\",\"contentUrl\":\"https:\/\/www.esin.av.tr\/wp-content\/uploads\/2021\/09\/esin-2.jpg\",\"width\":800,\"height\":460,\"caption\":\"Esin Avukatl\u0131k Ortakl\u0131\u011f\u0131\"},\"image\":{\"@id\":\"https:\/\/www.esin.av.tr\/tr\/#\/schema\/logo\/image\/\"}},{\"@type\":\"Person\",\"@id\":\"https:\/\/www.esin.av.tr\/tr\/#\/schema\/person\/42c8e616aab56b8622fa365ad63282ae\",\"name\":\"R\u0131dvan Konrat\",\"image\":{\"@type\":\"ImageObject\",\"inLanguage\":\"tr\",\"@id\":\"https:\/\/www.esin.av.tr\/tr\/#\/schema\/person\/image\/\",\"url\":\"https:\/\/secure.gravatar.com\/avatar\/b20c6c583be38ed4e76e32f69fccc676?s=96&d=mm&r=g\",\"contentUrl\":\"https:\/\/secure.gravatar.com\/avatar\/b20c6c583be38ed4e76e32f69fccc676?s=96&d=mm&r=g\",\"caption\":\"R\u0131dvan Konrat\"},\"sameAs\":[\"http:\/\/www.esin.av.tr\"],\"url\":\"https:\/\/www.esin.av.tr\/tr\/author\/rkonrat\/\"}]}<\/script>\n<!-- \/ Yoast SEO plugin. -->","yoast_head_json":{"title":"\u00c7evre Etiketi Y\u00f6netmeli\u011fi Yay\u0131mland\u0131","description":"Yeni Geli\u015fme \u00c7evre Etiketi Y\u00f6netmeli\u011fi (\"Y\u00f6netmelik\") \u00c7evre ve \u015eehircilik Bakanl\u0131\u011f\u0131 (\"Bakanl\u0131k\") taraf\u0131ndan 19 Ekim 2018 tarihinde Resmi Gazete'de","robots":{"index":"index","follow":"follow","max-snippet":"max-snippet:-1","max-image-preview":"max-image-preview:large","max-video-preview":"max-video-preview:-1"},"canonical":"https:\/\/www.esin.av.tr\/tr\/2018\/10\/23\/cevre-etiketi-yonetmeligi-yayimlandi\/","og_locale":"tr_TR","og_type":"article","og_title":"\u00c7evre Etiketi Y\u00f6netmeli\u011fi Yay\u0131mland\u0131","og_description":"Yeni Geli\u015fme \u00c7evre Etiketi Y\u00f6netmeli\u011fi (\"Y\u00f6netmelik\") \u00c7evre ve \u015eehircilik Bakanl\u0131\u011f\u0131 (\"Bakanl\u0131k\") taraf\u0131ndan 19 Ekim 2018 tarihinde Resmi Gazete'de","og_url":"https:\/\/www.esin.av.tr\/tr\/2018\/10\/23\/cevre-etiketi-yonetmeligi-yayimlandi\/","og_site_name":"Esin Avukatl\u0131k Ortakl\u0131\u011f\u0131","article_published_time":"2018-10-23T12:50:49+00:00","article_modified_time":"2022-06-09T12:22:16+00:00","author":"R\u0131dvan Konrat","twitter_card":"summary_large_image","twitter_misc":{"Written by":"R\u0131dvan Konrat","Est. reading time":"2 minutes"},"schema":{"@context":"https:\/\/schema.org","@graph":[{"@type":"Article","@id":"https:\/\/www.esin.av.tr\/tr\/2018\/10\/23\/cevre-etiketi-yonetmeligi-yayimlandi\/#article","isPartOf":{"@id":"https:\/\/www.esin.av.tr\/tr\/2018\/10\/23\/cevre-etiketi-yonetmeligi-yayimlandi\/"},"author":{"name":"R\u0131dvan Konrat","@id":"https:\/\/www.esin.av.tr\/tr\/#\/schema\/person\/42c8e616aab56b8622fa365ad63282ae"},"headline":"\u00c7evre Etiketi Y\u00f6netmeli\u011fi Yay\u0131mland\u0131","datePublished":"2018-10-23T12:50:49+00:00","dateModified":"2022-06-09T12:22:16+00:00","mainEntityOfPage":{"@id":"https:\/\/www.esin.av.tr\/tr\/2018\/10\/23\/cevre-etiketi-yonetmeligi-yayimlandi\/"},"wordCount":452,"publisher":{"@id":"https:\/\/www.esin.av.tr\/tr\/#organization"},"keywords":["Uluslararas\u0131 Ticaret Hukuku"],"articleSection":["Hukuk B\u00fcltenleri"],"inLanguage":"tr"},{"@type":"WebPage","@id":"https:\/\/www.esin.av.tr\/tr\/2018\/10\/23\/cevre-etiketi-yonetmeligi-yayimlandi\/","url":"https:\/\/www.esin.av.tr\/tr\/2018\/10\/23\/cevre-etiketi-yonetmeligi-yayimlandi\/","name":"\u00c7evre Etiketi Y\u00f6netmeli\u011fi Yay\u0131mland\u0131","isPartOf":{"@id":"https:\/\/www.esin.av.tr\/tr\/#website"},"datePublished":"2018-10-23T12:50:49+00:00","dateModified":"2022-06-09T12:22:16+00:00","description":"Yeni Geli\u015fme \u00c7evre Etiketi Y\u00f6netmeli\u011fi (\"Y\u00f6netmelik\") \u00c7evre ve \u015eehircilik Bakanl\u0131\u011f\u0131 (\"Bakanl\u0131k\") taraf\u0131ndan 19 Ekim 2018 tarihinde Resmi Gazete'de","breadcrumb":{"@id":"https:\/\/www.esin.av.tr\/tr\/2018\/10\/23\/cevre-etiketi-yonetmeligi-yayimlandi\/#breadcrumb"},"inLanguage":"tr","potentialAction":[{"@type":"ReadAction","target":["https:\/\/www.esin.av.tr\/tr\/2018\/10\/23\/cevre-etiketi-yonetmeligi-yayimlandi\/"]}]},{"@type":"BreadcrumbList","@id":"https:\/\/www.esin.av.tr\/tr\/2018\/10\/23\/cevre-etiketi-yonetmeligi-yayimlandi\/#breadcrumb","itemListElement":[{"@type":"ListItem","position":1,"name":"Home","item":"https:\/\/www.esin.av.tr\/tr\/"},{"@type":"ListItem","position":2,"name":"\u00c7evre Etiketi Y\u00f6netmeli\u011fi Yay\u0131mland\u0131"}]},{"@type":"WebSite","@id":"https:\/\/www.esin.av.tr\/tr\/#website","url":"https:\/\/www.esin.av.tr\/tr\/","name":"Esin Avukatl\u0131k Ortakl\u0131\u011f\u0131","description":"","publisher":{"@id":"https:\/\/www.esin.av.tr\/tr\/#organization"},"potentialAction":[{"@type":"SearchAction","target":{"@type":"EntryPoint","urlTemplate":"https:\/\/www.esin.av.tr\/tr\/?s={search_term_string}"},"query-input":{"@type":"PropertyValueSpecification","valueRequired":true,"valueName":"search_term_string"}}],"inLanguage":"tr"},{"@type":"Organization","@id":"https:\/\/www.esin.av.tr\/tr\/#organization","name":"Esin Avukatl\u0131k Ortakl\u0131\u011f\u0131","url":"https:\/\/www.esin.av.tr\/tr\/","logo":{"@type":"ImageObject","inLanguage":"tr","@id":"https:\/\/www.esin.av.tr\/tr\/#\/schema\/logo\/image\/","url":"https:\/\/www.esin.av.tr\/wp-content\/uploads\/2021\/09\/esin-2.jpg","contentUrl":"https:\/\/www.esin.av.tr\/wp-content\/uploads\/2021\/09\/esin-2.jpg","width":800,"height":460,"caption":"Esin Avukatl\u0131k Ortakl\u0131\u011f\u0131"},"image":{"@id":"https:\/\/www.esin.av.tr\/tr\/#\/schema\/logo\/image\/"}},{"@type":"Person","@id":"https:\/\/www.esin.av.tr\/tr\/#\/schema\/person\/42c8e616aab56b8622fa365ad63282ae","name":"R\u0131dvan Konrat","image":{"@type":"ImageObject","inLanguage":"tr","@id":"https:\/\/www.esin.av.tr\/tr\/#\/schema\/person\/image\/","url":"https:\/\/secure.gravatar.com\/avatar\/b20c6c583be38ed4e76e32f69fccc676?s=96&d=mm&r=g","contentUrl":"https:\/\/secure.gravatar.com\/avatar\/b20c6c583be38ed4e76e32f69fccc676?s=96&d=mm&r=g","caption":"R\u0131dvan Konrat"},"sameAs":["http:\/\/www.esin.av.tr"],"url":"https:\/\/www.esin.av.tr\/tr\/author\/rkonrat\/"}]}},"_links":{"self":[{"href":"https:\/\/www.esin.av.tr\/tr\/wp-json\/wp\/v2\/posts\/14557","targetHints":{"allow":["GET"]}}],"collection":[{"href":"https:\/\/www.esin.av.tr\/tr\/wp-json\/wp\/v2\/posts"}],"about":[{"href":"https:\/\/www.esin.av.tr\/tr\/wp-json\/wp\/v2\/types\/post"}],"author":[{"embeddable":true,"href":"https:\/\/www.esin.av.tr\/tr\/wp-json\/wp\/v2\/users\/4"}],"replies":[{"embeddable":true,"href":"https:\/\/www.esin.av.tr\/tr\/wp-json\/wp\/v2\/comments?post=14557"}],"version-history":[{"count":1,"href":"https:\/\/www.esin.av.tr\/tr\/wp-json\/wp\/v2\/posts\/14557\/revisions"}],"predecessor-version":[{"id":15649,"href":"https:\/\/www.esin.av.tr\/tr\/wp-json\/wp\/v2\/posts\/14557\/revisions\/15649"}],"wp:attachment":[{"href":"https:\/\/www.esin.av.tr\/tr\/wp-json\/wp\/v2\/media?parent=14557"}],"wp:term":[{"taxonomy":"category","embeddable":true,"href":"https:\/\/www.esin.av.tr\/tr\/wp-json\/wp\/v2\/categories?post=14557"},{"taxonomy":"post_tag","embeddable":true,"href":"https:\/\/www.esin.av.tr\/tr\/wp-json\/wp\/v2\/tags?post=14557"}],"curies":[{"name":"wp","href":"https:\/\/api.w.org\/{rel}","templated":true}]}}