{"id":14551,"date":"2018-11-05T08:37:33","date_gmt":"2018-11-05T08:37:33","guid":{"rendered":"http:\/\/upt.esin.av.tr\/2018\/11\/05\/imar-barisi-basvuru-suresi-uzatildi\/"},"modified":"2022-06-09T12:22:01","modified_gmt":"2022-06-09T12:22:01","slug":"imar-barisi-basvuru-suresi-uzatildi","status":"publish","type":"post","link":"https:\/\/www.esin.av.tr\/tr\/2018\/11\/05\/imar-barisi-basvuru-suresi-uzatildi\/","title":{"rendered":"\u0130mar Bar\u0131\u015f\u0131 Ba\u015fvuru S\u00fcresi Uzat\u0131ld\u0131"},"content":{"rendered":"<p><strong>Yeni Geli\u015fme<\/strong><\/p>\n<p>31.12.2017 Tarihinden \u00d6nce Yap\u0131lm\u0131\u015f Ruhsats\u0131z veya Ruhsat ve Eklerine Ayk\u0131r\u0131 Yap\u0131lar \u0130\u00e7in Yap\u0131 Kay\u0131t Belgesi Ba\u015fvuru S\u00fcresinin Uzat\u0131lmas\u0131na Dair 257 No.lu Karar (\u201c<strong>Karar<\/strong>\u201d) 31 Ekim 2018 tarihli ve 30581 say\u0131l\u0131 Resmi Gazete&#8217;de yay\u0131mland\u0131.<\/p>\n<p><strong>Karar Ne \u00d6ng\u00f6r\u00fcyor?<\/strong><\/p>\n<p>Karar \u00e7er\u00e7evesinde yap\u0131 kay\u0131t belgesi son ba\u015fvuru tarihi 31 Ekim 2018\u2019den 31 Aral\u0131k 2018\u2019e kadar uzat\u0131lm\u0131\u015ft\u0131r, ancak kay\u0131t bedelinin son \u00f6deme tarihi i\u00e7in (31 Aral\u0131k 2018) herhangi bir s\u00fcre uzat\u0131m\u0131 \u00f6ng\u00f6r\u00fclmemi\u015ftir.<\/p>\n<p><strong>Sonu\u00e7<\/strong><\/p>\n<p>Ruhsats\u0131z, ruhsat\u0131na ve eklerine veya imar mevzuat\u0131na ayk\u0131r\u0131 olarak in\u015fa edilen yap\u0131lara sahip ki\u015filer ya da \u015firketler, hen\u00fcz yap\u0131 kay\u0131t belgesi i\u00e7in ba\u015fvuruda bulunmad\u0131larsa, 31 Aral\u0131k 2018 tarihine kadar imar bar\u0131\u015f\u0131ndan yararlanmak i\u00e7in ba\u015fvuruda bulunabilirler.<\/p>\n","protected":false},"excerpt":{"rendered":"<p>Yeni Geli\u015fme 31.12.2017 Tarihinden \u00d6nce Yap\u0131lm\u0131\u015f Ruhsats\u0131z veya Ruhsat ve Eklerine Ayk\u0131r\u0131 Yap\u0131lar \u0130\u00e7in Yap\u0131 Kay\u0131t Belgesi Ba\u015fvuru S\u00fcresinin Uzat\u0131lmas\u0131na [&hellip;]<\/p>\n","protected":false},"author":4,"featured_media":0,"comment_status":"closed","ping_status":"closed","sticky":false,"template":"","format":"standard","meta":{"_acf_changed":false,"_stopmodifiedupdate":false,"_modified_date":"","footnotes":""},"categories":[120],"tags":[100],"class_list":["post-14551","post","type-post","status-publish","format-standard","hentry","category-legal-alerts","tag-real-estate-tr"],"acf":[],"yoast_head":"<!-- This site is optimized with the Yoast SEO plugin v24.0 - https:\/\/yoast.com\/wordpress\/plugins\/seo\/ -->\n<title>\u0130mar Bar\u0131\u015f\u0131 Ba\u015fvuru S\u00fcresi Uzat\u0131ld\u0131<\/title>\n<meta name=\"description\" content=\"Yeni Geli\u015fme 31.12.2017 Tarihinden \u00d6nce Yap\u0131lm\u0131\u015f Ruhsats\u0131z veya Ruhsat ve Eklerine Ayk\u0131r\u0131 Yap\u0131lar \u0130\u00e7in Yap\u0131 Kay\u0131t Belgesi Ba\u015fvuru S\u00fcresinin Uzat\u0131lmas\u0131na\" \/>\n<meta name=\"robots\" content=\"index, follow, max-snippet:-1, max-image-preview:large, max-video-preview:-1\" \/>\n<link rel=\"canonical\" href=\"https:\/\/www.esin.av.tr\/tr\/2018\/11\/05\/imar-barisi-basvuru-suresi-uzatildi\/\" \/>\n<meta property=\"og:locale\" content=\"tr_TR\" \/>\n<meta property=\"og:type\" content=\"article\" \/>\n<meta property=\"og:title\" content=\"\u0130mar Bar\u0131\u015f\u0131 Ba\u015fvuru S\u00fcresi Uzat\u0131ld\u0131\" \/>\n<meta property=\"og:description\" content=\"Yeni Geli\u015fme 31.12.2017 Tarihinden \u00d6nce Yap\u0131lm\u0131\u015f Ruhsats\u0131z veya Ruhsat ve Eklerine Ayk\u0131r\u0131 Yap\u0131lar \u0130\u00e7in Yap\u0131 Kay\u0131t Belgesi Ba\u015fvuru S\u00fcresinin Uzat\u0131lmas\u0131na\" \/>\n<meta property=\"og:url\" content=\"https:\/\/www.esin.av.tr\/tr\/2018\/11\/05\/imar-barisi-basvuru-suresi-uzatildi\/\" \/>\n<meta property=\"og:site_name\" content=\"Esin Avukatl\u0131k Ortakl\u0131\u011f\u0131\" \/>\n<meta property=\"article:published_time\" content=\"2018-11-05T08:37:33+00:00\" \/>\n<meta property=\"article:modified_time\" content=\"2022-06-09T12:22:01+00:00\" \/>\n<meta name=\"author\" content=\"R\u0131dvan Konrat\" \/>\n<meta name=\"twitter:card\" content=\"summary_large_image\" \/>\n<meta name=\"twitter:label1\" content=\"Written by\" \/>\n\t<meta name=\"twitter:data1\" content=\"R\u0131dvan Konrat\" \/>\n\t<meta name=\"twitter:label2\" content=\"Est. reading time\" \/>\n\t<meta name=\"twitter:data2\" content=\"1 minute\" \/>\n<script type=\"application\/ld+json\" class=\"yoast-schema-graph\">{\"@context\":\"https:\/\/schema.org\",\"@graph\":[{\"@type\":\"Article\",\"@id\":\"https:\/\/www.esin.av.tr\/tr\/2018\/11\/05\/imar-barisi-basvuru-suresi-uzatildi\/#article\",\"isPartOf\":{\"@id\":\"https:\/\/www.esin.av.tr\/tr\/2018\/11\/05\/imar-barisi-basvuru-suresi-uzatildi\/\"},\"author\":{\"name\":\"R\u0131dvan Konrat\",\"@id\":\"https:\/\/www.esin.av.tr\/tr\/#\/schema\/person\/42c8e616aab56b8622fa365ad63282ae\"},\"headline\":\"\u0130mar Bar\u0131\u015f\u0131 Ba\u015fvuru S\u00fcresi Uzat\u0131ld\u0131\",\"datePublished\":\"2018-11-05T08:37:33+00:00\",\"dateModified\":\"2022-06-09T12:22:01+00:00\",\"mainEntityOfPage\":{\"@id\":\"https:\/\/www.esin.av.tr\/tr\/2018\/11\/05\/imar-barisi-basvuru-suresi-uzatildi\/\"},\"wordCount\":149,\"publisher\":{\"@id\":\"https:\/\/www.esin.av.tr\/tr\/#organization\"},\"keywords\":[\"Gayrimenkul Hukuku\"],\"articleSection\":[\"Hukuk B\u00fcltenleri\"],\"inLanguage\":\"tr\"},{\"@type\":\"WebPage\",\"@id\":\"https:\/\/www.esin.av.tr\/tr\/2018\/11\/05\/imar-barisi-basvuru-suresi-uzatildi\/\",\"url\":\"https:\/\/www.esin.av.tr\/tr\/2018\/11\/05\/imar-barisi-basvuru-suresi-uzatildi\/\",\"name\":\"\u0130mar Bar\u0131\u015f\u0131 Ba\u015fvuru S\u00fcresi Uzat\u0131ld\u0131\",\"isPartOf\":{\"@id\":\"https:\/\/www.esin.av.tr\/tr\/#website\"},\"datePublished\":\"2018-11-05T08:37:33+00:00\",\"dateModified\":\"2022-06-09T12:22:01+00:00\",\"description\":\"Yeni Geli\u015fme 31.12.2017 Tarihinden \u00d6nce Yap\u0131lm\u0131\u015f Ruhsats\u0131z veya Ruhsat ve Eklerine Ayk\u0131r\u0131 Yap\u0131lar \u0130\u00e7in Yap\u0131 Kay\u0131t Belgesi Ba\u015fvuru S\u00fcresinin Uzat\u0131lmas\u0131na\",\"breadcrumb\":{\"@id\":\"https:\/\/www.esin.av.tr\/tr\/2018\/11\/05\/imar-barisi-basvuru-suresi-uzatildi\/#breadcrumb\"},\"inLanguage\":\"tr\",\"potentialAction\":[{\"@type\":\"ReadAction\",\"target\":[\"https:\/\/www.esin.av.tr\/tr\/2018\/11\/05\/imar-barisi-basvuru-suresi-uzatildi\/\"]}]},{\"@type\":\"BreadcrumbList\",\"@id\":\"https:\/\/www.esin.av.tr\/tr\/2018\/11\/05\/imar-barisi-basvuru-suresi-uzatildi\/#breadcrumb\",\"itemListElement\":[{\"@type\":\"ListItem\",\"position\":1,\"name\":\"Home\",\"item\":\"https:\/\/www.esin.av.tr\/tr\/\"},{\"@type\":\"ListItem\",\"position\":2,\"name\":\"\u0130mar Bar\u0131\u015f\u0131 Ba\u015fvuru S\u00fcresi Uzat\u0131ld\u0131\"}]},{\"@type\":\"WebSite\",\"@id\":\"https:\/\/www.esin.av.tr\/tr\/#website\",\"url\":\"https:\/\/www.esin.av.tr\/tr\/\",\"name\":\"Esin Avukatl\u0131k Ortakl\u0131\u011f\u0131\",\"description\":\"\",\"publisher\":{\"@id\":\"https:\/\/www.esin.av.tr\/tr\/#organization\"},\"potentialAction\":[{\"@type\":\"SearchAction\",\"target\":{\"@type\":\"EntryPoint\",\"urlTemplate\":\"https:\/\/www.esin.av.tr\/tr\/?s={search_term_string}\"},\"query-input\":{\"@type\":\"PropertyValueSpecification\",\"valueRequired\":true,\"valueName\":\"search_term_string\"}}],\"inLanguage\":\"tr\"},{\"@type\":\"Organization\",\"@id\":\"https:\/\/www.esin.av.tr\/tr\/#organization\",\"name\":\"Esin Avukatl\u0131k Ortakl\u0131\u011f\u0131\",\"url\":\"https:\/\/www.esin.av.tr\/tr\/\",\"logo\":{\"@type\":\"ImageObject\",\"inLanguage\":\"tr\",\"@id\":\"https:\/\/www.esin.av.tr\/tr\/#\/schema\/logo\/image\/\",\"url\":\"https:\/\/www.esin.av.tr\/wp-content\/uploads\/2021\/09\/esin-2.jpg\",\"contentUrl\":\"https:\/\/www.esin.av.tr\/wp-content\/uploads\/2021\/09\/esin-2.jpg\",\"width\":800,\"height\":460,\"caption\":\"Esin Avukatl\u0131k Ortakl\u0131\u011f\u0131\"},\"image\":{\"@id\":\"https:\/\/www.esin.av.tr\/tr\/#\/schema\/logo\/image\/\"}},{\"@type\":\"Person\",\"@id\":\"https:\/\/www.esin.av.tr\/tr\/#\/schema\/person\/42c8e616aab56b8622fa365ad63282ae\",\"name\":\"R\u0131dvan Konrat\",\"image\":{\"@type\":\"ImageObject\",\"inLanguage\":\"tr\",\"@id\":\"https:\/\/www.esin.av.tr\/tr\/#\/schema\/person\/image\/\",\"url\":\"https:\/\/secure.gravatar.com\/avatar\/b20c6c583be38ed4e76e32f69fccc676?s=96&d=mm&r=g\",\"contentUrl\":\"https:\/\/secure.gravatar.com\/avatar\/b20c6c583be38ed4e76e32f69fccc676?s=96&d=mm&r=g\",\"caption\":\"R\u0131dvan Konrat\"},\"sameAs\":[\"http:\/\/www.esin.av.tr\"],\"url\":\"https:\/\/www.esin.av.tr\/tr\/author\/rkonrat\/\"}]}<\/script>\n<!-- \/ Yoast SEO plugin. -->","yoast_head_json":{"title":"\u0130mar Bar\u0131\u015f\u0131 Ba\u015fvuru S\u00fcresi Uzat\u0131ld\u0131","description":"Yeni Geli\u015fme 31.12.2017 Tarihinden \u00d6nce Yap\u0131lm\u0131\u015f Ruhsats\u0131z veya Ruhsat ve Eklerine Ayk\u0131r\u0131 Yap\u0131lar \u0130\u00e7in Yap\u0131 Kay\u0131t Belgesi Ba\u015fvuru S\u00fcresinin Uzat\u0131lmas\u0131na","robots":{"index":"index","follow":"follow","max-snippet":"max-snippet:-1","max-image-preview":"max-image-preview:large","max-video-preview":"max-video-preview:-1"},"canonical":"https:\/\/www.esin.av.tr\/tr\/2018\/11\/05\/imar-barisi-basvuru-suresi-uzatildi\/","og_locale":"tr_TR","og_type":"article","og_title":"\u0130mar Bar\u0131\u015f\u0131 Ba\u015fvuru S\u00fcresi Uzat\u0131ld\u0131","og_description":"Yeni Geli\u015fme 31.12.2017 Tarihinden \u00d6nce Yap\u0131lm\u0131\u015f Ruhsats\u0131z veya Ruhsat ve Eklerine Ayk\u0131r\u0131 Yap\u0131lar \u0130\u00e7in Yap\u0131 Kay\u0131t Belgesi Ba\u015fvuru S\u00fcresinin Uzat\u0131lmas\u0131na","og_url":"https:\/\/www.esin.av.tr\/tr\/2018\/11\/05\/imar-barisi-basvuru-suresi-uzatildi\/","og_site_name":"Esin Avukatl\u0131k Ortakl\u0131\u011f\u0131","article_published_time":"2018-11-05T08:37:33+00:00","article_modified_time":"2022-06-09T12:22:01+00:00","author":"R\u0131dvan Konrat","twitter_card":"summary_large_image","twitter_misc":{"Written by":"R\u0131dvan Konrat","Est. reading time":"1 minute"},"schema":{"@context":"https:\/\/schema.org","@graph":[{"@type":"Article","@id":"https:\/\/www.esin.av.tr\/tr\/2018\/11\/05\/imar-barisi-basvuru-suresi-uzatildi\/#article","isPartOf":{"@id":"https:\/\/www.esin.av.tr\/tr\/2018\/11\/05\/imar-barisi-basvuru-suresi-uzatildi\/"},"author":{"name":"R\u0131dvan Konrat","@id":"https:\/\/www.esin.av.tr\/tr\/#\/schema\/person\/42c8e616aab56b8622fa365ad63282ae"},"headline":"\u0130mar Bar\u0131\u015f\u0131 Ba\u015fvuru S\u00fcresi Uzat\u0131ld\u0131","datePublished":"2018-11-05T08:37:33+00:00","dateModified":"2022-06-09T12:22:01+00:00","mainEntityOfPage":{"@id":"https:\/\/www.esin.av.tr\/tr\/2018\/11\/05\/imar-barisi-basvuru-suresi-uzatildi\/"},"wordCount":149,"publisher":{"@id":"https:\/\/www.esin.av.tr\/tr\/#organization"},"keywords":["Gayrimenkul Hukuku"],"articleSection":["Hukuk B\u00fcltenleri"],"inLanguage":"tr"},{"@type":"WebPage","@id":"https:\/\/www.esin.av.tr\/tr\/2018\/11\/05\/imar-barisi-basvuru-suresi-uzatildi\/","url":"https:\/\/www.esin.av.tr\/tr\/2018\/11\/05\/imar-barisi-basvuru-suresi-uzatildi\/","name":"\u0130mar Bar\u0131\u015f\u0131 Ba\u015fvuru S\u00fcresi Uzat\u0131ld\u0131","isPartOf":{"@id":"https:\/\/www.esin.av.tr\/tr\/#website"},"datePublished":"2018-11-05T08:37:33+00:00","dateModified":"2022-06-09T12:22:01+00:00","description":"Yeni Geli\u015fme 31.12.2017 Tarihinden \u00d6nce Yap\u0131lm\u0131\u015f Ruhsats\u0131z veya Ruhsat ve Eklerine Ayk\u0131r\u0131 Yap\u0131lar \u0130\u00e7in Yap\u0131 Kay\u0131t Belgesi Ba\u015fvuru S\u00fcresinin Uzat\u0131lmas\u0131na","breadcrumb":{"@id":"https:\/\/www.esin.av.tr\/tr\/2018\/11\/05\/imar-barisi-basvuru-suresi-uzatildi\/#breadcrumb"},"inLanguage":"tr","potentialAction":[{"@type":"ReadAction","target":["https:\/\/www.esin.av.tr\/tr\/2018\/11\/05\/imar-barisi-basvuru-suresi-uzatildi\/"]}]},{"@type":"BreadcrumbList","@id":"https:\/\/www.esin.av.tr\/tr\/2018\/11\/05\/imar-barisi-basvuru-suresi-uzatildi\/#breadcrumb","itemListElement":[{"@type":"ListItem","position":1,"name":"Home","item":"https:\/\/www.esin.av.tr\/tr\/"},{"@type":"ListItem","position":2,"name":"\u0130mar Bar\u0131\u015f\u0131 Ba\u015fvuru S\u00fcresi Uzat\u0131ld\u0131"}]},{"@type":"WebSite","@id":"https:\/\/www.esin.av.tr\/tr\/#website","url":"https:\/\/www.esin.av.tr\/tr\/","name":"Esin Avukatl\u0131k Ortakl\u0131\u011f\u0131","description":"","publisher":{"@id":"https:\/\/www.esin.av.tr\/tr\/#organization"},"potentialAction":[{"@type":"SearchAction","target":{"@type":"EntryPoint","urlTemplate":"https:\/\/www.esin.av.tr\/tr\/?s={search_term_string}"},"query-input":{"@type":"PropertyValueSpecification","valueRequired":true,"valueName":"search_term_string"}}],"inLanguage":"tr"},{"@type":"Organization","@id":"https:\/\/www.esin.av.tr\/tr\/#organization","name":"Esin Avukatl\u0131k Ortakl\u0131\u011f\u0131","url":"https:\/\/www.esin.av.tr\/tr\/","logo":{"@type":"ImageObject","inLanguage":"tr","@id":"https:\/\/www.esin.av.tr\/tr\/#\/schema\/logo\/image\/","url":"https:\/\/www.esin.av.tr\/wp-content\/uploads\/2021\/09\/esin-2.jpg","contentUrl":"https:\/\/www.esin.av.tr\/wp-content\/uploads\/2021\/09\/esin-2.jpg","width":800,"height":460,"caption":"Esin Avukatl\u0131k Ortakl\u0131\u011f\u0131"},"image":{"@id":"https:\/\/www.esin.av.tr\/tr\/#\/schema\/logo\/image\/"}},{"@type":"Person","@id":"https:\/\/www.esin.av.tr\/tr\/#\/schema\/person\/42c8e616aab56b8622fa365ad63282ae","name":"R\u0131dvan Konrat","image":{"@type":"ImageObject","inLanguage":"tr","@id":"https:\/\/www.esin.av.tr\/tr\/#\/schema\/person\/image\/","url":"https:\/\/secure.gravatar.com\/avatar\/b20c6c583be38ed4e76e32f69fccc676?s=96&d=mm&r=g","contentUrl":"https:\/\/secure.gravatar.com\/avatar\/b20c6c583be38ed4e76e32f69fccc676?s=96&d=mm&r=g","caption":"R\u0131dvan Konrat"},"sameAs":["http:\/\/www.esin.av.tr"],"url":"https:\/\/www.esin.av.tr\/tr\/author\/rkonrat\/"}]}},"_links":{"self":[{"href":"https:\/\/www.esin.av.tr\/tr\/wp-json\/wp\/v2\/posts\/14551","targetHints":{"allow":["GET"]}}],"collection":[{"href":"https:\/\/www.esin.av.tr\/tr\/wp-json\/wp\/v2\/posts"}],"about":[{"href":"https:\/\/www.esin.av.tr\/tr\/wp-json\/wp\/v2\/types\/post"}],"author":[{"embeddable":true,"href":"https:\/\/www.esin.av.tr\/tr\/wp-json\/wp\/v2\/users\/4"}],"replies":[{"embeddable":true,"href":"https:\/\/www.esin.av.tr\/tr\/wp-json\/wp\/v2\/comments?post=14551"}],"version-history":[{"count":2,"href":"https:\/\/www.esin.av.tr\/tr\/wp-json\/wp\/v2\/posts\/14551\/revisions"}],"predecessor-version":[{"id":16181,"href":"https:\/\/www.esin.av.tr\/tr\/wp-json\/wp\/v2\/posts\/14551\/revisions\/16181"}],"wp:attachment":[{"href":"https:\/\/www.esin.av.tr\/tr\/wp-json\/wp\/v2\/media?parent=14551"}],"wp:term":[{"taxonomy":"category","embeddable":true,"href":"https:\/\/www.esin.av.tr\/tr\/wp-json\/wp\/v2\/categories?post=14551"},{"taxonomy":"post_tag","embeddable":true,"href":"https:\/\/www.esin.av.tr\/tr\/wp-json\/wp\/v2\/tags?post=14551"}],"curies":[{"name":"wp","href":"https:\/\/api.w.org\/{rel}","templated":true}]}}