{"id":14544,"date":"2018-11-20T10:20:56","date_gmt":"2018-11-20T10:20:56","guid":{"rendered":"http:\/\/upt.esin.av.tr\/2018\/11\/20\/ozel-durum-aciklamalari-sadelestirildi\/"},"modified":"2022-06-09T12:24:02","modified_gmt":"2022-06-09T12:24:02","slug":"ozel-durum-aciklamalari-sadelestirildi","status":"publish","type":"post","link":"https:\/\/www.esin.av.tr\/tr\/2018\/11\/20\/ozel-durum-aciklamalari-sadelestirildi\/","title":{"rendered":"\u00d6zel Durum A\u00e7\u0131klamalar\u0131 Sadele\u015ftirildi"},"content":{"rendered":"<p><strong>Yeni Geli\u015fme<\/strong><\/p>\n<p>Sermaye Piyasas\u0131 Kurulu (\u201c<strong>SPK<\/strong>\u201d), II-15.1 say\u0131l\u0131 \u00d6zel Durumlar Tebli\u011fi&#8217;nde (\u201c<strong>Tebli\u011f<\/strong>\u201d) de\u011fi\u015fiklik yapt\u0131. Yap\u0131lan de\u011fi\u015fiklikler 17 Kas\u0131m 2018 tarih ve 30598 say\u0131l\u0131 Resmi Gazete\u2019de yay\u0131mlanarak y\u00fcr\u00fcrl\u00fc\u011fe girdi.<\/p>\n<p><strong>De\u011fi\u015fiklik Ne Getiriyor?<\/strong><\/p>\n<ul>\n<li>13 \u015eubat 2018 tarihinde Tebli\u011f\u2019de yap\u0131lan de\u011fi\u015fiklik kapsam\u0131nda, herhangi bir ki\u015finin, paylar\u0131 borsada i\u015flem g\u00f6ren \u015firketteki pay oran\u0131 belirli oranlara (%5, %10, %15, %20, %25, %33, %50, %67 veya %95) ula\u015f\u0131r, bu oranlar\u0131 a\u015far veya bu oranlar\u0131n alt\u0131na d\u00fc\u015ferse, bu duruma ili\u015fkin olarak hem ilgili pay sahibi, hem de Merkezi Kay\u0131t Kurulu\u015fu (\u201c<strong>MKK<\/strong>\u201d) taraf\u0131ndan a\u00e7\u0131klama yap\u0131laca\u011f\u0131 \u00f6ng\u00f6r\u00fclm\u00fc\u015ft\u00fc. Tebli\u011f\u2019de yap\u0131lan yeni de\u011fi\u015fiklik ile ilgili pay sahibinin pay oran\u0131n\u0131n bu oranlara ula\u015fmas\u0131, bu oranlar\u0131 a\u015fmas\u0131 veya ilgili oranlar\u0131n alt\u0131na d\u00fc\u015fmesi durumunda, a\u00e7\u0131klama yaln\u0131zca MKK taraf\u0131ndan yap\u0131lacak. Ancak, bu kural (i) birlikte hareket ederek, (ii) dolayl\u0131 olarak ya da (iii) oy haklar\u0131na ba\u011fl\u0131 olarak (oy s\u00f6zle\u015fmeleri vb. ile) s\u00f6z konusu oranlara ula\u015fanlara, bu oranlar\u0131 a\u015fanlara veya bu oranlar\u0131n alt\u0131na d\u00fc\u015fenlere uygulanmayacak. Dolay\u0131s\u0131yla bu t\u00fcr durumlarda MKK yerine, ilgili pay sahibinin kendisinin veya bu pay sahibi ile birlikte hareket eden ki\u015filerin, hissedarl\u0131klar\u0131ndaki de\u011fi\u015fikli\u011fi kendilerinin a\u00e7\u0131klamas\u0131 gerekecek.<\/li>\n<li>Daha \u00f6nce \u00f6zel durum a\u00e7\u0131klamas\u0131 ile kamuya duyurulan ve hen\u00fcz sonu\u00e7lanmam\u0131\u015f hususlara ili\u015fkin herhangi bir geli\u015fme olmam\u0131\u015fsa, altm\u0131\u015far g\u00fcnl\u00fck s\u00fcreler ile g\u00fcncelleme i\u00e7in \u00f6zel durum a\u00e7\u0131klamas\u0131 yapma zorunlulu\u011fu ise kald\u0131r\u0131ld\u0131. Bununla birlikte, a\u00e7\u0131klama yapmakla y\u00fck\u00fcml\u00fc ki\u015filerin s\u00f6z konusu hususlar hakk\u0131ndaki yeni geli\u015fmelere ili\u015fkin kamuya a\u00e7\u0131klama yapma y\u00fck\u00fcml\u00fcl\u00fc\u011f\u00fc ise devam edecek.<\/li>\n<\/ul>\n<p><strong>Sonu\u00e7<\/strong><\/p>\n<p>Yap\u0131lan bu de\u011fi\u015fiklikler ile pay sahipleri ile MKK\u2019n\u0131n m\u00fckerrer a\u00e7\u0131klama yapmas\u0131n\u0131n ve kamuya a\u00e7\u0131klanan bir hususa dair geli\u015fme olmayan durumlarda yinelenen a\u00e7\u0131klamalar\u0131n \u00f6n\u00fcne ge\u00e7ilmesi suretiyle a\u00e7\u0131klamalar\u0131n sadele\u015ftirilmesi planlanmaktad\u0131r.<\/p>\n","protected":false},"excerpt":{"rendered":"<p>Yeni Geli\u015fme Sermaye Piyasas\u0131 Kurulu (\u201cSPK\u201d), II-15.1 say\u0131l\u0131 \u00d6zel Durumlar Tebli\u011fi&#8217;nde (\u201cTebli\u011f\u201d) de\u011fi\u015fiklik yapt\u0131. Yap\u0131lan de\u011fi\u015fiklikler 17 Kas\u0131m 2018 tarih [&hellip;]<\/p>\n","protected":false},"author":4,"featured_media":0,"comment_status":"closed","ping_status":"closed","sticky":false,"template":"","format":"standard","meta":{"_acf_changed":false,"_stopmodifiedupdate":false,"_modified_date":"","footnotes":""},"categories":[120],"tags":[97],"class_list":["post-14544","post","type-post","status-publish","format-standard","hentry","category-legal-alerts","tag-capital-markets-tr"],"acf":[],"yoast_head":"<!-- This site is optimized with the Yoast SEO plugin v24.0 - https:\/\/yoast.com\/wordpress\/plugins\/seo\/ -->\n<title>\u00d6zel Durum A\u00e7\u0131klamalar\u0131 Sadele\u015ftirildi<\/title>\n<meta name=\"description\" content=\"Yeni Geli\u015fme Sermaye Piyasas\u0131 Kurulu (\u201cSPK\u201d), II-15.1 say\u0131l\u0131 \u00d6zel Durumlar Tebli\u011fi&#039;nde (\u201cTebli\u011f\u201d) de\u011fi\u015fiklik yapt\u0131. Yap\u0131lan de\u011fi\u015fiklikler 17 Kas\u0131m 2018\" \/>\n<meta name=\"robots\" content=\"index, follow, max-snippet:-1, max-image-preview:large, max-video-preview:-1\" \/>\n<link rel=\"canonical\" href=\"https:\/\/www.esin.av.tr\/tr\/2018\/11\/20\/ozel-durum-aciklamalari-sadelestirildi\/\" \/>\n<meta property=\"og:locale\" content=\"tr_TR\" \/>\n<meta property=\"og:type\" content=\"article\" \/>\n<meta property=\"og:title\" content=\"\u00d6zel Durum A\u00e7\u0131klamalar\u0131 Sadele\u015ftirildi\" \/>\n<meta property=\"og:description\" content=\"Yeni Geli\u015fme Sermaye Piyasas\u0131 Kurulu (\u201cSPK\u201d), II-15.1 say\u0131l\u0131 \u00d6zel Durumlar Tebli\u011fi&#039;nde (\u201cTebli\u011f\u201d) de\u011fi\u015fiklik yapt\u0131. Yap\u0131lan de\u011fi\u015fiklikler 17 Kas\u0131m 2018\" \/>\n<meta property=\"og:url\" content=\"https:\/\/www.esin.av.tr\/tr\/2018\/11\/20\/ozel-durum-aciklamalari-sadelestirildi\/\" \/>\n<meta property=\"og:site_name\" content=\"Esin Avukatl\u0131k Ortakl\u0131\u011f\u0131\" \/>\n<meta property=\"article:published_time\" content=\"2018-11-20T10:20:56+00:00\" \/>\n<meta property=\"article:modified_time\" content=\"2022-06-09T12:24:02+00:00\" \/>\n<meta name=\"author\" content=\"R\u0131dvan Konrat\" \/>\n<meta name=\"twitter:card\" content=\"summary_large_image\" \/>\n<meta name=\"twitter:label1\" content=\"Written by\" \/>\n\t<meta name=\"twitter:data1\" content=\"R\u0131dvan Konrat\" \/>\n\t<meta name=\"twitter:label2\" content=\"Est. reading time\" \/>\n\t<meta name=\"twitter:data2\" content=\"2 minutes\" \/>\n<script type=\"application\/ld+json\" class=\"yoast-schema-graph\">{\"@context\":\"https:\/\/schema.org\",\"@graph\":[{\"@type\":\"Article\",\"@id\":\"https:\/\/www.esin.av.tr\/tr\/2018\/11\/20\/ozel-durum-aciklamalari-sadelestirildi\/#article\",\"isPartOf\":{\"@id\":\"https:\/\/www.esin.av.tr\/tr\/2018\/11\/20\/ozel-durum-aciklamalari-sadelestirildi\/\"},\"author\":{\"name\":\"R\u0131dvan Konrat\",\"@id\":\"https:\/\/www.esin.av.tr\/tr\/#\/schema\/person\/42c8e616aab56b8622fa365ad63282ae\"},\"headline\":\"\u00d6zel Durum A\u00e7\u0131klamalar\u0131 Sadele\u015ftirildi\",\"datePublished\":\"2018-11-20T10:20:56+00:00\",\"dateModified\":\"2022-06-09T12:24:02+00:00\",\"mainEntityOfPage\":{\"@id\":\"https:\/\/www.esin.av.tr\/tr\/2018\/11\/20\/ozel-durum-aciklamalari-sadelestirildi\/\"},\"wordCount\":366,\"publisher\":{\"@id\":\"https:\/\/www.esin.av.tr\/tr\/#organization\"},\"keywords\":[\"Sermaye Piyasas\u0131 Hukuku\"],\"articleSection\":[\"Hukuk B\u00fcltenleri\"],\"inLanguage\":\"tr\"},{\"@type\":\"WebPage\",\"@id\":\"https:\/\/www.esin.av.tr\/tr\/2018\/11\/20\/ozel-durum-aciklamalari-sadelestirildi\/\",\"url\":\"https:\/\/www.esin.av.tr\/tr\/2018\/11\/20\/ozel-durum-aciklamalari-sadelestirildi\/\",\"name\":\"\u00d6zel Durum A\u00e7\u0131klamalar\u0131 Sadele\u015ftirildi\",\"isPartOf\":{\"@id\":\"https:\/\/www.esin.av.tr\/tr\/#website\"},\"datePublished\":\"2018-11-20T10:20:56+00:00\",\"dateModified\":\"2022-06-09T12:24:02+00:00\",\"description\":\"Yeni Geli\u015fme Sermaye Piyasas\u0131 Kurulu (\u201cSPK\u201d), II-15.1 say\u0131l\u0131 \u00d6zel Durumlar Tebli\u011fi'nde (\u201cTebli\u011f\u201d) de\u011fi\u015fiklik yapt\u0131. Yap\u0131lan de\u011fi\u015fiklikler 17 Kas\u0131m 2018\",\"breadcrumb\":{\"@id\":\"https:\/\/www.esin.av.tr\/tr\/2018\/11\/20\/ozel-durum-aciklamalari-sadelestirildi\/#breadcrumb\"},\"inLanguage\":\"tr\",\"potentialAction\":[{\"@type\":\"ReadAction\",\"target\":[\"https:\/\/www.esin.av.tr\/tr\/2018\/11\/20\/ozel-durum-aciklamalari-sadelestirildi\/\"]}]},{\"@type\":\"BreadcrumbList\",\"@id\":\"https:\/\/www.esin.av.tr\/tr\/2018\/11\/20\/ozel-durum-aciklamalari-sadelestirildi\/#breadcrumb\",\"itemListElement\":[{\"@type\":\"ListItem\",\"position\":1,\"name\":\"Home\",\"item\":\"https:\/\/www.esin.av.tr\/tr\/\"},{\"@type\":\"ListItem\",\"position\":2,\"name\":\"\u00d6zel Durum A\u00e7\u0131klamalar\u0131 Sadele\u015ftirildi\"}]},{\"@type\":\"WebSite\",\"@id\":\"https:\/\/www.esin.av.tr\/tr\/#website\",\"url\":\"https:\/\/www.esin.av.tr\/tr\/\",\"name\":\"Esin Avukatl\u0131k Ortakl\u0131\u011f\u0131\",\"description\":\"\",\"publisher\":{\"@id\":\"https:\/\/www.esin.av.tr\/tr\/#organization\"},\"potentialAction\":[{\"@type\":\"SearchAction\",\"target\":{\"@type\":\"EntryPoint\",\"urlTemplate\":\"https:\/\/www.esin.av.tr\/tr\/?s={search_term_string}\"},\"query-input\":{\"@type\":\"PropertyValueSpecification\",\"valueRequired\":true,\"valueName\":\"search_term_string\"}}],\"inLanguage\":\"tr\"},{\"@type\":\"Organization\",\"@id\":\"https:\/\/www.esin.av.tr\/tr\/#organization\",\"name\":\"Esin Avukatl\u0131k Ortakl\u0131\u011f\u0131\",\"url\":\"https:\/\/www.esin.av.tr\/tr\/\",\"logo\":{\"@type\":\"ImageObject\",\"inLanguage\":\"tr\",\"@id\":\"https:\/\/www.esin.av.tr\/tr\/#\/schema\/logo\/image\/\",\"url\":\"https:\/\/www.esin.av.tr\/wp-content\/uploads\/2021\/09\/esin-2.jpg\",\"contentUrl\":\"https:\/\/www.esin.av.tr\/wp-content\/uploads\/2021\/09\/esin-2.jpg\",\"width\":800,\"height\":460,\"caption\":\"Esin Avukatl\u0131k Ortakl\u0131\u011f\u0131\"},\"image\":{\"@id\":\"https:\/\/www.esin.av.tr\/tr\/#\/schema\/logo\/image\/\"}},{\"@type\":\"Person\",\"@id\":\"https:\/\/www.esin.av.tr\/tr\/#\/schema\/person\/42c8e616aab56b8622fa365ad63282ae\",\"name\":\"R\u0131dvan Konrat\",\"image\":{\"@type\":\"ImageObject\",\"inLanguage\":\"tr\",\"@id\":\"https:\/\/www.esin.av.tr\/tr\/#\/schema\/person\/image\/\",\"url\":\"https:\/\/secure.gravatar.com\/avatar\/b20c6c583be38ed4e76e32f69fccc676?s=96&d=mm&r=g\",\"contentUrl\":\"https:\/\/secure.gravatar.com\/avatar\/b20c6c583be38ed4e76e32f69fccc676?s=96&d=mm&r=g\",\"caption\":\"R\u0131dvan Konrat\"},\"sameAs\":[\"http:\/\/www.esin.av.tr\"],\"url\":\"https:\/\/www.esin.av.tr\/tr\/author\/rkonrat\/\"}]}<\/script>\n<!-- \/ Yoast SEO plugin. -->","yoast_head_json":{"title":"\u00d6zel Durum A\u00e7\u0131klamalar\u0131 Sadele\u015ftirildi","description":"Yeni Geli\u015fme Sermaye Piyasas\u0131 Kurulu (\u201cSPK\u201d), II-15.1 say\u0131l\u0131 \u00d6zel Durumlar Tebli\u011fi'nde (\u201cTebli\u011f\u201d) de\u011fi\u015fiklik yapt\u0131. Yap\u0131lan de\u011fi\u015fiklikler 17 Kas\u0131m 2018","robots":{"index":"index","follow":"follow","max-snippet":"max-snippet:-1","max-image-preview":"max-image-preview:large","max-video-preview":"max-video-preview:-1"},"canonical":"https:\/\/www.esin.av.tr\/tr\/2018\/11\/20\/ozel-durum-aciklamalari-sadelestirildi\/","og_locale":"tr_TR","og_type":"article","og_title":"\u00d6zel Durum A\u00e7\u0131klamalar\u0131 Sadele\u015ftirildi","og_description":"Yeni Geli\u015fme Sermaye Piyasas\u0131 Kurulu (\u201cSPK\u201d), II-15.1 say\u0131l\u0131 \u00d6zel Durumlar Tebli\u011fi'nde (\u201cTebli\u011f\u201d) de\u011fi\u015fiklik yapt\u0131. Yap\u0131lan de\u011fi\u015fiklikler 17 Kas\u0131m 2018","og_url":"https:\/\/www.esin.av.tr\/tr\/2018\/11\/20\/ozel-durum-aciklamalari-sadelestirildi\/","og_site_name":"Esin Avukatl\u0131k Ortakl\u0131\u011f\u0131","article_published_time":"2018-11-20T10:20:56+00:00","article_modified_time":"2022-06-09T12:24:02+00:00","author":"R\u0131dvan Konrat","twitter_card":"summary_large_image","twitter_misc":{"Written by":"R\u0131dvan Konrat","Est. reading time":"2 minutes"},"schema":{"@context":"https:\/\/schema.org","@graph":[{"@type":"Article","@id":"https:\/\/www.esin.av.tr\/tr\/2018\/11\/20\/ozel-durum-aciklamalari-sadelestirildi\/#article","isPartOf":{"@id":"https:\/\/www.esin.av.tr\/tr\/2018\/11\/20\/ozel-durum-aciklamalari-sadelestirildi\/"},"author":{"name":"R\u0131dvan Konrat","@id":"https:\/\/www.esin.av.tr\/tr\/#\/schema\/person\/42c8e616aab56b8622fa365ad63282ae"},"headline":"\u00d6zel Durum A\u00e7\u0131klamalar\u0131 Sadele\u015ftirildi","datePublished":"2018-11-20T10:20:56+00:00","dateModified":"2022-06-09T12:24:02+00:00","mainEntityOfPage":{"@id":"https:\/\/www.esin.av.tr\/tr\/2018\/11\/20\/ozel-durum-aciklamalari-sadelestirildi\/"},"wordCount":366,"publisher":{"@id":"https:\/\/www.esin.av.tr\/tr\/#organization"},"keywords":["Sermaye Piyasas\u0131 Hukuku"],"articleSection":["Hukuk B\u00fcltenleri"],"inLanguage":"tr"},{"@type":"WebPage","@id":"https:\/\/www.esin.av.tr\/tr\/2018\/11\/20\/ozel-durum-aciklamalari-sadelestirildi\/","url":"https:\/\/www.esin.av.tr\/tr\/2018\/11\/20\/ozel-durum-aciklamalari-sadelestirildi\/","name":"\u00d6zel Durum A\u00e7\u0131klamalar\u0131 Sadele\u015ftirildi","isPartOf":{"@id":"https:\/\/www.esin.av.tr\/tr\/#website"},"datePublished":"2018-11-20T10:20:56+00:00","dateModified":"2022-06-09T12:24:02+00:00","description":"Yeni Geli\u015fme Sermaye Piyasas\u0131 Kurulu (\u201cSPK\u201d), II-15.1 say\u0131l\u0131 \u00d6zel Durumlar Tebli\u011fi'nde (\u201cTebli\u011f\u201d) de\u011fi\u015fiklik yapt\u0131. Yap\u0131lan de\u011fi\u015fiklikler 17 Kas\u0131m 2018","breadcrumb":{"@id":"https:\/\/www.esin.av.tr\/tr\/2018\/11\/20\/ozel-durum-aciklamalari-sadelestirildi\/#breadcrumb"},"inLanguage":"tr","potentialAction":[{"@type":"ReadAction","target":["https:\/\/www.esin.av.tr\/tr\/2018\/11\/20\/ozel-durum-aciklamalari-sadelestirildi\/"]}]},{"@type":"BreadcrumbList","@id":"https:\/\/www.esin.av.tr\/tr\/2018\/11\/20\/ozel-durum-aciklamalari-sadelestirildi\/#breadcrumb","itemListElement":[{"@type":"ListItem","position":1,"name":"Home","item":"https:\/\/www.esin.av.tr\/tr\/"},{"@type":"ListItem","position":2,"name":"\u00d6zel Durum A\u00e7\u0131klamalar\u0131 Sadele\u015ftirildi"}]},{"@type":"WebSite","@id":"https:\/\/www.esin.av.tr\/tr\/#website","url":"https:\/\/www.esin.av.tr\/tr\/","name":"Esin Avukatl\u0131k Ortakl\u0131\u011f\u0131","description":"","publisher":{"@id":"https:\/\/www.esin.av.tr\/tr\/#organization"},"potentialAction":[{"@type":"SearchAction","target":{"@type":"EntryPoint","urlTemplate":"https:\/\/www.esin.av.tr\/tr\/?s={search_term_string}"},"query-input":{"@type":"PropertyValueSpecification","valueRequired":true,"valueName":"search_term_string"}}],"inLanguage":"tr"},{"@type":"Organization","@id":"https:\/\/www.esin.av.tr\/tr\/#organization","name":"Esin Avukatl\u0131k Ortakl\u0131\u011f\u0131","url":"https:\/\/www.esin.av.tr\/tr\/","logo":{"@type":"ImageObject","inLanguage":"tr","@id":"https:\/\/www.esin.av.tr\/tr\/#\/schema\/logo\/image\/","url":"https:\/\/www.esin.av.tr\/wp-content\/uploads\/2021\/09\/esin-2.jpg","contentUrl":"https:\/\/www.esin.av.tr\/wp-content\/uploads\/2021\/09\/esin-2.jpg","width":800,"height":460,"caption":"Esin Avukatl\u0131k Ortakl\u0131\u011f\u0131"},"image":{"@id":"https:\/\/www.esin.av.tr\/tr\/#\/schema\/logo\/image\/"}},{"@type":"Person","@id":"https:\/\/www.esin.av.tr\/tr\/#\/schema\/person\/42c8e616aab56b8622fa365ad63282ae","name":"R\u0131dvan Konrat","image":{"@type":"ImageObject","inLanguage":"tr","@id":"https:\/\/www.esin.av.tr\/tr\/#\/schema\/person\/image\/","url":"https:\/\/secure.gravatar.com\/avatar\/b20c6c583be38ed4e76e32f69fccc676?s=96&d=mm&r=g","contentUrl":"https:\/\/secure.gravatar.com\/avatar\/b20c6c583be38ed4e76e32f69fccc676?s=96&d=mm&r=g","caption":"R\u0131dvan Konrat"},"sameAs":["http:\/\/www.esin.av.tr"],"url":"https:\/\/www.esin.av.tr\/tr\/author\/rkonrat\/"}]}},"_links":{"self":[{"href":"https:\/\/www.esin.av.tr\/tr\/wp-json\/wp\/v2\/posts\/14544","targetHints":{"allow":["GET"]}}],"collection":[{"href":"https:\/\/www.esin.av.tr\/tr\/wp-json\/wp\/v2\/posts"}],"about":[{"href":"https:\/\/www.esin.av.tr\/tr\/wp-json\/wp\/v2\/types\/post"}],"author":[{"embeddable":true,"href":"https:\/\/www.esin.av.tr\/tr\/wp-json\/wp\/v2\/users\/4"}],"replies":[{"embeddable":true,"href":"https:\/\/www.esin.av.tr\/tr\/wp-json\/wp\/v2\/comments?post=14544"}],"version-history":[{"count":1,"href":"https:\/\/www.esin.av.tr\/tr\/wp-json\/wp\/v2\/posts\/14544\/revisions"}],"predecessor-version":[{"id":15636,"href":"https:\/\/www.esin.av.tr\/tr\/wp-json\/wp\/v2\/posts\/14544\/revisions\/15636"}],"wp:attachment":[{"href":"https:\/\/www.esin.av.tr\/tr\/wp-json\/wp\/v2\/media?parent=14544"}],"wp:term":[{"taxonomy":"category","embeddable":true,"href":"https:\/\/www.esin.av.tr\/tr\/wp-json\/wp\/v2\/categories?post=14544"},{"taxonomy":"post_tag","embeddable":true,"href":"https:\/\/www.esin.av.tr\/tr\/wp-json\/wp\/v2\/tags?post=14544"}],"curies":[{"name":"wp","href":"https:\/\/api.w.org\/{rel}","templated":true}]}}