{"id":14543,"date":"2018-11-26T13:58:06","date_gmt":"2018-11-26T13:58:06","guid":{"rendered":"http:\/\/upt.esin.av.tr\/2018\/11\/26\/turk-parasina-uyarlanacak-sozlesmelerde-damga-vergisi-uygulamasi-acikliga-kavusturuldu\/"},"modified":"2022-06-09T12:23:59","modified_gmt":"2022-06-09T12:23:59","slug":"turk-parasina-uyarlanacak-sozlesmelerde-damga-vergisi-uygulamasi-acikliga-kavusturuldu","status":"publish","type":"post","link":"https:\/\/www.esin.av.tr\/tr\/2018\/11\/26\/turk-parasina-uyarlanacak-sozlesmelerde-damga-vergisi-uygulamasi-acikliga-kavusturuldu\/","title":{"rendered":"T\u00fcrk Paras\u0131na Uyarlanacak S\u00f6zle\u015fmelerde Damga Vergisi Uygulamas\u0131 A\u00e7\u0131kl\u0131\u011fa Kavu\u015fturuldu"},"content":{"rendered":"<p><strong>Yeni Geli\u015fme<\/strong><\/p>\n<p>22 Kas\u0131m 2018 tarihinde Gelir \u0130daresi Ba\u015fkanl\u0131\u011f\u0131&#8217;n\u0131n resmi internet sitesinde yay\u0131nlanan 22 No.lu Damga Vergisi Sirk\u00fcleri (&#8220;<strong>Sirk\u00fcler<\/strong>&#8220;) ile 13 Eyl\u00fcl 2018 tarihli Resm\u00ee Gazete\u2019de yay\u0131mlanan 85 say\u0131l\u0131 Cumhurba\u015fkan\u0131 Karar\u0131 kapsam\u0131nda, d\u00f6viz cinsinden kararla\u015ft\u0131r\u0131lm\u0131\u015f s\u00f6zle\u015fmelerdeki bedellerin T\u00fcrk Liras\u0131 olarak de\u011fi\u015ftirilmesine ili\u015fkin d\u00fczenlenen k\u00e2\u011f\u0131tlarda damga vergisi uygulamas\u0131 a\u00e7\u0131kl\u0131\u011fa kavu\u015fturulmu\u015ftur.<\/p>\n<p><strong>Sirk\u00fcler neyi d\u00fczenliyor?<\/strong><\/p>\n<p>Bilindi\u011fi \u00fczere, belli paray\u0131 ihtiva eden s\u00f6zle\u015fmeler Damga Vergisi Kanunu ya da \u00f6zel kanunlarda herhangi bir istisna h\u00fckm\u00fc yer almad\u0131\u011f\u0131 s\u00fcrece damga vergisine tabi bulunmaktad\u0131r.<br \/>\nBelli paray\u0131 ihtiva eden s\u00f6zle\u015fmelerin de\u011fi\u015ftirilmesi halinde ise, de\u011fi\u015fikli\u011fe ili\u015fkin k\u00e2\u011f\u0131d\u0131n, artan tutar \u00fczerinden damga vergisine tabi tutulmas\u0131 gerekmektedir.<\/p>\n<p><strong>(i)\u00a0\u00a0\u00a0\u00a0\u00a0\u00a0\u00a0\u00a0 Damga vergisi aranmayacak haller<\/strong><\/p>\n<p>85 say\u0131l\u0131 Cumhurba\u015fkan\u0131 Karar\u0131 kapsam\u0131nda d\u00f6viz cinsinden d\u00fczenlenmi\u015f olan s\u00f6zle\u015fmelerin bedellerinin T\u00fcrk Liras\u0131 olarak yeniden belirlenmesine ili\u015fkin d\u00fczenlenen k\u00e2\u011f\u0131tlar\u0131n;<\/p>\n<ol>\n<li>S\u00f6zle\u015fmelerin di\u011fer maddelerinde (taraf, s\u00fcre uzat\u0131m\u0131, yeni i\u015f ilavesi vb.) bir de\u011fi\u015fiklik yap\u0131lmaks\u0131z\u0131n m\u00fcnhas\u0131ran bedele ili\u015fkin d\u00fczenleme yap\u0131lmas\u0131,<\/li>\n<li>Yap\u0131lacak de\u011fi\u015fiklik sonras\u0131 T\u00fcrk Liras\u0131 cinsinden belirlenecek toplam bedelin, ilk s\u00f6zle\u015fmede yer alan d\u00f6viz cinsinden bedel ile de\u011fi\u015fikli\u011fe ili\u015fkin k\u00e2\u011f\u0131d\u0131n d\u00fczenlendi\u011fi tarihteki T\u00fcrkiye Cumhuriyet Merkez Bankas\u0131nca ilan edilen cari d\u00f6viz sat\u0131\u015f kurunun \u00e7arp\u0131m\u0131 suretiyle bulunacak tutar\u0131 ge\u00e7memesi,<\/li>\n<li>\u0130lk s\u00f6zle\u015fmeye at\u0131f yap\u0131lm\u0131\u015f olmas\u0131<\/li>\n<\/ol>\n<p><strong><u>\u015fartlar\u0131n\u0131 birlikte ta\u015f\u0131mas\u0131 halinde<\/u><\/strong>, s\u00f6z konusu de\u011fi\u015fikli\u011fe ili\u015fkin ka\u011f\u0131tlardan ayr\u0131ca damga vergisi aran\u0131lmayacakt\u0131r.<\/p>\n<p><strong>(ii)\u00a0\u00a0\u00a0\u00a0\u00a0\u00a0\u00a0 Damga vergisi aranacak haller<\/strong><\/p>\n<p>S\u00f6zle\u015fme bedelinin T\u00fcrk Liras\u0131na uyarlanmas\u0131na y\u00f6nelik d\u00fczenlenen k\u00e2\u011f\u0131d\u0131n, s\u00f6zle\u015fmenin di\u011fer maddelerinde bir de\u011fi\u015fiklik yap\u0131lmaks\u0131z\u0131n, d\u00fczenlendi\u011fi tarihteki T\u00fcrkiye Cumhuriyet Merkez Bankas\u0131 d\u00f6viz sat\u0131\u015f kurlar\u0131na g\u00f6re hesaplanacak tutardan daha y\u00fcksek bir bedel i\u00e7ermesi durumunda, ilk s\u00f6zle\u015fmedeki damga vergisinin azami tutardan \u00f6denmemi\u015f olmas\u0131 kayd\u0131yla, artan tutar \u00fczerinden damga vergisine tabi tutulmas\u0131 gerekmektedir.<\/p>\n<p>Yabanc\u0131 para cinsinden d\u00fczenlenen s\u00f6zle\u015fmelerde damga vergisinin azami tutardan (2018 y\u0131l\u0131 i\u00e7in 2.135.949,30 TL) \u00f6denmi\u015f olmas\u0131 halinde ise, de\u011fi\u015fikli\u011fe ili\u015fkin k\u00e2\u011f\u0131d\u0131n yukar\u0131da belirtilen nitelikleri haiz olmas\u0131 kayd\u0131yla, artan bedel nedeniyle bu k\u00e2\u011f\u0131ttan ayr\u0131ca damga vergisi aranmayacakt\u0131r.<\/p>\n<p>Bedelin T\u00fcrk Liras\u0131 olarak belirlenmesine ili\u015fkin d\u00fczenlenen k\u00e2\u011f\u0131d\u0131n, ilk s\u00f6zle\u015fme yerine yeni bir s\u00f6zle\u015fme olarak veya ayn\u0131 sonucu do\u011furacak \u015fekilde bedel d\u0131\u015f\u0131ndaki unsurlar\u0131 da de\u011fi\u015ftirecek \u015fekilde d\u00fczenlenmesi halinde, bu k\u00e2\u011f\u0131t i\u00e7in genel h\u00fck\u00fcmler \u00e7er\u00e7evesinde damga vergisi aran\u0131lacakt\u0131r.<\/p>\n","protected":false},"excerpt":{"rendered":"<p>Yeni Geli\u015fme 22 Kas\u0131m 2018 tarihinde Gelir \u0130daresi Ba\u015fkanl\u0131\u011f\u0131&#8217;n\u0131n resmi internet sitesinde yay\u0131nlanan 22 No.lu Damga Vergisi Sirk\u00fcleri (&#8220;Sirk\u00fcler&#8220;) ile [&hellip;]<\/p>\n","protected":false},"author":4,"featured_media":0,"comment_status":"closed","ping_status":"closed","sticky":false,"template":"","format":"standard","meta":{"_acf_changed":false,"_stopmodifiedupdate":false,"_modified_date":"","footnotes":""},"categories":[120],"tags":[95],"class_list":["post-14543","post","type-post","status-publish","format-standard","hentry","category-legal-alerts","tag-tax-tr"],"acf":[],"yoast_head":"<!-- This site is optimized with the Yoast SEO plugin v24.0 - https:\/\/yoast.com\/wordpress\/plugins\/seo\/ -->\n<title>T\u00fcrk Paras\u0131na Uyarlanacak S\u00f6zle\u015fmelerde Damga Vergisi Uygulamas\u0131 A\u00e7\u0131kl\u0131\u011fa Kavu\u015fturuldu<\/title>\n<meta name=\"description\" content=\"Yeni Geli\u015fme 22 Kas\u0131m 2018 tarihinde Gelir \u0130daresi Ba\u015fkanl\u0131\u011f\u0131&#039;n\u0131n resmi internet sitesinde yay\u0131nlanan 22 No.lu Damga Vergisi Sirk\u00fcleri (&quot;Sirk\u00fcler&quot;) ile 13\" \/>\n<meta name=\"robots\" content=\"index, follow, max-snippet:-1, max-image-preview:large, max-video-preview:-1\" \/>\n<link rel=\"canonical\" href=\"https:\/\/www.esin.av.tr\/tr\/2018\/11\/26\/turk-parasina-uyarlanacak-sozlesmelerde-damga-vergisi-uygulamasi-acikliga-kavusturuldu\/\" \/>\n<meta property=\"og:locale\" content=\"tr_TR\" \/>\n<meta property=\"og:type\" content=\"article\" \/>\n<meta property=\"og:title\" content=\"T\u00fcrk Paras\u0131na Uyarlanacak S\u00f6zle\u015fmelerde Damga Vergisi Uygulamas\u0131 A\u00e7\u0131kl\u0131\u011fa Kavu\u015fturuldu\" \/>\n<meta property=\"og:description\" content=\"Yeni Geli\u015fme 22 Kas\u0131m 2018 tarihinde Gelir \u0130daresi Ba\u015fkanl\u0131\u011f\u0131&#039;n\u0131n resmi internet sitesinde yay\u0131nlanan 22 No.lu Damga Vergisi Sirk\u00fcleri (&quot;Sirk\u00fcler&quot;) ile 13\" \/>\n<meta property=\"og:url\" content=\"https:\/\/www.esin.av.tr\/tr\/2018\/11\/26\/turk-parasina-uyarlanacak-sozlesmelerde-damga-vergisi-uygulamasi-acikliga-kavusturuldu\/\" \/>\n<meta property=\"og:site_name\" content=\"Esin Avukatl\u0131k Ortakl\u0131\u011f\u0131\" \/>\n<meta property=\"article:published_time\" content=\"2018-11-26T13:58:06+00:00\" \/>\n<meta property=\"article:modified_time\" content=\"2022-06-09T12:23:59+00:00\" \/>\n<meta name=\"author\" content=\"R\u0131dvan Konrat\" \/>\n<meta name=\"twitter:card\" content=\"summary_large_image\" \/>\n<meta name=\"twitter:label1\" content=\"Written by\" \/>\n\t<meta name=\"twitter:data1\" content=\"R\u0131dvan Konrat\" \/>\n\t<meta name=\"twitter:label2\" content=\"Est. reading time\" \/>\n\t<meta name=\"twitter:data2\" content=\"2 minutes\" \/>\n<script type=\"application\/ld+json\" class=\"yoast-schema-graph\">{\"@context\":\"https:\/\/schema.org\",\"@graph\":[{\"@type\":\"Article\",\"@id\":\"https:\/\/www.esin.av.tr\/tr\/2018\/11\/26\/turk-parasina-uyarlanacak-sozlesmelerde-damga-vergisi-uygulamasi-acikliga-kavusturuldu\/#article\",\"isPartOf\":{\"@id\":\"https:\/\/www.esin.av.tr\/tr\/2018\/11\/26\/turk-parasina-uyarlanacak-sozlesmelerde-damga-vergisi-uygulamasi-acikliga-kavusturuldu\/\"},\"author\":{\"name\":\"R\u0131dvan Konrat\",\"@id\":\"https:\/\/www.esin.av.tr\/tr\/#\/schema\/person\/42c8e616aab56b8622fa365ad63282ae\"},\"headline\":\"T\u00fcrk Paras\u0131na Uyarlanacak S\u00f6zle\u015fmelerde Damga Vergisi Uygulamas\u0131 A\u00e7\u0131kl\u0131\u011fa Kavu\u015fturuldu\",\"datePublished\":\"2018-11-26T13:58:06+00:00\",\"dateModified\":\"2022-06-09T12:23:59+00:00\",\"mainEntityOfPage\":{\"@id\":\"https:\/\/www.esin.av.tr\/tr\/2018\/11\/26\/turk-parasina-uyarlanacak-sozlesmelerde-damga-vergisi-uygulamasi-acikliga-kavusturuldu\/\"},\"wordCount\":503,\"publisher\":{\"@id\":\"https:\/\/www.esin.av.tr\/tr\/#organization\"},\"keywords\":[\"Vergi\"],\"articleSection\":[\"Hukuk B\u00fcltenleri\"],\"inLanguage\":\"tr\"},{\"@type\":\"WebPage\",\"@id\":\"https:\/\/www.esin.av.tr\/tr\/2018\/11\/26\/turk-parasina-uyarlanacak-sozlesmelerde-damga-vergisi-uygulamasi-acikliga-kavusturuldu\/\",\"url\":\"https:\/\/www.esin.av.tr\/tr\/2018\/11\/26\/turk-parasina-uyarlanacak-sozlesmelerde-damga-vergisi-uygulamasi-acikliga-kavusturuldu\/\",\"name\":\"T\u00fcrk Paras\u0131na Uyarlanacak S\u00f6zle\u015fmelerde Damga Vergisi Uygulamas\u0131 A\u00e7\u0131kl\u0131\u011fa Kavu\u015fturuldu\",\"isPartOf\":{\"@id\":\"https:\/\/www.esin.av.tr\/tr\/#website\"},\"datePublished\":\"2018-11-26T13:58:06+00:00\",\"dateModified\":\"2022-06-09T12:23:59+00:00\",\"description\":\"Yeni Geli\u015fme 22 Kas\u0131m 2018 tarihinde Gelir \u0130daresi Ba\u015fkanl\u0131\u011f\u0131'n\u0131n resmi internet sitesinde yay\u0131nlanan 22 No.lu Damga Vergisi Sirk\u00fcleri (\\\"Sirk\u00fcler\\\") ile 13\",\"breadcrumb\":{\"@id\":\"https:\/\/www.esin.av.tr\/tr\/2018\/11\/26\/turk-parasina-uyarlanacak-sozlesmelerde-damga-vergisi-uygulamasi-acikliga-kavusturuldu\/#breadcrumb\"},\"inLanguage\":\"tr\",\"potentialAction\":[{\"@type\":\"ReadAction\",\"target\":[\"https:\/\/www.esin.av.tr\/tr\/2018\/11\/26\/turk-parasina-uyarlanacak-sozlesmelerde-damga-vergisi-uygulamasi-acikliga-kavusturuldu\/\"]}]},{\"@type\":\"BreadcrumbList\",\"@id\":\"https:\/\/www.esin.av.tr\/tr\/2018\/11\/26\/turk-parasina-uyarlanacak-sozlesmelerde-damga-vergisi-uygulamasi-acikliga-kavusturuldu\/#breadcrumb\",\"itemListElement\":[{\"@type\":\"ListItem\",\"position\":1,\"name\":\"Home\",\"item\":\"https:\/\/www.esin.av.tr\/tr\/\"},{\"@type\":\"ListItem\",\"position\":2,\"name\":\"T\u00fcrk Paras\u0131na Uyarlanacak S\u00f6zle\u015fmelerde Damga Vergisi Uygulamas\u0131 A\u00e7\u0131kl\u0131\u011fa Kavu\u015fturuldu\"}]},{\"@type\":\"WebSite\",\"@id\":\"https:\/\/www.esin.av.tr\/tr\/#website\",\"url\":\"https:\/\/www.esin.av.tr\/tr\/\",\"name\":\"Esin Avukatl\u0131k Ortakl\u0131\u011f\u0131\",\"description\":\"\",\"publisher\":{\"@id\":\"https:\/\/www.esin.av.tr\/tr\/#organization\"},\"potentialAction\":[{\"@type\":\"SearchAction\",\"target\":{\"@type\":\"EntryPoint\",\"urlTemplate\":\"https:\/\/www.esin.av.tr\/tr\/?s={search_term_string}\"},\"query-input\":{\"@type\":\"PropertyValueSpecification\",\"valueRequired\":true,\"valueName\":\"search_term_string\"}}],\"inLanguage\":\"tr\"},{\"@type\":\"Organization\",\"@id\":\"https:\/\/www.esin.av.tr\/tr\/#organization\",\"name\":\"Esin Avukatl\u0131k Ortakl\u0131\u011f\u0131\",\"url\":\"https:\/\/www.esin.av.tr\/tr\/\",\"logo\":{\"@type\":\"ImageObject\",\"inLanguage\":\"tr\",\"@id\":\"https:\/\/www.esin.av.tr\/tr\/#\/schema\/logo\/image\/\",\"url\":\"https:\/\/www.esin.av.tr\/wp-content\/uploads\/2021\/09\/esin-2.jpg\",\"contentUrl\":\"https:\/\/www.esin.av.tr\/wp-content\/uploads\/2021\/09\/esin-2.jpg\",\"width\":800,\"height\":460,\"caption\":\"Esin Avukatl\u0131k Ortakl\u0131\u011f\u0131\"},\"image\":{\"@id\":\"https:\/\/www.esin.av.tr\/tr\/#\/schema\/logo\/image\/\"}},{\"@type\":\"Person\",\"@id\":\"https:\/\/www.esin.av.tr\/tr\/#\/schema\/person\/42c8e616aab56b8622fa365ad63282ae\",\"name\":\"R\u0131dvan Konrat\",\"image\":{\"@type\":\"ImageObject\",\"inLanguage\":\"tr\",\"@id\":\"https:\/\/www.esin.av.tr\/tr\/#\/schema\/person\/image\/\",\"url\":\"https:\/\/secure.gravatar.com\/avatar\/b20c6c583be38ed4e76e32f69fccc676?s=96&d=mm&r=g\",\"contentUrl\":\"https:\/\/secure.gravatar.com\/avatar\/b20c6c583be38ed4e76e32f69fccc676?s=96&d=mm&r=g\",\"caption\":\"R\u0131dvan Konrat\"},\"sameAs\":[\"http:\/\/www.esin.av.tr\"],\"url\":\"https:\/\/www.esin.av.tr\/tr\/author\/rkonrat\/\"}]}<\/script>\n<!-- \/ Yoast SEO plugin. -->","yoast_head_json":{"title":"T\u00fcrk Paras\u0131na Uyarlanacak S\u00f6zle\u015fmelerde Damga Vergisi Uygulamas\u0131 A\u00e7\u0131kl\u0131\u011fa Kavu\u015fturuldu","description":"Yeni Geli\u015fme 22 Kas\u0131m 2018 tarihinde Gelir \u0130daresi Ba\u015fkanl\u0131\u011f\u0131'n\u0131n resmi internet sitesinde yay\u0131nlanan 22 No.lu Damga Vergisi Sirk\u00fcleri (\"Sirk\u00fcler\") ile 13","robots":{"index":"index","follow":"follow","max-snippet":"max-snippet:-1","max-image-preview":"max-image-preview:large","max-video-preview":"max-video-preview:-1"},"canonical":"https:\/\/www.esin.av.tr\/tr\/2018\/11\/26\/turk-parasina-uyarlanacak-sozlesmelerde-damga-vergisi-uygulamasi-acikliga-kavusturuldu\/","og_locale":"tr_TR","og_type":"article","og_title":"T\u00fcrk Paras\u0131na Uyarlanacak S\u00f6zle\u015fmelerde Damga Vergisi Uygulamas\u0131 A\u00e7\u0131kl\u0131\u011fa Kavu\u015fturuldu","og_description":"Yeni Geli\u015fme 22 Kas\u0131m 2018 tarihinde Gelir \u0130daresi Ba\u015fkanl\u0131\u011f\u0131'n\u0131n resmi internet sitesinde yay\u0131nlanan 22 No.lu Damga Vergisi Sirk\u00fcleri (\"Sirk\u00fcler\") ile 13","og_url":"https:\/\/www.esin.av.tr\/tr\/2018\/11\/26\/turk-parasina-uyarlanacak-sozlesmelerde-damga-vergisi-uygulamasi-acikliga-kavusturuldu\/","og_site_name":"Esin Avukatl\u0131k Ortakl\u0131\u011f\u0131","article_published_time":"2018-11-26T13:58:06+00:00","article_modified_time":"2022-06-09T12:23:59+00:00","author":"R\u0131dvan Konrat","twitter_card":"summary_large_image","twitter_misc":{"Written by":"R\u0131dvan Konrat","Est. reading time":"2 minutes"},"schema":{"@context":"https:\/\/schema.org","@graph":[{"@type":"Article","@id":"https:\/\/www.esin.av.tr\/tr\/2018\/11\/26\/turk-parasina-uyarlanacak-sozlesmelerde-damga-vergisi-uygulamasi-acikliga-kavusturuldu\/#article","isPartOf":{"@id":"https:\/\/www.esin.av.tr\/tr\/2018\/11\/26\/turk-parasina-uyarlanacak-sozlesmelerde-damga-vergisi-uygulamasi-acikliga-kavusturuldu\/"},"author":{"name":"R\u0131dvan Konrat","@id":"https:\/\/www.esin.av.tr\/tr\/#\/schema\/person\/42c8e616aab56b8622fa365ad63282ae"},"headline":"T\u00fcrk Paras\u0131na Uyarlanacak S\u00f6zle\u015fmelerde Damga Vergisi Uygulamas\u0131 A\u00e7\u0131kl\u0131\u011fa Kavu\u015fturuldu","datePublished":"2018-11-26T13:58:06+00:00","dateModified":"2022-06-09T12:23:59+00:00","mainEntityOfPage":{"@id":"https:\/\/www.esin.av.tr\/tr\/2018\/11\/26\/turk-parasina-uyarlanacak-sozlesmelerde-damga-vergisi-uygulamasi-acikliga-kavusturuldu\/"},"wordCount":503,"publisher":{"@id":"https:\/\/www.esin.av.tr\/tr\/#organization"},"keywords":["Vergi"],"articleSection":["Hukuk B\u00fcltenleri"],"inLanguage":"tr"},{"@type":"WebPage","@id":"https:\/\/www.esin.av.tr\/tr\/2018\/11\/26\/turk-parasina-uyarlanacak-sozlesmelerde-damga-vergisi-uygulamasi-acikliga-kavusturuldu\/","url":"https:\/\/www.esin.av.tr\/tr\/2018\/11\/26\/turk-parasina-uyarlanacak-sozlesmelerde-damga-vergisi-uygulamasi-acikliga-kavusturuldu\/","name":"T\u00fcrk Paras\u0131na Uyarlanacak S\u00f6zle\u015fmelerde Damga Vergisi Uygulamas\u0131 A\u00e7\u0131kl\u0131\u011fa Kavu\u015fturuldu","isPartOf":{"@id":"https:\/\/www.esin.av.tr\/tr\/#website"},"datePublished":"2018-11-26T13:58:06+00:00","dateModified":"2022-06-09T12:23:59+00:00","description":"Yeni Geli\u015fme 22 Kas\u0131m 2018 tarihinde Gelir \u0130daresi Ba\u015fkanl\u0131\u011f\u0131'n\u0131n resmi internet sitesinde yay\u0131nlanan 22 No.lu Damga Vergisi Sirk\u00fcleri (\"Sirk\u00fcler\") ile 13","breadcrumb":{"@id":"https:\/\/www.esin.av.tr\/tr\/2018\/11\/26\/turk-parasina-uyarlanacak-sozlesmelerde-damga-vergisi-uygulamasi-acikliga-kavusturuldu\/#breadcrumb"},"inLanguage":"tr","potentialAction":[{"@type":"ReadAction","target":["https:\/\/www.esin.av.tr\/tr\/2018\/11\/26\/turk-parasina-uyarlanacak-sozlesmelerde-damga-vergisi-uygulamasi-acikliga-kavusturuldu\/"]}]},{"@type":"BreadcrumbList","@id":"https:\/\/www.esin.av.tr\/tr\/2018\/11\/26\/turk-parasina-uyarlanacak-sozlesmelerde-damga-vergisi-uygulamasi-acikliga-kavusturuldu\/#breadcrumb","itemListElement":[{"@type":"ListItem","position":1,"name":"Home","item":"https:\/\/www.esin.av.tr\/tr\/"},{"@type":"ListItem","position":2,"name":"T\u00fcrk Paras\u0131na Uyarlanacak S\u00f6zle\u015fmelerde Damga Vergisi Uygulamas\u0131 A\u00e7\u0131kl\u0131\u011fa Kavu\u015fturuldu"}]},{"@type":"WebSite","@id":"https:\/\/www.esin.av.tr\/tr\/#website","url":"https:\/\/www.esin.av.tr\/tr\/","name":"Esin Avukatl\u0131k Ortakl\u0131\u011f\u0131","description":"","publisher":{"@id":"https:\/\/www.esin.av.tr\/tr\/#organization"},"potentialAction":[{"@type":"SearchAction","target":{"@type":"EntryPoint","urlTemplate":"https:\/\/www.esin.av.tr\/tr\/?s={search_term_string}"},"query-input":{"@type":"PropertyValueSpecification","valueRequired":true,"valueName":"search_term_string"}}],"inLanguage":"tr"},{"@type":"Organization","@id":"https:\/\/www.esin.av.tr\/tr\/#organization","name":"Esin Avukatl\u0131k Ortakl\u0131\u011f\u0131","url":"https:\/\/www.esin.av.tr\/tr\/","logo":{"@type":"ImageObject","inLanguage":"tr","@id":"https:\/\/www.esin.av.tr\/tr\/#\/schema\/logo\/image\/","url":"https:\/\/www.esin.av.tr\/wp-content\/uploads\/2021\/09\/esin-2.jpg","contentUrl":"https:\/\/www.esin.av.tr\/wp-content\/uploads\/2021\/09\/esin-2.jpg","width":800,"height":460,"caption":"Esin Avukatl\u0131k Ortakl\u0131\u011f\u0131"},"image":{"@id":"https:\/\/www.esin.av.tr\/tr\/#\/schema\/logo\/image\/"}},{"@type":"Person","@id":"https:\/\/www.esin.av.tr\/tr\/#\/schema\/person\/42c8e616aab56b8622fa365ad63282ae","name":"R\u0131dvan Konrat","image":{"@type":"ImageObject","inLanguage":"tr","@id":"https:\/\/www.esin.av.tr\/tr\/#\/schema\/person\/image\/","url":"https:\/\/secure.gravatar.com\/avatar\/b20c6c583be38ed4e76e32f69fccc676?s=96&d=mm&r=g","contentUrl":"https:\/\/secure.gravatar.com\/avatar\/b20c6c583be38ed4e76e32f69fccc676?s=96&d=mm&r=g","caption":"R\u0131dvan Konrat"},"sameAs":["http:\/\/www.esin.av.tr"],"url":"https:\/\/www.esin.av.tr\/tr\/author\/rkonrat\/"}]}},"_links":{"self":[{"href":"https:\/\/www.esin.av.tr\/tr\/wp-json\/wp\/v2\/posts\/14543","targetHints":{"allow":["GET"]}}],"collection":[{"href":"https:\/\/www.esin.av.tr\/tr\/wp-json\/wp\/v2\/posts"}],"about":[{"href":"https:\/\/www.esin.av.tr\/tr\/wp-json\/wp\/v2\/types\/post"}],"author":[{"embeddable":true,"href":"https:\/\/www.esin.av.tr\/tr\/wp-json\/wp\/v2\/users\/4"}],"replies":[{"embeddable":true,"href":"https:\/\/www.esin.av.tr\/tr\/wp-json\/wp\/v2\/comments?post=14543"}],"version-history":[{"count":1,"href":"https:\/\/www.esin.av.tr\/tr\/wp-json\/wp\/v2\/posts\/14543\/revisions"}],"predecessor-version":[{"id":15635,"href":"https:\/\/www.esin.av.tr\/tr\/wp-json\/wp\/v2\/posts\/14543\/revisions\/15635"}],"wp:attachment":[{"href":"https:\/\/www.esin.av.tr\/tr\/wp-json\/wp\/v2\/media?parent=14543"}],"wp:term":[{"taxonomy":"category","embeddable":true,"href":"https:\/\/www.esin.av.tr\/tr\/wp-json\/wp\/v2\/categories?post=14543"},{"taxonomy":"post_tag","embeddable":true,"href":"https:\/\/www.esin.av.tr\/tr\/wp-json\/wp\/v2\/tags?post=14543"}],"curies":[{"name":"wp","href":"https:\/\/api.w.org\/{rel}","templated":true}]}}