{"id":14533,"date":"2018-12-21T10:37:16","date_gmt":"2018-12-21T10:37:16","guid":{"rendered":"http:\/\/upt.esin.av.tr\/2018\/12\/21\/ticari-davalarda-arabuluculuk-dava-sarti-haline-geldi\/"},"modified":"2022-06-09T12:24:28","modified_gmt":"2022-06-09T12:24:28","slug":"ticari-davalarda-arabuluculuk-dava-sarti-haline-geldi","status":"publish","type":"post","link":"https:\/\/www.esin.av.tr\/tr\/2018\/12\/21\/ticari-davalarda-arabuluculuk-dava-sarti-haline-geldi\/","title":{"rendered":"Ticari Davalarda Arabuluculuk Dava \u015eart\u0131 Haline Geldi"},"content":{"rendered":"<p><strong>Yeni Geli\u015fme<\/strong><\/p>\n<p>7155 say\u0131l\u0131 Abonelik S\u00f6zle\u015fmesinden Kaynaklanan Para Alacaklar\u0131na \u0130li\u015fkin Takibin Ba\u015flat\u0131lmas\u0131na \u0130li\u015fkin Kanun (&#8221;<strong>Kanun<\/strong>&#8221;) 19 Aral\u0131k 2018&#8217;de Resmi Gazete&#8217;de yay\u0131mland\u0131. Kanun&#8217;da getirilen d\u00fczenleme ile 1 Ocak 2019 tarihinden itibaren ticari davalarda arabuluculuk dava \u015fart\u0131 haline getirildi.<\/p>\n<p><strong>Getirilen Yenilikler<\/strong><\/p>\n<p>Kanun&#8217;un 20. maddesi ile ticari davalardan, konusu bir miktar paran\u0131n \u00f6denmesi olan alacak ve tazminat talepleri hakk\u0131nda dava a\u00e7\u0131lmadan \u00f6nce arabulucuya ba\u015fvurulmu\u015f olmas\u0131 dava \u015fart\u0131 haline getirilmi\u015ftir.<\/p>\n<p>Arabulucunun yap\u0131lan ba\u015fvuruyu g\u00f6revlendirildi\u011fi tarihten itibaren alt\u0131 hafta i\u00e7erisinde sonu\u00e7land\u0131raca\u011f\u0131; bu s\u00fcrenin zorunlu hallerde arabulucu taraf\u0131ndan en fazla iki hafta uzat\u0131labilece\u011fi h\u00fck\u00fcm alt\u0131na al\u0131nm\u0131\u015ft\u0131r.<\/p>\n<p>1 Ocak 2019 tarihinden itibaren konusu bir miktar paran\u0131n \u00f6denmesi olan alacak ve tazminat talepli ticari davalarda arabuluculuk faaliyeti sonunda anla\u015fmaya var\u0131lamad\u0131\u011f\u0131na ili\u015fkin son tutana\u011f\u0131n asl\u0131 veya arabulucu taraf\u0131ndan onaylanm\u0131\u015f bir \u00f6rne\u011fi dava dilek\u00e7esine eklenmek zorundad\u0131r. Aksi takdirde, tutana\u011f\u0131n sunulmas\u0131 i\u00e7in davac\u0131ya mahkeme taraf\u0131ndan 1 haftal\u0131k kesin s\u00fcre verilecek ve verilen kesin s\u00fcre i\u00e7erisinde tutana\u011f\u0131n sunulmamas\u0131 halinde dava usulden reddedilecektir.<\/p>\n<p>Kanun&#8217;un dava \u015fart\u0131 olarak arabuluculu\u011fa ili\u015fkin h\u00fck\u00fcmleri, bu h\u00fck\u00fcmlerin y\u00fcr\u00fcrl\u00fc\u011fe girdi\u011fi tarih itibar\u0131yla ilk derece mahkemeleri ve b\u00f6lge adliye mahkemeleri ile Yarg\u0131tay&#8217;da g\u00f6r\u00fclmekte olan davalarda uygulanmayacakt\u0131r.<\/p>\n<p><strong>Sonu\u00e7<\/strong><\/p>\n<p>1 Ocak 2019 tarihinden itibaren konusu bir miktar paran\u0131n \u00f6denmesi olan alacak ve tazminat talepli ticari davalarda dava a\u00e7madan \u00f6nce arabulucuya ba\u015fvurulmas\u0131 zorunlu hale getirilmi\u015ftir. Arabulucuya ba\u015fvurulmadan dava a\u00e7\u0131lmas\u0131 halinde ise dava usulden reddedilecektir.<\/p>\n","protected":false},"excerpt":{"rendered":"<p>Yeni Geli\u015fme 7155 say\u0131l\u0131 Abonelik S\u00f6zle\u015fmesinden Kaynaklanan Para Alacaklar\u0131na \u0130li\u015fkin Takibin Ba\u015flat\u0131lmas\u0131na \u0130li\u015fkin Kanun (&#8221;Kanun&#8221;) 19 Aral\u0131k 2018&#8217;de Resmi Gazete&#8217;de [&hellip;]<\/p>\n","protected":false},"author":4,"featured_media":0,"comment_status":"closed","ping_status":"closed","sticky":false,"template":"","format":"standard","meta":{"_acf_changed":false,"_stopmodifiedupdate":false,"_modified_date":"","footnotes":""},"categories":[120],"tags":[96],"class_list":["post-14533","post","type-post","status-publish","format-standard","hentry","category-legal-alerts","tag-dispute-resolution-tr"],"acf":[],"yoast_head":"<!-- This site is optimized with the Yoast SEO plugin v24.0 - https:\/\/yoast.com\/wordpress\/plugins\/seo\/ -->\n<title>Ticari Davalarda Arabuluculuk Dava \u015eart\u0131 Haline Geldi<\/title>\n<meta name=\"description\" content=\"Yeni Geli\u015fme 7155 say\u0131l\u0131 Abonelik S\u00f6zle\u015fmesinden Kaynaklanan Para Alacaklar\u0131na \u0130li\u015fkin Takibin Ba\u015flat\u0131lmas\u0131na \u0130li\u015fkin Kanun (&#039;&#039;Kanun&#039;&#039;) 19 Aral\u0131k 2018&#039;de\" \/>\n<meta name=\"robots\" content=\"index, follow, max-snippet:-1, max-image-preview:large, max-video-preview:-1\" \/>\n<link rel=\"canonical\" href=\"https:\/\/www.esin.av.tr\/tr\/2018\/12\/21\/ticari-davalarda-arabuluculuk-dava-sarti-haline-geldi\/\" \/>\n<meta property=\"og:locale\" content=\"tr_TR\" \/>\n<meta property=\"og:type\" content=\"article\" \/>\n<meta property=\"og:title\" content=\"Ticari Davalarda Arabuluculuk Dava \u015eart\u0131 Haline Geldi\" \/>\n<meta property=\"og:description\" content=\"Yeni Geli\u015fme 7155 say\u0131l\u0131 Abonelik S\u00f6zle\u015fmesinden Kaynaklanan Para Alacaklar\u0131na \u0130li\u015fkin Takibin Ba\u015flat\u0131lmas\u0131na \u0130li\u015fkin Kanun (&#039;&#039;Kanun&#039;&#039;) 19 Aral\u0131k 2018&#039;de\" \/>\n<meta property=\"og:url\" content=\"https:\/\/www.esin.av.tr\/tr\/2018\/12\/21\/ticari-davalarda-arabuluculuk-dava-sarti-haline-geldi\/\" \/>\n<meta property=\"og:site_name\" content=\"Esin Avukatl\u0131k Ortakl\u0131\u011f\u0131\" \/>\n<meta property=\"article:published_time\" content=\"2018-12-21T10:37:16+00:00\" \/>\n<meta property=\"article:modified_time\" content=\"2022-06-09T12:24:28+00:00\" \/>\n<meta name=\"author\" content=\"R\u0131dvan Konrat\" \/>\n<meta name=\"twitter:card\" content=\"summary_large_image\" \/>\n<meta name=\"twitter:label1\" content=\"Written by\" \/>\n\t<meta name=\"twitter:data1\" content=\"R\u0131dvan Konrat\" \/>\n\t<meta name=\"twitter:label2\" content=\"Est. reading time\" \/>\n\t<meta name=\"twitter:data2\" content=\"1 minute\" \/>\n<script type=\"application\/ld+json\" class=\"yoast-schema-graph\">{\"@context\":\"https:\/\/schema.org\",\"@graph\":[{\"@type\":\"Article\",\"@id\":\"https:\/\/www.esin.av.tr\/tr\/2018\/12\/21\/ticari-davalarda-arabuluculuk-dava-sarti-haline-geldi\/#article\",\"isPartOf\":{\"@id\":\"https:\/\/www.esin.av.tr\/tr\/2018\/12\/21\/ticari-davalarda-arabuluculuk-dava-sarti-haline-geldi\/\"},\"author\":{\"name\":\"R\u0131dvan Konrat\",\"@id\":\"https:\/\/www.esin.av.tr\/tr\/#\/schema\/person\/42c8e616aab56b8622fa365ad63282ae\"},\"headline\":\"Ticari Davalarda Arabuluculuk Dava \u015eart\u0131 Haline Geldi\",\"datePublished\":\"2018-12-21T10:37:16+00:00\",\"dateModified\":\"2022-06-09T12:24:28+00:00\",\"mainEntityOfPage\":{\"@id\":\"https:\/\/www.esin.av.tr\/tr\/2018\/12\/21\/ticari-davalarda-arabuluculuk-dava-sarti-haline-geldi\/\"},\"wordCount\":289,\"publisher\":{\"@id\":\"https:\/\/www.esin.av.tr\/tr\/#organization\"},\"keywords\":[\"Uyu\u015fmazl\u0131k \u00c7\u00f6z\u00fcm\u00fc\"],\"articleSection\":[\"Hukuk B\u00fcltenleri\"],\"inLanguage\":\"tr\"},{\"@type\":\"WebPage\",\"@id\":\"https:\/\/www.esin.av.tr\/tr\/2018\/12\/21\/ticari-davalarda-arabuluculuk-dava-sarti-haline-geldi\/\",\"url\":\"https:\/\/www.esin.av.tr\/tr\/2018\/12\/21\/ticari-davalarda-arabuluculuk-dava-sarti-haline-geldi\/\",\"name\":\"Ticari Davalarda Arabuluculuk Dava \u015eart\u0131 Haline Geldi\",\"isPartOf\":{\"@id\":\"https:\/\/www.esin.av.tr\/tr\/#website\"},\"datePublished\":\"2018-12-21T10:37:16+00:00\",\"dateModified\":\"2022-06-09T12:24:28+00:00\",\"description\":\"Yeni Geli\u015fme 7155 say\u0131l\u0131 Abonelik S\u00f6zle\u015fmesinden Kaynaklanan Para Alacaklar\u0131na \u0130li\u015fkin Takibin Ba\u015flat\u0131lmas\u0131na \u0130li\u015fkin Kanun (''Kanun'') 19 Aral\u0131k 2018'de\",\"breadcrumb\":{\"@id\":\"https:\/\/www.esin.av.tr\/tr\/2018\/12\/21\/ticari-davalarda-arabuluculuk-dava-sarti-haline-geldi\/#breadcrumb\"},\"inLanguage\":\"tr\",\"potentialAction\":[{\"@type\":\"ReadAction\",\"target\":[\"https:\/\/www.esin.av.tr\/tr\/2018\/12\/21\/ticari-davalarda-arabuluculuk-dava-sarti-haline-geldi\/\"]}]},{\"@type\":\"BreadcrumbList\",\"@id\":\"https:\/\/www.esin.av.tr\/tr\/2018\/12\/21\/ticari-davalarda-arabuluculuk-dava-sarti-haline-geldi\/#breadcrumb\",\"itemListElement\":[{\"@type\":\"ListItem\",\"position\":1,\"name\":\"Home\",\"item\":\"https:\/\/www.esin.av.tr\/tr\/\"},{\"@type\":\"ListItem\",\"position\":2,\"name\":\"Ticari Davalarda Arabuluculuk Dava \u015eart\u0131 Haline Geldi\"}]},{\"@type\":\"WebSite\",\"@id\":\"https:\/\/www.esin.av.tr\/tr\/#website\",\"url\":\"https:\/\/www.esin.av.tr\/tr\/\",\"name\":\"Esin Avukatl\u0131k Ortakl\u0131\u011f\u0131\",\"description\":\"\",\"publisher\":{\"@id\":\"https:\/\/www.esin.av.tr\/tr\/#organization\"},\"potentialAction\":[{\"@type\":\"SearchAction\",\"target\":{\"@type\":\"EntryPoint\",\"urlTemplate\":\"https:\/\/www.esin.av.tr\/tr\/?s={search_term_string}\"},\"query-input\":{\"@type\":\"PropertyValueSpecification\",\"valueRequired\":true,\"valueName\":\"search_term_string\"}}],\"inLanguage\":\"tr\"},{\"@type\":\"Organization\",\"@id\":\"https:\/\/www.esin.av.tr\/tr\/#organization\",\"name\":\"Esin Avukatl\u0131k Ortakl\u0131\u011f\u0131\",\"url\":\"https:\/\/www.esin.av.tr\/tr\/\",\"logo\":{\"@type\":\"ImageObject\",\"inLanguage\":\"tr\",\"@id\":\"https:\/\/www.esin.av.tr\/tr\/#\/schema\/logo\/image\/\",\"url\":\"https:\/\/www.esin.av.tr\/wp-content\/uploads\/2021\/09\/esin-2.jpg\",\"contentUrl\":\"https:\/\/www.esin.av.tr\/wp-content\/uploads\/2021\/09\/esin-2.jpg\",\"width\":800,\"height\":460,\"caption\":\"Esin Avukatl\u0131k Ortakl\u0131\u011f\u0131\"},\"image\":{\"@id\":\"https:\/\/www.esin.av.tr\/tr\/#\/schema\/logo\/image\/\"}},{\"@type\":\"Person\",\"@id\":\"https:\/\/www.esin.av.tr\/tr\/#\/schema\/person\/42c8e616aab56b8622fa365ad63282ae\",\"name\":\"R\u0131dvan Konrat\",\"image\":{\"@type\":\"ImageObject\",\"inLanguage\":\"tr\",\"@id\":\"https:\/\/www.esin.av.tr\/tr\/#\/schema\/person\/image\/\",\"url\":\"https:\/\/secure.gravatar.com\/avatar\/b20c6c583be38ed4e76e32f69fccc676?s=96&d=mm&r=g\",\"contentUrl\":\"https:\/\/secure.gravatar.com\/avatar\/b20c6c583be38ed4e76e32f69fccc676?s=96&d=mm&r=g\",\"caption\":\"R\u0131dvan Konrat\"},\"sameAs\":[\"http:\/\/www.esin.av.tr\"],\"url\":\"https:\/\/www.esin.av.tr\/tr\/author\/rkonrat\/\"}]}<\/script>\n<!-- \/ Yoast SEO plugin. -->","yoast_head_json":{"title":"Ticari Davalarda Arabuluculuk Dava \u015eart\u0131 Haline Geldi","description":"Yeni Geli\u015fme 7155 say\u0131l\u0131 Abonelik S\u00f6zle\u015fmesinden Kaynaklanan Para Alacaklar\u0131na \u0130li\u015fkin Takibin Ba\u015flat\u0131lmas\u0131na \u0130li\u015fkin Kanun (''Kanun'') 19 Aral\u0131k 2018'de","robots":{"index":"index","follow":"follow","max-snippet":"max-snippet:-1","max-image-preview":"max-image-preview:large","max-video-preview":"max-video-preview:-1"},"canonical":"https:\/\/www.esin.av.tr\/tr\/2018\/12\/21\/ticari-davalarda-arabuluculuk-dava-sarti-haline-geldi\/","og_locale":"tr_TR","og_type":"article","og_title":"Ticari Davalarda Arabuluculuk Dava \u015eart\u0131 Haline Geldi","og_description":"Yeni Geli\u015fme 7155 say\u0131l\u0131 Abonelik S\u00f6zle\u015fmesinden Kaynaklanan Para Alacaklar\u0131na \u0130li\u015fkin Takibin Ba\u015flat\u0131lmas\u0131na \u0130li\u015fkin Kanun (''Kanun'') 19 Aral\u0131k 2018'de","og_url":"https:\/\/www.esin.av.tr\/tr\/2018\/12\/21\/ticari-davalarda-arabuluculuk-dava-sarti-haline-geldi\/","og_site_name":"Esin Avukatl\u0131k Ortakl\u0131\u011f\u0131","article_published_time":"2018-12-21T10:37:16+00:00","article_modified_time":"2022-06-09T12:24:28+00:00","author":"R\u0131dvan Konrat","twitter_card":"summary_large_image","twitter_misc":{"Written by":"R\u0131dvan Konrat","Est. reading time":"1 minute"},"schema":{"@context":"https:\/\/schema.org","@graph":[{"@type":"Article","@id":"https:\/\/www.esin.av.tr\/tr\/2018\/12\/21\/ticari-davalarda-arabuluculuk-dava-sarti-haline-geldi\/#article","isPartOf":{"@id":"https:\/\/www.esin.av.tr\/tr\/2018\/12\/21\/ticari-davalarda-arabuluculuk-dava-sarti-haline-geldi\/"},"author":{"name":"R\u0131dvan Konrat","@id":"https:\/\/www.esin.av.tr\/tr\/#\/schema\/person\/42c8e616aab56b8622fa365ad63282ae"},"headline":"Ticari Davalarda Arabuluculuk Dava \u015eart\u0131 Haline Geldi","datePublished":"2018-12-21T10:37:16+00:00","dateModified":"2022-06-09T12:24:28+00:00","mainEntityOfPage":{"@id":"https:\/\/www.esin.av.tr\/tr\/2018\/12\/21\/ticari-davalarda-arabuluculuk-dava-sarti-haline-geldi\/"},"wordCount":289,"publisher":{"@id":"https:\/\/www.esin.av.tr\/tr\/#organization"},"keywords":["Uyu\u015fmazl\u0131k \u00c7\u00f6z\u00fcm\u00fc"],"articleSection":["Hukuk B\u00fcltenleri"],"inLanguage":"tr"},{"@type":"WebPage","@id":"https:\/\/www.esin.av.tr\/tr\/2018\/12\/21\/ticari-davalarda-arabuluculuk-dava-sarti-haline-geldi\/","url":"https:\/\/www.esin.av.tr\/tr\/2018\/12\/21\/ticari-davalarda-arabuluculuk-dava-sarti-haline-geldi\/","name":"Ticari Davalarda Arabuluculuk Dava \u015eart\u0131 Haline Geldi","isPartOf":{"@id":"https:\/\/www.esin.av.tr\/tr\/#website"},"datePublished":"2018-12-21T10:37:16+00:00","dateModified":"2022-06-09T12:24:28+00:00","description":"Yeni Geli\u015fme 7155 say\u0131l\u0131 Abonelik S\u00f6zle\u015fmesinden Kaynaklanan Para Alacaklar\u0131na \u0130li\u015fkin Takibin Ba\u015flat\u0131lmas\u0131na \u0130li\u015fkin Kanun (''Kanun'') 19 Aral\u0131k 2018'de","breadcrumb":{"@id":"https:\/\/www.esin.av.tr\/tr\/2018\/12\/21\/ticari-davalarda-arabuluculuk-dava-sarti-haline-geldi\/#breadcrumb"},"inLanguage":"tr","potentialAction":[{"@type":"ReadAction","target":["https:\/\/www.esin.av.tr\/tr\/2018\/12\/21\/ticari-davalarda-arabuluculuk-dava-sarti-haline-geldi\/"]}]},{"@type":"BreadcrumbList","@id":"https:\/\/www.esin.av.tr\/tr\/2018\/12\/21\/ticari-davalarda-arabuluculuk-dava-sarti-haline-geldi\/#breadcrumb","itemListElement":[{"@type":"ListItem","position":1,"name":"Home","item":"https:\/\/www.esin.av.tr\/tr\/"},{"@type":"ListItem","position":2,"name":"Ticari Davalarda Arabuluculuk Dava \u015eart\u0131 Haline Geldi"}]},{"@type":"WebSite","@id":"https:\/\/www.esin.av.tr\/tr\/#website","url":"https:\/\/www.esin.av.tr\/tr\/","name":"Esin Avukatl\u0131k Ortakl\u0131\u011f\u0131","description":"","publisher":{"@id":"https:\/\/www.esin.av.tr\/tr\/#organization"},"potentialAction":[{"@type":"SearchAction","target":{"@type":"EntryPoint","urlTemplate":"https:\/\/www.esin.av.tr\/tr\/?s={search_term_string}"},"query-input":{"@type":"PropertyValueSpecification","valueRequired":true,"valueName":"search_term_string"}}],"inLanguage":"tr"},{"@type":"Organization","@id":"https:\/\/www.esin.av.tr\/tr\/#organization","name":"Esin Avukatl\u0131k Ortakl\u0131\u011f\u0131","url":"https:\/\/www.esin.av.tr\/tr\/","logo":{"@type":"ImageObject","inLanguage":"tr","@id":"https:\/\/www.esin.av.tr\/tr\/#\/schema\/logo\/image\/","url":"https:\/\/www.esin.av.tr\/wp-content\/uploads\/2021\/09\/esin-2.jpg","contentUrl":"https:\/\/www.esin.av.tr\/wp-content\/uploads\/2021\/09\/esin-2.jpg","width":800,"height":460,"caption":"Esin Avukatl\u0131k Ortakl\u0131\u011f\u0131"},"image":{"@id":"https:\/\/www.esin.av.tr\/tr\/#\/schema\/logo\/image\/"}},{"@type":"Person","@id":"https:\/\/www.esin.av.tr\/tr\/#\/schema\/person\/42c8e616aab56b8622fa365ad63282ae","name":"R\u0131dvan Konrat","image":{"@type":"ImageObject","inLanguage":"tr","@id":"https:\/\/www.esin.av.tr\/tr\/#\/schema\/person\/image\/","url":"https:\/\/secure.gravatar.com\/avatar\/b20c6c583be38ed4e76e32f69fccc676?s=96&d=mm&r=g","contentUrl":"https:\/\/secure.gravatar.com\/avatar\/b20c6c583be38ed4e76e32f69fccc676?s=96&d=mm&r=g","caption":"R\u0131dvan Konrat"},"sameAs":["http:\/\/www.esin.av.tr"],"url":"https:\/\/www.esin.av.tr\/tr\/author\/rkonrat\/"}]}},"_links":{"self":[{"href":"https:\/\/www.esin.av.tr\/tr\/wp-json\/wp\/v2\/posts\/14533","targetHints":{"allow":["GET"]}}],"collection":[{"href":"https:\/\/www.esin.av.tr\/tr\/wp-json\/wp\/v2\/posts"}],"about":[{"href":"https:\/\/www.esin.av.tr\/tr\/wp-json\/wp\/v2\/types\/post"}],"author":[{"embeddable":true,"href":"https:\/\/www.esin.av.tr\/tr\/wp-json\/wp\/v2\/users\/4"}],"replies":[{"embeddable":true,"href":"https:\/\/www.esin.av.tr\/tr\/wp-json\/wp\/v2\/comments?post=14533"}],"version-history":[{"count":1,"href":"https:\/\/www.esin.av.tr\/tr\/wp-json\/wp\/v2\/posts\/14533\/revisions"}],"predecessor-version":[{"id":15625,"href":"https:\/\/www.esin.av.tr\/tr\/wp-json\/wp\/v2\/posts\/14533\/revisions\/15625"}],"wp:attachment":[{"href":"https:\/\/www.esin.av.tr\/tr\/wp-json\/wp\/v2\/media?parent=14533"}],"wp:term":[{"taxonomy":"category","embeddable":true,"href":"https:\/\/www.esin.av.tr\/tr\/wp-json\/wp\/v2\/categories?post=14533"},{"taxonomy":"post_tag","embeddable":true,"href":"https:\/\/www.esin.av.tr\/tr\/wp-json\/wp\/v2\/tags?post=14533"}],"curies":[{"name":"wp","href":"https:\/\/api.w.org\/{rel}","templated":true}]}}