{"id":14532,"date":"2018-12-21T13:42:47","date_gmt":"2018-12-21T13:42:47","guid":{"rendered":"http:\/\/upt.esin.av.tr\/2018\/12\/21\/konkordato-hukumlerinde-yapilan-degisiklikler-ile-konkordato-surecinin-daha-siki-denetime-tabi-tutulmasi-ongoruluyor\/"},"modified":"2022-06-09T12:24:28","modified_gmt":"2022-06-09T12:24:28","slug":"konkordato-hukumlerinde-yapilan-degisiklikler-ile-konkordato-surecinin-daha-siki-denetime-tabi-tutulmasi-ongoruluyor","status":"publish","type":"post","link":"https:\/\/www.esin.av.tr\/tr\/2018\/12\/21\/konkordato-hukumlerinde-yapilan-degisiklikler-ile-konkordato-surecinin-daha-siki-denetime-tabi-tutulmasi-ongoruluyor\/","title":{"rendered":"Konkordato H\u00fck\u00fcmlerinde Yap\u0131lan De\u011fi\u015fiklikler ile Konkordato S\u00fcrecinin Daha S\u0131k\u0131 Denetime Tabi Tutulmas\u0131 \u00d6ng\u00f6r\u00fcl\u00fcyor"},"content":{"rendered":"<p><strong>Yeni Geli\u015fme<\/strong><\/p>\n<p>T\u00fcrkiye B\u00fcy\u00fck Millet Meclisi, konkordato s\u00fcrecinin suiistimal edildi\u011fine ili\u015fkin gelen tepkileri g\u00f6z \u00f6n\u00fcnde bulundurarak, \u0130cra ve \u0130flas Kanunu&#8217;ndaki konkordato h\u00fck\u00fcmlerinde de\u011fi\u015fiklikler \u00f6ng\u00f6ren kanun teklifini yasala\u015ft\u0131rm\u0131\u015ft\u0131r. De\u011fi\u015fiklikler 19 Aral\u0131k 2018 tarihinde Resmi Gazete\u2019de yay\u0131mlanarak y\u00fcr\u00fcrl\u00fc\u011fe girmi\u015ftir. Ancak g\u00f6r\u00fclmekte olan konkordato talepleri hakk\u0131nda \u00f6nceki h\u00fck\u00fcmler uygulanmaya devam edecektir.<\/p>\n<p><strong>Kabul Edilen De\u011fi\u015fiklikler<\/strong><\/p>\n<p>\u00d6nemli de\u011fi\u015fiklikler a\u015fa\u011f\u0131da \u00f6zetlenmi\u015ftir.<\/p>\n<ul>\n<li>Daha \u00f6nce konkordato talebine eklenecek belgeler aras\u0131nda yer alan finansal analiz raporu, g\u00fcvence veren denetim raporu olarak de\u011fi\u015ftirilmi\u015ftir. De\u011fi\u015fiklikler ile s\u00f6z konusu raporlar, sadece Kamu G\u00f6zetimi, Muhasebe ve Denetim Standartlar\u0131 Kurumunca (&#8220;<strong>KGMDSK<\/strong>&#8220;) yetkilendirilen ba\u011f\u0131ms\u0131z denetim kurulu\u015flar\u0131 taraf\u0131ndan haz\u0131rlanabilecektir. Buna ek olarak, s\u00f6z konusu raporlar\u0131n T\u00fcrkiye Denetim Standartlar\u0131na g\u00f6re haz\u0131rlanaca\u011f\u0131 belirtilmi\u015ftir. Bu de\u011fi\u015fikliklerle raporun kapsam\u0131n\u0131n geni\u015fletilmesi ama\u00e7lanm\u0131\u015ft\u0131r.<\/li>\n<li>Konkordato ba\u015fvurusunun denetimi i\u00e7in \u00fc\u00e7 komiser atanmas\u0131 halinde, g\u00f6revlendirilecek komiserlerden birinin KGMDSK taraf\u0131ndan yetkilendirilmi\u015f ba\u011f\u0131ms\u0131z denet\u00e7ilerden se\u00e7ilmesi gerekmektedir.<\/li>\n<li>Komiserler, bilirki\u015filik b\u00f6lge kurullar\u0131 taraf\u0131ndan olu\u015fturulan komiser listesine kay\u0131tl\u0131 komiserlerden se\u00e7ilecektir. Bu listeye kaydolmak i\u00e7in yetkilendirilmi\u015f kurulu\u015flardan y\u00f6netmelikte belirlenecek e\u011fitimin al\u0131nmas\u0131 gerekecektir.<\/li>\n<li>Konkordato talebinin reddedilmesi ve iflasa karar verilmesine ili\u015fkin haller geni\u015fletilmi\u015ftir: Konkordato s\u00fcrecinin hangi a\u015famas\u0131nda olundu\u011funa bak\u0131lmaks\u0131z\u0131n, bor\u00e7lunun alacakl\u0131lar\u0131 zarara u\u011fratma amac\u0131yla hareket ediyor olmas\u0131 halinde iflas karar\u0131 verilebilecektir.<\/li>\n<\/ul>\n<p><strong>Sonu\u00e7<\/strong><\/p>\n<p>Yasa koyucu, konkordatonun uygulamadaki ilerleyi\u015fini takip etmekte ve bu d\u00fczenlemenin suiistimal edilme riskini, daha s\u0131k\u0131 kurallar getirmek suretiyle azaltmaya \u00e7al\u0131\u015fmaktad\u0131r.<\/p>\n","protected":false},"excerpt":{"rendered":"<p>Yeni Geli\u015fme T\u00fcrkiye B\u00fcy\u00fck Millet Meclisi, konkordato s\u00fcrecinin suiistimal edildi\u011fine ili\u015fkin gelen tepkileri g\u00f6z \u00f6n\u00fcnde bulundurarak, \u0130cra ve \u0130flas Kanunu&#8217;ndaki [&hellip;]<\/p>\n","protected":false},"author":4,"featured_media":0,"comment_status":"closed","ping_status":"closed","sticky":false,"template":"","format":"standard","meta":{"_acf_changed":false,"_stopmodifiedupdate":false,"_modified_date":"","footnotes":""},"categories":[120],"tags":[96],"class_list":["post-14532","post","type-post","status-publish","format-standard","hentry","category-legal-alerts","tag-dispute-resolution-tr"],"acf":[],"yoast_head":"<!-- This site is optimized with the Yoast SEO plugin v24.0 - https:\/\/yoast.com\/wordpress\/plugins\/seo\/ -->\n<title>Konkordato H\u00fck\u00fcmlerinde Yap\u0131lan De\u011fi\u015fiklikler ile Konkordato S\u00fcrecinin Daha S\u0131k\u0131 Denetime Tabi Tutulmas\u0131 \u00d6ng\u00f6r\u00fcl\u00fcyor<\/title>\n<meta name=\"description\" content=\"Yeni Geli\u015fme T\u00fcrkiye B\u00fcy\u00fck Millet Meclisi, konkordato s\u00fcrecinin suiistimal edildi\u011fine ili\u015fkin gelen tepkileri g\u00f6z \u00f6n\u00fcnde bulundurarak, \u0130cra ve \u0130flas\" \/>\n<meta name=\"robots\" content=\"index, follow, max-snippet:-1, max-image-preview:large, max-video-preview:-1\" \/>\n<link rel=\"canonical\" href=\"https:\/\/www.esin.av.tr\/tr\/2018\/12\/21\/konkordato-hukumlerinde-yapilan-degisiklikler-ile-konkordato-surecinin-daha-siki-denetime-tabi-tutulmasi-ongoruluyor\/\" \/>\n<meta property=\"og:locale\" content=\"tr_TR\" \/>\n<meta property=\"og:type\" content=\"article\" \/>\n<meta property=\"og:title\" content=\"Konkordato H\u00fck\u00fcmlerinde Yap\u0131lan De\u011fi\u015fiklikler ile Konkordato S\u00fcrecinin Daha S\u0131k\u0131 Denetime Tabi Tutulmas\u0131 \u00d6ng\u00f6r\u00fcl\u00fcyor\" \/>\n<meta property=\"og:description\" content=\"Yeni Geli\u015fme T\u00fcrkiye B\u00fcy\u00fck Millet Meclisi, konkordato s\u00fcrecinin suiistimal edildi\u011fine ili\u015fkin gelen tepkileri g\u00f6z \u00f6n\u00fcnde bulundurarak, \u0130cra ve \u0130flas\" \/>\n<meta property=\"og:url\" content=\"https:\/\/www.esin.av.tr\/tr\/2018\/12\/21\/konkordato-hukumlerinde-yapilan-degisiklikler-ile-konkordato-surecinin-daha-siki-denetime-tabi-tutulmasi-ongoruluyor\/\" \/>\n<meta property=\"og:site_name\" content=\"Esin Avukatl\u0131k Ortakl\u0131\u011f\u0131\" \/>\n<meta property=\"article:published_time\" content=\"2018-12-21T13:42:47+00:00\" \/>\n<meta property=\"article:modified_time\" content=\"2022-06-09T12:24:28+00:00\" \/>\n<meta name=\"author\" content=\"R\u0131dvan Konrat\" \/>\n<meta name=\"twitter:card\" content=\"summary_large_image\" \/>\n<meta name=\"twitter:label1\" content=\"Written by\" \/>\n\t<meta name=\"twitter:data1\" content=\"R\u0131dvan Konrat\" \/>\n\t<meta name=\"twitter:label2\" content=\"Est. reading time\" \/>\n\t<meta name=\"twitter:data2\" content=\"2 minutes\" \/>\n<script type=\"application\/ld+json\" class=\"yoast-schema-graph\">{\"@context\":\"https:\/\/schema.org\",\"@graph\":[{\"@type\":\"Article\",\"@id\":\"https:\/\/www.esin.av.tr\/tr\/2018\/12\/21\/konkordato-hukumlerinde-yapilan-degisiklikler-ile-konkordato-surecinin-daha-siki-denetime-tabi-tutulmasi-ongoruluyor\/#article\",\"isPartOf\":{\"@id\":\"https:\/\/www.esin.av.tr\/tr\/2018\/12\/21\/konkordato-hukumlerinde-yapilan-degisiklikler-ile-konkordato-surecinin-daha-siki-denetime-tabi-tutulmasi-ongoruluyor\/\"},\"author\":{\"name\":\"R\u0131dvan Konrat\",\"@id\":\"https:\/\/www.esin.av.tr\/tr\/#\/schema\/person\/42c8e616aab56b8622fa365ad63282ae\"},\"headline\":\"Konkordato H\u00fck\u00fcmlerinde Yap\u0131lan De\u011fi\u015fiklikler ile Konkordato S\u00fcrecinin Daha S\u0131k\u0131 Denetime Tabi Tutulmas\u0131 \u00d6ng\u00f6r\u00fcl\u00fcyor\",\"datePublished\":\"2018-12-21T13:42:47+00:00\",\"dateModified\":\"2022-06-09T12:24:28+00:00\",\"mainEntityOfPage\":{\"@id\":\"https:\/\/www.esin.av.tr\/tr\/2018\/12\/21\/konkordato-hukumlerinde-yapilan-degisiklikler-ile-konkordato-surecinin-daha-siki-denetime-tabi-tutulmasi-ongoruluyor\/\"},\"wordCount\":327,\"publisher\":{\"@id\":\"https:\/\/www.esin.av.tr\/tr\/#organization\"},\"keywords\":[\"Uyu\u015fmazl\u0131k \u00c7\u00f6z\u00fcm\u00fc\"],\"articleSection\":[\"Hukuk B\u00fcltenleri\"],\"inLanguage\":\"tr\"},{\"@type\":\"WebPage\",\"@id\":\"https:\/\/www.esin.av.tr\/tr\/2018\/12\/21\/konkordato-hukumlerinde-yapilan-degisiklikler-ile-konkordato-surecinin-daha-siki-denetime-tabi-tutulmasi-ongoruluyor\/\",\"url\":\"https:\/\/www.esin.av.tr\/tr\/2018\/12\/21\/konkordato-hukumlerinde-yapilan-degisiklikler-ile-konkordato-surecinin-daha-siki-denetime-tabi-tutulmasi-ongoruluyor\/\",\"name\":\"Konkordato H\u00fck\u00fcmlerinde Yap\u0131lan De\u011fi\u015fiklikler ile Konkordato S\u00fcrecinin Daha S\u0131k\u0131 Denetime Tabi Tutulmas\u0131 \u00d6ng\u00f6r\u00fcl\u00fcyor\",\"isPartOf\":{\"@id\":\"https:\/\/www.esin.av.tr\/tr\/#website\"},\"datePublished\":\"2018-12-21T13:42:47+00:00\",\"dateModified\":\"2022-06-09T12:24:28+00:00\",\"description\":\"Yeni Geli\u015fme T\u00fcrkiye B\u00fcy\u00fck Millet Meclisi, konkordato s\u00fcrecinin suiistimal edildi\u011fine ili\u015fkin gelen tepkileri g\u00f6z \u00f6n\u00fcnde bulundurarak, \u0130cra ve \u0130flas\",\"breadcrumb\":{\"@id\":\"https:\/\/www.esin.av.tr\/tr\/2018\/12\/21\/konkordato-hukumlerinde-yapilan-degisiklikler-ile-konkordato-surecinin-daha-siki-denetime-tabi-tutulmasi-ongoruluyor\/#breadcrumb\"},\"inLanguage\":\"tr\",\"potentialAction\":[{\"@type\":\"ReadAction\",\"target\":[\"https:\/\/www.esin.av.tr\/tr\/2018\/12\/21\/konkordato-hukumlerinde-yapilan-degisiklikler-ile-konkordato-surecinin-daha-siki-denetime-tabi-tutulmasi-ongoruluyor\/\"]}]},{\"@type\":\"BreadcrumbList\",\"@id\":\"https:\/\/www.esin.av.tr\/tr\/2018\/12\/21\/konkordato-hukumlerinde-yapilan-degisiklikler-ile-konkordato-surecinin-daha-siki-denetime-tabi-tutulmasi-ongoruluyor\/#breadcrumb\",\"itemListElement\":[{\"@type\":\"ListItem\",\"position\":1,\"name\":\"Home\",\"item\":\"https:\/\/www.esin.av.tr\/tr\/\"},{\"@type\":\"ListItem\",\"position\":2,\"name\":\"Konkordato H\u00fck\u00fcmlerinde Yap\u0131lan De\u011fi\u015fiklikler ile Konkordato S\u00fcrecinin Daha S\u0131k\u0131 Denetime Tabi Tutulmas\u0131 \u00d6ng\u00f6r\u00fcl\u00fcyor\"}]},{\"@type\":\"WebSite\",\"@id\":\"https:\/\/www.esin.av.tr\/tr\/#website\",\"url\":\"https:\/\/www.esin.av.tr\/tr\/\",\"name\":\"Esin Avukatl\u0131k Ortakl\u0131\u011f\u0131\",\"description\":\"\",\"publisher\":{\"@id\":\"https:\/\/www.esin.av.tr\/tr\/#organization\"},\"potentialAction\":[{\"@type\":\"SearchAction\",\"target\":{\"@type\":\"EntryPoint\",\"urlTemplate\":\"https:\/\/www.esin.av.tr\/tr\/?s={search_term_string}\"},\"query-input\":{\"@type\":\"PropertyValueSpecification\",\"valueRequired\":true,\"valueName\":\"search_term_string\"}}],\"inLanguage\":\"tr\"},{\"@type\":\"Organization\",\"@id\":\"https:\/\/www.esin.av.tr\/tr\/#organization\",\"name\":\"Esin Avukatl\u0131k Ortakl\u0131\u011f\u0131\",\"url\":\"https:\/\/www.esin.av.tr\/tr\/\",\"logo\":{\"@type\":\"ImageObject\",\"inLanguage\":\"tr\",\"@id\":\"https:\/\/www.esin.av.tr\/tr\/#\/schema\/logo\/image\/\",\"url\":\"https:\/\/www.esin.av.tr\/wp-content\/uploads\/2021\/09\/esin-2.jpg\",\"contentUrl\":\"https:\/\/www.esin.av.tr\/wp-content\/uploads\/2021\/09\/esin-2.jpg\",\"width\":800,\"height\":460,\"caption\":\"Esin Avukatl\u0131k Ortakl\u0131\u011f\u0131\"},\"image\":{\"@id\":\"https:\/\/www.esin.av.tr\/tr\/#\/schema\/logo\/image\/\"}},{\"@type\":\"Person\",\"@id\":\"https:\/\/www.esin.av.tr\/tr\/#\/schema\/person\/42c8e616aab56b8622fa365ad63282ae\",\"name\":\"R\u0131dvan Konrat\",\"image\":{\"@type\":\"ImageObject\",\"inLanguage\":\"tr\",\"@id\":\"https:\/\/www.esin.av.tr\/tr\/#\/schema\/person\/image\/\",\"url\":\"https:\/\/secure.gravatar.com\/avatar\/b20c6c583be38ed4e76e32f69fccc676?s=96&d=mm&r=g\",\"contentUrl\":\"https:\/\/secure.gravatar.com\/avatar\/b20c6c583be38ed4e76e32f69fccc676?s=96&d=mm&r=g\",\"caption\":\"R\u0131dvan Konrat\"},\"sameAs\":[\"http:\/\/www.esin.av.tr\"],\"url\":\"https:\/\/www.esin.av.tr\/tr\/author\/rkonrat\/\"}]}<\/script>\n<!-- \/ Yoast SEO plugin. -->","yoast_head_json":{"title":"Konkordato H\u00fck\u00fcmlerinde Yap\u0131lan De\u011fi\u015fiklikler ile Konkordato S\u00fcrecinin Daha S\u0131k\u0131 Denetime Tabi Tutulmas\u0131 \u00d6ng\u00f6r\u00fcl\u00fcyor","description":"Yeni Geli\u015fme T\u00fcrkiye B\u00fcy\u00fck Millet Meclisi, konkordato s\u00fcrecinin suiistimal edildi\u011fine ili\u015fkin gelen tepkileri g\u00f6z \u00f6n\u00fcnde bulundurarak, \u0130cra ve \u0130flas","robots":{"index":"index","follow":"follow","max-snippet":"max-snippet:-1","max-image-preview":"max-image-preview:large","max-video-preview":"max-video-preview:-1"},"canonical":"https:\/\/www.esin.av.tr\/tr\/2018\/12\/21\/konkordato-hukumlerinde-yapilan-degisiklikler-ile-konkordato-surecinin-daha-siki-denetime-tabi-tutulmasi-ongoruluyor\/","og_locale":"tr_TR","og_type":"article","og_title":"Konkordato H\u00fck\u00fcmlerinde Yap\u0131lan De\u011fi\u015fiklikler ile Konkordato S\u00fcrecinin Daha S\u0131k\u0131 Denetime Tabi Tutulmas\u0131 \u00d6ng\u00f6r\u00fcl\u00fcyor","og_description":"Yeni Geli\u015fme T\u00fcrkiye B\u00fcy\u00fck Millet Meclisi, konkordato s\u00fcrecinin suiistimal edildi\u011fine ili\u015fkin gelen tepkileri g\u00f6z \u00f6n\u00fcnde bulundurarak, \u0130cra ve \u0130flas","og_url":"https:\/\/www.esin.av.tr\/tr\/2018\/12\/21\/konkordato-hukumlerinde-yapilan-degisiklikler-ile-konkordato-surecinin-daha-siki-denetime-tabi-tutulmasi-ongoruluyor\/","og_site_name":"Esin Avukatl\u0131k Ortakl\u0131\u011f\u0131","article_published_time":"2018-12-21T13:42:47+00:00","article_modified_time":"2022-06-09T12:24:28+00:00","author":"R\u0131dvan Konrat","twitter_card":"summary_large_image","twitter_misc":{"Written by":"R\u0131dvan Konrat","Est. reading time":"2 minutes"},"schema":{"@context":"https:\/\/schema.org","@graph":[{"@type":"Article","@id":"https:\/\/www.esin.av.tr\/tr\/2018\/12\/21\/konkordato-hukumlerinde-yapilan-degisiklikler-ile-konkordato-surecinin-daha-siki-denetime-tabi-tutulmasi-ongoruluyor\/#article","isPartOf":{"@id":"https:\/\/www.esin.av.tr\/tr\/2018\/12\/21\/konkordato-hukumlerinde-yapilan-degisiklikler-ile-konkordato-surecinin-daha-siki-denetime-tabi-tutulmasi-ongoruluyor\/"},"author":{"name":"R\u0131dvan Konrat","@id":"https:\/\/www.esin.av.tr\/tr\/#\/schema\/person\/42c8e616aab56b8622fa365ad63282ae"},"headline":"Konkordato H\u00fck\u00fcmlerinde Yap\u0131lan De\u011fi\u015fiklikler ile Konkordato S\u00fcrecinin Daha S\u0131k\u0131 Denetime Tabi Tutulmas\u0131 \u00d6ng\u00f6r\u00fcl\u00fcyor","datePublished":"2018-12-21T13:42:47+00:00","dateModified":"2022-06-09T12:24:28+00:00","mainEntityOfPage":{"@id":"https:\/\/www.esin.av.tr\/tr\/2018\/12\/21\/konkordato-hukumlerinde-yapilan-degisiklikler-ile-konkordato-surecinin-daha-siki-denetime-tabi-tutulmasi-ongoruluyor\/"},"wordCount":327,"publisher":{"@id":"https:\/\/www.esin.av.tr\/tr\/#organization"},"keywords":["Uyu\u015fmazl\u0131k \u00c7\u00f6z\u00fcm\u00fc"],"articleSection":["Hukuk B\u00fcltenleri"],"inLanguage":"tr"},{"@type":"WebPage","@id":"https:\/\/www.esin.av.tr\/tr\/2018\/12\/21\/konkordato-hukumlerinde-yapilan-degisiklikler-ile-konkordato-surecinin-daha-siki-denetime-tabi-tutulmasi-ongoruluyor\/","url":"https:\/\/www.esin.av.tr\/tr\/2018\/12\/21\/konkordato-hukumlerinde-yapilan-degisiklikler-ile-konkordato-surecinin-daha-siki-denetime-tabi-tutulmasi-ongoruluyor\/","name":"Konkordato H\u00fck\u00fcmlerinde Yap\u0131lan De\u011fi\u015fiklikler ile Konkordato S\u00fcrecinin Daha S\u0131k\u0131 Denetime Tabi Tutulmas\u0131 \u00d6ng\u00f6r\u00fcl\u00fcyor","isPartOf":{"@id":"https:\/\/www.esin.av.tr\/tr\/#website"},"datePublished":"2018-12-21T13:42:47+00:00","dateModified":"2022-06-09T12:24:28+00:00","description":"Yeni Geli\u015fme T\u00fcrkiye B\u00fcy\u00fck Millet Meclisi, konkordato s\u00fcrecinin suiistimal edildi\u011fine ili\u015fkin gelen tepkileri g\u00f6z \u00f6n\u00fcnde bulundurarak, \u0130cra ve \u0130flas","breadcrumb":{"@id":"https:\/\/www.esin.av.tr\/tr\/2018\/12\/21\/konkordato-hukumlerinde-yapilan-degisiklikler-ile-konkordato-surecinin-daha-siki-denetime-tabi-tutulmasi-ongoruluyor\/#breadcrumb"},"inLanguage":"tr","potentialAction":[{"@type":"ReadAction","target":["https:\/\/www.esin.av.tr\/tr\/2018\/12\/21\/konkordato-hukumlerinde-yapilan-degisiklikler-ile-konkordato-surecinin-daha-siki-denetime-tabi-tutulmasi-ongoruluyor\/"]}]},{"@type":"BreadcrumbList","@id":"https:\/\/www.esin.av.tr\/tr\/2018\/12\/21\/konkordato-hukumlerinde-yapilan-degisiklikler-ile-konkordato-surecinin-daha-siki-denetime-tabi-tutulmasi-ongoruluyor\/#breadcrumb","itemListElement":[{"@type":"ListItem","position":1,"name":"Home","item":"https:\/\/www.esin.av.tr\/tr\/"},{"@type":"ListItem","position":2,"name":"Konkordato H\u00fck\u00fcmlerinde Yap\u0131lan De\u011fi\u015fiklikler ile Konkordato S\u00fcrecinin Daha S\u0131k\u0131 Denetime Tabi Tutulmas\u0131 \u00d6ng\u00f6r\u00fcl\u00fcyor"}]},{"@type":"WebSite","@id":"https:\/\/www.esin.av.tr\/tr\/#website","url":"https:\/\/www.esin.av.tr\/tr\/","name":"Esin Avukatl\u0131k Ortakl\u0131\u011f\u0131","description":"","publisher":{"@id":"https:\/\/www.esin.av.tr\/tr\/#organization"},"potentialAction":[{"@type":"SearchAction","target":{"@type":"EntryPoint","urlTemplate":"https:\/\/www.esin.av.tr\/tr\/?s={search_term_string}"},"query-input":{"@type":"PropertyValueSpecification","valueRequired":true,"valueName":"search_term_string"}}],"inLanguage":"tr"},{"@type":"Organization","@id":"https:\/\/www.esin.av.tr\/tr\/#organization","name":"Esin Avukatl\u0131k Ortakl\u0131\u011f\u0131","url":"https:\/\/www.esin.av.tr\/tr\/","logo":{"@type":"ImageObject","inLanguage":"tr","@id":"https:\/\/www.esin.av.tr\/tr\/#\/schema\/logo\/image\/","url":"https:\/\/www.esin.av.tr\/wp-content\/uploads\/2021\/09\/esin-2.jpg","contentUrl":"https:\/\/www.esin.av.tr\/wp-content\/uploads\/2021\/09\/esin-2.jpg","width":800,"height":460,"caption":"Esin Avukatl\u0131k Ortakl\u0131\u011f\u0131"},"image":{"@id":"https:\/\/www.esin.av.tr\/tr\/#\/schema\/logo\/image\/"}},{"@type":"Person","@id":"https:\/\/www.esin.av.tr\/tr\/#\/schema\/person\/42c8e616aab56b8622fa365ad63282ae","name":"R\u0131dvan Konrat","image":{"@type":"ImageObject","inLanguage":"tr","@id":"https:\/\/www.esin.av.tr\/tr\/#\/schema\/person\/image\/","url":"https:\/\/secure.gravatar.com\/avatar\/b20c6c583be38ed4e76e32f69fccc676?s=96&d=mm&r=g","contentUrl":"https:\/\/secure.gravatar.com\/avatar\/b20c6c583be38ed4e76e32f69fccc676?s=96&d=mm&r=g","caption":"R\u0131dvan Konrat"},"sameAs":["http:\/\/www.esin.av.tr"],"url":"https:\/\/www.esin.av.tr\/tr\/author\/rkonrat\/"}]}},"_links":{"self":[{"href":"https:\/\/www.esin.av.tr\/tr\/wp-json\/wp\/v2\/posts\/14532","targetHints":{"allow":["GET"]}}],"collection":[{"href":"https:\/\/www.esin.av.tr\/tr\/wp-json\/wp\/v2\/posts"}],"about":[{"href":"https:\/\/www.esin.av.tr\/tr\/wp-json\/wp\/v2\/types\/post"}],"author":[{"embeddable":true,"href":"https:\/\/www.esin.av.tr\/tr\/wp-json\/wp\/v2\/users\/4"}],"replies":[{"embeddable":true,"href":"https:\/\/www.esin.av.tr\/tr\/wp-json\/wp\/v2\/comments?post=14532"}],"version-history":[{"count":1,"href":"https:\/\/www.esin.av.tr\/tr\/wp-json\/wp\/v2\/posts\/14532\/revisions"}],"predecessor-version":[{"id":15624,"href":"https:\/\/www.esin.av.tr\/tr\/wp-json\/wp\/v2\/posts\/14532\/revisions\/15624"}],"wp:attachment":[{"href":"https:\/\/www.esin.av.tr\/tr\/wp-json\/wp\/v2\/media?parent=14532"}],"wp:term":[{"taxonomy":"category","embeddable":true,"href":"https:\/\/www.esin.av.tr\/tr\/wp-json\/wp\/v2\/categories?post=14532"},{"taxonomy":"post_tag","embeddable":true,"href":"https:\/\/www.esin.av.tr\/tr\/wp-json\/wp\/v2\/tags?post=14532"}],"curies":[{"name":"wp","href":"https:\/\/api.w.org\/{rel}","templated":true}]}}