{"id":14524,"date":"2019-01-09T11:29:27","date_gmt":"2019-01-09T11:29:27","guid":{"rendered":"http:\/\/upt.esin.av.tr\/2019\/01\/09\/ikinci-grup-veri-sorumlulari-icin-verbise-kayitlar-basladi\/"},"modified":"2022-06-09T12:24:57","modified_gmt":"2022-06-09T12:24:57","slug":"ikinci-grup-veri-sorumlulari-icin-verbise-kayitlar-basladi","status":"publish","type":"post","link":"https:\/\/www.esin.av.tr\/tr\/2019\/01\/09\/ikinci-grup-veri-sorumlulari-icin-verbise-kayitlar-basladi\/","title":{"rendered":"\u0130kinci Grup Veri Sorumlular\u0131 \u0130\u00e7in VERB\u0130S&#8217;e Kay\u0131tlar Ba\u015flad\u0131"},"content":{"rendered":"<p><strong>Yeni Geli\u015fme<\/strong><\/p>\n<p>Ki\u015fisel Verileri Koruma Kurumu (&#8220;<strong>Kurum<\/strong>&#8220;), ikinci grup veri sorumlular\u0131 i\u00e7in Veri Sorumlular\u0131 Sicili&#8217;ne (&#8220;<strong>VERB\u0130S<\/strong>&#8220;) kay\u0131tlar\u0131n ba\u015flad\u0131\u011f\u0131n\u0131 a\u00e7\u0131klad\u0131.<\/p>\n<p><strong>Duyuru Ne Anlama Geliyor?<\/strong><\/p>\n<p>Kurum&#8217;un 2 Ocak 2019 tarihinde yay\u0131mlanan duyurusu uyar\u0131nca, ikinci grup veri sorumlular\u0131 i\u00e7in VERB\u0130S\u2019e kay\u0131tlar 1 Ocak 2019 tarihinde ba\u015flad\u0131. \u0130kinci grup veri sorumlular\u0131, y\u0131ll\u0131k \u00e7al\u0131\u015fan say\u0131s\u0131 50\u2019den az ve y\u0131ll\u0131k mali bilan\u00e7o toplam\u0131 25 milyon TL\u2019den az olmakla birlikte ana faaliyet konusu \u00f6zel nitelikli ki\u015fisel veri i\u015fleme olan ger\u00e7ek ve t\u00fczel ki\u015fi veri sorumlular\u0131d\u0131r.<\/p>\n<p>\u0130kinci grup veri sorumlular\u0131n\u0131n 31 Mart 2020 tarihine kadar VERB\u0130S&#8217;e kay\u0131t yapt\u0131rmalar\u0131 gerekiyor.<\/p>\n<p><strong>Sonu\u00e7 <\/strong><\/p>\n<p>\u0130kinci grup veri sorumlular\u0131 yukar\u0131da belirtilen tarihleri dikkatle incelemeli ve kay\u0131t y\u00fck\u00fcml\u00fcl\u00fcklerini yerine getirmek i\u00e7in gerekli ad\u0131mlar\u0131 atmal\u0131d\u0131r.<\/p>\n","protected":false},"excerpt":{"rendered":"<p>Yeni Geli\u015fme Ki\u015fisel Verileri Koruma Kurumu (&#8220;Kurum&#8220;), ikinci grup veri sorumlular\u0131 i\u00e7in Veri Sorumlular\u0131 Sicili&#8217;ne (&#8220;VERB\u0130S&#8220;) kay\u0131tlar\u0131n ba\u015flad\u0131\u011f\u0131n\u0131 a\u00e7\u0131klad\u0131. Duyuru [&hellip;]<\/p>\n","protected":false},"author":4,"featured_media":0,"comment_status":"closed","ping_status":"closed","sticky":false,"template":"","format":"standard","meta":{"_acf_changed":false,"_stopmodifiedupdate":false,"_modified_date":"","footnotes":""},"categories":[120],"tags":[93],"class_list":["post-14524","post","type-post","status-publish","format-standard","hentry","category-legal-alerts","tag-information-technology-communications-tr"],"acf":[],"yoast_head":"<!-- This site is optimized with the Yoast SEO plugin v24.0 - https:\/\/yoast.com\/wordpress\/plugins\/seo\/ -->\n<title>\u0130kinci Grup Veri Sorumlular\u0131 \u0130\u00e7in VERB\u0130S&#039;e Kay\u0131tlar Ba\u015flad\u0131<\/title>\n<meta name=\"description\" content=\"Yeni Geli\u015fme Ki\u015fisel Verileri Koruma Kurumu (&quot;Kurum&quot;), ikinci grup veri sorumlular\u0131 i\u00e7in Veri Sorumlular\u0131 Sicili&#039;ne (&quot;VERB\u0130S&quot;) kay\u0131tlar\u0131n ba\u015flad\u0131\u011f\u0131n\u0131\" \/>\n<meta name=\"robots\" content=\"index, follow, max-snippet:-1, max-image-preview:large, max-video-preview:-1\" \/>\n<link rel=\"canonical\" href=\"https:\/\/www.esin.av.tr\/tr\/2019\/01\/09\/ikinci-grup-veri-sorumlulari-icin-verbise-kayitlar-basladi\/\" \/>\n<meta property=\"og:locale\" content=\"tr_TR\" \/>\n<meta property=\"og:type\" content=\"article\" \/>\n<meta property=\"og:title\" content=\"\u0130kinci Grup Veri Sorumlular\u0131 \u0130\u00e7in VERB\u0130S&#039;e Kay\u0131tlar Ba\u015flad\u0131\" \/>\n<meta property=\"og:description\" content=\"Yeni Geli\u015fme Ki\u015fisel Verileri Koruma Kurumu (&quot;Kurum&quot;), ikinci grup veri sorumlular\u0131 i\u00e7in Veri Sorumlular\u0131 Sicili&#039;ne (&quot;VERB\u0130S&quot;) kay\u0131tlar\u0131n ba\u015flad\u0131\u011f\u0131n\u0131\" \/>\n<meta property=\"og:url\" content=\"https:\/\/www.esin.av.tr\/tr\/2019\/01\/09\/ikinci-grup-veri-sorumlulari-icin-verbise-kayitlar-basladi\/\" \/>\n<meta property=\"og:site_name\" content=\"Esin Avukatl\u0131k Ortakl\u0131\u011f\u0131\" \/>\n<meta property=\"article:published_time\" content=\"2019-01-09T11:29:27+00:00\" \/>\n<meta property=\"article:modified_time\" content=\"2022-06-09T12:24:57+00:00\" \/>\n<meta name=\"author\" content=\"R\u0131dvan Konrat\" \/>\n<meta name=\"twitter:card\" content=\"summary_large_image\" \/>\n<meta name=\"twitter:label1\" content=\"Written by\" \/>\n\t<meta name=\"twitter:data1\" content=\"R\u0131dvan Konrat\" \/>\n\t<meta name=\"twitter:label2\" content=\"Est. reading time\" \/>\n\t<meta name=\"twitter:data2\" content=\"1 minute\" \/>\n<script type=\"application\/ld+json\" class=\"yoast-schema-graph\">{\"@context\":\"https:\/\/schema.org\",\"@graph\":[{\"@type\":\"Article\",\"@id\":\"https:\/\/www.esin.av.tr\/tr\/2019\/01\/09\/ikinci-grup-veri-sorumlulari-icin-verbise-kayitlar-basladi\/#article\",\"isPartOf\":{\"@id\":\"https:\/\/www.esin.av.tr\/tr\/2019\/01\/09\/ikinci-grup-veri-sorumlulari-icin-verbise-kayitlar-basladi\/\"},\"author\":{\"name\":\"R\u0131dvan Konrat\",\"@id\":\"https:\/\/www.esin.av.tr\/tr\/#\/schema\/person\/42c8e616aab56b8622fa365ad63282ae\"},\"headline\":\"\u0130kinci Grup Veri Sorumlular\u0131 \u0130\u00e7in VERB\u0130S&#8217;e Kay\u0131tlar Ba\u015flad\u0131\",\"datePublished\":\"2019-01-09T11:29:27+00:00\",\"dateModified\":\"2022-06-09T12:24:57+00:00\",\"mainEntityOfPage\":{\"@id\":\"https:\/\/www.esin.av.tr\/tr\/2019\/01\/09\/ikinci-grup-veri-sorumlulari-icin-verbise-kayitlar-basladi\/\"},\"wordCount\":164,\"publisher\":{\"@id\":\"https:\/\/www.esin.av.tr\/tr\/#organization\"},\"keywords\":[\"Bilgi Teknolojileri ve Telekom\u00fcnikasyon\"],\"articleSection\":[\"Hukuk B\u00fcltenleri\"],\"inLanguage\":\"tr\"},{\"@type\":\"WebPage\",\"@id\":\"https:\/\/www.esin.av.tr\/tr\/2019\/01\/09\/ikinci-grup-veri-sorumlulari-icin-verbise-kayitlar-basladi\/\",\"url\":\"https:\/\/www.esin.av.tr\/tr\/2019\/01\/09\/ikinci-grup-veri-sorumlulari-icin-verbise-kayitlar-basladi\/\",\"name\":\"\u0130kinci Grup Veri Sorumlular\u0131 \u0130\u00e7in VERB\u0130S'e Kay\u0131tlar Ba\u015flad\u0131\",\"isPartOf\":{\"@id\":\"https:\/\/www.esin.av.tr\/tr\/#website\"},\"datePublished\":\"2019-01-09T11:29:27+00:00\",\"dateModified\":\"2022-06-09T12:24:57+00:00\",\"description\":\"Yeni Geli\u015fme Ki\u015fisel Verileri Koruma Kurumu (\\\"Kurum\\\"), ikinci grup veri sorumlular\u0131 i\u00e7in Veri Sorumlular\u0131 Sicili'ne (\\\"VERB\u0130S\\\") kay\u0131tlar\u0131n ba\u015flad\u0131\u011f\u0131n\u0131\",\"breadcrumb\":{\"@id\":\"https:\/\/www.esin.av.tr\/tr\/2019\/01\/09\/ikinci-grup-veri-sorumlulari-icin-verbise-kayitlar-basladi\/#breadcrumb\"},\"inLanguage\":\"tr\",\"potentialAction\":[{\"@type\":\"ReadAction\",\"target\":[\"https:\/\/www.esin.av.tr\/tr\/2019\/01\/09\/ikinci-grup-veri-sorumlulari-icin-verbise-kayitlar-basladi\/\"]}]},{\"@type\":\"BreadcrumbList\",\"@id\":\"https:\/\/www.esin.av.tr\/tr\/2019\/01\/09\/ikinci-grup-veri-sorumlulari-icin-verbise-kayitlar-basladi\/#breadcrumb\",\"itemListElement\":[{\"@type\":\"ListItem\",\"position\":1,\"name\":\"Home\",\"item\":\"https:\/\/www.esin.av.tr\/tr\/\"},{\"@type\":\"ListItem\",\"position\":2,\"name\":\"\u0130kinci Grup Veri Sorumlular\u0131 \u0130\u00e7in VERB\u0130S&#8217;e Kay\u0131tlar Ba\u015flad\u0131\"}]},{\"@type\":\"WebSite\",\"@id\":\"https:\/\/www.esin.av.tr\/tr\/#website\",\"url\":\"https:\/\/www.esin.av.tr\/tr\/\",\"name\":\"Esin Avukatl\u0131k Ortakl\u0131\u011f\u0131\",\"description\":\"\",\"publisher\":{\"@id\":\"https:\/\/www.esin.av.tr\/tr\/#organization\"},\"potentialAction\":[{\"@type\":\"SearchAction\",\"target\":{\"@type\":\"EntryPoint\",\"urlTemplate\":\"https:\/\/www.esin.av.tr\/tr\/?s={search_term_string}\"},\"query-input\":{\"@type\":\"PropertyValueSpecification\",\"valueRequired\":true,\"valueName\":\"search_term_string\"}}],\"inLanguage\":\"tr\"},{\"@type\":\"Organization\",\"@id\":\"https:\/\/www.esin.av.tr\/tr\/#organization\",\"name\":\"Esin Avukatl\u0131k Ortakl\u0131\u011f\u0131\",\"url\":\"https:\/\/www.esin.av.tr\/tr\/\",\"logo\":{\"@type\":\"ImageObject\",\"inLanguage\":\"tr\",\"@id\":\"https:\/\/www.esin.av.tr\/tr\/#\/schema\/logo\/image\/\",\"url\":\"https:\/\/www.esin.av.tr\/wp-content\/uploads\/2021\/09\/esin-2.jpg\",\"contentUrl\":\"https:\/\/www.esin.av.tr\/wp-content\/uploads\/2021\/09\/esin-2.jpg\",\"width\":800,\"height\":460,\"caption\":\"Esin Avukatl\u0131k Ortakl\u0131\u011f\u0131\"},\"image\":{\"@id\":\"https:\/\/www.esin.av.tr\/tr\/#\/schema\/logo\/image\/\"}},{\"@type\":\"Person\",\"@id\":\"https:\/\/www.esin.av.tr\/tr\/#\/schema\/person\/42c8e616aab56b8622fa365ad63282ae\",\"name\":\"R\u0131dvan Konrat\",\"image\":{\"@type\":\"ImageObject\",\"inLanguage\":\"tr\",\"@id\":\"https:\/\/www.esin.av.tr\/tr\/#\/schema\/person\/image\/\",\"url\":\"https:\/\/secure.gravatar.com\/avatar\/b20c6c583be38ed4e76e32f69fccc676?s=96&d=mm&r=g\",\"contentUrl\":\"https:\/\/secure.gravatar.com\/avatar\/b20c6c583be38ed4e76e32f69fccc676?s=96&d=mm&r=g\",\"caption\":\"R\u0131dvan Konrat\"},\"sameAs\":[\"http:\/\/www.esin.av.tr\"],\"url\":\"https:\/\/www.esin.av.tr\/tr\/author\/rkonrat\/\"}]}<\/script>\n<!-- \/ Yoast SEO plugin. -->","yoast_head_json":{"title":"\u0130kinci Grup Veri Sorumlular\u0131 \u0130\u00e7in VERB\u0130S'e Kay\u0131tlar Ba\u015flad\u0131","description":"Yeni Geli\u015fme Ki\u015fisel Verileri Koruma Kurumu (\"Kurum\"), ikinci grup veri sorumlular\u0131 i\u00e7in Veri Sorumlular\u0131 Sicili'ne (\"VERB\u0130S\") kay\u0131tlar\u0131n ba\u015flad\u0131\u011f\u0131n\u0131","robots":{"index":"index","follow":"follow","max-snippet":"max-snippet:-1","max-image-preview":"max-image-preview:large","max-video-preview":"max-video-preview:-1"},"canonical":"https:\/\/www.esin.av.tr\/tr\/2019\/01\/09\/ikinci-grup-veri-sorumlulari-icin-verbise-kayitlar-basladi\/","og_locale":"tr_TR","og_type":"article","og_title":"\u0130kinci Grup Veri Sorumlular\u0131 \u0130\u00e7in VERB\u0130S'e Kay\u0131tlar Ba\u015flad\u0131","og_description":"Yeni Geli\u015fme Ki\u015fisel Verileri Koruma Kurumu (\"Kurum\"), ikinci grup veri sorumlular\u0131 i\u00e7in Veri Sorumlular\u0131 Sicili'ne (\"VERB\u0130S\") kay\u0131tlar\u0131n ba\u015flad\u0131\u011f\u0131n\u0131","og_url":"https:\/\/www.esin.av.tr\/tr\/2019\/01\/09\/ikinci-grup-veri-sorumlulari-icin-verbise-kayitlar-basladi\/","og_site_name":"Esin Avukatl\u0131k Ortakl\u0131\u011f\u0131","article_published_time":"2019-01-09T11:29:27+00:00","article_modified_time":"2022-06-09T12:24:57+00:00","author":"R\u0131dvan Konrat","twitter_card":"summary_large_image","twitter_misc":{"Written by":"R\u0131dvan Konrat","Est. reading time":"1 minute"},"schema":{"@context":"https:\/\/schema.org","@graph":[{"@type":"Article","@id":"https:\/\/www.esin.av.tr\/tr\/2019\/01\/09\/ikinci-grup-veri-sorumlulari-icin-verbise-kayitlar-basladi\/#article","isPartOf":{"@id":"https:\/\/www.esin.av.tr\/tr\/2019\/01\/09\/ikinci-grup-veri-sorumlulari-icin-verbise-kayitlar-basladi\/"},"author":{"name":"R\u0131dvan Konrat","@id":"https:\/\/www.esin.av.tr\/tr\/#\/schema\/person\/42c8e616aab56b8622fa365ad63282ae"},"headline":"\u0130kinci Grup Veri Sorumlular\u0131 \u0130\u00e7in VERB\u0130S&#8217;e Kay\u0131tlar Ba\u015flad\u0131","datePublished":"2019-01-09T11:29:27+00:00","dateModified":"2022-06-09T12:24:57+00:00","mainEntityOfPage":{"@id":"https:\/\/www.esin.av.tr\/tr\/2019\/01\/09\/ikinci-grup-veri-sorumlulari-icin-verbise-kayitlar-basladi\/"},"wordCount":164,"publisher":{"@id":"https:\/\/www.esin.av.tr\/tr\/#organization"},"keywords":["Bilgi Teknolojileri ve Telekom\u00fcnikasyon"],"articleSection":["Hukuk B\u00fcltenleri"],"inLanguage":"tr"},{"@type":"WebPage","@id":"https:\/\/www.esin.av.tr\/tr\/2019\/01\/09\/ikinci-grup-veri-sorumlulari-icin-verbise-kayitlar-basladi\/","url":"https:\/\/www.esin.av.tr\/tr\/2019\/01\/09\/ikinci-grup-veri-sorumlulari-icin-verbise-kayitlar-basladi\/","name":"\u0130kinci Grup Veri Sorumlular\u0131 \u0130\u00e7in VERB\u0130S'e Kay\u0131tlar Ba\u015flad\u0131","isPartOf":{"@id":"https:\/\/www.esin.av.tr\/tr\/#website"},"datePublished":"2019-01-09T11:29:27+00:00","dateModified":"2022-06-09T12:24:57+00:00","description":"Yeni Geli\u015fme Ki\u015fisel Verileri Koruma Kurumu (\"Kurum\"), ikinci grup veri sorumlular\u0131 i\u00e7in Veri Sorumlular\u0131 Sicili'ne (\"VERB\u0130S\") kay\u0131tlar\u0131n ba\u015flad\u0131\u011f\u0131n\u0131","breadcrumb":{"@id":"https:\/\/www.esin.av.tr\/tr\/2019\/01\/09\/ikinci-grup-veri-sorumlulari-icin-verbise-kayitlar-basladi\/#breadcrumb"},"inLanguage":"tr","potentialAction":[{"@type":"ReadAction","target":["https:\/\/www.esin.av.tr\/tr\/2019\/01\/09\/ikinci-grup-veri-sorumlulari-icin-verbise-kayitlar-basladi\/"]}]},{"@type":"BreadcrumbList","@id":"https:\/\/www.esin.av.tr\/tr\/2019\/01\/09\/ikinci-grup-veri-sorumlulari-icin-verbise-kayitlar-basladi\/#breadcrumb","itemListElement":[{"@type":"ListItem","position":1,"name":"Home","item":"https:\/\/www.esin.av.tr\/tr\/"},{"@type":"ListItem","position":2,"name":"\u0130kinci Grup Veri Sorumlular\u0131 \u0130\u00e7in VERB\u0130S&#8217;e Kay\u0131tlar Ba\u015flad\u0131"}]},{"@type":"WebSite","@id":"https:\/\/www.esin.av.tr\/tr\/#website","url":"https:\/\/www.esin.av.tr\/tr\/","name":"Esin Avukatl\u0131k Ortakl\u0131\u011f\u0131","description":"","publisher":{"@id":"https:\/\/www.esin.av.tr\/tr\/#organization"},"potentialAction":[{"@type":"SearchAction","target":{"@type":"EntryPoint","urlTemplate":"https:\/\/www.esin.av.tr\/tr\/?s={search_term_string}"},"query-input":{"@type":"PropertyValueSpecification","valueRequired":true,"valueName":"search_term_string"}}],"inLanguage":"tr"},{"@type":"Organization","@id":"https:\/\/www.esin.av.tr\/tr\/#organization","name":"Esin Avukatl\u0131k Ortakl\u0131\u011f\u0131","url":"https:\/\/www.esin.av.tr\/tr\/","logo":{"@type":"ImageObject","inLanguage":"tr","@id":"https:\/\/www.esin.av.tr\/tr\/#\/schema\/logo\/image\/","url":"https:\/\/www.esin.av.tr\/wp-content\/uploads\/2021\/09\/esin-2.jpg","contentUrl":"https:\/\/www.esin.av.tr\/wp-content\/uploads\/2021\/09\/esin-2.jpg","width":800,"height":460,"caption":"Esin Avukatl\u0131k Ortakl\u0131\u011f\u0131"},"image":{"@id":"https:\/\/www.esin.av.tr\/tr\/#\/schema\/logo\/image\/"}},{"@type":"Person","@id":"https:\/\/www.esin.av.tr\/tr\/#\/schema\/person\/42c8e616aab56b8622fa365ad63282ae","name":"R\u0131dvan Konrat","image":{"@type":"ImageObject","inLanguage":"tr","@id":"https:\/\/www.esin.av.tr\/tr\/#\/schema\/person\/image\/","url":"https:\/\/secure.gravatar.com\/avatar\/b20c6c583be38ed4e76e32f69fccc676?s=96&d=mm&r=g","contentUrl":"https:\/\/secure.gravatar.com\/avatar\/b20c6c583be38ed4e76e32f69fccc676?s=96&d=mm&r=g","caption":"R\u0131dvan Konrat"},"sameAs":["http:\/\/www.esin.av.tr"],"url":"https:\/\/www.esin.av.tr\/tr\/author\/rkonrat\/"}]}},"_links":{"self":[{"href":"https:\/\/www.esin.av.tr\/tr\/wp-json\/wp\/v2\/posts\/14524","targetHints":{"allow":["GET"]}}],"collection":[{"href":"https:\/\/www.esin.av.tr\/tr\/wp-json\/wp\/v2\/posts"}],"about":[{"href":"https:\/\/www.esin.av.tr\/tr\/wp-json\/wp\/v2\/types\/post"}],"author":[{"embeddable":true,"href":"https:\/\/www.esin.av.tr\/tr\/wp-json\/wp\/v2\/users\/4"}],"replies":[{"embeddable":true,"href":"https:\/\/www.esin.av.tr\/tr\/wp-json\/wp\/v2\/comments?post=14524"}],"version-history":[{"count":1,"href":"https:\/\/www.esin.av.tr\/tr\/wp-json\/wp\/v2\/posts\/14524\/revisions"}],"predecessor-version":[{"id":15616,"href":"https:\/\/www.esin.av.tr\/tr\/wp-json\/wp\/v2\/posts\/14524\/revisions\/15616"}],"wp:attachment":[{"href":"https:\/\/www.esin.av.tr\/tr\/wp-json\/wp\/v2\/media?parent=14524"}],"wp:term":[{"taxonomy":"category","embeddable":true,"href":"https:\/\/www.esin.av.tr\/tr\/wp-json\/wp\/v2\/categories?post=14524"},{"taxonomy":"post_tag","embeddable":true,"href":"https:\/\/www.esin.av.tr\/tr\/wp-json\/wp\/v2\/tags?post=14524"}],"curies":[{"name":"wp","href":"https:\/\/api.w.org\/{rel}","templated":true}]}}