{"id":14513,"date":"2019-02-19T10:43:02","date_gmt":"2019-02-19T10:43:02","guid":{"rendered":"http:\/\/upt.esin.av.tr\/2019\/02\/19\/ihtiyac-kredilerinin-yeniden-yapilandirilmasi-icin-yeni-imkan\/"},"modified":"2022-06-09T12:27:18","modified_gmt":"2022-06-09T12:27:18","slug":"ihtiyac-kredilerinin-yeniden-yapilandirilmasi-icin-yeni-imkan","status":"publish","type":"post","link":"https:\/\/www.esin.av.tr\/tr\/2019\/02\/19\/ihtiyac-kredilerinin-yeniden-yapilandirilmasi-icin-yeni-imkan\/","title":{"rendered":"\u0130htiya\u00e7 Kredilerinin Yeniden Yap\u0131land\u0131r\u0131lmas\u0131 \u0130\u00e7in Yeni \u0130mkan"},"content":{"rendered":"<p><strong>Yeni Geli\u015fme<\/strong><\/p>\n<p>Bankac\u0131l\u0131k Denetleme ve D\u00fczenleme Kurulu Bankalar\u0131n Kredi \u0130\u015flemlerine \u0130li\u015fkin Y\u00f6netmelik&#8217;e ve Finansal Kiralama, Faktoring ve Finansman \u015eirketlerinin Kurulu\u015f ve Faaliyet Esaslar\u0131 Hakk\u0131nda Y\u00f6netmelik\u2019e ihtiya\u00e7 kredilerinin yeniden yap\u0131land\u0131r\u0131lmas\u0131na ili\u015fkin ge\u00e7ici madde ekledi. Ge\u00e7ici madde uyar\u0131nca, 10 \u015eubat 2019 tarihinden \u00f6nce anapara ve\/veya faiz \u00f6demeleri geciken ihtiya\u00e7 kredilerinin bor\u00e7 bakiyeleri, bor\u00e7lu taraf\u0131ndan talep edilmesi halinde en fazla altm\u0131\u015f aya kadar vade ile yeniden yap\u0131land\u0131r\u0131labilecek.<\/p>\n","protected":false},"excerpt":{"rendered":"<p>Yeni Geli\u015fme Bankac\u0131l\u0131k Denetleme ve D\u00fczenleme Kurulu Bankalar\u0131n Kredi \u0130\u015flemlerine \u0130li\u015fkin Y\u00f6netmelik&#8217;e ve Finansal Kiralama, Faktoring ve Finansman \u015eirketlerinin Kurulu\u015f [&hellip;]<\/p>\n","protected":false},"author":4,"featured_media":0,"comment_status":"closed","ping_status":"closed","sticky":false,"template":"","format":"standard","meta":{"_acf_changed":false,"_stopmodifiedupdate":false,"_modified_date":"","footnotes":""},"categories":[120],"tags":[90],"class_list":["post-14513","post","type-post","status-publish","format-standard","hentry","category-legal-alerts","tag-banking-finance-tr"],"acf":[],"yoast_head":"<!-- This site is optimized with the Yoast SEO plugin v24.0 - https:\/\/yoast.com\/wordpress\/plugins\/seo\/ -->\n<title>\u0130htiya\u00e7 Kredilerinin Yeniden Yap\u0131land\u0131r\u0131lmas\u0131 \u0130\u00e7in Yeni \u0130mkan<\/title>\n<meta name=\"description\" content=\"Yeni Geli\u015fme Bankac\u0131l\u0131k Denetleme ve D\u00fczenleme Kurulu Bankalar\u0131n Kredi \u0130\u015flemlerine \u0130li\u015fkin Y\u00f6netmelik&#039;e ve Finansal Kiralama, Faktoring ve Finansman\" \/>\n<meta name=\"robots\" content=\"index, follow, max-snippet:-1, max-image-preview:large, max-video-preview:-1\" \/>\n<link rel=\"canonical\" href=\"https:\/\/www.esin.av.tr\/tr\/2019\/02\/19\/ihtiyac-kredilerinin-yeniden-yapilandirilmasi-icin-yeni-imkan\/\" \/>\n<meta property=\"og:locale\" content=\"tr_TR\" \/>\n<meta property=\"og:type\" content=\"article\" \/>\n<meta property=\"og:title\" content=\"\u0130htiya\u00e7 Kredilerinin Yeniden Yap\u0131land\u0131r\u0131lmas\u0131 \u0130\u00e7in Yeni \u0130mkan\" \/>\n<meta property=\"og:description\" content=\"Yeni Geli\u015fme Bankac\u0131l\u0131k Denetleme ve D\u00fczenleme Kurulu Bankalar\u0131n Kredi \u0130\u015flemlerine \u0130li\u015fkin Y\u00f6netmelik&#039;e ve Finansal Kiralama, Faktoring ve Finansman\" \/>\n<meta property=\"og:url\" content=\"https:\/\/www.esin.av.tr\/tr\/2019\/02\/19\/ihtiyac-kredilerinin-yeniden-yapilandirilmasi-icin-yeni-imkan\/\" \/>\n<meta property=\"og:site_name\" content=\"Esin Avukatl\u0131k Ortakl\u0131\u011f\u0131\" \/>\n<meta property=\"article:published_time\" content=\"2019-02-19T10:43:02+00:00\" \/>\n<meta property=\"article:modified_time\" content=\"2022-06-09T12:27:18+00:00\" \/>\n<meta name=\"author\" content=\"R\u0131dvan Konrat\" \/>\n<meta name=\"twitter:card\" content=\"summary_large_image\" \/>\n<meta name=\"twitter:label1\" content=\"Written by\" \/>\n\t<meta name=\"twitter:data1\" content=\"R\u0131dvan Konrat\" \/>\n<script type=\"application\/ld+json\" class=\"yoast-schema-graph\">{\"@context\":\"https:\/\/schema.org\",\"@graph\":[{\"@type\":\"Article\",\"@id\":\"https:\/\/www.esin.av.tr\/tr\/2019\/02\/19\/ihtiyac-kredilerinin-yeniden-yapilandirilmasi-icin-yeni-imkan\/#article\",\"isPartOf\":{\"@id\":\"https:\/\/www.esin.av.tr\/tr\/2019\/02\/19\/ihtiyac-kredilerinin-yeniden-yapilandirilmasi-icin-yeni-imkan\/\"},\"author\":{\"name\":\"R\u0131dvan Konrat\",\"@id\":\"https:\/\/www.esin.av.tr\/tr\/#\/schema\/person\/42c8e616aab56b8622fa365ad63282ae\"},\"headline\":\"\u0130htiya\u00e7 Kredilerinin Yeniden Yap\u0131land\u0131r\u0131lmas\u0131 \u0130\u00e7in Yeni \u0130mkan\",\"datePublished\":\"2019-02-19T10:43:02+00:00\",\"dateModified\":\"2022-06-09T12:27:18+00:00\",\"mainEntityOfPage\":{\"@id\":\"https:\/\/www.esin.av.tr\/tr\/2019\/02\/19\/ihtiyac-kredilerinin-yeniden-yapilandirilmasi-icin-yeni-imkan\/\"},\"wordCount\":97,\"publisher\":{\"@id\":\"https:\/\/www.esin.av.tr\/tr\/#organization\"},\"keywords\":[\"Bankac\u0131l\u0131k ve Finans\"],\"articleSection\":[\"Hukuk B\u00fcltenleri\"],\"inLanguage\":\"tr\"},{\"@type\":\"WebPage\",\"@id\":\"https:\/\/www.esin.av.tr\/tr\/2019\/02\/19\/ihtiyac-kredilerinin-yeniden-yapilandirilmasi-icin-yeni-imkan\/\",\"url\":\"https:\/\/www.esin.av.tr\/tr\/2019\/02\/19\/ihtiyac-kredilerinin-yeniden-yapilandirilmasi-icin-yeni-imkan\/\",\"name\":\"\u0130htiya\u00e7 Kredilerinin Yeniden Yap\u0131land\u0131r\u0131lmas\u0131 \u0130\u00e7in Yeni \u0130mkan\",\"isPartOf\":{\"@id\":\"https:\/\/www.esin.av.tr\/tr\/#website\"},\"datePublished\":\"2019-02-19T10:43:02+00:00\",\"dateModified\":\"2022-06-09T12:27:18+00:00\",\"description\":\"Yeni Geli\u015fme Bankac\u0131l\u0131k Denetleme ve D\u00fczenleme Kurulu Bankalar\u0131n Kredi \u0130\u015flemlerine \u0130li\u015fkin Y\u00f6netmelik'e ve Finansal Kiralama, Faktoring ve Finansman\",\"breadcrumb\":{\"@id\":\"https:\/\/www.esin.av.tr\/tr\/2019\/02\/19\/ihtiyac-kredilerinin-yeniden-yapilandirilmasi-icin-yeni-imkan\/#breadcrumb\"},\"inLanguage\":\"tr\",\"potentialAction\":[{\"@type\":\"ReadAction\",\"target\":[\"https:\/\/www.esin.av.tr\/tr\/2019\/02\/19\/ihtiyac-kredilerinin-yeniden-yapilandirilmasi-icin-yeni-imkan\/\"]}]},{\"@type\":\"BreadcrumbList\",\"@id\":\"https:\/\/www.esin.av.tr\/tr\/2019\/02\/19\/ihtiyac-kredilerinin-yeniden-yapilandirilmasi-icin-yeni-imkan\/#breadcrumb\",\"itemListElement\":[{\"@type\":\"ListItem\",\"position\":1,\"name\":\"Home\",\"item\":\"https:\/\/www.esin.av.tr\/tr\/\"},{\"@type\":\"ListItem\",\"position\":2,\"name\":\"\u0130htiya\u00e7 Kredilerinin Yeniden Yap\u0131land\u0131r\u0131lmas\u0131 \u0130\u00e7in Yeni \u0130mkan\"}]},{\"@type\":\"WebSite\",\"@id\":\"https:\/\/www.esin.av.tr\/tr\/#website\",\"url\":\"https:\/\/www.esin.av.tr\/tr\/\",\"name\":\"Esin Avukatl\u0131k Ortakl\u0131\u011f\u0131\",\"description\":\"\",\"publisher\":{\"@id\":\"https:\/\/www.esin.av.tr\/tr\/#organization\"},\"potentialAction\":[{\"@type\":\"SearchAction\",\"target\":{\"@type\":\"EntryPoint\",\"urlTemplate\":\"https:\/\/www.esin.av.tr\/tr\/?s={search_term_string}\"},\"query-input\":{\"@type\":\"PropertyValueSpecification\",\"valueRequired\":true,\"valueName\":\"search_term_string\"}}],\"inLanguage\":\"tr\"},{\"@type\":\"Organization\",\"@id\":\"https:\/\/www.esin.av.tr\/tr\/#organization\",\"name\":\"Esin Avukatl\u0131k Ortakl\u0131\u011f\u0131\",\"url\":\"https:\/\/www.esin.av.tr\/tr\/\",\"logo\":{\"@type\":\"ImageObject\",\"inLanguage\":\"tr\",\"@id\":\"https:\/\/www.esin.av.tr\/tr\/#\/schema\/logo\/image\/\",\"url\":\"https:\/\/www.esin.av.tr\/wp-content\/uploads\/2021\/09\/esin-2.jpg\",\"contentUrl\":\"https:\/\/www.esin.av.tr\/wp-content\/uploads\/2021\/09\/esin-2.jpg\",\"width\":800,\"height\":460,\"caption\":\"Esin Avukatl\u0131k Ortakl\u0131\u011f\u0131\"},\"image\":{\"@id\":\"https:\/\/www.esin.av.tr\/tr\/#\/schema\/logo\/image\/\"}},{\"@type\":\"Person\",\"@id\":\"https:\/\/www.esin.av.tr\/tr\/#\/schema\/person\/42c8e616aab56b8622fa365ad63282ae\",\"name\":\"R\u0131dvan Konrat\",\"image\":{\"@type\":\"ImageObject\",\"inLanguage\":\"tr\",\"@id\":\"https:\/\/www.esin.av.tr\/tr\/#\/schema\/person\/image\/\",\"url\":\"https:\/\/secure.gravatar.com\/avatar\/b20c6c583be38ed4e76e32f69fccc676?s=96&d=mm&r=g\",\"contentUrl\":\"https:\/\/secure.gravatar.com\/avatar\/b20c6c583be38ed4e76e32f69fccc676?s=96&d=mm&r=g\",\"caption\":\"R\u0131dvan Konrat\"},\"sameAs\":[\"http:\/\/www.esin.av.tr\"],\"url\":\"https:\/\/www.esin.av.tr\/tr\/author\/rkonrat\/\"}]}<\/script>\n<!-- \/ Yoast SEO plugin. -->","yoast_head_json":{"title":"\u0130htiya\u00e7 Kredilerinin Yeniden Yap\u0131land\u0131r\u0131lmas\u0131 \u0130\u00e7in Yeni \u0130mkan","description":"Yeni Geli\u015fme Bankac\u0131l\u0131k Denetleme ve D\u00fczenleme Kurulu Bankalar\u0131n Kredi \u0130\u015flemlerine \u0130li\u015fkin Y\u00f6netmelik'e ve Finansal Kiralama, Faktoring ve Finansman","robots":{"index":"index","follow":"follow","max-snippet":"max-snippet:-1","max-image-preview":"max-image-preview:large","max-video-preview":"max-video-preview:-1"},"canonical":"https:\/\/www.esin.av.tr\/tr\/2019\/02\/19\/ihtiyac-kredilerinin-yeniden-yapilandirilmasi-icin-yeni-imkan\/","og_locale":"tr_TR","og_type":"article","og_title":"\u0130htiya\u00e7 Kredilerinin Yeniden Yap\u0131land\u0131r\u0131lmas\u0131 \u0130\u00e7in Yeni \u0130mkan","og_description":"Yeni Geli\u015fme Bankac\u0131l\u0131k Denetleme ve D\u00fczenleme Kurulu Bankalar\u0131n Kredi \u0130\u015flemlerine \u0130li\u015fkin Y\u00f6netmelik'e ve Finansal Kiralama, Faktoring ve Finansman","og_url":"https:\/\/www.esin.av.tr\/tr\/2019\/02\/19\/ihtiyac-kredilerinin-yeniden-yapilandirilmasi-icin-yeni-imkan\/","og_site_name":"Esin Avukatl\u0131k Ortakl\u0131\u011f\u0131","article_published_time":"2019-02-19T10:43:02+00:00","article_modified_time":"2022-06-09T12:27:18+00:00","author":"R\u0131dvan Konrat","twitter_card":"summary_large_image","twitter_misc":{"Written by":"R\u0131dvan Konrat"},"schema":{"@context":"https:\/\/schema.org","@graph":[{"@type":"Article","@id":"https:\/\/www.esin.av.tr\/tr\/2019\/02\/19\/ihtiyac-kredilerinin-yeniden-yapilandirilmasi-icin-yeni-imkan\/#article","isPartOf":{"@id":"https:\/\/www.esin.av.tr\/tr\/2019\/02\/19\/ihtiyac-kredilerinin-yeniden-yapilandirilmasi-icin-yeni-imkan\/"},"author":{"name":"R\u0131dvan Konrat","@id":"https:\/\/www.esin.av.tr\/tr\/#\/schema\/person\/42c8e616aab56b8622fa365ad63282ae"},"headline":"\u0130htiya\u00e7 Kredilerinin Yeniden Yap\u0131land\u0131r\u0131lmas\u0131 \u0130\u00e7in Yeni \u0130mkan","datePublished":"2019-02-19T10:43:02+00:00","dateModified":"2022-06-09T12:27:18+00:00","mainEntityOfPage":{"@id":"https:\/\/www.esin.av.tr\/tr\/2019\/02\/19\/ihtiyac-kredilerinin-yeniden-yapilandirilmasi-icin-yeni-imkan\/"},"wordCount":97,"publisher":{"@id":"https:\/\/www.esin.av.tr\/tr\/#organization"},"keywords":["Bankac\u0131l\u0131k ve Finans"],"articleSection":["Hukuk B\u00fcltenleri"],"inLanguage":"tr"},{"@type":"WebPage","@id":"https:\/\/www.esin.av.tr\/tr\/2019\/02\/19\/ihtiyac-kredilerinin-yeniden-yapilandirilmasi-icin-yeni-imkan\/","url":"https:\/\/www.esin.av.tr\/tr\/2019\/02\/19\/ihtiyac-kredilerinin-yeniden-yapilandirilmasi-icin-yeni-imkan\/","name":"\u0130htiya\u00e7 Kredilerinin Yeniden Yap\u0131land\u0131r\u0131lmas\u0131 \u0130\u00e7in Yeni \u0130mkan","isPartOf":{"@id":"https:\/\/www.esin.av.tr\/tr\/#website"},"datePublished":"2019-02-19T10:43:02+00:00","dateModified":"2022-06-09T12:27:18+00:00","description":"Yeni Geli\u015fme Bankac\u0131l\u0131k Denetleme ve D\u00fczenleme Kurulu Bankalar\u0131n Kredi \u0130\u015flemlerine \u0130li\u015fkin Y\u00f6netmelik'e ve Finansal Kiralama, Faktoring ve Finansman","breadcrumb":{"@id":"https:\/\/www.esin.av.tr\/tr\/2019\/02\/19\/ihtiyac-kredilerinin-yeniden-yapilandirilmasi-icin-yeni-imkan\/#breadcrumb"},"inLanguage":"tr","potentialAction":[{"@type":"ReadAction","target":["https:\/\/www.esin.av.tr\/tr\/2019\/02\/19\/ihtiyac-kredilerinin-yeniden-yapilandirilmasi-icin-yeni-imkan\/"]}]},{"@type":"BreadcrumbList","@id":"https:\/\/www.esin.av.tr\/tr\/2019\/02\/19\/ihtiyac-kredilerinin-yeniden-yapilandirilmasi-icin-yeni-imkan\/#breadcrumb","itemListElement":[{"@type":"ListItem","position":1,"name":"Home","item":"https:\/\/www.esin.av.tr\/tr\/"},{"@type":"ListItem","position":2,"name":"\u0130htiya\u00e7 Kredilerinin Yeniden Yap\u0131land\u0131r\u0131lmas\u0131 \u0130\u00e7in Yeni \u0130mkan"}]},{"@type":"WebSite","@id":"https:\/\/www.esin.av.tr\/tr\/#website","url":"https:\/\/www.esin.av.tr\/tr\/","name":"Esin Avukatl\u0131k Ortakl\u0131\u011f\u0131","description":"","publisher":{"@id":"https:\/\/www.esin.av.tr\/tr\/#organization"},"potentialAction":[{"@type":"SearchAction","target":{"@type":"EntryPoint","urlTemplate":"https:\/\/www.esin.av.tr\/tr\/?s={search_term_string}"},"query-input":{"@type":"PropertyValueSpecification","valueRequired":true,"valueName":"search_term_string"}}],"inLanguage":"tr"},{"@type":"Organization","@id":"https:\/\/www.esin.av.tr\/tr\/#organization","name":"Esin Avukatl\u0131k Ortakl\u0131\u011f\u0131","url":"https:\/\/www.esin.av.tr\/tr\/","logo":{"@type":"ImageObject","inLanguage":"tr","@id":"https:\/\/www.esin.av.tr\/tr\/#\/schema\/logo\/image\/","url":"https:\/\/www.esin.av.tr\/wp-content\/uploads\/2021\/09\/esin-2.jpg","contentUrl":"https:\/\/www.esin.av.tr\/wp-content\/uploads\/2021\/09\/esin-2.jpg","width":800,"height":460,"caption":"Esin Avukatl\u0131k Ortakl\u0131\u011f\u0131"},"image":{"@id":"https:\/\/www.esin.av.tr\/tr\/#\/schema\/logo\/image\/"}},{"@type":"Person","@id":"https:\/\/www.esin.av.tr\/tr\/#\/schema\/person\/42c8e616aab56b8622fa365ad63282ae","name":"R\u0131dvan Konrat","image":{"@type":"ImageObject","inLanguage":"tr","@id":"https:\/\/www.esin.av.tr\/tr\/#\/schema\/person\/image\/","url":"https:\/\/secure.gravatar.com\/avatar\/b20c6c583be38ed4e76e32f69fccc676?s=96&d=mm&r=g","contentUrl":"https:\/\/secure.gravatar.com\/avatar\/b20c6c583be38ed4e76e32f69fccc676?s=96&d=mm&r=g","caption":"R\u0131dvan Konrat"},"sameAs":["http:\/\/www.esin.av.tr"],"url":"https:\/\/www.esin.av.tr\/tr\/author\/rkonrat\/"}]}},"_links":{"self":[{"href":"https:\/\/www.esin.av.tr\/tr\/wp-json\/wp\/v2\/posts\/14513","targetHints":{"allow":["GET"]}}],"collection":[{"href":"https:\/\/www.esin.av.tr\/tr\/wp-json\/wp\/v2\/posts"}],"about":[{"href":"https:\/\/www.esin.av.tr\/tr\/wp-json\/wp\/v2\/types\/post"}],"author":[{"embeddable":true,"href":"https:\/\/www.esin.av.tr\/tr\/wp-json\/wp\/v2\/users\/4"}],"replies":[{"embeddable":true,"href":"https:\/\/www.esin.av.tr\/tr\/wp-json\/wp\/v2\/comments?post=14513"}],"version-history":[{"count":2,"href":"https:\/\/www.esin.av.tr\/tr\/wp-json\/wp\/v2\/posts\/14513\/revisions"}],"predecessor-version":[{"id":16177,"href":"https:\/\/www.esin.av.tr\/tr\/wp-json\/wp\/v2\/posts\/14513\/revisions\/16177"}],"wp:attachment":[{"href":"https:\/\/www.esin.av.tr\/tr\/wp-json\/wp\/v2\/media?parent=14513"}],"wp:term":[{"taxonomy":"category","embeddable":true,"href":"https:\/\/www.esin.av.tr\/tr\/wp-json\/wp\/v2\/categories?post=14513"},{"taxonomy":"post_tag","embeddable":true,"href":"https:\/\/www.esin.av.tr\/tr\/wp-json\/wp\/v2\/tags?post=14513"}],"curies":[{"name":"wp","href":"https:\/\/api.w.org\/{rel}","templated":true}]}}