{"id":14511,"date":"2019-02-20T07:45:25","date_gmt":"2019-02-20T07:45:25","guid":{"rendered":"http:\/\/upt.esin.av.tr\/2019\/02\/20\/tcmb-zorunlu-karsilik-oranlarini-dusurdu\/"},"modified":"2022-06-09T12:27:11","modified_gmt":"2022-06-09T12:27:11","slug":"tcmb-zorunlu-karsilik-oranlarini-dusurdu","status":"publish","type":"post","link":"https:\/\/www.esin.av.tr\/tr\/2019\/02\/20\/tcmb-zorunlu-karsilik-oranlarini-dusurdu\/","title":{"rendered":"TCMB Zorunlu Kar\u015f\u0131l\u0131k Oranlar\u0131n\u0131 D\u00fc\u015f\u00fcrd\u00fc"},"content":{"rendered":"<p><strong>Yeni Geli\u015fme<\/strong><\/p>\n<p>T\u00fcrkiye Cumhuriyet Merkez Bankas\u0131, 2013\/15 say\u0131l\u0131 Zorunlu Kar\u015f\u0131l\u0131klar Hakk\u0131nda Tebli\u011f&#8217;de de\u011fi\u015fiklik (&#8220;<strong>De\u011fi\u015fiklik<\/strong>&#8220;) yapt\u0131. De\u011fi\u015fiklik, 16 \u015eubat 2019 tarih ve 30688 say\u0131l\u0131 Resmi Gazete&#8217;de yay\u0131mland\u0131.<\/p>\n<p><strong>De\u011fi\u015fiklik ne getiriyor?<\/strong><\/p>\n<ul>\n<li>De\u011fi\u015fiklik ile birlikte T\u00fcrk Liras\u0131 cinsinden y\u00fck\u00fcml\u00fcl\u00fckleri i\u00e7in \u00f6ng\u00f6r\u00fclen zorunlu kar\u015f\u0131l\u0131k oranlar\u0131 a\u015fa\u011f\u0131daki \u015fekilde azalt\u0131ld\u0131:<\/li>\n<\/ul>\n<table width=\"0\">\n<tbody>\n<tr>\n<td colspan=\"3\" width=\"640\"><em><strong>Mevduat ve kat\u0131l\u0131m fonlar\u0131 (yurt d\u0131\u015f\u0131 bankalar mevduat ve kat\u0131l\u0131m fonlar\u0131 hari\u00e7)<\/strong><\/em><\/td>\n<\/tr>\n<tr>\n<td width=\"522\"><\/td>\n<td width=\"62\">\u00d6nceki<\/td>\n<td width=\"56\">Mevcut<\/td>\n<\/tr>\n<tr>\n<td width=\"522\">a) vadesiz, ihbarl\u0131, 1 aya kadar ve 3 aya kadar (3 ay d\u00e2hil) vadeli<\/td>\n<td width=\"62\">8%<\/td>\n<td width=\"56\">7%<\/td>\n<\/tr>\n<tr>\n<td width=\"522\">b) 6 aya kadar (6 ay d\u00e2hil) vadeli<\/td>\n<td width=\"62\">5%<\/td>\n<td width=\"56\">4%<\/td>\n<\/tr>\n<tr>\n<td width=\"522\">c) 1 y\u0131la kadar vadeli<\/td>\n<td width=\"62\">3%<\/td>\n<td width=\"56\">2%<\/td>\n<\/tr>\n<tr>\n<td width=\"522\">\u00e7) 1 y\u0131l ve 1 y\u0131ldan uzun vadeli<\/td>\n<td width=\"62\">1.5%<\/td>\n<td width=\"56\">1%<\/td>\n<\/tr>\n<tr>\n<td width=\"522\"><em><strong>M\u00fcstakrizlerin fonlar\u0131<\/strong><\/em><\/td>\n<td width=\"62\">8%<\/td>\n<td width=\"56\">7%<\/td>\n<\/tr>\n<tr>\n<td colspan=\"3\" width=\"640\"><em><strong>Di\u011fer y\u00fck\u00fcml\u00fcl\u00fckler (yurt d\u0131\u015f\u0131 bankalar mevduat ve kat\u0131l\u0131m fonlar\u0131 d\u00e2hil)<\/strong><\/em><\/td>\n<\/tr>\n<tr>\n<td width=\"522\"><\/td>\n<td width=\"62\">\u00d6nceki<\/td>\n<td width=\"56\">Mevcut<\/td>\n<\/tr>\n<tr>\n<td width=\"522\">a) 1 y\u0131la kadar (1 y\u0131l d\u00e2hil) vadeli<\/td>\n<td width=\"62\">8%<\/td>\n<td width=\"56\">7%<\/td>\n<\/tr>\n<tr>\n<td width=\"522\">b) 3 y\u0131la kadar (3 y\u0131l d\u00e2hil) vadeli<\/td>\n<td width=\"62\">4.5%<\/td>\n<td width=\"56\">3.5%<\/td>\n<\/tr>\n<tr>\n<td width=\"522\">c) 3 y\u0131ldan uzun vadeli<\/td>\n<td width=\"62\">1.5%<\/td>\n<td width=\"56\">1%<\/td>\n<\/tr>\n<\/tbody>\n<\/table>\n<ul>\n<li>De\u011fi\u015fiklik&#8217;ten \u00f6nce, T\u00fcrk liras\u0131 y\u00fck\u00fcml\u00fcl\u00fckler i\u00e7in tutulmas\u0131 gereken zorunlu kar\u015f\u0131l\u0131klar\u0131n en fazla %5&#8217;i, kayna\u011f\u0131 yurt i\u00e7i yerle\u015fiklerden toplanan i\u015flenmi\u015f veya hurda alt\u0131n olan standart alt\u0131n cinsinden ayr\u0131labiliyorken, De\u011fi\u015fiklik ile beraber bu imk\u00e2n dilimi %10&#8217;a \u00e7\u0131kar\u0131ld\u0131.<\/li>\n<li>Zorunlu kar\u015f\u0131l\u0131k oranlar\u0131na ili\u015fkin de\u011fi\u015fiklik 8 \u015eubat 2019 tarihinden itibaren ge\u00e7erli olmak \u00fczere yay\u0131m tarihinde y\u00fcr\u00fcrl\u00fc\u011fe girdi. \u0130mk\u00e2n dilimine ili\u015fkin de\u011fi\u015fiklik ise 22 \u015eubat 2019 tarihinde y\u00fcr\u00fcrl\u00fc\u011fe girecek.<\/li>\n<\/ul>\n<p><strong>Sonu\u00e7<\/strong><\/p>\n<p>De\u011fi\u015fiklik ile birlikte, zorunlu kar\u015f\u0131l\u0131k oranlar\u0131 d\u00fc\u015f\u00fcr\u00fclerek ve zorunlu kar\u015f\u0131l\u0131klar\u0131n alt\u0131n cinsinden ayr\u0131lmas\u0131 imk\u00e2n\u0131 artt\u0131r\u0131larak bankalar\u0131n likiditelerinin iyile\u015ftirilmesi ama\u00e7lan\u0131yor.<\/p>\n","protected":false},"excerpt":{"rendered":"<p>Yeni Geli\u015fme T\u00fcrkiye Cumhuriyet Merkez Bankas\u0131, 2013\/15 say\u0131l\u0131 Zorunlu Kar\u015f\u0131l\u0131klar Hakk\u0131nda Tebli\u011f&#8217;de de\u011fi\u015fiklik (&#8220;De\u011fi\u015fiklik&#8220;) yapt\u0131. De\u011fi\u015fiklik, 16 \u015eubat 2019 tarih [&hellip;]<\/p>\n","protected":false},"author":4,"featured_media":0,"comment_status":"closed","ping_status":"closed","sticky":false,"template":"","format":"standard","meta":{"_acf_changed":false,"_stopmodifiedupdate":false,"_modified_date":"","footnotes":""},"categories":[120],"tags":[90],"class_list":["post-14511","post","type-post","status-publish","format-standard","hentry","category-legal-alerts","tag-banking-finance-tr"],"acf":[],"yoast_head":"<!-- This site is optimized with the Yoast SEO plugin v24.0 - https:\/\/yoast.com\/wordpress\/plugins\/seo\/ -->\n<title>TCMB Zorunlu Kar\u015f\u0131l\u0131k Oranlar\u0131n\u0131 D\u00fc\u015f\u00fcrd\u00fc<\/title>\n<meta name=\"description\" content=\"Yeni Geli\u015fme T\u00fcrkiye Cumhuriyet Merkez Bankas\u0131, 2013\/15 say\u0131l\u0131 Zorunlu Kar\u015f\u0131l\u0131klar Hakk\u0131nda Tebli\u011f&#039;de de\u011fi\u015fiklik (&quot;De\u011fi\u015fiklik&quot;) yapt\u0131. De\u011fi\u015fiklik, 16\" \/>\n<meta name=\"robots\" content=\"index, follow, max-snippet:-1, max-image-preview:large, max-video-preview:-1\" \/>\n<link rel=\"canonical\" href=\"https:\/\/www.esin.av.tr\/tr\/2019\/02\/20\/tcmb-zorunlu-karsilik-oranlarini-dusurdu\/\" \/>\n<meta property=\"og:locale\" content=\"tr_TR\" \/>\n<meta property=\"og:type\" content=\"article\" \/>\n<meta property=\"og:title\" content=\"TCMB Zorunlu Kar\u015f\u0131l\u0131k Oranlar\u0131n\u0131 D\u00fc\u015f\u00fcrd\u00fc\" \/>\n<meta property=\"og:description\" content=\"Yeni Geli\u015fme T\u00fcrkiye Cumhuriyet Merkez Bankas\u0131, 2013\/15 say\u0131l\u0131 Zorunlu Kar\u015f\u0131l\u0131klar Hakk\u0131nda Tebli\u011f&#039;de de\u011fi\u015fiklik (&quot;De\u011fi\u015fiklik&quot;) yapt\u0131. De\u011fi\u015fiklik, 16\" \/>\n<meta property=\"og:url\" content=\"https:\/\/www.esin.av.tr\/tr\/2019\/02\/20\/tcmb-zorunlu-karsilik-oranlarini-dusurdu\/\" \/>\n<meta property=\"og:site_name\" content=\"Esin Avukatl\u0131k Ortakl\u0131\u011f\u0131\" \/>\n<meta property=\"article:published_time\" content=\"2019-02-20T07:45:25+00:00\" \/>\n<meta property=\"article:modified_time\" content=\"2022-06-09T12:27:11+00:00\" \/>\n<meta name=\"author\" content=\"R\u0131dvan Konrat\" \/>\n<meta name=\"twitter:card\" content=\"summary_large_image\" \/>\n<meta name=\"twitter:label1\" content=\"Written by\" \/>\n\t<meta name=\"twitter:data1\" content=\"R\u0131dvan Konrat\" \/>\n\t<meta name=\"twitter:label2\" content=\"Est. reading time\" \/>\n\t<meta name=\"twitter:data2\" content=\"2 minutes\" \/>\n<script type=\"application\/ld+json\" class=\"yoast-schema-graph\">{\"@context\":\"https:\/\/schema.org\",\"@graph\":[{\"@type\":\"Article\",\"@id\":\"https:\/\/www.esin.av.tr\/tr\/2019\/02\/20\/tcmb-zorunlu-karsilik-oranlarini-dusurdu\/#article\",\"isPartOf\":{\"@id\":\"https:\/\/www.esin.av.tr\/tr\/2019\/02\/20\/tcmb-zorunlu-karsilik-oranlarini-dusurdu\/\"},\"author\":{\"name\":\"R\u0131dvan Konrat\",\"@id\":\"https:\/\/www.esin.av.tr\/tr\/#\/schema\/person\/42c8e616aab56b8622fa365ad63282ae\"},\"headline\":\"TCMB Zorunlu Kar\u015f\u0131l\u0131k Oranlar\u0131n\u0131 D\u00fc\u015f\u00fcrd\u00fc\",\"datePublished\":\"2019-02-20T07:45:25+00:00\",\"dateModified\":\"2022-06-09T12:27:11+00:00\",\"mainEntityOfPage\":{\"@id\":\"https:\/\/www.esin.av.tr\/tr\/2019\/02\/20\/tcmb-zorunlu-karsilik-oranlarini-dusurdu\/\"},\"wordCount\":314,\"publisher\":{\"@id\":\"https:\/\/www.esin.av.tr\/tr\/#organization\"},\"keywords\":[\"Bankac\u0131l\u0131k ve Finans\"],\"articleSection\":[\"Hukuk B\u00fcltenleri\"],\"inLanguage\":\"tr\"},{\"@type\":\"WebPage\",\"@id\":\"https:\/\/www.esin.av.tr\/tr\/2019\/02\/20\/tcmb-zorunlu-karsilik-oranlarini-dusurdu\/\",\"url\":\"https:\/\/www.esin.av.tr\/tr\/2019\/02\/20\/tcmb-zorunlu-karsilik-oranlarini-dusurdu\/\",\"name\":\"TCMB Zorunlu Kar\u015f\u0131l\u0131k Oranlar\u0131n\u0131 D\u00fc\u015f\u00fcrd\u00fc\",\"isPartOf\":{\"@id\":\"https:\/\/www.esin.av.tr\/tr\/#website\"},\"datePublished\":\"2019-02-20T07:45:25+00:00\",\"dateModified\":\"2022-06-09T12:27:11+00:00\",\"description\":\"Yeni Geli\u015fme T\u00fcrkiye Cumhuriyet Merkez Bankas\u0131, 2013\/15 say\u0131l\u0131 Zorunlu Kar\u015f\u0131l\u0131klar Hakk\u0131nda Tebli\u011f'de de\u011fi\u015fiklik (\\\"De\u011fi\u015fiklik\\\") yapt\u0131. De\u011fi\u015fiklik, 16\",\"breadcrumb\":{\"@id\":\"https:\/\/www.esin.av.tr\/tr\/2019\/02\/20\/tcmb-zorunlu-karsilik-oranlarini-dusurdu\/#breadcrumb\"},\"inLanguage\":\"tr\",\"potentialAction\":[{\"@type\":\"ReadAction\",\"target\":[\"https:\/\/www.esin.av.tr\/tr\/2019\/02\/20\/tcmb-zorunlu-karsilik-oranlarini-dusurdu\/\"]}]},{\"@type\":\"BreadcrumbList\",\"@id\":\"https:\/\/www.esin.av.tr\/tr\/2019\/02\/20\/tcmb-zorunlu-karsilik-oranlarini-dusurdu\/#breadcrumb\",\"itemListElement\":[{\"@type\":\"ListItem\",\"position\":1,\"name\":\"Home\",\"item\":\"https:\/\/www.esin.av.tr\/tr\/\"},{\"@type\":\"ListItem\",\"position\":2,\"name\":\"TCMB Zorunlu Kar\u015f\u0131l\u0131k Oranlar\u0131n\u0131 D\u00fc\u015f\u00fcrd\u00fc\"}]},{\"@type\":\"WebSite\",\"@id\":\"https:\/\/www.esin.av.tr\/tr\/#website\",\"url\":\"https:\/\/www.esin.av.tr\/tr\/\",\"name\":\"Esin Avukatl\u0131k Ortakl\u0131\u011f\u0131\",\"description\":\"\",\"publisher\":{\"@id\":\"https:\/\/www.esin.av.tr\/tr\/#organization\"},\"potentialAction\":[{\"@type\":\"SearchAction\",\"target\":{\"@type\":\"EntryPoint\",\"urlTemplate\":\"https:\/\/www.esin.av.tr\/tr\/?s={search_term_string}\"},\"query-input\":{\"@type\":\"PropertyValueSpecification\",\"valueRequired\":true,\"valueName\":\"search_term_string\"}}],\"inLanguage\":\"tr\"},{\"@type\":\"Organization\",\"@id\":\"https:\/\/www.esin.av.tr\/tr\/#organization\",\"name\":\"Esin Avukatl\u0131k Ortakl\u0131\u011f\u0131\",\"url\":\"https:\/\/www.esin.av.tr\/tr\/\",\"logo\":{\"@type\":\"ImageObject\",\"inLanguage\":\"tr\",\"@id\":\"https:\/\/www.esin.av.tr\/tr\/#\/schema\/logo\/image\/\",\"url\":\"https:\/\/www.esin.av.tr\/wp-content\/uploads\/2021\/09\/esin-2.jpg\",\"contentUrl\":\"https:\/\/www.esin.av.tr\/wp-content\/uploads\/2021\/09\/esin-2.jpg\",\"width\":800,\"height\":460,\"caption\":\"Esin Avukatl\u0131k Ortakl\u0131\u011f\u0131\"},\"image\":{\"@id\":\"https:\/\/www.esin.av.tr\/tr\/#\/schema\/logo\/image\/\"}},{\"@type\":\"Person\",\"@id\":\"https:\/\/www.esin.av.tr\/tr\/#\/schema\/person\/42c8e616aab56b8622fa365ad63282ae\",\"name\":\"R\u0131dvan Konrat\",\"image\":{\"@type\":\"ImageObject\",\"inLanguage\":\"tr\",\"@id\":\"https:\/\/www.esin.av.tr\/tr\/#\/schema\/person\/image\/\",\"url\":\"https:\/\/secure.gravatar.com\/avatar\/b20c6c583be38ed4e76e32f69fccc676?s=96&d=mm&r=g\",\"contentUrl\":\"https:\/\/secure.gravatar.com\/avatar\/b20c6c583be38ed4e76e32f69fccc676?s=96&d=mm&r=g\",\"caption\":\"R\u0131dvan Konrat\"},\"sameAs\":[\"http:\/\/www.esin.av.tr\"],\"url\":\"https:\/\/www.esin.av.tr\/tr\/author\/rkonrat\/\"}]}<\/script>\n<!-- \/ Yoast SEO plugin. -->","yoast_head_json":{"title":"TCMB Zorunlu Kar\u015f\u0131l\u0131k Oranlar\u0131n\u0131 D\u00fc\u015f\u00fcrd\u00fc","description":"Yeni Geli\u015fme T\u00fcrkiye Cumhuriyet Merkez Bankas\u0131, 2013\/15 say\u0131l\u0131 Zorunlu Kar\u015f\u0131l\u0131klar Hakk\u0131nda Tebli\u011f'de de\u011fi\u015fiklik (\"De\u011fi\u015fiklik\") yapt\u0131. De\u011fi\u015fiklik, 16","robots":{"index":"index","follow":"follow","max-snippet":"max-snippet:-1","max-image-preview":"max-image-preview:large","max-video-preview":"max-video-preview:-1"},"canonical":"https:\/\/www.esin.av.tr\/tr\/2019\/02\/20\/tcmb-zorunlu-karsilik-oranlarini-dusurdu\/","og_locale":"tr_TR","og_type":"article","og_title":"TCMB Zorunlu Kar\u015f\u0131l\u0131k Oranlar\u0131n\u0131 D\u00fc\u015f\u00fcrd\u00fc","og_description":"Yeni Geli\u015fme T\u00fcrkiye Cumhuriyet Merkez Bankas\u0131, 2013\/15 say\u0131l\u0131 Zorunlu Kar\u015f\u0131l\u0131klar Hakk\u0131nda Tebli\u011f'de de\u011fi\u015fiklik (\"De\u011fi\u015fiklik\") yapt\u0131. De\u011fi\u015fiklik, 16","og_url":"https:\/\/www.esin.av.tr\/tr\/2019\/02\/20\/tcmb-zorunlu-karsilik-oranlarini-dusurdu\/","og_site_name":"Esin Avukatl\u0131k Ortakl\u0131\u011f\u0131","article_published_time":"2019-02-20T07:45:25+00:00","article_modified_time":"2022-06-09T12:27:11+00:00","author":"R\u0131dvan Konrat","twitter_card":"summary_large_image","twitter_misc":{"Written by":"R\u0131dvan Konrat","Est. reading time":"2 minutes"},"schema":{"@context":"https:\/\/schema.org","@graph":[{"@type":"Article","@id":"https:\/\/www.esin.av.tr\/tr\/2019\/02\/20\/tcmb-zorunlu-karsilik-oranlarini-dusurdu\/#article","isPartOf":{"@id":"https:\/\/www.esin.av.tr\/tr\/2019\/02\/20\/tcmb-zorunlu-karsilik-oranlarini-dusurdu\/"},"author":{"name":"R\u0131dvan Konrat","@id":"https:\/\/www.esin.av.tr\/tr\/#\/schema\/person\/42c8e616aab56b8622fa365ad63282ae"},"headline":"TCMB Zorunlu Kar\u015f\u0131l\u0131k Oranlar\u0131n\u0131 D\u00fc\u015f\u00fcrd\u00fc","datePublished":"2019-02-20T07:45:25+00:00","dateModified":"2022-06-09T12:27:11+00:00","mainEntityOfPage":{"@id":"https:\/\/www.esin.av.tr\/tr\/2019\/02\/20\/tcmb-zorunlu-karsilik-oranlarini-dusurdu\/"},"wordCount":314,"publisher":{"@id":"https:\/\/www.esin.av.tr\/tr\/#organization"},"keywords":["Bankac\u0131l\u0131k ve Finans"],"articleSection":["Hukuk B\u00fcltenleri"],"inLanguage":"tr"},{"@type":"WebPage","@id":"https:\/\/www.esin.av.tr\/tr\/2019\/02\/20\/tcmb-zorunlu-karsilik-oranlarini-dusurdu\/","url":"https:\/\/www.esin.av.tr\/tr\/2019\/02\/20\/tcmb-zorunlu-karsilik-oranlarini-dusurdu\/","name":"TCMB Zorunlu Kar\u015f\u0131l\u0131k Oranlar\u0131n\u0131 D\u00fc\u015f\u00fcrd\u00fc","isPartOf":{"@id":"https:\/\/www.esin.av.tr\/tr\/#website"},"datePublished":"2019-02-20T07:45:25+00:00","dateModified":"2022-06-09T12:27:11+00:00","description":"Yeni Geli\u015fme T\u00fcrkiye Cumhuriyet Merkez Bankas\u0131, 2013\/15 say\u0131l\u0131 Zorunlu Kar\u015f\u0131l\u0131klar Hakk\u0131nda Tebli\u011f'de de\u011fi\u015fiklik (\"De\u011fi\u015fiklik\") yapt\u0131. De\u011fi\u015fiklik, 16","breadcrumb":{"@id":"https:\/\/www.esin.av.tr\/tr\/2019\/02\/20\/tcmb-zorunlu-karsilik-oranlarini-dusurdu\/#breadcrumb"},"inLanguage":"tr","potentialAction":[{"@type":"ReadAction","target":["https:\/\/www.esin.av.tr\/tr\/2019\/02\/20\/tcmb-zorunlu-karsilik-oranlarini-dusurdu\/"]}]},{"@type":"BreadcrumbList","@id":"https:\/\/www.esin.av.tr\/tr\/2019\/02\/20\/tcmb-zorunlu-karsilik-oranlarini-dusurdu\/#breadcrumb","itemListElement":[{"@type":"ListItem","position":1,"name":"Home","item":"https:\/\/www.esin.av.tr\/tr\/"},{"@type":"ListItem","position":2,"name":"TCMB Zorunlu Kar\u015f\u0131l\u0131k Oranlar\u0131n\u0131 D\u00fc\u015f\u00fcrd\u00fc"}]},{"@type":"WebSite","@id":"https:\/\/www.esin.av.tr\/tr\/#website","url":"https:\/\/www.esin.av.tr\/tr\/","name":"Esin Avukatl\u0131k Ortakl\u0131\u011f\u0131","description":"","publisher":{"@id":"https:\/\/www.esin.av.tr\/tr\/#organization"},"potentialAction":[{"@type":"SearchAction","target":{"@type":"EntryPoint","urlTemplate":"https:\/\/www.esin.av.tr\/tr\/?s={search_term_string}"},"query-input":{"@type":"PropertyValueSpecification","valueRequired":true,"valueName":"search_term_string"}}],"inLanguage":"tr"},{"@type":"Organization","@id":"https:\/\/www.esin.av.tr\/tr\/#organization","name":"Esin Avukatl\u0131k Ortakl\u0131\u011f\u0131","url":"https:\/\/www.esin.av.tr\/tr\/","logo":{"@type":"ImageObject","inLanguage":"tr","@id":"https:\/\/www.esin.av.tr\/tr\/#\/schema\/logo\/image\/","url":"https:\/\/www.esin.av.tr\/wp-content\/uploads\/2021\/09\/esin-2.jpg","contentUrl":"https:\/\/www.esin.av.tr\/wp-content\/uploads\/2021\/09\/esin-2.jpg","width":800,"height":460,"caption":"Esin Avukatl\u0131k Ortakl\u0131\u011f\u0131"},"image":{"@id":"https:\/\/www.esin.av.tr\/tr\/#\/schema\/logo\/image\/"}},{"@type":"Person","@id":"https:\/\/www.esin.av.tr\/tr\/#\/schema\/person\/42c8e616aab56b8622fa365ad63282ae","name":"R\u0131dvan Konrat","image":{"@type":"ImageObject","inLanguage":"tr","@id":"https:\/\/www.esin.av.tr\/tr\/#\/schema\/person\/image\/","url":"https:\/\/secure.gravatar.com\/avatar\/b20c6c583be38ed4e76e32f69fccc676?s=96&d=mm&r=g","contentUrl":"https:\/\/secure.gravatar.com\/avatar\/b20c6c583be38ed4e76e32f69fccc676?s=96&d=mm&r=g","caption":"R\u0131dvan Konrat"},"sameAs":["http:\/\/www.esin.av.tr"],"url":"https:\/\/www.esin.av.tr\/tr\/author\/rkonrat\/"}]}},"_links":{"self":[{"href":"https:\/\/www.esin.av.tr\/tr\/wp-json\/wp\/v2\/posts\/14511","targetHints":{"allow":["GET"]}}],"collection":[{"href":"https:\/\/www.esin.av.tr\/tr\/wp-json\/wp\/v2\/posts"}],"about":[{"href":"https:\/\/www.esin.av.tr\/tr\/wp-json\/wp\/v2\/types\/post"}],"author":[{"embeddable":true,"href":"https:\/\/www.esin.av.tr\/tr\/wp-json\/wp\/v2\/users\/4"}],"replies":[{"embeddable":true,"href":"https:\/\/www.esin.av.tr\/tr\/wp-json\/wp\/v2\/comments?post=14511"}],"version-history":[{"count":2,"href":"https:\/\/www.esin.av.tr\/tr\/wp-json\/wp\/v2\/posts\/14511\/revisions"}],"predecessor-version":[{"id":16176,"href":"https:\/\/www.esin.av.tr\/tr\/wp-json\/wp\/v2\/posts\/14511\/revisions\/16176"}],"wp:attachment":[{"href":"https:\/\/www.esin.av.tr\/tr\/wp-json\/wp\/v2\/media?parent=14511"}],"wp:term":[{"taxonomy":"category","embeddable":true,"href":"https:\/\/www.esin.av.tr\/tr\/wp-json\/wp\/v2\/categories?post=14511"},{"taxonomy":"post_tag","embeddable":true,"href":"https:\/\/www.esin.av.tr\/tr\/wp-json\/wp\/v2\/tags?post=14511"}],"curies":[{"name":"wp","href":"https:\/\/api.w.org\/{rel}","templated":true}]}}