{"id":14504,"date":"2019-03-05T10:05:39","date_gmt":"2019-03-05T10:05:39","guid":{"rendered":"http:\/\/upt.esin.av.tr\/2019\/03\/05\/dovizle-odeme-yasagina-iliskin-sikca-sorulan-sorulara-cevaplar-yayimlandi\/"},"modified":"2022-06-09T12:27:45","modified_gmt":"2022-06-09T12:27:45","slug":"dovizle-odeme-yasagina-iliskin-sikca-sorulan-sorulara-cevaplar-yayimlandi","status":"publish","type":"post","link":"https:\/\/www.esin.av.tr\/tr\/2019\/03\/05\/dovizle-odeme-yasagina-iliskin-sikca-sorulan-sorulara-cevaplar-yayimlandi\/","title":{"rendered":"D\u00f6vizle \u00d6deme Yasa\u011f\u0131na \u0130li\u015fkin S\u0131k\u00e7a Sorulan Sorulara Cevaplar Yay\u0131mland\u0131"},"content":{"rendered":"<p><strong>Yeni Geli\u015fme<\/strong><\/p>\n<p>T.C. Hazine ve Maliye Bakanl\u0131\u011f\u0131 (&#8220;<strong>Bakanl\u0131k<\/strong>&#8220;) taraf\u0131ndan, 16 Kas\u0131m 2018 tarihinde d\u00f6vizle \u00f6deme yasa\u011f\u0131na ili\u015fkin istisnalarda de\u011fi\u015fiklik yap\u0131lm\u0131\u015ft\u0131. Bakanl\u0131k, bu de\u011fi\u015fikliklere ili\u015fkin S\u0131k\u00e7a Sorulan Sorulara (SSS) cevaplar\u0131n\u0131 yay\u0131mlad\u0131.<\/p>\n<p><strong>SSS ne getiriyor?<\/strong><\/p>\n<ul>\n<li>Birden farkl\u0131 s\u00f6zle\u015fme tipini bar\u0131nd\u0131ran karma s\u00f6zle\u015fmelerde, s\u00f6zle\u015fme bedelinin ve di\u011fer \u00f6deme y\u00fck\u00fcml\u00fcl\u00fcklerinin d\u00f6viz cinsinden veya d\u00f6vize endeksli olarak belirlenebilmesi i\u00e7in karma s\u00f6zle\u015fmenin i\u00e7erdi\u011fi t\u00fcm s\u00f6zle\u015fme tiplerinin istisnadan faydalanabilmesi gerekecek.<\/li>\n<li>Hizmet s\u00f6zle\u015fmesi, 6098 say\u0131l\u0131 T\u00fcrk Bor\u00e7lar Kanunu&#8217;ndan farkl\u0131 olarak, teslim ve teslim say\u0131lan haller ile mal ithalat\u0131 d\u0131\u015f\u0131nda kalan i\u015flemlere ili\u015fkin t\u00fcm s\u00f6zle\u015fmeler olarak ifade edildi.<\/li>\n<li>Y\u00fcklenicinin maliyetlerinin herhangi bir k\u0131sm\u0131n\u0131n d\u00f6viz cinsinden olmas\u0131, eser s\u00f6zle\u015fmesine ili\u015fkin bedelin d\u00f6viz cinsinden veya d\u00f6vize endeksli olarak belirlenebilmesi i\u00e7in yeterli olacak.<\/li>\n<li>13 Eyl\u00fcl 2018 ile 16 Kas\u0131m 2018 tarihleri aras\u0131nda (&#8220;<strong>Ara D\u00f6nem<\/strong>&#8220;) y\u00fcr\u00fcrl\u00fckteki mevzuat kapsam\u0131nda baz\u0131 s\u00f6zle\u015fmeler d\u00f6vizle \u00f6deme yasa\u011f\u0131 kapsam\u0131ndayd\u0131. Ancak 16 Kas\u0131m 2018 tarihinde yap\u0131lan de\u011fi\u015fiklikle bu s\u00f6zle\u015fmelerin baz\u0131lar\u0131 istisna kapsam\u0131na d\u00e2hil edilmi\u015fti. Bu kapsamda Ara D\u00f6nem i\u00e7inde mevzuat gere\u011fi T\u00fcrk liras\u0131na \u00e7evrilen s\u00f6zle\u015fmeler, 16 Kas\u0131m 2018 sonras\u0131nda istisnadan faydalan\u0131yor olsa bile, ancak s\u00f6zle\u015fme taraflar\u0131n\u0131n mutab\u0131k kalmalar\u0131 \u015fart\u0131yla tekrar d\u00f6viz \u00fczerinden veya d\u00f6vize endeksli olarak d\u00fczenlenebilecek.<\/li>\n<li>Sermaye piyasas\u0131 ara\u00e7lar\u0131n\u0131n d\u00f6viz cinsinden olu\u015fturulmas\u0131, ihrac\u0131, al\u0131m sat\u0131m\u0131 ve yap\u0131lan i\u015flemlere ili\u015fkin s\u00f6zle\u015fmelerin d\u00f6viz cinsinden kararla\u015ft\u0131r\u0131labilmesi imk\u00e2n\u0131n\u0131n, \u00f6zel sekt\u00f6r\u00fcn yurt i\u00e7inde d\u00f6viz cinsinden bor\u00e7lanma arac\u0131 ihrac\u0131na imk\u00e2n vermeyece\u011fi belirtildi.<\/li>\n<li>D\u00f6viz kazand\u0131r\u0131c\u0131 hizmet ve faaliyetler kapsam\u0131nda yer alsa dahi, yurt i\u00e7inde sunulan hizmetlere ili\u015fkin s\u00f6zle\u015fmeler istisnadan yararlanamayacak.<\/li>\n<li>Yurt d\u0131\u015f\u0131nda \u00fcretilen donan\u0131mlara ili\u015fkin hizmet s\u00f6zle\u015fmelerine tan\u0131nan istisna kapsam\u0131nda donan\u0131m, bilgisayar\u0131n fiziksel yap\u0131s\u0131n\u0131 olu\u015fturan mekanik veya elektronik par\u00e7alar olarak tan\u0131mland\u0131. Dolay\u0131s\u0131yla, ba\u011f\u0131ms\u0131z olarak i\u015fleve sahip \u00e7ek okuma makinesi, fotokopi makinesi gibi makineler donan\u0131m de\u011fil m\u00fcnferit birer elektronik cihaz oldu\u011fundan bunlara ili\u015fkin hizmet s\u00f6zle\u015fmeleri bu istisnadan yararlanamayacakt\u0131r. Ancak ilgili s\u00f6zle\u015fmelere ili\u015fkin bedellerin ve di\u011fer \u00f6deme y\u00fck\u00fcml\u00fcl\u00fcklerinin, bunun d\u0131\u015f\u0131nda ba\u015fka bir istisnadan yararlanmas\u0131 durumunda ilgili tutarlar d\u00f6viz \u00fczerinden veya d\u00f6vize endeksli olarak belirlenebilecek.<\/li>\n<li>Ta\u015f\u0131mac\u0131l\u0131k ve nakliye hizmet s\u00f6zle\u015fmeleri, T\u00fcrkiye\u2019de ba\u015flay\u0131p yurt d\u0131\u015f\u0131nda sonlanmas\u0131, yurt d\u0131\u015f\u0131nda ba\u015flay\u0131p T\u00fcrkiye\u2019de sonlanmas\u0131 veya yurt d\u0131\u015f\u0131nda ba\u015flay\u0131p yurt d\u0131\u015f\u0131nda sonlanmas\u0131 halinde istisnadan yararlanabilecek.<\/li>\n<li>T.C. K\u00fclt\u00fcr ve Turizm Bakanl\u0131\u011f\u0131&#8217;ndan belgeli konaklama tesislerinin i\u015fletilmesi amac\u0131yla yap\u0131lan gayrimenkul kira s\u00f6zle\u015fmeleri i\u00e7in tan\u0131nan istisna kapsam\u0131na, ilgili konaklama tesislerinin hamam, havuz, spa, kuaf\u00f6r, market gibi ticari alanlar\u0131n\u0131n i\u015fletilmesi amac\u0131yla kiralanmas\u0131 (tesis odalar\u0131n\u0131n konaklama amac\u0131yla kiralanmas\u0131 hari\u00e7) da girecek.<\/li>\n<li>Bakanl\u0131k taraf\u0131ndan d\u00f6vizle \u00f6deme yasa\u011f\u0131 ayk\u0131r\u0131l\u0131klar\u0131na ili\u015fkin olarak yapt\u0131r\u0131m uygulanmas\u0131 i\u00e7in, Bakanl\u0131k&#8217;a yap\u0131lan ihbarlar\u0131n ekinde s\u00f6z konusu iddialar\u0131 destekleyici somut bilgi ve tevsik edici belgelerin yer almas\u0131 gerekti\u011fi ve herhangi bir somut belgeye dayanmayan ihbarlar hakk\u0131nda Bakanl\u0131k taraf\u0131ndan bir i\u015flem tesis edilmeyece\u011fi belirtildi.<\/li>\n<\/ul>\n","protected":false},"excerpt":{"rendered":"<p>Yeni Geli\u015fme T.C. Hazine ve Maliye Bakanl\u0131\u011f\u0131 (&#8220;Bakanl\u0131k&#8220;) taraf\u0131ndan, 16 Kas\u0131m 2018 tarihinde d\u00f6vizle \u00f6deme yasa\u011f\u0131na ili\u015fkin istisnalarda de\u011fi\u015fiklik yap\u0131lm\u0131\u015ft\u0131. [&hellip;]<\/p>\n","protected":false},"author":4,"featured_media":0,"comment_status":"closed","ping_status":"closed","sticky":false,"template":"","format":"standard","meta":{"_acf_changed":false,"_stopmodifiedupdate":false,"_modified_date":"","footnotes":""},"categories":[120],"tags":[90],"class_list":["post-14504","post","type-post","status-publish","format-standard","hentry","category-legal-alerts","tag-banking-finance-tr"],"acf":[],"yoast_head":"<!-- This site is optimized with the Yoast SEO plugin v24.0 - https:\/\/yoast.com\/wordpress\/plugins\/seo\/ -->\n<title>D\u00f6vizle \u00d6deme Yasa\u011f\u0131na \u0130li\u015fkin S\u0131k\u00e7a Sorulan Sorulara Cevaplar Yay\u0131mland\u0131<\/title>\n<meta name=\"description\" content=\"Yeni Geli\u015fme T.C. Hazine ve Maliye Bakanl\u0131\u011f\u0131 (&quot;Bakanl\u0131k&quot;) taraf\u0131ndan, 16 Kas\u0131m 2018 tarihinde d\u00f6vizle \u00f6deme yasa\u011f\u0131na ili\u015fkin istisnalarda de\u011fi\u015fiklik\" \/>\n<meta name=\"robots\" content=\"index, follow, max-snippet:-1, max-image-preview:large, max-video-preview:-1\" \/>\n<link rel=\"canonical\" href=\"https:\/\/www.esin.av.tr\/tr\/2019\/03\/05\/dovizle-odeme-yasagina-iliskin-sikca-sorulan-sorulara-cevaplar-yayimlandi\/\" \/>\n<meta property=\"og:locale\" content=\"tr_TR\" \/>\n<meta property=\"og:type\" content=\"article\" \/>\n<meta property=\"og:title\" content=\"D\u00f6vizle \u00d6deme Yasa\u011f\u0131na \u0130li\u015fkin S\u0131k\u00e7a Sorulan Sorulara Cevaplar Yay\u0131mland\u0131\" \/>\n<meta property=\"og:description\" content=\"Yeni Geli\u015fme T.C. Hazine ve Maliye Bakanl\u0131\u011f\u0131 (&quot;Bakanl\u0131k&quot;) taraf\u0131ndan, 16 Kas\u0131m 2018 tarihinde d\u00f6vizle \u00f6deme yasa\u011f\u0131na ili\u015fkin istisnalarda de\u011fi\u015fiklik\" \/>\n<meta property=\"og:url\" content=\"https:\/\/www.esin.av.tr\/tr\/2019\/03\/05\/dovizle-odeme-yasagina-iliskin-sikca-sorulan-sorulara-cevaplar-yayimlandi\/\" \/>\n<meta property=\"og:site_name\" content=\"Esin Avukatl\u0131k Ortakl\u0131\u011f\u0131\" \/>\n<meta property=\"article:published_time\" content=\"2019-03-05T10:05:39+00:00\" \/>\n<meta property=\"article:modified_time\" content=\"2022-06-09T12:27:45+00:00\" \/>\n<meta name=\"author\" content=\"R\u0131dvan Konrat\" \/>\n<meta name=\"twitter:card\" content=\"summary_large_image\" \/>\n<meta name=\"twitter:label1\" content=\"Written by\" \/>\n\t<meta name=\"twitter:data1\" content=\"R\u0131dvan Konrat\" \/>\n\t<meta name=\"twitter:label2\" content=\"Est. reading time\" \/>\n\t<meta name=\"twitter:data2\" content=\"3 minutes\" \/>\n<script type=\"application\/ld+json\" class=\"yoast-schema-graph\">{\"@context\":\"https:\/\/schema.org\",\"@graph\":[{\"@type\":\"Article\",\"@id\":\"https:\/\/www.esin.av.tr\/tr\/2019\/03\/05\/dovizle-odeme-yasagina-iliskin-sikca-sorulan-sorulara-cevaplar-yayimlandi\/#article\",\"isPartOf\":{\"@id\":\"https:\/\/www.esin.av.tr\/tr\/2019\/03\/05\/dovizle-odeme-yasagina-iliskin-sikca-sorulan-sorulara-cevaplar-yayimlandi\/\"},\"author\":{\"name\":\"R\u0131dvan Konrat\",\"@id\":\"https:\/\/www.esin.av.tr\/tr\/#\/schema\/person\/42c8e616aab56b8622fa365ad63282ae\"},\"headline\":\"D\u00f6vizle \u00d6deme Yasa\u011f\u0131na \u0130li\u015fkin S\u0131k\u00e7a Sorulan Sorulara Cevaplar Yay\u0131mland\u0131\",\"datePublished\":\"2019-03-05T10:05:39+00:00\",\"dateModified\":\"2022-06-09T12:27:45+00:00\",\"mainEntityOfPage\":{\"@id\":\"https:\/\/www.esin.av.tr\/tr\/2019\/03\/05\/dovizle-odeme-yasagina-iliskin-sikca-sorulan-sorulara-cevaplar-yayimlandi\/\"},\"wordCount\":652,\"publisher\":{\"@id\":\"https:\/\/www.esin.av.tr\/tr\/#organization\"},\"keywords\":[\"Bankac\u0131l\u0131k ve Finans\"],\"articleSection\":[\"Hukuk B\u00fcltenleri\"],\"inLanguage\":\"tr\"},{\"@type\":\"WebPage\",\"@id\":\"https:\/\/www.esin.av.tr\/tr\/2019\/03\/05\/dovizle-odeme-yasagina-iliskin-sikca-sorulan-sorulara-cevaplar-yayimlandi\/\",\"url\":\"https:\/\/www.esin.av.tr\/tr\/2019\/03\/05\/dovizle-odeme-yasagina-iliskin-sikca-sorulan-sorulara-cevaplar-yayimlandi\/\",\"name\":\"D\u00f6vizle \u00d6deme Yasa\u011f\u0131na \u0130li\u015fkin S\u0131k\u00e7a Sorulan Sorulara Cevaplar Yay\u0131mland\u0131\",\"isPartOf\":{\"@id\":\"https:\/\/www.esin.av.tr\/tr\/#website\"},\"datePublished\":\"2019-03-05T10:05:39+00:00\",\"dateModified\":\"2022-06-09T12:27:45+00:00\",\"description\":\"Yeni Geli\u015fme T.C. Hazine ve Maliye Bakanl\u0131\u011f\u0131 (\\\"Bakanl\u0131k\\\") taraf\u0131ndan, 16 Kas\u0131m 2018 tarihinde d\u00f6vizle \u00f6deme yasa\u011f\u0131na ili\u015fkin istisnalarda de\u011fi\u015fiklik\",\"breadcrumb\":{\"@id\":\"https:\/\/www.esin.av.tr\/tr\/2019\/03\/05\/dovizle-odeme-yasagina-iliskin-sikca-sorulan-sorulara-cevaplar-yayimlandi\/#breadcrumb\"},\"inLanguage\":\"tr\",\"potentialAction\":[{\"@type\":\"ReadAction\",\"target\":[\"https:\/\/www.esin.av.tr\/tr\/2019\/03\/05\/dovizle-odeme-yasagina-iliskin-sikca-sorulan-sorulara-cevaplar-yayimlandi\/\"]}]},{\"@type\":\"BreadcrumbList\",\"@id\":\"https:\/\/www.esin.av.tr\/tr\/2019\/03\/05\/dovizle-odeme-yasagina-iliskin-sikca-sorulan-sorulara-cevaplar-yayimlandi\/#breadcrumb\",\"itemListElement\":[{\"@type\":\"ListItem\",\"position\":1,\"name\":\"Home\",\"item\":\"https:\/\/www.esin.av.tr\/tr\/\"},{\"@type\":\"ListItem\",\"position\":2,\"name\":\"D\u00f6vizle \u00d6deme Yasa\u011f\u0131na \u0130li\u015fkin S\u0131k\u00e7a Sorulan Sorulara Cevaplar Yay\u0131mland\u0131\"}]},{\"@type\":\"WebSite\",\"@id\":\"https:\/\/www.esin.av.tr\/tr\/#website\",\"url\":\"https:\/\/www.esin.av.tr\/tr\/\",\"name\":\"Esin Avukatl\u0131k Ortakl\u0131\u011f\u0131\",\"description\":\"\",\"publisher\":{\"@id\":\"https:\/\/www.esin.av.tr\/tr\/#organization\"},\"potentialAction\":[{\"@type\":\"SearchAction\",\"target\":{\"@type\":\"EntryPoint\",\"urlTemplate\":\"https:\/\/www.esin.av.tr\/tr\/?s={search_term_string}\"},\"query-input\":{\"@type\":\"PropertyValueSpecification\",\"valueRequired\":true,\"valueName\":\"search_term_string\"}}],\"inLanguage\":\"tr\"},{\"@type\":\"Organization\",\"@id\":\"https:\/\/www.esin.av.tr\/tr\/#organization\",\"name\":\"Esin Avukatl\u0131k Ortakl\u0131\u011f\u0131\",\"url\":\"https:\/\/www.esin.av.tr\/tr\/\",\"logo\":{\"@type\":\"ImageObject\",\"inLanguage\":\"tr\",\"@id\":\"https:\/\/www.esin.av.tr\/tr\/#\/schema\/logo\/image\/\",\"url\":\"https:\/\/www.esin.av.tr\/wp-content\/uploads\/2021\/09\/esin-2.jpg\",\"contentUrl\":\"https:\/\/www.esin.av.tr\/wp-content\/uploads\/2021\/09\/esin-2.jpg\",\"width\":800,\"height\":460,\"caption\":\"Esin Avukatl\u0131k Ortakl\u0131\u011f\u0131\"},\"image\":{\"@id\":\"https:\/\/www.esin.av.tr\/tr\/#\/schema\/logo\/image\/\"}},{\"@type\":\"Person\",\"@id\":\"https:\/\/www.esin.av.tr\/tr\/#\/schema\/person\/42c8e616aab56b8622fa365ad63282ae\",\"name\":\"R\u0131dvan Konrat\",\"image\":{\"@type\":\"ImageObject\",\"inLanguage\":\"tr\",\"@id\":\"https:\/\/www.esin.av.tr\/tr\/#\/schema\/person\/image\/\",\"url\":\"https:\/\/secure.gravatar.com\/avatar\/b20c6c583be38ed4e76e32f69fccc676?s=96&d=mm&r=g\",\"contentUrl\":\"https:\/\/secure.gravatar.com\/avatar\/b20c6c583be38ed4e76e32f69fccc676?s=96&d=mm&r=g\",\"caption\":\"R\u0131dvan Konrat\"},\"sameAs\":[\"http:\/\/www.esin.av.tr\"],\"url\":\"https:\/\/www.esin.av.tr\/tr\/author\/rkonrat\/\"}]}<\/script>\n<!-- \/ Yoast SEO plugin. -->","yoast_head_json":{"title":"D\u00f6vizle \u00d6deme Yasa\u011f\u0131na \u0130li\u015fkin S\u0131k\u00e7a Sorulan Sorulara Cevaplar Yay\u0131mland\u0131","description":"Yeni Geli\u015fme T.C. Hazine ve Maliye Bakanl\u0131\u011f\u0131 (\"Bakanl\u0131k\") taraf\u0131ndan, 16 Kas\u0131m 2018 tarihinde d\u00f6vizle \u00f6deme yasa\u011f\u0131na ili\u015fkin istisnalarda de\u011fi\u015fiklik","robots":{"index":"index","follow":"follow","max-snippet":"max-snippet:-1","max-image-preview":"max-image-preview:large","max-video-preview":"max-video-preview:-1"},"canonical":"https:\/\/www.esin.av.tr\/tr\/2019\/03\/05\/dovizle-odeme-yasagina-iliskin-sikca-sorulan-sorulara-cevaplar-yayimlandi\/","og_locale":"tr_TR","og_type":"article","og_title":"D\u00f6vizle \u00d6deme Yasa\u011f\u0131na \u0130li\u015fkin S\u0131k\u00e7a Sorulan Sorulara Cevaplar Yay\u0131mland\u0131","og_description":"Yeni Geli\u015fme T.C. Hazine ve Maliye Bakanl\u0131\u011f\u0131 (\"Bakanl\u0131k\") taraf\u0131ndan, 16 Kas\u0131m 2018 tarihinde d\u00f6vizle \u00f6deme yasa\u011f\u0131na ili\u015fkin istisnalarda de\u011fi\u015fiklik","og_url":"https:\/\/www.esin.av.tr\/tr\/2019\/03\/05\/dovizle-odeme-yasagina-iliskin-sikca-sorulan-sorulara-cevaplar-yayimlandi\/","og_site_name":"Esin Avukatl\u0131k Ortakl\u0131\u011f\u0131","article_published_time":"2019-03-05T10:05:39+00:00","article_modified_time":"2022-06-09T12:27:45+00:00","author":"R\u0131dvan Konrat","twitter_card":"summary_large_image","twitter_misc":{"Written by":"R\u0131dvan Konrat","Est. reading time":"3 minutes"},"schema":{"@context":"https:\/\/schema.org","@graph":[{"@type":"Article","@id":"https:\/\/www.esin.av.tr\/tr\/2019\/03\/05\/dovizle-odeme-yasagina-iliskin-sikca-sorulan-sorulara-cevaplar-yayimlandi\/#article","isPartOf":{"@id":"https:\/\/www.esin.av.tr\/tr\/2019\/03\/05\/dovizle-odeme-yasagina-iliskin-sikca-sorulan-sorulara-cevaplar-yayimlandi\/"},"author":{"name":"R\u0131dvan Konrat","@id":"https:\/\/www.esin.av.tr\/tr\/#\/schema\/person\/42c8e616aab56b8622fa365ad63282ae"},"headline":"D\u00f6vizle \u00d6deme Yasa\u011f\u0131na \u0130li\u015fkin S\u0131k\u00e7a Sorulan Sorulara Cevaplar Yay\u0131mland\u0131","datePublished":"2019-03-05T10:05:39+00:00","dateModified":"2022-06-09T12:27:45+00:00","mainEntityOfPage":{"@id":"https:\/\/www.esin.av.tr\/tr\/2019\/03\/05\/dovizle-odeme-yasagina-iliskin-sikca-sorulan-sorulara-cevaplar-yayimlandi\/"},"wordCount":652,"publisher":{"@id":"https:\/\/www.esin.av.tr\/tr\/#organization"},"keywords":["Bankac\u0131l\u0131k ve Finans"],"articleSection":["Hukuk B\u00fcltenleri"],"inLanguage":"tr"},{"@type":"WebPage","@id":"https:\/\/www.esin.av.tr\/tr\/2019\/03\/05\/dovizle-odeme-yasagina-iliskin-sikca-sorulan-sorulara-cevaplar-yayimlandi\/","url":"https:\/\/www.esin.av.tr\/tr\/2019\/03\/05\/dovizle-odeme-yasagina-iliskin-sikca-sorulan-sorulara-cevaplar-yayimlandi\/","name":"D\u00f6vizle \u00d6deme Yasa\u011f\u0131na \u0130li\u015fkin S\u0131k\u00e7a Sorulan Sorulara Cevaplar Yay\u0131mland\u0131","isPartOf":{"@id":"https:\/\/www.esin.av.tr\/tr\/#website"},"datePublished":"2019-03-05T10:05:39+00:00","dateModified":"2022-06-09T12:27:45+00:00","description":"Yeni Geli\u015fme T.C. Hazine ve Maliye Bakanl\u0131\u011f\u0131 (\"Bakanl\u0131k\") taraf\u0131ndan, 16 Kas\u0131m 2018 tarihinde d\u00f6vizle \u00f6deme yasa\u011f\u0131na ili\u015fkin istisnalarda de\u011fi\u015fiklik","breadcrumb":{"@id":"https:\/\/www.esin.av.tr\/tr\/2019\/03\/05\/dovizle-odeme-yasagina-iliskin-sikca-sorulan-sorulara-cevaplar-yayimlandi\/#breadcrumb"},"inLanguage":"tr","potentialAction":[{"@type":"ReadAction","target":["https:\/\/www.esin.av.tr\/tr\/2019\/03\/05\/dovizle-odeme-yasagina-iliskin-sikca-sorulan-sorulara-cevaplar-yayimlandi\/"]}]},{"@type":"BreadcrumbList","@id":"https:\/\/www.esin.av.tr\/tr\/2019\/03\/05\/dovizle-odeme-yasagina-iliskin-sikca-sorulan-sorulara-cevaplar-yayimlandi\/#breadcrumb","itemListElement":[{"@type":"ListItem","position":1,"name":"Home","item":"https:\/\/www.esin.av.tr\/tr\/"},{"@type":"ListItem","position":2,"name":"D\u00f6vizle \u00d6deme Yasa\u011f\u0131na \u0130li\u015fkin S\u0131k\u00e7a Sorulan Sorulara Cevaplar Yay\u0131mland\u0131"}]},{"@type":"WebSite","@id":"https:\/\/www.esin.av.tr\/tr\/#website","url":"https:\/\/www.esin.av.tr\/tr\/","name":"Esin Avukatl\u0131k Ortakl\u0131\u011f\u0131","description":"","publisher":{"@id":"https:\/\/www.esin.av.tr\/tr\/#organization"},"potentialAction":[{"@type":"SearchAction","target":{"@type":"EntryPoint","urlTemplate":"https:\/\/www.esin.av.tr\/tr\/?s={search_term_string}"},"query-input":{"@type":"PropertyValueSpecification","valueRequired":true,"valueName":"search_term_string"}}],"inLanguage":"tr"},{"@type":"Organization","@id":"https:\/\/www.esin.av.tr\/tr\/#organization","name":"Esin Avukatl\u0131k Ortakl\u0131\u011f\u0131","url":"https:\/\/www.esin.av.tr\/tr\/","logo":{"@type":"ImageObject","inLanguage":"tr","@id":"https:\/\/www.esin.av.tr\/tr\/#\/schema\/logo\/image\/","url":"https:\/\/www.esin.av.tr\/wp-content\/uploads\/2021\/09\/esin-2.jpg","contentUrl":"https:\/\/www.esin.av.tr\/wp-content\/uploads\/2021\/09\/esin-2.jpg","width":800,"height":460,"caption":"Esin Avukatl\u0131k Ortakl\u0131\u011f\u0131"},"image":{"@id":"https:\/\/www.esin.av.tr\/tr\/#\/schema\/logo\/image\/"}},{"@type":"Person","@id":"https:\/\/www.esin.av.tr\/tr\/#\/schema\/person\/42c8e616aab56b8622fa365ad63282ae","name":"R\u0131dvan Konrat","image":{"@type":"ImageObject","inLanguage":"tr","@id":"https:\/\/www.esin.av.tr\/tr\/#\/schema\/person\/image\/","url":"https:\/\/secure.gravatar.com\/avatar\/b20c6c583be38ed4e76e32f69fccc676?s=96&d=mm&r=g","contentUrl":"https:\/\/secure.gravatar.com\/avatar\/b20c6c583be38ed4e76e32f69fccc676?s=96&d=mm&r=g","caption":"R\u0131dvan Konrat"},"sameAs":["http:\/\/www.esin.av.tr"],"url":"https:\/\/www.esin.av.tr\/tr\/author\/rkonrat\/"}]}},"_links":{"self":[{"href":"https:\/\/www.esin.av.tr\/tr\/wp-json\/wp\/v2\/posts\/14504","targetHints":{"allow":["GET"]}}],"collection":[{"href":"https:\/\/www.esin.av.tr\/tr\/wp-json\/wp\/v2\/posts"}],"about":[{"href":"https:\/\/www.esin.av.tr\/tr\/wp-json\/wp\/v2\/types\/post"}],"author":[{"embeddable":true,"href":"https:\/\/www.esin.av.tr\/tr\/wp-json\/wp\/v2\/users\/4"}],"replies":[{"embeddable":true,"href":"https:\/\/www.esin.av.tr\/tr\/wp-json\/wp\/v2\/comments?post=14504"}],"version-history":[{"count":1,"href":"https:\/\/www.esin.av.tr\/tr\/wp-json\/wp\/v2\/posts\/14504\/revisions"}],"predecessor-version":[{"id":15596,"href":"https:\/\/www.esin.av.tr\/tr\/wp-json\/wp\/v2\/posts\/14504\/revisions\/15596"}],"wp:attachment":[{"href":"https:\/\/www.esin.av.tr\/tr\/wp-json\/wp\/v2\/media?parent=14504"}],"wp:term":[{"taxonomy":"category","embeddable":true,"href":"https:\/\/www.esin.av.tr\/tr\/wp-json\/wp\/v2\/categories?post=14504"},{"taxonomy":"post_tag","embeddable":true,"href":"https:\/\/www.esin.av.tr\/tr\/wp-json\/wp\/v2\/tags?post=14504"}],"curies":[{"name":"wp","href":"https:\/\/api.w.org\/{rel}","templated":true}]}}