{"id":14503,"date":"2019-03-07T08:59:14","date_gmt":"2019-03-07T08:59:14","guid":{"rendered":"http:\/\/upt.esin.av.tr\/2019\/03\/07\/diyaliz-merkezleri-hakkinda-yonetmelik-yayimlandi\/"},"modified":"2022-06-09T12:27:42","modified_gmt":"2022-06-09T12:27:42","slug":"diyaliz-merkezleri-hakkinda-yonetmelik-yayimlandi","status":"publish","type":"post","link":"https:\/\/www.esin.av.tr\/tr\/2019\/03\/07\/diyaliz-merkezleri-hakkinda-yonetmelik-yayimlandi\/","title":{"rendered":"Diyaliz Merkezleri Hakk\u0131nda Y\u00f6netmelik Yay\u0131mland\u0131"},"content":{"rendered":"<p><strong>Yeni Geli\u015fme<\/strong><br \/>\nDiyaliz Merkezleri Hakk\u0131nda Y\u00f6netmelik (&#8220;<strong>Y\u00f6netmelik<\/strong>&#8220;), Sa\u011fl\u0131k Bakanl\u0131\u011f\u0131 (&#8220;<strong>Bakanl\u0131k<\/strong>&#8220;) taraf\u0131ndan 1 Mart 2019 tarihinde Resmi Gazete&#8217;de yay\u0131mlanarak y\u00fcr\u00fcrl\u00fc\u011fe girdi. Y\u00f6netmelik, diyaliz tedavi y\u00f6ntemlerini uygulayacak \u00fcnite ve merkezlere ili\u015fkin usul ve esaslar\u0131 d\u00fczenliyor.<\/p>\n<p><strong>Y\u00f6netmelik Neler Getiriyor?<\/strong><\/p>\n<p>Y\u00f6netmelik, akut ve kronik b\u00f6brek yetmezli\u011fi bulunan hastalarda diyaliz tedavi y\u00f6ntemlerini uygulayacak \u00fcnite ve merkezlerin planlamalar\u0131na, a\u00e7\u0131lmalar\u0131na, faaliyetlerine, denetlenmelerine ve s\u00f6z konusu diyaliz tedavi y\u00f6ntemlerinin uygulanmas\u0131na ili\u015fkin detayl\u0131 d\u00fczenlemeler i\u00e7eriyor.<\/p>\n<p>Bu kapsamda Bakanl\u0131k&#8217;\u0131n ilan etti\u011fi yerlerde diyaliz merkez a\u00e7mak isteyenlerin Y\u00f6netmelik h\u00fck\u00fcmlerine uygun olarak Bakanl\u0131k&#8217;tan yat\u0131r\u0131m izni almas\u0131 gerekiyor. Y\u00f6netmelik&#8217;te ayr\u0131ca yat\u0131r\u0131m izni alan hak sahiplerinin Y\u00f6netmelik&#8217;in 19. maddesinde yer alan bilgi ve belgeler ile il genel m\u00fcd\u00fcrl\u00fcklerine ba\u015fvurarak a\u00e7acaklar\u0131 merkez\/\u00fcniteler i\u00e7in ruhsat almas\u0131 ve devam\u0131nda faaliyet izni ba\u015fvurusunda bulunmas\u0131 gerekti\u011fi d\u00fczenlenmi\u015ftir.<\/p>\n<p>Ek olarak, Bakanl\u0131k&#8217;\u0131n denetim faaliyetlerini y\u00fcr\u00fctebilmesi i\u00e7in diyaliz uygulamalar\u0131na ili\u015fkin Y\u00f6netmelik&#8217;te belirlenen kay\u0131tlar\u0131n d\u00fczenli ve ula\u015f\u0131labilir \u015fekilde tutulmas\u0131, T\u00fcrkiye Diyaliz Veri Sistemi&#8217;ne (T\u00dcRKD\u0130VES) girilmesi ve talep halinde Bakanl\u0131k&#8217;a sunulmas\u0131 gerekiyor. Bu do\u011frultuda T\u00dcRKD\u0130VES&#8217;e veri giri\u015fi yapmayan veya ger\u00e7e\u011fe ayk\u0131r\u0131 ya da eksik veri giri\u015fi yapan merkez ve \u00fcniteler i\u00e7in idari yapt\u0131r\u0131mlar uygulanacakt\u0131r.<\/p>\n<p>Y\u00f6netmelik metnine <u><a href=\"https:\/\/urldefense.proofpoint.com\/v2\/url?u=http-3A__esinxchange.com_collect_click.aspx-3Fu-3D_G1GTPto3VUEvjWxWvuFwjzZMLMHrP7GSpPDTBLmPR1wM4UNA6HgVnB0r5_rYbefci2AxpdlEQyafPMZtvfMxw-3D-3D-26rh-3Dff004833afdef938dfafe162184083e9d2234684&amp;d=DwMFaQ&amp;c=ptMoEJ5oTofwe4L9tBtGCQ&amp;r=G30VoJFPGz_Ir3aMyzsuwp-RUctbhKuQyecMIB0EBsk&amp;m=jjHM-xWVNcp6pAERLUxszhXI3oYKrnrEFnT9XYBUm3s&amp;s=hd159Li0jjKNp2vl55MU00sY7U-YsmdWgsXKBAFyIPk&amp;e=\">buradan<\/a><\/u> ula\u015fabilirsiniz.<\/p>\n<p><strong>Sonu\u00e7<\/strong><\/p>\n<p>Bakanl\u0131k diyaliz tedavi merkezleri ve diyaliz tedavi uygulamalar\u0131na ili\u015fkin \u015firketlere yol g\u00f6stermeye devam ediyor. Bu kapsamda diyaliz merkezi a\u00e7mak isteyen \u015firketler, Y\u00f6netmelik&#8217;te \u00f6ng\u00f6r\u00fclen gereklilikleri g\u00f6zden ge\u00e7irmeli, izlenmesi gereken usul ve esaslara uygun hareket etmelidir.<\/p>\n","protected":false},"excerpt":{"rendered":"<p>Yeni Geli\u015fme Diyaliz Merkezleri Hakk\u0131nda Y\u00f6netmelik (&#8220;Y\u00f6netmelik&#8220;), Sa\u011fl\u0131k Bakanl\u0131\u011f\u0131 (&#8220;Bakanl\u0131k&#8220;) taraf\u0131ndan 1 Mart 2019 tarihinde Resmi Gazete&#8217;de yay\u0131mlanarak y\u00fcr\u00fcrl\u00fc\u011fe girdi. [&hellip;]<\/p>\n","protected":false},"author":4,"featured_media":0,"comment_status":"closed","ping_status":"closed","sticky":false,"template":"","format":"standard","meta":{"_acf_changed":false,"_stopmodifiedupdate":false,"_modified_date":"","footnotes":""},"categories":[120],"tags":[92],"class_list":["post-14503","post","type-post","status-publish","format-standard","hentry","category-legal-alerts","tag-healthcare-tr"],"acf":[],"yoast_head":"<!-- This site is optimized with the Yoast SEO plugin v24.0 - https:\/\/yoast.com\/wordpress\/plugins\/seo\/ -->\n<title>Diyaliz Merkezleri Hakk\u0131nda Y\u00f6netmelik Yay\u0131mland\u0131<\/title>\n<meta name=\"description\" content=\"Yeni Geli\u015fme Diyaliz Merkezleri Hakk\u0131nda Y\u00f6netmelik (&quot;Y\u00f6netmelik&quot;), Sa\u011fl\u0131k Bakanl\u0131\u011f\u0131 (&quot;Bakanl\u0131k&quot;) taraf\u0131ndan 1 Mart 2019 tarihinde Resmi Gazete&#039;de\" \/>\n<meta name=\"robots\" content=\"index, follow, max-snippet:-1, max-image-preview:large, max-video-preview:-1\" \/>\n<link rel=\"canonical\" href=\"https:\/\/www.esin.av.tr\/tr\/2019\/03\/07\/diyaliz-merkezleri-hakkinda-yonetmelik-yayimlandi\/\" \/>\n<meta property=\"og:locale\" content=\"tr_TR\" \/>\n<meta property=\"og:type\" content=\"article\" \/>\n<meta property=\"og:title\" content=\"Diyaliz Merkezleri Hakk\u0131nda Y\u00f6netmelik Yay\u0131mland\u0131\" \/>\n<meta property=\"og:description\" content=\"Yeni Geli\u015fme Diyaliz Merkezleri Hakk\u0131nda Y\u00f6netmelik (&quot;Y\u00f6netmelik&quot;), Sa\u011fl\u0131k Bakanl\u0131\u011f\u0131 (&quot;Bakanl\u0131k&quot;) taraf\u0131ndan 1 Mart 2019 tarihinde Resmi Gazete&#039;de\" \/>\n<meta property=\"og:url\" content=\"https:\/\/www.esin.av.tr\/tr\/2019\/03\/07\/diyaliz-merkezleri-hakkinda-yonetmelik-yayimlandi\/\" \/>\n<meta property=\"og:site_name\" content=\"Esin Avukatl\u0131k Ortakl\u0131\u011f\u0131\" \/>\n<meta property=\"article:published_time\" content=\"2019-03-07T08:59:14+00:00\" \/>\n<meta property=\"article:modified_time\" content=\"2022-06-09T12:27:42+00:00\" \/>\n<meta name=\"author\" content=\"R\u0131dvan Konrat\" \/>\n<meta name=\"twitter:card\" content=\"summary_large_image\" \/>\n<meta name=\"twitter:label1\" content=\"Written by\" \/>\n\t<meta name=\"twitter:data1\" content=\"R\u0131dvan Konrat\" \/>\n\t<meta name=\"twitter:label2\" content=\"Est. reading time\" \/>\n\t<meta name=\"twitter:data2\" content=\"2 minutes\" \/>\n<script type=\"application\/ld+json\" class=\"yoast-schema-graph\">{\"@context\":\"https:\/\/schema.org\",\"@graph\":[{\"@type\":\"Article\",\"@id\":\"https:\/\/www.esin.av.tr\/tr\/2019\/03\/07\/diyaliz-merkezleri-hakkinda-yonetmelik-yayimlandi\/#article\",\"isPartOf\":{\"@id\":\"https:\/\/www.esin.av.tr\/tr\/2019\/03\/07\/diyaliz-merkezleri-hakkinda-yonetmelik-yayimlandi\/\"},\"author\":{\"name\":\"R\u0131dvan Konrat\",\"@id\":\"https:\/\/www.esin.av.tr\/tr\/#\/schema\/person\/42c8e616aab56b8622fa365ad63282ae\"},\"headline\":\"Diyaliz Merkezleri Hakk\u0131nda Y\u00f6netmelik Yay\u0131mland\u0131\",\"datePublished\":\"2019-03-07T08:59:14+00:00\",\"dateModified\":\"2022-06-09T12:27:42+00:00\",\"mainEntityOfPage\":{\"@id\":\"https:\/\/www.esin.av.tr\/tr\/2019\/03\/07\/diyaliz-merkezleri-hakkinda-yonetmelik-yayimlandi\/\"},\"wordCount\":320,\"publisher\":{\"@id\":\"https:\/\/www.esin.av.tr\/tr\/#organization\"},\"keywords\":[\"Sa\u011fl\u0131k Hukuku\"],\"articleSection\":[\"Hukuk B\u00fcltenleri\"],\"inLanguage\":\"tr\"},{\"@type\":\"WebPage\",\"@id\":\"https:\/\/www.esin.av.tr\/tr\/2019\/03\/07\/diyaliz-merkezleri-hakkinda-yonetmelik-yayimlandi\/\",\"url\":\"https:\/\/www.esin.av.tr\/tr\/2019\/03\/07\/diyaliz-merkezleri-hakkinda-yonetmelik-yayimlandi\/\",\"name\":\"Diyaliz Merkezleri Hakk\u0131nda Y\u00f6netmelik Yay\u0131mland\u0131\",\"isPartOf\":{\"@id\":\"https:\/\/www.esin.av.tr\/tr\/#website\"},\"datePublished\":\"2019-03-07T08:59:14+00:00\",\"dateModified\":\"2022-06-09T12:27:42+00:00\",\"description\":\"Yeni Geli\u015fme Diyaliz Merkezleri Hakk\u0131nda Y\u00f6netmelik (\\\"Y\u00f6netmelik\\\"), Sa\u011fl\u0131k Bakanl\u0131\u011f\u0131 (\\\"Bakanl\u0131k\\\") taraf\u0131ndan 1 Mart 2019 tarihinde Resmi Gazete'de\",\"breadcrumb\":{\"@id\":\"https:\/\/www.esin.av.tr\/tr\/2019\/03\/07\/diyaliz-merkezleri-hakkinda-yonetmelik-yayimlandi\/#breadcrumb\"},\"inLanguage\":\"tr\",\"potentialAction\":[{\"@type\":\"ReadAction\",\"target\":[\"https:\/\/www.esin.av.tr\/tr\/2019\/03\/07\/diyaliz-merkezleri-hakkinda-yonetmelik-yayimlandi\/\"]}]},{\"@type\":\"BreadcrumbList\",\"@id\":\"https:\/\/www.esin.av.tr\/tr\/2019\/03\/07\/diyaliz-merkezleri-hakkinda-yonetmelik-yayimlandi\/#breadcrumb\",\"itemListElement\":[{\"@type\":\"ListItem\",\"position\":1,\"name\":\"Home\",\"item\":\"https:\/\/www.esin.av.tr\/tr\/\"},{\"@type\":\"ListItem\",\"position\":2,\"name\":\"Diyaliz Merkezleri Hakk\u0131nda Y\u00f6netmelik Yay\u0131mland\u0131\"}]},{\"@type\":\"WebSite\",\"@id\":\"https:\/\/www.esin.av.tr\/tr\/#website\",\"url\":\"https:\/\/www.esin.av.tr\/tr\/\",\"name\":\"Esin Avukatl\u0131k Ortakl\u0131\u011f\u0131\",\"description\":\"\",\"publisher\":{\"@id\":\"https:\/\/www.esin.av.tr\/tr\/#organization\"},\"potentialAction\":[{\"@type\":\"SearchAction\",\"target\":{\"@type\":\"EntryPoint\",\"urlTemplate\":\"https:\/\/www.esin.av.tr\/tr\/?s={search_term_string}\"},\"query-input\":{\"@type\":\"PropertyValueSpecification\",\"valueRequired\":true,\"valueName\":\"search_term_string\"}}],\"inLanguage\":\"tr\"},{\"@type\":\"Organization\",\"@id\":\"https:\/\/www.esin.av.tr\/tr\/#organization\",\"name\":\"Esin Avukatl\u0131k Ortakl\u0131\u011f\u0131\",\"url\":\"https:\/\/www.esin.av.tr\/tr\/\",\"logo\":{\"@type\":\"ImageObject\",\"inLanguage\":\"tr\",\"@id\":\"https:\/\/www.esin.av.tr\/tr\/#\/schema\/logo\/image\/\",\"url\":\"https:\/\/www.esin.av.tr\/wp-content\/uploads\/2021\/09\/esin-2.jpg\",\"contentUrl\":\"https:\/\/www.esin.av.tr\/wp-content\/uploads\/2021\/09\/esin-2.jpg\",\"width\":800,\"height\":460,\"caption\":\"Esin Avukatl\u0131k Ortakl\u0131\u011f\u0131\"},\"image\":{\"@id\":\"https:\/\/www.esin.av.tr\/tr\/#\/schema\/logo\/image\/\"}},{\"@type\":\"Person\",\"@id\":\"https:\/\/www.esin.av.tr\/tr\/#\/schema\/person\/42c8e616aab56b8622fa365ad63282ae\",\"name\":\"R\u0131dvan Konrat\",\"image\":{\"@type\":\"ImageObject\",\"inLanguage\":\"tr\",\"@id\":\"https:\/\/www.esin.av.tr\/tr\/#\/schema\/person\/image\/\",\"url\":\"https:\/\/secure.gravatar.com\/avatar\/b20c6c583be38ed4e76e32f69fccc676?s=96&d=mm&r=g\",\"contentUrl\":\"https:\/\/secure.gravatar.com\/avatar\/b20c6c583be38ed4e76e32f69fccc676?s=96&d=mm&r=g\",\"caption\":\"R\u0131dvan Konrat\"},\"sameAs\":[\"http:\/\/www.esin.av.tr\"],\"url\":\"https:\/\/www.esin.av.tr\/tr\/author\/rkonrat\/\"}]}<\/script>\n<!-- \/ Yoast SEO plugin. -->","yoast_head_json":{"title":"Diyaliz Merkezleri Hakk\u0131nda Y\u00f6netmelik Yay\u0131mland\u0131","description":"Yeni Geli\u015fme Diyaliz Merkezleri Hakk\u0131nda Y\u00f6netmelik (\"Y\u00f6netmelik\"), Sa\u011fl\u0131k Bakanl\u0131\u011f\u0131 (\"Bakanl\u0131k\") taraf\u0131ndan 1 Mart 2019 tarihinde Resmi Gazete'de","robots":{"index":"index","follow":"follow","max-snippet":"max-snippet:-1","max-image-preview":"max-image-preview:large","max-video-preview":"max-video-preview:-1"},"canonical":"https:\/\/www.esin.av.tr\/tr\/2019\/03\/07\/diyaliz-merkezleri-hakkinda-yonetmelik-yayimlandi\/","og_locale":"tr_TR","og_type":"article","og_title":"Diyaliz Merkezleri Hakk\u0131nda Y\u00f6netmelik Yay\u0131mland\u0131","og_description":"Yeni Geli\u015fme Diyaliz Merkezleri Hakk\u0131nda Y\u00f6netmelik (\"Y\u00f6netmelik\"), Sa\u011fl\u0131k Bakanl\u0131\u011f\u0131 (\"Bakanl\u0131k\") taraf\u0131ndan 1 Mart 2019 tarihinde Resmi Gazete'de","og_url":"https:\/\/www.esin.av.tr\/tr\/2019\/03\/07\/diyaliz-merkezleri-hakkinda-yonetmelik-yayimlandi\/","og_site_name":"Esin Avukatl\u0131k Ortakl\u0131\u011f\u0131","article_published_time":"2019-03-07T08:59:14+00:00","article_modified_time":"2022-06-09T12:27:42+00:00","author":"R\u0131dvan Konrat","twitter_card":"summary_large_image","twitter_misc":{"Written by":"R\u0131dvan Konrat","Est. reading time":"2 minutes"},"schema":{"@context":"https:\/\/schema.org","@graph":[{"@type":"Article","@id":"https:\/\/www.esin.av.tr\/tr\/2019\/03\/07\/diyaliz-merkezleri-hakkinda-yonetmelik-yayimlandi\/#article","isPartOf":{"@id":"https:\/\/www.esin.av.tr\/tr\/2019\/03\/07\/diyaliz-merkezleri-hakkinda-yonetmelik-yayimlandi\/"},"author":{"name":"R\u0131dvan Konrat","@id":"https:\/\/www.esin.av.tr\/tr\/#\/schema\/person\/42c8e616aab56b8622fa365ad63282ae"},"headline":"Diyaliz Merkezleri Hakk\u0131nda Y\u00f6netmelik Yay\u0131mland\u0131","datePublished":"2019-03-07T08:59:14+00:00","dateModified":"2022-06-09T12:27:42+00:00","mainEntityOfPage":{"@id":"https:\/\/www.esin.av.tr\/tr\/2019\/03\/07\/diyaliz-merkezleri-hakkinda-yonetmelik-yayimlandi\/"},"wordCount":320,"publisher":{"@id":"https:\/\/www.esin.av.tr\/tr\/#organization"},"keywords":["Sa\u011fl\u0131k Hukuku"],"articleSection":["Hukuk B\u00fcltenleri"],"inLanguage":"tr"},{"@type":"WebPage","@id":"https:\/\/www.esin.av.tr\/tr\/2019\/03\/07\/diyaliz-merkezleri-hakkinda-yonetmelik-yayimlandi\/","url":"https:\/\/www.esin.av.tr\/tr\/2019\/03\/07\/diyaliz-merkezleri-hakkinda-yonetmelik-yayimlandi\/","name":"Diyaliz Merkezleri Hakk\u0131nda Y\u00f6netmelik Yay\u0131mland\u0131","isPartOf":{"@id":"https:\/\/www.esin.av.tr\/tr\/#website"},"datePublished":"2019-03-07T08:59:14+00:00","dateModified":"2022-06-09T12:27:42+00:00","description":"Yeni Geli\u015fme Diyaliz Merkezleri Hakk\u0131nda Y\u00f6netmelik (\"Y\u00f6netmelik\"), Sa\u011fl\u0131k Bakanl\u0131\u011f\u0131 (\"Bakanl\u0131k\") taraf\u0131ndan 1 Mart 2019 tarihinde Resmi Gazete'de","breadcrumb":{"@id":"https:\/\/www.esin.av.tr\/tr\/2019\/03\/07\/diyaliz-merkezleri-hakkinda-yonetmelik-yayimlandi\/#breadcrumb"},"inLanguage":"tr","potentialAction":[{"@type":"ReadAction","target":["https:\/\/www.esin.av.tr\/tr\/2019\/03\/07\/diyaliz-merkezleri-hakkinda-yonetmelik-yayimlandi\/"]}]},{"@type":"BreadcrumbList","@id":"https:\/\/www.esin.av.tr\/tr\/2019\/03\/07\/diyaliz-merkezleri-hakkinda-yonetmelik-yayimlandi\/#breadcrumb","itemListElement":[{"@type":"ListItem","position":1,"name":"Home","item":"https:\/\/www.esin.av.tr\/tr\/"},{"@type":"ListItem","position":2,"name":"Diyaliz Merkezleri Hakk\u0131nda Y\u00f6netmelik Yay\u0131mland\u0131"}]},{"@type":"WebSite","@id":"https:\/\/www.esin.av.tr\/tr\/#website","url":"https:\/\/www.esin.av.tr\/tr\/","name":"Esin Avukatl\u0131k Ortakl\u0131\u011f\u0131","description":"","publisher":{"@id":"https:\/\/www.esin.av.tr\/tr\/#organization"},"potentialAction":[{"@type":"SearchAction","target":{"@type":"EntryPoint","urlTemplate":"https:\/\/www.esin.av.tr\/tr\/?s={search_term_string}"},"query-input":{"@type":"PropertyValueSpecification","valueRequired":true,"valueName":"search_term_string"}}],"inLanguage":"tr"},{"@type":"Organization","@id":"https:\/\/www.esin.av.tr\/tr\/#organization","name":"Esin Avukatl\u0131k Ortakl\u0131\u011f\u0131","url":"https:\/\/www.esin.av.tr\/tr\/","logo":{"@type":"ImageObject","inLanguage":"tr","@id":"https:\/\/www.esin.av.tr\/tr\/#\/schema\/logo\/image\/","url":"https:\/\/www.esin.av.tr\/wp-content\/uploads\/2021\/09\/esin-2.jpg","contentUrl":"https:\/\/www.esin.av.tr\/wp-content\/uploads\/2021\/09\/esin-2.jpg","width":800,"height":460,"caption":"Esin Avukatl\u0131k Ortakl\u0131\u011f\u0131"},"image":{"@id":"https:\/\/www.esin.av.tr\/tr\/#\/schema\/logo\/image\/"}},{"@type":"Person","@id":"https:\/\/www.esin.av.tr\/tr\/#\/schema\/person\/42c8e616aab56b8622fa365ad63282ae","name":"R\u0131dvan Konrat","image":{"@type":"ImageObject","inLanguage":"tr","@id":"https:\/\/www.esin.av.tr\/tr\/#\/schema\/person\/image\/","url":"https:\/\/secure.gravatar.com\/avatar\/b20c6c583be38ed4e76e32f69fccc676?s=96&d=mm&r=g","contentUrl":"https:\/\/secure.gravatar.com\/avatar\/b20c6c583be38ed4e76e32f69fccc676?s=96&d=mm&r=g","caption":"R\u0131dvan Konrat"},"sameAs":["http:\/\/www.esin.av.tr"],"url":"https:\/\/www.esin.av.tr\/tr\/author\/rkonrat\/"}]}},"_links":{"self":[{"href":"https:\/\/www.esin.av.tr\/tr\/wp-json\/wp\/v2\/posts\/14503","targetHints":{"allow":["GET"]}}],"collection":[{"href":"https:\/\/www.esin.av.tr\/tr\/wp-json\/wp\/v2\/posts"}],"about":[{"href":"https:\/\/www.esin.av.tr\/tr\/wp-json\/wp\/v2\/types\/post"}],"author":[{"embeddable":true,"href":"https:\/\/www.esin.av.tr\/tr\/wp-json\/wp\/v2\/users\/4"}],"replies":[{"embeddable":true,"href":"https:\/\/www.esin.av.tr\/tr\/wp-json\/wp\/v2\/comments?post=14503"}],"version-history":[{"count":1,"href":"https:\/\/www.esin.av.tr\/tr\/wp-json\/wp\/v2\/posts\/14503\/revisions"}],"predecessor-version":[{"id":15595,"href":"https:\/\/www.esin.av.tr\/tr\/wp-json\/wp\/v2\/posts\/14503\/revisions\/15595"}],"wp:attachment":[{"href":"https:\/\/www.esin.av.tr\/tr\/wp-json\/wp\/v2\/media?parent=14503"}],"wp:term":[{"taxonomy":"category","embeddable":true,"href":"https:\/\/www.esin.av.tr\/tr\/wp-json\/wp\/v2\/categories?post=14503"},{"taxonomy":"post_tag","embeddable":true,"href":"https:\/\/www.esin.av.tr\/tr\/wp-json\/wp\/v2\/tags?post=14503"}],"curies":[{"name":"wp","href":"https:\/\/api.w.org\/{rel}","templated":true}]}}