{"id":14502,"date":"2019-03-15T09:29:06","date_gmt":"2019-03-15T09:29:06","guid":{"rendered":"http:\/\/upt.esin.av.tr\/2019\/03\/15\/tibbi-cihaz-teknik-servis-saglayicilarinin-ve-ilgili-teknik-personelin-kaydina-iliskin-kilavuz-yayimlandi\/"},"modified":"2022-06-09T12:27:40","modified_gmt":"2022-06-09T12:27:40","slug":"tibbi-cihaz-teknik-servis-saglayicilarinin-ve-ilgili-teknik-personelin-kaydina-iliskin-kilavuz-yayimlandi","status":"publish","type":"post","link":"https:\/\/www.esin.av.tr\/tr\/2019\/03\/15\/tibbi-cihaz-teknik-servis-saglayicilarinin-ve-ilgili-teknik-personelin-kaydina-iliskin-kilavuz-yayimlandi\/","title":{"rendered":"T\u0131bbi Cihaz Teknik Servis Sa\u011flay\u0131c\u0131lar\u0131n\u0131n ve \u0130lgili Teknik Personelin Kayd\u0131na \u0130li\u015fkin K\u0131lavuz Yay\u0131mland\u0131"},"content":{"rendered":"<p><strong>Yeni Geli\u015fmeler<\/strong><\/p>\n<p>T\u00fcrkiye \u0130la\u00e7 ve T\u0131bbi Cihaz Kurumu (<strong>T\u0130TCK<\/strong>) 7 Mart 2019 tarihinde T\u0131bbi Cihaz Teknik Servis Sa\u011flay\u0131c\u0131lar\u0131n\u0131n ve \u0130lgili Teknik Personelin Kayd\u0131na \u0130li\u015fkin K\u0131lavuz&#8217;u (<strong>&#8220;K\u0131lavuz&#8221;<\/strong>) yay\u0131nlad\u0131. K\u0131lavuz, t\u0131bbi teknik servis sa\u011flay\u0131c\u0131lar\u0131 ve ilgili teknik personelin \u00dcr\u00fcn Takip Sistemi&#8217;ne (&#8220;<strong>\u00dcTS<\/strong>&#8220;) kay\u0131t i\u015flemlerine ili\u015fkin usul ve esaslar\u0131 belirliyor.<\/p>\n<p><strong>Ne De\u011fi\u015fecek?<\/strong><\/p>\n<p>T\u0130TCK taraf\u0131ndan yay\u0131mlanan 2019\/1 say\u0131l\u0131 Genelge (&#8220;<strong>Genelge<\/strong>&#8220;) ile sat\u0131\u015f sonras\u0131 bak\u0131m-onar\u0131m i\u015flemine tabi t\u0131bbi cihazlar\u0131n teknik servis sa\u011flay\u0131c\u0131lar\u0131n\u0131n ve bu kurulu\u015flarda g\u00f6rev yapan ilgili teknik personelin \u00dcTS kay\u0131tlar\u0131n\u0131n yap\u0131lmas\u0131 zorunlu hale getirildi. Genelge h\u00fck\u00fcmleri uyar\u0131nca haz\u0131rlanan K\u0131lavuz, \u00dcTS \u00fczerinden yap\u0131lan kay\u0131t i\u015flemlerinde firmalara yol g\u00f6sterecek. Firmalar, K\u0131lavuz&#8217;da yer alan sistem ekran g\u00f6r\u00fcnt\u00fcleri ve yaz\u0131l\u0131 a\u00e7\u0131klamalar\u0131 a\u015fama a\u015fama takip ederek \u00dcTS kay\u0131t i\u015flemlerini kolayl\u0131kla yapabilecekler.<\/p>\n<p>T\u0130TCK getirilen d\u00fczenlemeler ile hasta ve \u00fcr\u00fcn g\u00fcvenli\u011fini temin etmek i\u00e7in t\u0131bbi cihazlar\u0131n piyasaya arz\u0131ndan sonra sat\u0131\u015f sonras\u0131 hizmetleri kapsam\u0131nda kullan\u0131m s\u00fcre\u00e7lerine ili\u015fkin olarak y\u00fcr\u00fct\u00fclen bak\u0131m-onar\u0131m gibi d\u00fczeltici faaliyetlerin takip edilmesini ama\u00e7l\u0131yor.<\/p>\n<p>K\u0131lavuz&#8217;a T\u0130TCK&#8217;n\u0131n <u><a href=\"https:\/\/urldefense.proofpoint.com\/v2\/url?u=http-3A__esinxchange.com_collect_click.aspx-3Fu-3DjRYOrR8N39SpjvedPYhsyLaaaXCpYDGNBKi7ZVoVH5bN4PZ5cx0efnBEKeasKcRfRTnKUoew3DSJTGsDV5n_gw6QtrjkAMeas0hW_TjsyXjg8Owd59lQNNZwudU3pOSu-26rh-3Dff0048a145f15c1e573a9711294da37f6d387248&amp;d=DwMFaQ&amp;c=ptMoEJ5oTofwe4L9tBtGCQ&amp;r=G30VoJFPGz_Ir3aMyzsuwp-RUctbhKuQyecMIB0EBsk&amp;m=WhSVg1vf8WQ_W4VfmCPVpml8fKCV9UHAUyfj-76bqQE&amp;s=Q52fOBtEqeP7kZMwXCxirmaUaTYviTGwyQkn8Lc2jmM&amp;e=\">websitesinden<\/a><\/u> ula\u015fabilirsiniz.<\/p>\n<p><strong>Sonu\u00e7<\/strong><\/p>\n<p>T\u0130TCK, t\u0131bbi cihaz firmalar\u0131na yol g\u00f6stermeye devam ediyor. Bu alandaki \u015firketler T\u0130TCK duyurular\u0131n\u0131 takip etmeli, K\u0131lavuz&#8217;da yer alan y\u00f6nlendirmeleri izleyerek teknik servis sa\u011flay\u0131c\u0131lar\u0131na ve teknik personele ili\u015fkin \u00dcTS kay\u0131t i\u015flemlerini tamamlamal\u0131d\u0131rlar.<\/p>\n","protected":false},"excerpt":{"rendered":"<p>Yeni Geli\u015fmeler T\u00fcrkiye \u0130la\u00e7 ve T\u0131bbi Cihaz Kurumu (T\u0130TCK) 7 Mart 2019 tarihinde T\u0131bbi Cihaz Teknik Servis Sa\u011flay\u0131c\u0131lar\u0131n\u0131n ve \u0130lgili [&hellip;]<\/p>\n","protected":false},"author":4,"featured_media":0,"comment_status":"closed","ping_status":"closed","sticky":false,"template":"","format":"standard","meta":{"_acf_changed":false,"_stopmodifiedupdate":false,"_modified_date":"","footnotes":""},"categories":[120],"tags":[92],"class_list":["post-14502","post","type-post","status-publish","format-standard","hentry","category-legal-alerts","tag-healthcare-tr"],"acf":[],"yoast_head":"<!-- This site is optimized with the Yoast SEO plugin v24.0 - https:\/\/yoast.com\/wordpress\/plugins\/seo\/ -->\n<title>T\u0131bbi Cihaz Teknik Servis Sa\u011flay\u0131c\u0131lar\u0131n\u0131n ve \u0130lgili Teknik Personelin Kayd\u0131na \u0130li\u015fkin K\u0131lavuz Yay\u0131mland\u0131<\/title>\n<meta name=\"description\" content=\"Yeni Geli\u015fmeler T\u00fcrkiye \u0130la\u00e7 ve T\u0131bbi Cihaz Kurumu (T\u0130TCK) 7 Mart 2019 tarihinde T\u0131bbi Cihaz Teknik Servis Sa\u011flay\u0131c\u0131lar\u0131n\u0131n ve \u0130lgili Teknik Personelin\" \/>\n<meta name=\"robots\" content=\"index, follow, max-snippet:-1, max-image-preview:large, max-video-preview:-1\" \/>\n<link rel=\"canonical\" href=\"https:\/\/www.esin.av.tr\/tr\/2019\/03\/15\/tibbi-cihaz-teknik-servis-saglayicilarinin-ve-ilgili-teknik-personelin-kaydina-iliskin-kilavuz-yayimlandi\/\" \/>\n<meta property=\"og:locale\" content=\"tr_TR\" \/>\n<meta property=\"og:type\" content=\"article\" \/>\n<meta property=\"og:title\" content=\"T\u0131bbi Cihaz Teknik Servis Sa\u011flay\u0131c\u0131lar\u0131n\u0131n ve \u0130lgili Teknik Personelin Kayd\u0131na \u0130li\u015fkin K\u0131lavuz Yay\u0131mland\u0131\" \/>\n<meta property=\"og:description\" content=\"Yeni Geli\u015fmeler T\u00fcrkiye \u0130la\u00e7 ve T\u0131bbi Cihaz Kurumu (T\u0130TCK) 7 Mart 2019 tarihinde T\u0131bbi Cihaz Teknik Servis Sa\u011flay\u0131c\u0131lar\u0131n\u0131n ve \u0130lgili Teknik Personelin\" \/>\n<meta property=\"og:url\" content=\"https:\/\/www.esin.av.tr\/tr\/2019\/03\/15\/tibbi-cihaz-teknik-servis-saglayicilarinin-ve-ilgili-teknik-personelin-kaydina-iliskin-kilavuz-yayimlandi\/\" \/>\n<meta property=\"og:site_name\" content=\"Esin Avukatl\u0131k Ortakl\u0131\u011f\u0131\" \/>\n<meta property=\"article:published_time\" content=\"2019-03-15T09:29:06+00:00\" \/>\n<meta property=\"article:modified_time\" content=\"2022-06-09T12:27:40+00:00\" \/>\n<meta name=\"author\" content=\"R\u0131dvan Konrat\" \/>\n<meta name=\"twitter:card\" content=\"summary_large_image\" \/>\n<meta name=\"twitter:label1\" content=\"Written by\" \/>\n\t<meta name=\"twitter:data1\" content=\"R\u0131dvan Konrat\" \/>\n\t<meta name=\"twitter:label2\" content=\"Est. reading time\" \/>\n\t<meta name=\"twitter:data2\" content=\"1 minute\" \/>\n<script type=\"application\/ld+json\" class=\"yoast-schema-graph\">{\"@context\":\"https:\/\/schema.org\",\"@graph\":[{\"@type\":\"Article\",\"@id\":\"https:\/\/www.esin.av.tr\/tr\/2019\/03\/15\/tibbi-cihaz-teknik-servis-saglayicilarinin-ve-ilgili-teknik-personelin-kaydina-iliskin-kilavuz-yayimlandi\/#article\",\"isPartOf\":{\"@id\":\"https:\/\/www.esin.av.tr\/tr\/2019\/03\/15\/tibbi-cihaz-teknik-servis-saglayicilarinin-ve-ilgili-teknik-personelin-kaydina-iliskin-kilavuz-yayimlandi\/\"},\"author\":{\"name\":\"R\u0131dvan Konrat\",\"@id\":\"https:\/\/www.esin.av.tr\/tr\/#\/schema\/person\/42c8e616aab56b8622fa365ad63282ae\"},\"headline\":\"T\u0131bbi Cihaz Teknik Servis Sa\u011flay\u0131c\u0131lar\u0131n\u0131n ve \u0130lgili Teknik Personelin Kayd\u0131na \u0130li\u015fkin K\u0131lavuz Yay\u0131mland\u0131\",\"datePublished\":\"2019-03-15T09:29:06+00:00\",\"dateModified\":\"2022-06-09T12:27:40+00:00\",\"mainEntityOfPage\":{\"@id\":\"https:\/\/www.esin.av.tr\/tr\/2019\/03\/15\/tibbi-cihaz-teknik-servis-saglayicilarinin-ve-ilgili-teknik-personelin-kaydina-iliskin-kilavuz-yayimlandi\/\"},\"wordCount\":316,\"publisher\":{\"@id\":\"https:\/\/www.esin.av.tr\/tr\/#organization\"},\"keywords\":[\"Sa\u011fl\u0131k Hukuku\"],\"articleSection\":[\"Hukuk B\u00fcltenleri\"],\"inLanguage\":\"tr\"},{\"@type\":\"WebPage\",\"@id\":\"https:\/\/www.esin.av.tr\/tr\/2019\/03\/15\/tibbi-cihaz-teknik-servis-saglayicilarinin-ve-ilgili-teknik-personelin-kaydina-iliskin-kilavuz-yayimlandi\/\",\"url\":\"https:\/\/www.esin.av.tr\/tr\/2019\/03\/15\/tibbi-cihaz-teknik-servis-saglayicilarinin-ve-ilgili-teknik-personelin-kaydina-iliskin-kilavuz-yayimlandi\/\",\"name\":\"T\u0131bbi Cihaz Teknik Servis Sa\u011flay\u0131c\u0131lar\u0131n\u0131n ve \u0130lgili Teknik Personelin Kayd\u0131na \u0130li\u015fkin K\u0131lavuz Yay\u0131mland\u0131\",\"isPartOf\":{\"@id\":\"https:\/\/www.esin.av.tr\/tr\/#website\"},\"datePublished\":\"2019-03-15T09:29:06+00:00\",\"dateModified\":\"2022-06-09T12:27:40+00:00\",\"description\":\"Yeni Geli\u015fmeler T\u00fcrkiye \u0130la\u00e7 ve T\u0131bbi Cihaz Kurumu (T\u0130TCK) 7 Mart 2019 tarihinde T\u0131bbi Cihaz Teknik Servis Sa\u011flay\u0131c\u0131lar\u0131n\u0131n ve \u0130lgili Teknik Personelin\",\"breadcrumb\":{\"@id\":\"https:\/\/www.esin.av.tr\/tr\/2019\/03\/15\/tibbi-cihaz-teknik-servis-saglayicilarinin-ve-ilgili-teknik-personelin-kaydina-iliskin-kilavuz-yayimlandi\/#breadcrumb\"},\"inLanguage\":\"tr\",\"potentialAction\":[{\"@type\":\"ReadAction\",\"target\":[\"https:\/\/www.esin.av.tr\/tr\/2019\/03\/15\/tibbi-cihaz-teknik-servis-saglayicilarinin-ve-ilgili-teknik-personelin-kaydina-iliskin-kilavuz-yayimlandi\/\"]}]},{\"@type\":\"BreadcrumbList\",\"@id\":\"https:\/\/www.esin.av.tr\/tr\/2019\/03\/15\/tibbi-cihaz-teknik-servis-saglayicilarinin-ve-ilgili-teknik-personelin-kaydina-iliskin-kilavuz-yayimlandi\/#breadcrumb\",\"itemListElement\":[{\"@type\":\"ListItem\",\"position\":1,\"name\":\"Home\",\"item\":\"https:\/\/www.esin.av.tr\/tr\/\"},{\"@type\":\"ListItem\",\"position\":2,\"name\":\"T\u0131bbi Cihaz Teknik Servis Sa\u011flay\u0131c\u0131lar\u0131n\u0131n ve \u0130lgili Teknik Personelin Kayd\u0131na \u0130li\u015fkin K\u0131lavuz Yay\u0131mland\u0131\"}]},{\"@type\":\"WebSite\",\"@id\":\"https:\/\/www.esin.av.tr\/tr\/#website\",\"url\":\"https:\/\/www.esin.av.tr\/tr\/\",\"name\":\"Esin Avukatl\u0131k Ortakl\u0131\u011f\u0131\",\"description\":\"\",\"publisher\":{\"@id\":\"https:\/\/www.esin.av.tr\/tr\/#organization\"},\"potentialAction\":[{\"@type\":\"SearchAction\",\"target\":{\"@type\":\"EntryPoint\",\"urlTemplate\":\"https:\/\/www.esin.av.tr\/tr\/?s={search_term_string}\"},\"query-input\":{\"@type\":\"PropertyValueSpecification\",\"valueRequired\":true,\"valueName\":\"search_term_string\"}}],\"inLanguage\":\"tr\"},{\"@type\":\"Organization\",\"@id\":\"https:\/\/www.esin.av.tr\/tr\/#organization\",\"name\":\"Esin Avukatl\u0131k Ortakl\u0131\u011f\u0131\",\"url\":\"https:\/\/www.esin.av.tr\/tr\/\",\"logo\":{\"@type\":\"ImageObject\",\"inLanguage\":\"tr\",\"@id\":\"https:\/\/www.esin.av.tr\/tr\/#\/schema\/logo\/image\/\",\"url\":\"https:\/\/www.esin.av.tr\/wp-content\/uploads\/2021\/09\/esin-2.jpg\",\"contentUrl\":\"https:\/\/www.esin.av.tr\/wp-content\/uploads\/2021\/09\/esin-2.jpg\",\"width\":800,\"height\":460,\"caption\":\"Esin Avukatl\u0131k Ortakl\u0131\u011f\u0131\"},\"image\":{\"@id\":\"https:\/\/www.esin.av.tr\/tr\/#\/schema\/logo\/image\/\"}},{\"@type\":\"Person\",\"@id\":\"https:\/\/www.esin.av.tr\/tr\/#\/schema\/person\/42c8e616aab56b8622fa365ad63282ae\",\"name\":\"R\u0131dvan Konrat\",\"image\":{\"@type\":\"ImageObject\",\"inLanguage\":\"tr\",\"@id\":\"https:\/\/www.esin.av.tr\/tr\/#\/schema\/person\/image\/\",\"url\":\"https:\/\/secure.gravatar.com\/avatar\/b20c6c583be38ed4e76e32f69fccc676?s=96&d=mm&r=g\",\"contentUrl\":\"https:\/\/secure.gravatar.com\/avatar\/b20c6c583be38ed4e76e32f69fccc676?s=96&d=mm&r=g\",\"caption\":\"R\u0131dvan Konrat\"},\"sameAs\":[\"http:\/\/www.esin.av.tr\"],\"url\":\"https:\/\/www.esin.av.tr\/tr\/author\/rkonrat\/\"}]}<\/script>\n<!-- \/ Yoast SEO plugin. -->","yoast_head_json":{"title":"T\u0131bbi Cihaz Teknik Servis Sa\u011flay\u0131c\u0131lar\u0131n\u0131n ve \u0130lgili Teknik Personelin Kayd\u0131na \u0130li\u015fkin K\u0131lavuz Yay\u0131mland\u0131","description":"Yeni Geli\u015fmeler T\u00fcrkiye \u0130la\u00e7 ve T\u0131bbi Cihaz Kurumu (T\u0130TCK) 7 Mart 2019 tarihinde T\u0131bbi Cihaz Teknik Servis Sa\u011flay\u0131c\u0131lar\u0131n\u0131n ve \u0130lgili Teknik Personelin","robots":{"index":"index","follow":"follow","max-snippet":"max-snippet:-1","max-image-preview":"max-image-preview:large","max-video-preview":"max-video-preview:-1"},"canonical":"https:\/\/www.esin.av.tr\/tr\/2019\/03\/15\/tibbi-cihaz-teknik-servis-saglayicilarinin-ve-ilgili-teknik-personelin-kaydina-iliskin-kilavuz-yayimlandi\/","og_locale":"tr_TR","og_type":"article","og_title":"T\u0131bbi Cihaz Teknik Servis Sa\u011flay\u0131c\u0131lar\u0131n\u0131n ve \u0130lgili Teknik Personelin Kayd\u0131na \u0130li\u015fkin K\u0131lavuz Yay\u0131mland\u0131","og_description":"Yeni Geli\u015fmeler T\u00fcrkiye \u0130la\u00e7 ve T\u0131bbi Cihaz Kurumu (T\u0130TCK) 7 Mart 2019 tarihinde T\u0131bbi Cihaz Teknik Servis Sa\u011flay\u0131c\u0131lar\u0131n\u0131n ve \u0130lgili Teknik Personelin","og_url":"https:\/\/www.esin.av.tr\/tr\/2019\/03\/15\/tibbi-cihaz-teknik-servis-saglayicilarinin-ve-ilgili-teknik-personelin-kaydina-iliskin-kilavuz-yayimlandi\/","og_site_name":"Esin Avukatl\u0131k Ortakl\u0131\u011f\u0131","article_published_time":"2019-03-15T09:29:06+00:00","article_modified_time":"2022-06-09T12:27:40+00:00","author":"R\u0131dvan Konrat","twitter_card":"summary_large_image","twitter_misc":{"Written by":"R\u0131dvan Konrat","Est. reading time":"1 minute"},"schema":{"@context":"https:\/\/schema.org","@graph":[{"@type":"Article","@id":"https:\/\/www.esin.av.tr\/tr\/2019\/03\/15\/tibbi-cihaz-teknik-servis-saglayicilarinin-ve-ilgili-teknik-personelin-kaydina-iliskin-kilavuz-yayimlandi\/#article","isPartOf":{"@id":"https:\/\/www.esin.av.tr\/tr\/2019\/03\/15\/tibbi-cihaz-teknik-servis-saglayicilarinin-ve-ilgili-teknik-personelin-kaydina-iliskin-kilavuz-yayimlandi\/"},"author":{"name":"R\u0131dvan Konrat","@id":"https:\/\/www.esin.av.tr\/tr\/#\/schema\/person\/42c8e616aab56b8622fa365ad63282ae"},"headline":"T\u0131bbi Cihaz Teknik Servis Sa\u011flay\u0131c\u0131lar\u0131n\u0131n ve \u0130lgili Teknik Personelin Kayd\u0131na \u0130li\u015fkin K\u0131lavuz Yay\u0131mland\u0131","datePublished":"2019-03-15T09:29:06+00:00","dateModified":"2022-06-09T12:27:40+00:00","mainEntityOfPage":{"@id":"https:\/\/www.esin.av.tr\/tr\/2019\/03\/15\/tibbi-cihaz-teknik-servis-saglayicilarinin-ve-ilgili-teknik-personelin-kaydina-iliskin-kilavuz-yayimlandi\/"},"wordCount":316,"publisher":{"@id":"https:\/\/www.esin.av.tr\/tr\/#organization"},"keywords":["Sa\u011fl\u0131k Hukuku"],"articleSection":["Hukuk B\u00fcltenleri"],"inLanguage":"tr"},{"@type":"WebPage","@id":"https:\/\/www.esin.av.tr\/tr\/2019\/03\/15\/tibbi-cihaz-teknik-servis-saglayicilarinin-ve-ilgili-teknik-personelin-kaydina-iliskin-kilavuz-yayimlandi\/","url":"https:\/\/www.esin.av.tr\/tr\/2019\/03\/15\/tibbi-cihaz-teknik-servis-saglayicilarinin-ve-ilgili-teknik-personelin-kaydina-iliskin-kilavuz-yayimlandi\/","name":"T\u0131bbi Cihaz Teknik Servis Sa\u011flay\u0131c\u0131lar\u0131n\u0131n ve \u0130lgili Teknik Personelin Kayd\u0131na \u0130li\u015fkin K\u0131lavuz Yay\u0131mland\u0131","isPartOf":{"@id":"https:\/\/www.esin.av.tr\/tr\/#website"},"datePublished":"2019-03-15T09:29:06+00:00","dateModified":"2022-06-09T12:27:40+00:00","description":"Yeni Geli\u015fmeler T\u00fcrkiye \u0130la\u00e7 ve T\u0131bbi Cihaz Kurumu (T\u0130TCK) 7 Mart 2019 tarihinde T\u0131bbi Cihaz Teknik Servis Sa\u011flay\u0131c\u0131lar\u0131n\u0131n ve \u0130lgili Teknik Personelin","breadcrumb":{"@id":"https:\/\/www.esin.av.tr\/tr\/2019\/03\/15\/tibbi-cihaz-teknik-servis-saglayicilarinin-ve-ilgili-teknik-personelin-kaydina-iliskin-kilavuz-yayimlandi\/#breadcrumb"},"inLanguage":"tr","potentialAction":[{"@type":"ReadAction","target":["https:\/\/www.esin.av.tr\/tr\/2019\/03\/15\/tibbi-cihaz-teknik-servis-saglayicilarinin-ve-ilgili-teknik-personelin-kaydina-iliskin-kilavuz-yayimlandi\/"]}]},{"@type":"BreadcrumbList","@id":"https:\/\/www.esin.av.tr\/tr\/2019\/03\/15\/tibbi-cihaz-teknik-servis-saglayicilarinin-ve-ilgili-teknik-personelin-kaydina-iliskin-kilavuz-yayimlandi\/#breadcrumb","itemListElement":[{"@type":"ListItem","position":1,"name":"Home","item":"https:\/\/www.esin.av.tr\/tr\/"},{"@type":"ListItem","position":2,"name":"T\u0131bbi Cihaz Teknik Servis Sa\u011flay\u0131c\u0131lar\u0131n\u0131n ve \u0130lgili Teknik Personelin Kayd\u0131na \u0130li\u015fkin K\u0131lavuz Yay\u0131mland\u0131"}]},{"@type":"WebSite","@id":"https:\/\/www.esin.av.tr\/tr\/#website","url":"https:\/\/www.esin.av.tr\/tr\/","name":"Esin Avukatl\u0131k Ortakl\u0131\u011f\u0131","description":"","publisher":{"@id":"https:\/\/www.esin.av.tr\/tr\/#organization"},"potentialAction":[{"@type":"SearchAction","target":{"@type":"EntryPoint","urlTemplate":"https:\/\/www.esin.av.tr\/tr\/?s={search_term_string}"},"query-input":{"@type":"PropertyValueSpecification","valueRequired":true,"valueName":"search_term_string"}}],"inLanguage":"tr"},{"@type":"Organization","@id":"https:\/\/www.esin.av.tr\/tr\/#organization","name":"Esin Avukatl\u0131k Ortakl\u0131\u011f\u0131","url":"https:\/\/www.esin.av.tr\/tr\/","logo":{"@type":"ImageObject","inLanguage":"tr","@id":"https:\/\/www.esin.av.tr\/tr\/#\/schema\/logo\/image\/","url":"https:\/\/www.esin.av.tr\/wp-content\/uploads\/2021\/09\/esin-2.jpg","contentUrl":"https:\/\/www.esin.av.tr\/wp-content\/uploads\/2021\/09\/esin-2.jpg","width":800,"height":460,"caption":"Esin Avukatl\u0131k Ortakl\u0131\u011f\u0131"},"image":{"@id":"https:\/\/www.esin.av.tr\/tr\/#\/schema\/logo\/image\/"}},{"@type":"Person","@id":"https:\/\/www.esin.av.tr\/tr\/#\/schema\/person\/42c8e616aab56b8622fa365ad63282ae","name":"R\u0131dvan Konrat","image":{"@type":"ImageObject","inLanguage":"tr","@id":"https:\/\/www.esin.av.tr\/tr\/#\/schema\/person\/image\/","url":"https:\/\/secure.gravatar.com\/avatar\/b20c6c583be38ed4e76e32f69fccc676?s=96&d=mm&r=g","contentUrl":"https:\/\/secure.gravatar.com\/avatar\/b20c6c583be38ed4e76e32f69fccc676?s=96&d=mm&r=g","caption":"R\u0131dvan Konrat"},"sameAs":["http:\/\/www.esin.av.tr"],"url":"https:\/\/www.esin.av.tr\/tr\/author\/rkonrat\/"}]}},"_links":{"self":[{"href":"https:\/\/www.esin.av.tr\/tr\/wp-json\/wp\/v2\/posts\/14502","targetHints":{"allow":["GET"]}}],"collection":[{"href":"https:\/\/www.esin.av.tr\/tr\/wp-json\/wp\/v2\/posts"}],"about":[{"href":"https:\/\/www.esin.av.tr\/tr\/wp-json\/wp\/v2\/types\/post"}],"author":[{"embeddable":true,"href":"https:\/\/www.esin.av.tr\/tr\/wp-json\/wp\/v2\/users\/4"}],"replies":[{"embeddable":true,"href":"https:\/\/www.esin.av.tr\/tr\/wp-json\/wp\/v2\/comments?post=14502"}],"version-history":[{"count":1,"href":"https:\/\/www.esin.av.tr\/tr\/wp-json\/wp\/v2\/posts\/14502\/revisions"}],"predecessor-version":[{"id":15594,"href":"https:\/\/www.esin.av.tr\/tr\/wp-json\/wp\/v2\/posts\/14502\/revisions\/15594"}],"wp:attachment":[{"href":"https:\/\/www.esin.av.tr\/tr\/wp-json\/wp\/v2\/media?parent=14502"}],"wp:term":[{"taxonomy":"category","embeddable":true,"href":"https:\/\/www.esin.av.tr\/tr\/wp-json\/wp\/v2\/categories?post=14502"},{"taxonomy":"post_tag","embeddable":true,"href":"https:\/\/www.esin.av.tr\/tr\/wp-json\/wp\/v2\/tags?post=14502"}],"curies":[{"name":"wp","href":"https:\/\/api.w.org\/{rel}","templated":true}]}}