{"id":14432,"date":"2020-03-11T14:48:33","date_gmt":"2020-03-11T14:48:33","guid":{"rendered":"https:\/\/www.esin.av.tr\/?p=14432"},"modified":"2022-06-09T12:43:50","modified_gmt":"2022-06-09T12:43:50","slug":"bankacilik-kanununda-kisisel-verilerin-korunmasina-iliskin-degisiklikler","status":"publish","type":"post","link":"https:\/\/www.esin.av.tr\/tr\/2020\/03\/11\/bankacilik-kanununda-kisisel-verilerin-korunmasina-iliskin-degisiklikler\/","title":{"rendered":"Bankac\u0131l\u0131k Kanununda Ki\u015fisel Verilerin Korunmas\u0131na \u0130li\u015fkin De\u011fi\u015fiklikler"},"content":{"rendered":"<p><strong>Yeni Geli\u015fme<\/strong><\/p>\n<p>5411 Say\u0131l\u0131 Bankac\u0131l\u0131k Kanunu&#8217;nda\u00a0 (<strong>&#8220;Bankac\u0131l\u0131k Kanunu&#8221;<\/strong>) de\u011fi\u015fiklik yapan kanun 25 \u015eubat 2020 tarihinde Resmi Gazete&#8217;de yay\u0131mlan\u0131p ayn\u0131 tarihte y\u00fcr\u00fcrl\u00fc\u011fe girdi. De\u011fi\u015fiklikler bankac\u0131l\u0131k faaliyetleri kapsam\u0131ndaki veri koruma uygulamalar\u0131na ili\u015fkin de\u011fi\u015fiklikler getiriyor.<\/p>\n<p><strong>Ne De\u011fi\u015fecek? <\/strong><\/p>\n<ul>\n<li>Bankac\u0131l\u0131k Kanunu\u2019nun 73. maddesi \u201cm\u00fc\u015fteri s\u0131rr\u0131\u201d tan\u0131m\u0131n\u0131 getirmi\u015ftir. M\u00fc\u015fteri s\u0131rr\u0131, bankac\u0131l\u0131k faaliyetlerine \u00f6zg\u00fc olarak bankalarla m\u00fc\u015fteri ili\u015fkisi kurulduktan sonra olu\u015fan ger\u00e7ek ve t\u00fczel ki\u015filere ait veriler olarak tan\u0131mland\u0131. Bu kapsamda Bankac\u0131l\u0131k Kanunu, 6698 say\u0131l\u0131 Ki\u015fisel Verilerin Korunmas\u0131 Kanunu\u2019nda (\u201c<strong>KVKK<\/strong>\u201d) yer alan \u201cki\u015fisel veri\u201d tan\u0131m\u0131ndan farkl\u0131 bir tan\u0131m\u0131 benimsedi. Bir verinin ki\u015fisel veri olarak tan\u0131mlanabilmesi i\u00e7in ger\u00e7ek ki\u015fiye ait olmas\u0131 ve tek ba\u015f\u0131na veya ba\u015fka bir veri ile birle\u015ftirildi\u011finde ger\u00e7ek ki\u015finin kimli\u011fini belirlenebilir k\u0131lmas\u0131 gerekirken, m\u00fc\u015fteri s\u0131rr\u0131 bankac\u0131l\u0131k faaliyetleri kapsam\u0131ndaki yaln\u0131zca ger\u00e7ek ki\u015fiye de\u011fil, t\u00fczel ki\u015fiye ili\u015fkin t\u00fcm verileri de i\u00e7erecek \u015fekilde d\u00fczenlendi.<\/li>\n<li>73. madde uyar\u0131nca m\u00fc\u015fteri s\u0131rlar\u0131, KVKK kapsam\u0131nda m\u00fc\u015fterinin a\u00e7\u0131k r\u0131zas\u0131 al\u0131nsa dahi, m\u00fc\u015fteriden gelen bir talep ya da talimat olmaks\u0131z\u0131n T\u00fcrkiye\u2019deki ya da yurt d\u0131\u015f\u0131ndaki \u00fc\u00e7\u00fcnc\u00fc ki\u015filere aktar\u0131lamayacak. Di\u011fer kanunlar\u0131n emredici h\u00fck\u00fcmleri ve 73. madde kapsam\u0131nda istisna olarak d\u00fczenlenen belirli bakanl\u0131klarla bilgi payla\u015fma y\u00fck\u00fcml\u00fcl\u00fckleri bu kural\u0131n istisnas\u0131 olarak belirlendi.<\/li>\n<li>Ek olarak, Bankac\u0131l\u0131k D\u00fczenleme ve Denetleme Kurulu (\u201c<strong>Kurul<\/strong>\u201d), ekonomik g\u00fcvenli\u011fe ili\u015fkin yapaca\u011f\u0131 de\u011ferlendirme neticesinde, m\u00fc\u015fteri s\u0131rr\u0131 ya da banka s\u0131rr\u0131 niteli\u011findeki verilerin yurt d\u0131\u015f\u0131ndaki \u00fc\u00e7\u00fcnc\u00fc ki\u015filere aktar\u0131m\u0131n\u0131 yasaklamaya ve bankalar\u0131n faaliyetlerini y\u00fcr\u00fctmede kulland\u0131klar\u0131 bilgi sistemleri ve bunlar\u0131n yedeklerinin T\u00fcrkiye\u2019de bulundurulmas\u0131na karar vermeye yetkili k\u0131l\u0131nd\u0131.<\/li>\n<li>M\u00fc\u015fteri veya banka s\u0131rr\u0131 niteli\u011findeki bilgilerin payla\u015f\u0131m\u0131 ve aktar\u0131m\u0131, madde i\u00e7erisinde istisna olarak d\u00fczenlenen payla\u015f\u0131mlar da d\u00e2hil olmak \u00fczere, sadece belirtilen ama\u00e7larla s\u0131n\u0131rl\u0131 ve \u00f6l\u00e7\u00fcl\u00fc olmas\u0131 kayd\u0131yla ger\u00e7ekle\u015ftirilebilecek.<\/li>\n<li>M\u00fc\u015fteri s\u0131rlar\u0131n\u0131n payla\u015f\u0131lmas\u0131 ve aktar\u0131lmas\u0131na ili\u015fkin kapsam, \u015fekil, usul ve esaslar\u0131 belirleme ve bunlara ili\u015fkin s\u0131n\u0131rlamalar getirme yetkisi Kurul\u2019a verildi.<\/li>\n<\/ul>\n<p><strong>Sonu\u00e7<\/strong><\/p>\n<p>De\u011fi\u015fikliklerle birlikte bankalar KVKK\u2019da d\u00fczenlenenden daha s\u0131k\u0131 bir veri korumas\u0131 rejimine tabi k\u0131l\u0131nm\u0131\u015f oldu. M\u00fc\u015fteri s\u0131rr\u0131n\u0131n yerli veya yurt d\u0131\u015f\u0131nda bulunan ki\u015filere aktar\u0131m\u0131 a\u00e7\u0131s\u0131ndan getirilen ek y\u00fck\u00fcml\u00fcl\u00fcklerle birlikte (i) m\u00fc\u015fteri s\u0131rr\u0131 ifadesinin geni\u015f kapsam\u0131, (ii) bankalar taraf\u0131ndan i\u015flenen veri miktar\u0131n\u0131n fazlal\u0131\u011f\u0131 ve (iii) \u00e7o\u011fu bankan\u0131n yerli ve yabanc\u0131 \u00fc\u00e7\u00fcnc\u00fc ki\u015fi servis sa\u011flay\u0131c\u0131larla \u00e7al\u0131\u015ft\u0131\u011f\u0131 g\u00f6z \u00f6n\u00fcne al\u0131nd\u0131\u011f\u0131nda, bankalar\u0131n ek i\u015f y\u00fck\u00fc alt\u0131na girmeleri gerekebilecektir. Bankalar\u0131n bu de\u011fi\u015fiklikleri nas\u0131l uygulamaya koyaca\u011f\u0131 \u015fu an i\u00e7in mu\u011flak olmakla birlikte bankalar\u0131n ve ilgili hizmet sa\u011flay\u0131c\u0131lar\u0131n ki\u015fisel verilerin korunmas\u0131na dair uygulamalar\u0131n\u0131 \u00f6zenle de\u011fi\u015fikliklere uygun hale getirmesi ve beklenen ikincil mevzuat\u0131 dikkatle takip etmeleri \u00f6nerilmektedir.<\/p>\n","protected":false},"excerpt":{"rendered":"<p>Yeni Geli\u015fme 5411 Say\u0131l\u0131 Bankac\u0131l\u0131k Kanunu&#8217;nda\u00a0 (&#8220;Bankac\u0131l\u0131k Kanunu&#8221;) de\u011fi\u015fiklik yapan kanun 25 \u015eubat 2020 tarihinde Resmi Gazete&#8217;de yay\u0131mlan\u0131p ayn\u0131 tarihte [&hellip;]<\/p>\n","protected":false},"author":4,"featured_media":0,"comment_status":"closed","ping_status":"closed","sticky":false,"template":"","format":"standard","meta":{"_acf_changed":false,"_stopmodifiedupdate":false,"_modified_date":"","footnotes":""},"categories":[120],"tags":[93],"class_list":["post-14432","post","type-post","status-publish","format-standard","hentry","category-legal-alerts","tag-information-technology-communications-tr"],"acf":[],"yoast_head":"<!-- This site is optimized with the Yoast SEO plugin v24.0 - https:\/\/yoast.com\/wordpress\/plugins\/seo\/ -->\n<title>Bankac\u0131l\u0131k Kanununda Ki\u015fisel Verilerin Korunmas\u0131na \u0130li\u015fkin De\u011fi\u015fiklikler<\/title>\n<meta name=\"description\" content=\"Yeni Geli\u015fme 5411 Say\u0131l\u0131 Bankac\u0131l\u0131k Kanunu&#039;nda\u00a0 (&quot;Bankac\u0131l\u0131k Kanunu&quot;) de\u011fi\u015fiklik yapan kanun 25 \u015eubat 2020 tarihinde Resmi Gazete&#039;de yay\u0131mlan\u0131p ayn\u0131\" \/>\n<meta name=\"robots\" content=\"index, follow, max-snippet:-1, max-image-preview:large, max-video-preview:-1\" \/>\n<link rel=\"canonical\" href=\"https:\/\/www.esin.av.tr\/tr\/2020\/03\/11\/bankacilik-kanununda-kisisel-verilerin-korunmasina-iliskin-degisiklikler\/\" \/>\n<meta property=\"og:locale\" content=\"tr_TR\" \/>\n<meta property=\"og:type\" content=\"article\" \/>\n<meta property=\"og:title\" content=\"Bankac\u0131l\u0131k Kanununda Ki\u015fisel Verilerin Korunmas\u0131na \u0130li\u015fkin De\u011fi\u015fiklikler\" \/>\n<meta property=\"og:description\" content=\"Yeni Geli\u015fme 5411 Say\u0131l\u0131 Bankac\u0131l\u0131k Kanunu&#039;nda\u00a0 (&quot;Bankac\u0131l\u0131k Kanunu&quot;) de\u011fi\u015fiklik yapan kanun 25 \u015eubat 2020 tarihinde Resmi Gazete&#039;de yay\u0131mlan\u0131p ayn\u0131\" \/>\n<meta property=\"og:url\" content=\"https:\/\/www.esin.av.tr\/tr\/2020\/03\/11\/bankacilik-kanununda-kisisel-verilerin-korunmasina-iliskin-degisiklikler\/\" \/>\n<meta property=\"og:site_name\" content=\"Esin Avukatl\u0131k Ortakl\u0131\u011f\u0131\" \/>\n<meta property=\"article:published_time\" content=\"2020-03-11T14:48:33+00:00\" \/>\n<meta property=\"article:modified_time\" content=\"2022-06-09T12:43:50+00:00\" \/>\n<meta name=\"author\" content=\"R\u0131dvan Konrat\" \/>\n<meta name=\"twitter:card\" content=\"summary_large_image\" \/>\n<meta name=\"twitter:label1\" content=\"Written by\" \/>\n\t<meta name=\"twitter:data1\" content=\"R\u0131dvan Konrat\" \/>\n\t<meta name=\"twitter:label2\" content=\"Est. reading time\" \/>\n\t<meta name=\"twitter:data2\" content=\"3 minutes\" \/>\n<script type=\"application\/ld+json\" class=\"yoast-schema-graph\">{\"@context\":\"https:\/\/schema.org\",\"@graph\":[{\"@type\":\"Article\",\"@id\":\"https:\/\/www.esin.av.tr\/tr\/2020\/03\/11\/bankacilik-kanununda-kisisel-verilerin-korunmasina-iliskin-degisiklikler\/#article\",\"isPartOf\":{\"@id\":\"https:\/\/www.esin.av.tr\/tr\/2020\/03\/11\/bankacilik-kanununda-kisisel-verilerin-korunmasina-iliskin-degisiklikler\/\"},\"author\":{\"name\":\"R\u0131dvan Konrat\",\"@id\":\"https:\/\/www.esin.av.tr\/tr\/#\/schema\/person\/42c8e616aab56b8622fa365ad63282ae\"},\"headline\":\"Bankac\u0131l\u0131k Kanununda Ki\u015fisel Verilerin Korunmas\u0131na \u0130li\u015fkin De\u011fi\u015fiklikler\",\"datePublished\":\"2020-03-11T14:48:33+00:00\",\"dateModified\":\"2022-06-09T12:43:50+00:00\",\"mainEntityOfPage\":{\"@id\":\"https:\/\/www.esin.av.tr\/tr\/2020\/03\/11\/bankacilik-kanununda-kisisel-verilerin-korunmasina-iliskin-degisiklikler\/\"},\"wordCount\":593,\"publisher\":{\"@id\":\"https:\/\/www.esin.av.tr\/tr\/#organization\"},\"keywords\":[\"Bilgi Teknolojileri ve Telekom\u00fcnikasyon\"],\"articleSection\":[\"Hukuk B\u00fcltenleri\"],\"inLanguage\":\"tr\"},{\"@type\":\"WebPage\",\"@id\":\"https:\/\/www.esin.av.tr\/tr\/2020\/03\/11\/bankacilik-kanununda-kisisel-verilerin-korunmasina-iliskin-degisiklikler\/\",\"url\":\"https:\/\/www.esin.av.tr\/tr\/2020\/03\/11\/bankacilik-kanununda-kisisel-verilerin-korunmasina-iliskin-degisiklikler\/\",\"name\":\"Bankac\u0131l\u0131k Kanununda Ki\u015fisel Verilerin Korunmas\u0131na \u0130li\u015fkin De\u011fi\u015fiklikler\",\"isPartOf\":{\"@id\":\"https:\/\/www.esin.av.tr\/tr\/#website\"},\"datePublished\":\"2020-03-11T14:48:33+00:00\",\"dateModified\":\"2022-06-09T12:43:50+00:00\",\"description\":\"Yeni Geli\u015fme 5411 Say\u0131l\u0131 Bankac\u0131l\u0131k Kanunu'nda\u00a0 (\\\"Bankac\u0131l\u0131k Kanunu\\\") de\u011fi\u015fiklik yapan kanun 25 \u015eubat 2020 tarihinde Resmi Gazete'de yay\u0131mlan\u0131p ayn\u0131\",\"breadcrumb\":{\"@id\":\"https:\/\/www.esin.av.tr\/tr\/2020\/03\/11\/bankacilik-kanununda-kisisel-verilerin-korunmasina-iliskin-degisiklikler\/#breadcrumb\"},\"inLanguage\":\"tr\",\"potentialAction\":[{\"@type\":\"ReadAction\",\"target\":[\"https:\/\/www.esin.av.tr\/tr\/2020\/03\/11\/bankacilik-kanununda-kisisel-verilerin-korunmasina-iliskin-degisiklikler\/\"]}]},{\"@type\":\"BreadcrumbList\",\"@id\":\"https:\/\/www.esin.av.tr\/tr\/2020\/03\/11\/bankacilik-kanununda-kisisel-verilerin-korunmasina-iliskin-degisiklikler\/#breadcrumb\",\"itemListElement\":[{\"@type\":\"ListItem\",\"position\":1,\"name\":\"Home\",\"item\":\"https:\/\/www.esin.av.tr\/tr\/\"},{\"@type\":\"ListItem\",\"position\":2,\"name\":\"Bankac\u0131l\u0131k Kanununda Ki\u015fisel Verilerin Korunmas\u0131na \u0130li\u015fkin De\u011fi\u015fiklikler\"}]},{\"@type\":\"WebSite\",\"@id\":\"https:\/\/www.esin.av.tr\/tr\/#website\",\"url\":\"https:\/\/www.esin.av.tr\/tr\/\",\"name\":\"Esin Avukatl\u0131k Ortakl\u0131\u011f\u0131\",\"description\":\"\",\"publisher\":{\"@id\":\"https:\/\/www.esin.av.tr\/tr\/#organization\"},\"potentialAction\":[{\"@type\":\"SearchAction\",\"target\":{\"@type\":\"EntryPoint\",\"urlTemplate\":\"https:\/\/www.esin.av.tr\/tr\/?s={search_term_string}\"},\"query-input\":{\"@type\":\"PropertyValueSpecification\",\"valueRequired\":true,\"valueName\":\"search_term_string\"}}],\"inLanguage\":\"tr\"},{\"@type\":\"Organization\",\"@id\":\"https:\/\/www.esin.av.tr\/tr\/#organization\",\"name\":\"Esin Avukatl\u0131k Ortakl\u0131\u011f\u0131\",\"url\":\"https:\/\/www.esin.av.tr\/tr\/\",\"logo\":{\"@type\":\"ImageObject\",\"inLanguage\":\"tr\",\"@id\":\"https:\/\/www.esin.av.tr\/tr\/#\/schema\/logo\/image\/\",\"url\":\"https:\/\/www.esin.av.tr\/wp-content\/uploads\/2021\/09\/esin-2.jpg\",\"contentUrl\":\"https:\/\/www.esin.av.tr\/wp-content\/uploads\/2021\/09\/esin-2.jpg\",\"width\":800,\"height\":460,\"caption\":\"Esin Avukatl\u0131k Ortakl\u0131\u011f\u0131\"},\"image\":{\"@id\":\"https:\/\/www.esin.av.tr\/tr\/#\/schema\/logo\/image\/\"}},{\"@type\":\"Person\",\"@id\":\"https:\/\/www.esin.av.tr\/tr\/#\/schema\/person\/42c8e616aab56b8622fa365ad63282ae\",\"name\":\"R\u0131dvan Konrat\",\"image\":{\"@type\":\"ImageObject\",\"inLanguage\":\"tr\",\"@id\":\"https:\/\/www.esin.av.tr\/tr\/#\/schema\/person\/image\/\",\"url\":\"https:\/\/secure.gravatar.com\/avatar\/b20c6c583be38ed4e76e32f69fccc676?s=96&d=mm&r=g\",\"contentUrl\":\"https:\/\/secure.gravatar.com\/avatar\/b20c6c583be38ed4e76e32f69fccc676?s=96&d=mm&r=g\",\"caption\":\"R\u0131dvan Konrat\"},\"sameAs\":[\"http:\/\/www.esin.av.tr\"],\"url\":\"https:\/\/www.esin.av.tr\/tr\/author\/rkonrat\/\"}]}<\/script>\n<!-- \/ Yoast SEO plugin. -->","yoast_head_json":{"title":"Bankac\u0131l\u0131k Kanununda Ki\u015fisel Verilerin Korunmas\u0131na \u0130li\u015fkin De\u011fi\u015fiklikler","description":"Yeni Geli\u015fme 5411 Say\u0131l\u0131 Bankac\u0131l\u0131k Kanunu'nda\u00a0 (\"Bankac\u0131l\u0131k Kanunu\") de\u011fi\u015fiklik yapan kanun 25 \u015eubat 2020 tarihinde Resmi Gazete'de yay\u0131mlan\u0131p ayn\u0131","robots":{"index":"index","follow":"follow","max-snippet":"max-snippet:-1","max-image-preview":"max-image-preview:large","max-video-preview":"max-video-preview:-1"},"canonical":"https:\/\/www.esin.av.tr\/tr\/2020\/03\/11\/bankacilik-kanununda-kisisel-verilerin-korunmasina-iliskin-degisiklikler\/","og_locale":"tr_TR","og_type":"article","og_title":"Bankac\u0131l\u0131k Kanununda Ki\u015fisel Verilerin Korunmas\u0131na \u0130li\u015fkin De\u011fi\u015fiklikler","og_description":"Yeni Geli\u015fme 5411 Say\u0131l\u0131 Bankac\u0131l\u0131k Kanunu'nda\u00a0 (\"Bankac\u0131l\u0131k Kanunu\") de\u011fi\u015fiklik yapan kanun 25 \u015eubat 2020 tarihinde Resmi Gazete'de yay\u0131mlan\u0131p ayn\u0131","og_url":"https:\/\/www.esin.av.tr\/tr\/2020\/03\/11\/bankacilik-kanununda-kisisel-verilerin-korunmasina-iliskin-degisiklikler\/","og_site_name":"Esin Avukatl\u0131k Ortakl\u0131\u011f\u0131","article_published_time":"2020-03-11T14:48:33+00:00","article_modified_time":"2022-06-09T12:43:50+00:00","author":"R\u0131dvan Konrat","twitter_card":"summary_large_image","twitter_misc":{"Written by":"R\u0131dvan Konrat","Est. reading time":"3 minutes"},"schema":{"@context":"https:\/\/schema.org","@graph":[{"@type":"Article","@id":"https:\/\/www.esin.av.tr\/tr\/2020\/03\/11\/bankacilik-kanununda-kisisel-verilerin-korunmasina-iliskin-degisiklikler\/#article","isPartOf":{"@id":"https:\/\/www.esin.av.tr\/tr\/2020\/03\/11\/bankacilik-kanununda-kisisel-verilerin-korunmasina-iliskin-degisiklikler\/"},"author":{"name":"R\u0131dvan Konrat","@id":"https:\/\/www.esin.av.tr\/tr\/#\/schema\/person\/42c8e616aab56b8622fa365ad63282ae"},"headline":"Bankac\u0131l\u0131k Kanununda Ki\u015fisel Verilerin Korunmas\u0131na \u0130li\u015fkin De\u011fi\u015fiklikler","datePublished":"2020-03-11T14:48:33+00:00","dateModified":"2022-06-09T12:43:50+00:00","mainEntityOfPage":{"@id":"https:\/\/www.esin.av.tr\/tr\/2020\/03\/11\/bankacilik-kanununda-kisisel-verilerin-korunmasina-iliskin-degisiklikler\/"},"wordCount":593,"publisher":{"@id":"https:\/\/www.esin.av.tr\/tr\/#organization"},"keywords":["Bilgi Teknolojileri ve Telekom\u00fcnikasyon"],"articleSection":["Hukuk B\u00fcltenleri"],"inLanguage":"tr"},{"@type":"WebPage","@id":"https:\/\/www.esin.av.tr\/tr\/2020\/03\/11\/bankacilik-kanununda-kisisel-verilerin-korunmasina-iliskin-degisiklikler\/","url":"https:\/\/www.esin.av.tr\/tr\/2020\/03\/11\/bankacilik-kanununda-kisisel-verilerin-korunmasina-iliskin-degisiklikler\/","name":"Bankac\u0131l\u0131k Kanununda Ki\u015fisel Verilerin Korunmas\u0131na \u0130li\u015fkin De\u011fi\u015fiklikler","isPartOf":{"@id":"https:\/\/www.esin.av.tr\/tr\/#website"},"datePublished":"2020-03-11T14:48:33+00:00","dateModified":"2022-06-09T12:43:50+00:00","description":"Yeni Geli\u015fme 5411 Say\u0131l\u0131 Bankac\u0131l\u0131k Kanunu'nda\u00a0 (\"Bankac\u0131l\u0131k Kanunu\") de\u011fi\u015fiklik yapan kanun 25 \u015eubat 2020 tarihinde Resmi Gazete'de yay\u0131mlan\u0131p ayn\u0131","breadcrumb":{"@id":"https:\/\/www.esin.av.tr\/tr\/2020\/03\/11\/bankacilik-kanununda-kisisel-verilerin-korunmasina-iliskin-degisiklikler\/#breadcrumb"},"inLanguage":"tr","potentialAction":[{"@type":"ReadAction","target":["https:\/\/www.esin.av.tr\/tr\/2020\/03\/11\/bankacilik-kanununda-kisisel-verilerin-korunmasina-iliskin-degisiklikler\/"]}]},{"@type":"BreadcrumbList","@id":"https:\/\/www.esin.av.tr\/tr\/2020\/03\/11\/bankacilik-kanununda-kisisel-verilerin-korunmasina-iliskin-degisiklikler\/#breadcrumb","itemListElement":[{"@type":"ListItem","position":1,"name":"Home","item":"https:\/\/www.esin.av.tr\/tr\/"},{"@type":"ListItem","position":2,"name":"Bankac\u0131l\u0131k Kanununda Ki\u015fisel Verilerin Korunmas\u0131na \u0130li\u015fkin De\u011fi\u015fiklikler"}]},{"@type":"WebSite","@id":"https:\/\/www.esin.av.tr\/tr\/#website","url":"https:\/\/www.esin.av.tr\/tr\/","name":"Esin Avukatl\u0131k Ortakl\u0131\u011f\u0131","description":"","publisher":{"@id":"https:\/\/www.esin.av.tr\/tr\/#organization"},"potentialAction":[{"@type":"SearchAction","target":{"@type":"EntryPoint","urlTemplate":"https:\/\/www.esin.av.tr\/tr\/?s={search_term_string}"},"query-input":{"@type":"PropertyValueSpecification","valueRequired":true,"valueName":"search_term_string"}}],"inLanguage":"tr"},{"@type":"Organization","@id":"https:\/\/www.esin.av.tr\/tr\/#organization","name":"Esin Avukatl\u0131k Ortakl\u0131\u011f\u0131","url":"https:\/\/www.esin.av.tr\/tr\/","logo":{"@type":"ImageObject","inLanguage":"tr","@id":"https:\/\/www.esin.av.tr\/tr\/#\/schema\/logo\/image\/","url":"https:\/\/www.esin.av.tr\/wp-content\/uploads\/2021\/09\/esin-2.jpg","contentUrl":"https:\/\/www.esin.av.tr\/wp-content\/uploads\/2021\/09\/esin-2.jpg","width":800,"height":460,"caption":"Esin Avukatl\u0131k Ortakl\u0131\u011f\u0131"},"image":{"@id":"https:\/\/www.esin.av.tr\/tr\/#\/schema\/logo\/image\/"}},{"@type":"Person","@id":"https:\/\/www.esin.av.tr\/tr\/#\/schema\/person\/42c8e616aab56b8622fa365ad63282ae","name":"R\u0131dvan Konrat","image":{"@type":"ImageObject","inLanguage":"tr","@id":"https:\/\/www.esin.av.tr\/tr\/#\/schema\/person\/image\/","url":"https:\/\/secure.gravatar.com\/avatar\/b20c6c583be38ed4e76e32f69fccc676?s=96&d=mm&r=g","contentUrl":"https:\/\/secure.gravatar.com\/avatar\/b20c6c583be38ed4e76e32f69fccc676?s=96&d=mm&r=g","caption":"R\u0131dvan Konrat"},"sameAs":["http:\/\/www.esin.av.tr"],"url":"https:\/\/www.esin.av.tr\/tr\/author\/rkonrat\/"}]}},"_links":{"self":[{"href":"https:\/\/www.esin.av.tr\/tr\/wp-json\/wp\/v2\/posts\/14432","targetHints":{"allow":["GET"]}}],"collection":[{"href":"https:\/\/www.esin.av.tr\/tr\/wp-json\/wp\/v2\/posts"}],"about":[{"href":"https:\/\/www.esin.av.tr\/tr\/wp-json\/wp\/v2\/types\/post"}],"author":[{"embeddable":true,"href":"https:\/\/www.esin.av.tr\/tr\/wp-json\/wp\/v2\/users\/4"}],"replies":[{"embeddable":true,"href":"https:\/\/www.esin.av.tr\/tr\/wp-json\/wp\/v2\/comments?post=14432"}],"version-history":[{"count":1,"href":"https:\/\/www.esin.av.tr\/tr\/wp-json\/wp\/v2\/posts\/14432\/revisions"}],"predecessor-version":[{"id":14433,"href":"https:\/\/www.esin.av.tr\/tr\/wp-json\/wp\/v2\/posts\/14432\/revisions\/14433"}],"wp:attachment":[{"href":"https:\/\/www.esin.av.tr\/tr\/wp-json\/wp\/v2\/media?parent=14432"}],"wp:term":[{"taxonomy":"category","embeddable":true,"href":"https:\/\/www.esin.av.tr\/tr\/wp-json\/wp\/v2\/categories?post=14432"},{"taxonomy":"post_tag","embeddable":true,"href":"https:\/\/www.esin.av.tr\/tr\/wp-json\/wp\/v2\/tags?post=14432"}],"curies":[{"name":"wp","href":"https:\/\/api.w.org\/{rel}","templated":true}]}}