{"id":14227,"date":"2020-01-17T11:29:31","date_gmt":"2020-01-17T11:29:31","guid":{"rendered":"https:\/\/www.esin.av.tr\/?p=14227"},"modified":"2022-06-09T12:39:46","modified_gmt":"2022-06-09T12:39:46","slug":"halka-acik-sirketlerde-yeni-donem-zarar-eden-halka-acik-sirketlerde-imtiyazlar-kalkacak","status":"publish","type":"post","link":"https:\/\/www.esin.av.tr\/tr\/2020\/01\/17\/halka-acik-sirketlerde-yeni-donem-zarar-eden-halka-acik-sirketlerde-imtiyazlar-kalkacak\/","title":{"rendered":"Halka A\u00e7\u0131k \u015eirketlerde Yeni D\u00f6nem: Zarar Eden Halka A\u00e7\u0131k \u015eirketlerde \u0130mtiyazlar Kalkacak"},"content":{"rendered":"<p><strong>Yeni Geli\u015fme<\/strong><\/p>\n<p>Sermaye Piyasas\u0131 Kurulu (&#8220;<strong>SPK<\/strong>&#8220;), Oy Hakk\u0131na ve Y\u00f6netim Kurulunda Temsil Edilmeye \u0130li\u015fkin \u0130mtiyazlar\u0131n Kald\u0131r\u0131lmas\u0131na \u0130li\u015fkin Esaslar Tebli\u011fi&#8217;ni (&#8220;<strong>Tebli\u011f<\/strong>&#8220;) yay\u0131mlad\u0131.<\/p>\n<p>Tebli\u011f, 10 Ocak 2020 tarih ve 31004 say\u0131l\u0131 Resmi Gazete&#8217;de yay\u0131mlanmas\u0131n\u0131n ard\u0131ndan y\u00fcr\u00fcrl\u00fc\u011fe girdi.<\/p>\n<p><strong>De\u011fi\u015fiklik ne getiriyor?<\/strong><\/p>\n<ul>\n<li>SPK, 6263 say\u0131l\u0131 Sermaye Piyasalar\u0131 Kanunu ile getirilmi\u015f olan halka a\u00e7\u0131k \u015firketlerde, oy hakk\u0131na ve y\u00f6netim kurulunda temsil hakk\u0131na ili\u015fkin tan\u0131nm\u0131\u015f imtiyazlar\u0131n kald\u0131r\u0131lmas\u0131 h\u00fckm\u00fcne ili\u015fkin tebli\u011fi yay\u0131nland\u0131. Tebli\u011f, yukar\u0131da bahsi ge\u00e7en imtiyazlar\u0131n kald\u0131r\u0131lmas\u0131na ili\u015fkin esas ve usulleri d\u00fczenliyor.<\/li>\n<li>Tebli\u011fe g\u00f6re, faaliyetlerinin makul ve zorunlu k\u0131ld\u0131\u011f\u0131 haller sakl\u0131 kalmak kayd\u0131yla, finansal tablolar\u0131na g\u00f6re art arda be\u015f mali y\u0131l d\u00f6nem zarar\u0131 eden halka a\u00e7\u0131k \u015firketlerde, oy hakk\u0131na ve y\u00f6netim kurulunda temsil hakk\u0131na ili\u015fkin tan\u0131nm\u0131\u015f imtiyazlar SPK karar\u0131yla kald\u0131r\u0131labilecek.<\/li>\n<li>SPK&#8217;n\u0131n imtiyazlar\u0131 kald\u0131rmas\u0131na ili\u015fkin karar\u0131 sonras\u0131nda \u015firketler yapacaklar\u0131 ilk genel kurul toplant\u0131s\u0131nda esas s\u00f6zle\u015fmelerinde gerekli de\u011fi\u015fiklikleri yapacaklar.<\/li>\n<li>Tebli\u011f ile getirilen d\u00fczenleme sadece oy hakk\u0131na ve y\u00f6netim kurulunda temsil edilmeye ili\u015fkin imtiyazlar\u0131n kald\u0131r\u0131lmas\u0131na y\u00f6nelik olacak. Di\u011fer bir deyi\u015fle; Tebli\u011f, SPK&#8217;ya Tebli\u011f kapsam\u0131na girecek \u015firketlere kayyum ve\/veya y\u00f6netim kurulu \u00fcyesi atama yetkisi vermemektedir.<\/li>\n<li>SPK karar\u0131 ile imtiyazlar\u0131n kald\u0131r\u0131lmas\u0131 sonucunda, \u015firkette mevcut oy haklar\u0131n\u0131n y\u00fczde ellisinden fazlas\u0131na sahip olunmas\u0131 nedeniyle y\u00f6netim kontrol\u00fcn\u00fcn elde edilmesi halinde kontrol\u00fc elde eden hissedar i\u00e7in di\u011fer hissedarlar\u0131n hisselerini sat\u0131n almak i\u00e7in pay al\u0131m teklifinde bulunma y\u00fck\u00fcml\u00fcl\u00fc\u011f\u00fc bulunmayacak.<\/li>\n<li>Tebli\u011f uyar\u0131nca be\u015f y\u0131ll\u0131k s\u00fcre, \u015firketin halka a\u00e7\u0131k ortakl\u0131k stat\u00fcs\u00fcn\u00fc kazand\u0131\u011f\u0131 y\u0131ldan sonra ba\u015flayan ilk y\u0131ll\u0131k hesap d\u00f6nemi itibar\u0131yla hesaplanacak.<\/li>\n<li>SPK taraf\u0131ndan art arda be\u015f y\u0131l\u0131n zarar\u0131 hesaplan\u0131rken konsolide finansal tablo haz\u0131rlama y\u00fck\u00fcml\u00fcl\u00fc\u011f\u00fc olan halka a\u00e7\u0131k \u015firketler bak\u0131m\u0131ndan &#8220;ana ortakl\u0131\u011fa ait d\u00f6nem zarar\u0131&#8221;, bireysel finansal tablo haz\u0131rlayanlar i\u00e7in ise &#8220;d\u00f6nem zarar\u0131&#8221; esas al\u0131nacak.<\/li>\n<li>Tebli\u011f uyar\u0131nca getirilen istisna ile oy hakk\u0131na veya y\u00f6netim kurulunda temsil edilmeye ili\u015fkin imtiyaz sa\u011flayan paylar\u0131n kamu kurum ve kurulu\u015flar\u0131na ait olmas\u0131 halinde Tebli\u011f h\u00fck\u00fcmleri uygulanmayacak.<\/li>\n<\/ul>\n<p><strong>Sonu\u00e7<\/strong><\/p>\n<p>Bu Tebli\u011f ile art arda zarar eden halka a\u00e7\u0131k \u015firketler nezdinde bir kontrol mekanizmas\u0131 olu\u015fturulmu\u015f olacak ve bu sayede zarar eden halka a\u00e7\u0131k \u015firketlerde k\u00fc\u00e7\u00fck yat\u0131r\u0131mc\u0131lar\u0131n daha efektif bir \u015fekilde korunmas\u0131 sa\u011flanacak.<\/p>\n","protected":false},"excerpt":{"rendered":"<p>Yeni Geli\u015fme Sermaye Piyasas\u0131 Kurulu (&#8220;SPK&#8220;), Oy Hakk\u0131na ve Y\u00f6netim Kurulunda Temsil Edilmeye \u0130li\u015fkin \u0130mtiyazlar\u0131n Kald\u0131r\u0131lmas\u0131na \u0130li\u015fkin Esaslar Tebli\u011fi&#8217;ni (&#8220;Tebli\u011f&#8220;) [&hellip;]<\/p>\n","protected":false},"author":4,"featured_media":0,"comment_status":"closed","ping_status":"closed","sticky":false,"template":"","format":"standard","meta":{"_acf_changed":false,"_stopmodifiedupdate":false,"_modified_date":"","footnotes":""},"categories":[120],"tags":[97,98],"class_list":["post-14227","post","type-post","status-publish","format-standard","hentry","category-legal-alerts","tag-capital-markets-tr","tag-mergers-acquisitions-tr"],"acf":[],"yoast_head":"<!-- This site is optimized with the Yoast SEO plugin v24.0 - https:\/\/yoast.com\/wordpress\/plugins\/seo\/ -->\n<title>Halka A\u00e7\u0131k \u015eirketlerde Yeni D\u00f6nem: Zarar Eden Halka A\u00e7\u0131k \u015eirketlerde \u0130mtiyazlar Kalkacak<\/title>\n<meta name=\"description\" content=\"Yeni Geli\u015fme Sermaye Piyasas\u0131 Kurulu (&quot;SPK&quot;), Oy Hakk\u0131na ve Y\u00f6netim Kurulunda Temsil Edilmeye \u0130li\u015fkin \u0130mtiyazlar\u0131n Kald\u0131r\u0131lmas\u0131na \u0130li\u015fkin Esaslar\" \/>\n<meta name=\"robots\" content=\"index, follow, max-snippet:-1, max-image-preview:large, max-video-preview:-1\" \/>\n<link rel=\"canonical\" href=\"https:\/\/www.esin.av.tr\/tr\/2020\/01\/17\/halka-acik-sirketlerde-yeni-donem-zarar-eden-halka-acik-sirketlerde-imtiyazlar-kalkacak\/\" \/>\n<meta property=\"og:locale\" content=\"tr_TR\" \/>\n<meta property=\"og:type\" content=\"article\" \/>\n<meta property=\"og:title\" content=\"Halka A\u00e7\u0131k \u015eirketlerde Yeni D\u00f6nem: Zarar Eden Halka A\u00e7\u0131k \u015eirketlerde \u0130mtiyazlar Kalkacak\" \/>\n<meta property=\"og:description\" content=\"Yeni Geli\u015fme Sermaye Piyasas\u0131 Kurulu (&quot;SPK&quot;), Oy Hakk\u0131na ve Y\u00f6netim Kurulunda Temsil Edilmeye \u0130li\u015fkin \u0130mtiyazlar\u0131n Kald\u0131r\u0131lmas\u0131na \u0130li\u015fkin Esaslar\" \/>\n<meta property=\"og:url\" content=\"https:\/\/www.esin.av.tr\/tr\/2020\/01\/17\/halka-acik-sirketlerde-yeni-donem-zarar-eden-halka-acik-sirketlerde-imtiyazlar-kalkacak\/\" \/>\n<meta property=\"og:site_name\" content=\"Esin Avukatl\u0131k Ortakl\u0131\u011f\u0131\" \/>\n<meta property=\"article:published_time\" content=\"2020-01-17T11:29:31+00:00\" \/>\n<meta property=\"article:modified_time\" content=\"2022-06-09T12:39:46+00:00\" \/>\n<meta name=\"author\" content=\"R\u0131dvan Konrat\" \/>\n<meta name=\"twitter:card\" content=\"summary_large_image\" \/>\n<meta name=\"twitter:label1\" content=\"Written by\" \/>\n\t<meta name=\"twitter:data1\" content=\"R\u0131dvan Konrat\" \/>\n\t<meta name=\"twitter:label2\" content=\"Est. reading time\" \/>\n\t<meta name=\"twitter:data2\" content=\"2 minutes\" \/>\n<script type=\"application\/ld+json\" class=\"yoast-schema-graph\">{\"@context\":\"https:\/\/schema.org\",\"@graph\":[{\"@type\":\"Article\",\"@id\":\"https:\/\/www.esin.av.tr\/tr\/2020\/01\/17\/halka-acik-sirketlerde-yeni-donem-zarar-eden-halka-acik-sirketlerde-imtiyazlar-kalkacak\/#article\",\"isPartOf\":{\"@id\":\"https:\/\/www.esin.av.tr\/tr\/2020\/01\/17\/halka-acik-sirketlerde-yeni-donem-zarar-eden-halka-acik-sirketlerde-imtiyazlar-kalkacak\/\"},\"author\":{\"name\":\"R\u0131dvan Konrat\",\"@id\":\"https:\/\/www.esin.av.tr\/tr\/#\/schema\/person\/42c8e616aab56b8622fa365ad63282ae\"},\"headline\":\"Halka A\u00e7\u0131k \u015eirketlerde Yeni D\u00f6nem: Zarar Eden Halka A\u00e7\u0131k \u015eirketlerde \u0130mtiyazlar Kalkacak\",\"datePublished\":\"2020-01-17T11:29:31+00:00\",\"dateModified\":\"2022-06-09T12:39:46+00:00\",\"mainEntityOfPage\":{\"@id\":\"https:\/\/www.esin.av.tr\/tr\/2020\/01\/17\/halka-acik-sirketlerde-yeni-donem-zarar-eden-halka-acik-sirketlerde-imtiyazlar-kalkacak\/\"},\"wordCount\":485,\"publisher\":{\"@id\":\"https:\/\/www.esin.av.tr\/tr\/#organization\"},\"keywords\":[\"Sermaye Piyasas\u0131 Hukuku\",\"Birle\u015fme ve Devralmalar\"],\"articleSection\":[\"Hukuk B\u00fcltenleri\"],\"inLanguage\":\"tr\"},{\"@type\":\"WebPage\",\"@id\":\"https:\/\/www.esin.av.tr\/tr\/2020\/01\/17\/halka-acik-sirketlerde-yeni-donem-zarar-eden-halka-acik-sirketlerde-imtiyazlar-kalkacak\/\",\"url\":\"https:\/\/www.esin.av.tr\/tr\/2020\/01\/17\/halka-acik-sirketlerde-yeni-donem-zarar-eden-halka-acik-sirketlerde-imtiyazlar-kalkacak\/\",\"name\":\"Halka A\u00e7\u0131k \u015eirketlerde Yeni D\u00f6nem: Zarar Eden Halka A\u00e7\u0131k \u015eirketlerde \u0130mtiyazlar Kalkacak\",\"isPartOf\":{\"@id\":\"https:\/\/www.esin.av.tr\/tr\/#website\"},\"datePublished\":\"2020-01-17T11:29:31+00:00\",\"dateModified\":\"2022-06-09T12:39:46+00:00\",\"description\":\"Yeni Geli\u015fme Sermaye Piyasas\u0131 Kurulu (\\\"SPK\\\"), Oy Hakk\u0131na ve Y\u00f6netim Kurulunda Temsil Edilmeye \u0130li\u015fkin \u0130mtiyazlar\u0131n Kald\u0131r\u0131lmas\u0131na \u0130li\u015fkin Esaslar\",\"breadcrumb\":{\"@id\":\"https:\/\/www.esin.av.tr\/tr\/2020\/01\/17\/halka-acik-sirketlerde-yeni-donem-zarar-eden-halka-acik-sirketlerde-imtiyazlar-kalkacak\/#breadcrumb\"},\"inLanguage\":\"tr\",\"potentialAction\":[{\"@type\":\"ReadAction\",\"target\":[\"https:\/\/www.esin.av.tr\/tr\/2020\/01\/17\/halka-acik-sirketlerde-yeni-donem-zarar-eden-halka-acik-sirketlerde-imtiyazlar-kalkacak\/\"]}]},{\"@type\":\"BreadcrumbList\",\"@id\":\"https:\/\/www.esin.av.tr\/tr\/2020\/01\/17\/halka-acik-sirketlerde-yeni-donem-zarar-eden-halka-acik-sirketlerde-imtiyazlar-kalkacak\/#breadcrumb\",\"itemListElement\":[{\"@type\":\"ListItem\",\"position\":1,\"name\":\"Home\",\"item\":\"https:\/\/www.esin.av.tr\/tr\/\"},{\"@type\":\"ListItem\",\"position\":2,\"name\":\"Halka A\u00e7\u0131k \u015eirketlerde Yeni D\u00f6nem: Zarar Eden Halka A\u00e7\u0131k \u015eirketlerde \u0130mtiyazlar Kalkacak\"}]},{\"@type\":\"WebSite\",\"@id\":\"https:\/\/www.esin.av.tr\/tr\/#website\",\"url\":\"https:\/\/www.esin.av.tr\/tr\/\",\"name\":\"Esin Avukatl\u0131k Ortakl\u0131\u011f\u0131\",\"description\":\"\",\"publisher\":{\"@id\":\"https:\/\/www.esin.av.tr\/tr\/#organization\"},\"potentialAction\":[{\"@type\":\"SearchAction\",\"target\":{\"@type\":\"EntryPoint\",\"urlTemplate\":\"https:\/\/www.esin.av.tr\/tr\/?s={search_term_string}\"},\"query-input\":{\"@type\":\"PropertyValueSpecification\",\"valueRequired\":true,\"valueName\":\"search_term_string\"}}],\"inLanguage\":\"tr\"},{\"@type\":\"Organization\",\"@id\":\"https:\/\/www.esin.av.tr\/tr\/#organization\",\"name\":\"Esin Avukatl\u0131k Ortakl\u0131\u011f\u0131\",\"url\":\"https:\/\/www.esin.av.tr\/tr\/\",\"logo\":{\"@type\":\"ImageObject\",\"inLanguage\":\"tr\",\"@id\":\"https:\/\/www.esin.av.tr\/tr\/#\/schema\/logo\/image\/\",\"url\":\"https:\/\/www.esin.av.tr\/wp-content\/uploads\/2021\/09\/esin-2.jpg\",\"contentUrl\":\"https:\/\/www.esin.av.tr\/wp-content\/uploads\/2021\/09\/esin-2.jpg\",\"width\":800,\"height\":460,\"caption\":\"Esin Avukatl\u0131k Ortakl\u0131\u011f\u0131\"},\"image\":{\"@id\":\"https:\/\/www.esin.av.tr\/tr\/#\/schema\/logo\/image\/\"}},{\"@type\":\"Person\",\"@id\":\"https:\/\/www.esin.av.tr\/tr\/#\/schema\/person\/42c8e616aab56b8622fa365ad63282ae\",\"name\":\"R\u0131dvan Konrat\",\"image\":{\"@type\":\"ImageObject\",\"inLanguage\":\"tr\",\"@id\":\"https:\/\/www.esin.av.tr\/tr\/#\/schema\/person\/image\/\",\"url\":\"https:\/\/secure.gravatar.com\/avatar\/b20c6c583be38ed4e76e32f69fccc676?s=96&d=mm&r=g\",\"contentUrl\":\"https:\/\/secure.gravatar.com\/avatar\/b20c6c583be38ed4e76e32f69fccc676?s=96&d=mm&r=g\",\"caption\":\"R\u0131dvan Konrat\"},\"sameAs\":[\"http:\/\/www.esin.av.tr\"],\"url\":\"https:\/\/www.esin.av.tr\/tr\/author\/rkonrat\/\"}]}<\/script>\n<!-- \/ Yoast SEO plugin. -->","yoast_head_json":{"title":"Halka A\u00e7\u0131k \u015eirketlerde Yeni D\u00f6nem: Zarar Eden Halka A\u00e7\u0131k \u015eirketlerde \u0130mtiyazlar Kalkacak","description":"Yeni Geli\u015fme Sermaye Piyasas\u0131 Kurulu (\"SPK\"), Oy Hakk\u0131na ve Y\u00f6netim Kurulunda Temsil Edilmeye \u0130li\u015fkin \u0130mtiyazlar\u0131n Kald\u0131r\u0131lmas\u0131na \u0130li\u015fkin Esaslar","robots":{"index":"index","follow":"follow","max-snippet":"max-snippet:-1","max-image-preview":"max-image-preview:large","max-video-preview":"max-video-preview:-1"},"canonical":"https:\/\/www.esin.av.tr\/tr\/2020\/01\/17\/halka-acik-sirketlerde-yeni-donem-zarar-eden-halka-acik-sirketlerde-imtiyazlar-kalkacak\/","og_locale":"tr_TR","og_type":"article","og_title":"Halka A\u00e7\u0131k \u015eirketlerde Yeni D\u00f6nem: Zarar Eden Halka A\u00e7\u0131k \u015eirketlerde \u0130mtiyazlar Kalkacak","og_description":"Yeni Geli\u015fme Sermaye Piyasas\u0131 Kurulu (\"SPK\"), Oy Hakk\u0131na ve Y\u00f6netim Kurulunda Temsil Edilmeye \u0130li\u015fkin \u0130mtiyazlar\u0131n Kald\u0131r\u0131lmas\u0131na \u0130li\u015fkin Esaslar","og_url":"https:\/\/www.esin.av.tr\/tr\/2020\/01\/17\/halka-acik-sirketlerde-yeni-donem-zarar-eden-halka-acik-sirketlerde-imtiyazlar-kalkacak\/","og_site_name":"Esin Avukatl\u0131k Ortakl\u0131\u011f\u0131","article_published_time":"2020-01-17T11:29:31+00:00","article_modified_time":"2022-06-09T12:39:46+00:00","author":"R\u0131dvan Konrat","twitter_card":"summary_large_image","twitter_misc":{"Written by":"R\u0131dvan Konrat","Est. reading time":"2 minutes"},"schema":{"@context":"https:\/\/schema.org","@graph":[{"@type":"Article","@id":"https:\/\/www.esin.av.tr\/tr\/2020\/01\/17\/halka-acik-sirketlerde-yeni-donem-zarar-eden-halka-acik-sirketlerde-imtiyazlar-kalkacak\/#article","isPartOf":{"@id":"https:\/\/www.esin.av.tr\/tr\/2020\/01\/17\/halka-acik-sirketlerde-yeni-donem-zarar-eden-halka-acik-sirketlerde-imtiyazlar-kalkacak\/"},"author":{"name":"R\u0131dvan Konrat","@id":"https:\/\/www.esin.av.tr\/tr\/#\/schema\/person\/42c8e616aab56b8622fa365ad63282ae"},"headline":"Halka A\u00e7\u0131k \u015eirketlerde Yeni D\u00f6nem: Zarar Eden Halka A\u00e7\u0131k \u015eirketlerde \u0130mtiyazlar Kalkacak","datePublished":"2020-01-17T11:29:31+00:00","dateModified":"2022-06-09T12:39:46+00:00","mainEntityOfPage":{"@id":"https:\/\/www.esin.av.tr\/tr\/2020\/01\/17\/halka-acik-sirketlerde-yeni-donem-zarar-eden-halka-acik-sirketlerde-imtiyazlar-kalkacak\/"},"wordCount":485,"publisher":{"@id":"https:\/\/www.esin.av.tr\/tr\/#organization"},"keywords":["Sermaye Piyasas\u0131 Hukuku","Birle\u015fme ve Devralmalar"],"articleSection":["Hukuk B\u00fcltenleri"],"inLanguage":"tr"},{"@type":"WebPage","@id":"https:\/\/www.esin.av.tr\/tr\/2020\/01\/17\/halka-acik-sirketlerde-yeni-donem-zarar-eden-halka-acik-sirketlerde-imtiyazlar-kalkacak\/","url":"https:\/\/www.esin.av.tr\/tr\/2020\/01\/17\/halka-acik-sirketlerde-yeni-donem-zarar-eden-halka-acik-sirketlerde-imtiyazlar-kalkacak\/","name":"Halka A\u00e7\u0131k \u015eirketlerde Yeni D\u00f6nem: Zarar Eden Halka A\u00e7\u0131k \u015eirketlerde \u0130mtiyazlar Kalkacak","isPartOf":{"@id":"https:\/\/www.esin.av.tr\/tr\/#website"},"datePublished":"2020-01-17T11:29:31+00:00","dateModified":"2022-06-09T12:39:46+00:00","description":"Yeni Geli\u015fme Sermaye Piyasas\u0131 Kurulu (\"SPK\"), Oy Hakk\u0131na ve Y\u00f6netim Kurulunda Temsil Edilmeye \u0130li\u015fkin \u0130mtiyazlar\u0131n Kald\u0131r\u0131lmas\u0131na \u0130li\u015fkin Esaslar","breadcrumb":{"@id":"https:\/\/www.esin.av.tr\/tr\/2020\/01\/17\/halka-acik-sirketlerde-yeni-donem-zarar-eden-halka-acik-sirketlerde-imtiyazlar-kalkacak\/#breadcrumb"},"inLanguage":"tr","potentialAction":[{"@type":"ReadAction","target":["https:\/\/www.esin.av.tr\/tr\/2020\/01\/17\/halka-acik-sirketlerde-yeni-donem-zarar-eden-halka-acik-sirketlerde-imtiyazlar-kalkacak\/"]}]},{"@type":"BreadcrumbList","@id":"https:\/\/www.esin.av.tr\/tr\/2020\/01\/17\/halka-acik-sirketlerde-yeni-donem-zarar-eden-halka-acik-sirketlerde-imtiyazlar-kalkacak\/#breadcrumb","itemListElement":[{"@type":"ListItem","position":1,"name":"Home","item":"https:\/\/www.esin.av.tr\/tr\/"},{"@type":"ListItem","position":2,"name":"Halka A\u00e7\u0131k \u015eirketlerde Yeni D\u00f6nem: Zarar Eden Halka A\u00e7\u0131k \u015eirketlerde \u0130mtiyazlar Kalkacak"}]},{"@type":"WebSite","@id":"https:\/\/www.esin.av.tr\/tr\/#website","url":"https:\/\/www.esin.av.tr\/tr\/","name":"Esin Avukatl\u0131k Ortakl\u0131\u011f\u0131","description":"","publisher":{"@id":"https:\/\/www.esin.av.tr\/tr\/#organization"},"potentialAction":[{"@type":"SearchAction","target":{"@type":"EntryPoint","urlTemplate":"https:\/\/www.esin.av.tr\/tr\/?s={search_term_string}"},"query-input":{"@type":"PropertyValueSpecification","valueRequired":true,"valueName":"search_term_string"}}],"inLanguage":"tr"},{"@type":"Organization","@id":"https:\/\/www.esin.av.tr\/tr\/#organization","name":"Esin Avukatl\u0131k Ortakl\u0131\u011f\u0131","url":"https:\/\/www.esin.av.tr\/tr\/","logo":{"@type":"ImageObject","inLanguage":"tr","@id":"https:\/\/www.esin.av.tr\/tr\/#\/schema\/logo\/image\/","url":"https:\/\/www.esin.av.tr\/wp-content\/uploads\/2021\/09\/esin-2.jpg","contentUrl":"https:\/\/www.esin.av.tr\/wp-content\/uploads\/2021\/09\/esin-2.jpg","width":800,"height":460,"caption":"Esin Avukatl\u0131k Ortakl\u0131\u011f\u0131"},"image":{"@id":"https:\/\/www.esin.av.tr\/tr\/#\/schema\/logo\/image\/"}},{"@type":"Person","@id":"https:\/\/www.esin.av.tr\/tr\/#\/schema\/person\/42c8e616aab56b8622fa365ad63282ae","name":"R\u0131dvan Konrat","image":{"@type":"ImageObject","inLanguage":"tr","@id":"https:\/\/www.esin.av.tr\/tr\/#\/schema\/person\/image\/","url":"https:\/\/secure.gravatar.com\/avatar\/b20c6c583be38ed4e76e32f69fccc676?s=96&d=mm&r=g","contentUrl":"https:\/\/secure.gravatar.com\/avatar\/b20c6c583be38ed4e76e32f69fccc676?s=96&d=mm&r=g","caption":"R\u0131dvan Konrat"},"sameAs":["http:\/\/www.esin.av.tr"],"url":"https:\/\/www.esin.av.tr\/tr\/author\/rkonrat\/"}]}},"_links":{"self":[{"href":"https:\/\/www.esin.av.tr\/tr\/wp-json\/wp\/v2\/posts\/14227","targetHints":{"allow":["GET"]}}],"collection":[{"href":"https:\/\/www.esin.av.tr\/tr\/wp-json\/wp\/v2\/posts"}],"about":[{"href":"https:\/\/www.esin.av.tr\/tr\/wp-json\/wp\/v2\/types\/post"}],"author":[{"embeddable":true,"href":"https:\/\/www.esin.av.tr\/tr\/wp-json\/wp\/v2\/users\/4"}],"replies":[{"embeddable":true,"href":"https:\/\/www.esin.av.tr\/tr\/wp-json\/wp\/v2\/comments?post=14227"}],"version-history":[{"count":2,"href":"https:\/\/www.esin.av.tr\/tr\/wp-json\/wp\/v2\/posts\/14227\/revisions"}],"predecessor-version":[{"id":14229,"href":"https:\/\/www.esin.av.tr\/tr\/wp-json\/wp\/v2\/posts\/14227\/revisions\/14229"}],"wp:attachment":[{"href":"https:\/\/www.esin.av.tr\/tr\/wp-json\/wp\/v2\/media?parent=14227"}],"wp:term":[{"taxonomy":"category","embeddable":true,"href":"https:\/\/www.esin.av.tr\/tr\/wp-json\/wp\/v2\/categories?post=14227"},{"taxonomy":"post_tag","embeddable":true,"href":"https:\/\/www.esin.av.tr\/tr\/wp-json\/wp\/v2\/tags?post=14227"}],"curies":[{"name":"wp","href":"https:\/\/api.w.org\/{rel}","templated":true}]}}