{"id":13503,"date":"2020-01-09T08:29:23","date_gmt":"2020-01-09T08:29:23","guid":{"rendered":"https:\/\/www.esin.av.tr\/?p=13503"},"modified":"2022-06-09T12:39:54","modified_gmt":"2022-06-09T12:39:54","slug":"anayasa-mahkemesinden-ifade-ozgurlugunun-ihlaline-dair-yeni-bir-karar-ocak-2020","status":"publish","type":"post","link":"https:\/\/www.esin.av.tr\/tr\/2020\/01\/09\/anayasa-mahkemesinden-ifade-ozgurlugunun-ihlaline-dair-yeni-bir-karar-ocak-2020\/","title":{"rendered":"Anayasa Mahkemesinden \u0130fade \u00d6zg\u00fcrl\u00fc\u011f\u00fcn\u00fcn \u0130hlaline Dair Yeni Bir Karar &#8211; Ocak 2020"},"content":{"rendered":"<p><strong>Yeni Geli\u015fme<\/strong><\/p>\n<p>Anayasa Mahkemesi, 2016\/256 say\u0131l\u0131 ve 28 Kas\u0131m 2019 tarihli karar\u0131nda (&#8220;<strong>Karar<\/strong>&#8220;), ba\u015fvurucunun bir siyaset\u00e7iye y\u00f6nelik ele\u015ftiri niteli\u011findeki payla\u015f\u0131mlar\u0131 sebebiyle cezaland\u0131r\u0131lmas\u0131n\u0131n ba\u015fvurucunun ifade \u00f6zg\u00fcrl\u00fc\u011f\u00fcn\u00fc ihlal etti\u011fine karar verdi. Karar, 3 Ocak 2020 tarihinde Resmi Gazete&#8217;de yay\u0131mland\u0131.<\/p>\n<p><strong>\u0130hlal Konusu Ba\u015fvuru<\/strong><\/p>\n<p>Radyo ve televizyon programc\u0131l\u0131\u011f\u0131 ve gazetecilik yapan ba\u015fvurucunun, tan\u0131nm\u0131\u015f bir siyaset\u00e7inin sosyal medya hesab\u0131nda yapt\u0131\u011f\u0131 payla\u015f\u0131mlara dair ele\u015ftiri niteli\u011finde yapt\u0131\u011f\u0131 payla\u015f\u0131mlar sebebiyle hakaret su\u00e7u i\u015fledi\u011fine karar verilmi\u015f ve ba\u015fvurucu, adli para cezas\u0131 ile cezaland\u0131r\u0131lm\u0131\u015ft\u0131r. Ba\u015fvurucu, yapm\u0131\u015f oldu\u011fu payla\u015f\u0131mlar sebebiyle cezaland\u0131r\u0131lmas\u0131n\u0131n Anayasa taraf\u0131ndan g\u00fcvence alt\u0131na al\u0131nan ifade \u00f6zg\u00fcrl\u00fc\u011f\u00fcn\u00fc ve adil yarg\u0131lanma hakk\u0131n\u0131 ihlal etti\u011fini ileri s\u00fcrm\u00fc\u015ft\u00fcr.<\/p>\n<p><strong>Karar Ne Diyor?<\/strong><\/p>\n<p>Anayasa Mahkemesi, Karar&#8217;da, ifade \u00f6zg\u00fcrl\u00fc\u011f\u00fcn\u00fcn s\u0131n\u0131rland\u0131r\u0131lma nedenlerinden birinin bireylerin \u015feref ve itibar\u0131n\u0131n korunmas\u0131 oldu\u011funu ve bu kapsamda somut olay\u0131n ko\u015fullar\u0131n\u0131n de\u011ferlendirilerek bireyin ki\u015fisel haklar\u0131 ile ifade \u00f6zg\u00fcrl\u00fc\u011f\u00fc aras\u0131nda denge kurulmas\u0131 gerekti\u011fini ifade etmi\u015ftir.<\/p>\n<p>Bu do\u011frultuda Anayasa Mahkemesi, yapt\u0131\u011f\u0131 incelemede, (i) ba\u015fvuru konusu payla\u015f\u0131m\u0131n kamuoyu taraf\u0131ndan tan\u0131nan bir siyaset\u00e7iye y\u00f6nelik oldu\u011fu i\u00e7in kabul edilebilir ele\u015ftiri s\u0131n\u0131rlar\u0131n\u0131n daha geni\u015f oldu\u011funu, (ii) siyasilere ili\u015fkin yap\u0131lan bilgilendirme ve ele\u015ftirilerin cezaland\u0131r\u0131lmas\u0131n\u0131n toplumda &#8220;cayd\u0131r\u0131c\u0131 etki&#8221; do\u011furaca\u011f\u0131n\u0131 ve kamuoyundaki farkl\u0131 seslerin susmas\u0131na yol a\u00e7abilece\u011fini ve (iii) ba\u015fvurucunun cezaland\u0131r\u0131lmas\u0131n\u0131n ba\u015fvurucunun yazarl\u0131k ve gazetecilik faaliyetlerini bask\u0131 alt\u0131na alaca\u011f\u0131n\u0131 ve siyasilerin s\u00f6ylem ve faaliyetlerine ili\u015fkin ele\u015ftiri ve bilgilendirme ortam\u0131na zarar verece\u011fini ifade etmi\u015f ve ba\u015fvurucunun ifade \u00f6zg\u00fcrl\u00fc\u011f\u00fcn\u00fcn ihlal edildi\u011fine karar vermi\u015ftir.<\/p>\n<p>Karar&#8217;a <strong><u><a href=\"https:\/\/urldefense.com\/v3\/__https:\/esinxchange.com\/collect\/click.aspx?u=jRYOrR8N39ToyFIqteRplaMOsvXu1cV2CDbbH*WhtxIwbkeDrFvW6jzHhIj503hsVtwAAQT4Lwc*QQEc*cf0BQ==&amp;rh=ff0057d56322414a5b53e41a7e48b6a113780d2e__;Ky8v!!Hj9Y_P0nvg!FEXzU4cfMzDaJZAj2AaRO8qu-JcO_S3xxjnQcmn4xDP2cvAFRKeuCmMq-BULujesQte3WQ$\">buradan<\/a><\/u><\/strong> ula\u015fabilirsiniz.<\/p>\n<p><strong>Sonu\u00e7<\/strong><\/p>\n<p>\u0130fade \u00f6zg\u00fcrl\u00fc\u011f\u00fcne y\u00f6nelik m\u00fcdahalelerde, bireyin ki\u015fisel haklar\u0131n\u0131n ve manevi b\u00fct\u00fcnl\u00fc\u011f\u00fcn\u00fcn bir par\u00e7as\u0131 olan \u015feref ve itibar\u0131 ile ifade \u00f6zg\u00fcrl\u00fc\u011f\u00fc aras\u0131nda denge kurulmas\u0131 ve bu durumun somut olay\u0131n ko\u015fullar\u0131 \u0131\u015f\u0131\u011f\u0131nda de\u011ferlendirilmesi gerekmektedir. Anayasa Mahkemesi&#8217;nin bu ba\u015fvuru \u00f6zelinde verdi\u011fi karar g\u00f6z \u00f6n\u00fcnde bulunduruldu\u011funda, \u00f6zellikle siyaset\u00e7iler gibi kamuoyuna mal olmu\u015f ki\u015filere y\u00f6nelik ele\u015ftirilerde ifade \u00f6zg\u00fcrl\u00fc\u011f\u00fcn\u00fcn s\u0131n\u0131rlar\u0131n\u0131n daha geni\u015f oldu\u011fu s\u00f6ylenebilecektir.<\/p>\n","protected":false},"excerpt":{"rendered":"<p>Yeni Geli\u015fme Anayasa Mahkemesi, 2016\/256 say\u0131l\u0131 ve 28 Kas\u0131m 2019 tarihli karar\u0131nda (&#8220;Karar&#8220;), ba\u015fvurucunun bir siyaset\u00e7iye y\u00f6nelik ele\u015ftiri niteli\u011findeki payla\u015f\u0131mlar\u0131 [&hellip;]<\/p>\n","protected":false},"author":4,"featured_media":0,"comment_status":"closed","ping_status":"closed","sticky":false,"template":"","format":"standard","meta":{"_acf_changed":false,"_stopmodifiedupdate":false,"_modified_date":"","footnotes":""},"categories":[120],"tags":[93],"class_list":["post-13503","post","type-post","status-publish","format-standard","hentry","category-legal-alerts","tag-information-technology-communications-tr"],"acf":[],"yoast_head":"<!-- This site is optimized with the Yoast SEO plugin v24.0 - https:\/\/yoast.com\/wordpress\/plugins\/seo\/ -->\n<title>Anayasa Mahkemesinden \u0130fade \u00d6zg\u00fcrl\u00fc\u011f\u00fcn\u00fcn \u0130hlaline Dair Yeni Bir Karar - Ocak 2020<\/title>\n<meta name=\"description\" content=\"Yeni Geli\u015fme Anayasa Mahkemesi, 2016\/256 say\u0131l\u0131 ve 28 Kas\u0131m 2019 tarihli karar\u0131nda (&quot;Karar&quot;), ba\u015fvurucunun bir siyaset\u00e7iye y\u00f6nelik ele\u015ftiri niteli\u011findeki\" \/>\n<meta name=\"robots\" content=\"index, follow, max-snippet:-1, max-image-preview:large, max-video-preview:-1\" \/>\n<link rel=\"canonical\" href=\"https:\/\/www.esin.av.tr\/tr\/2020\/01\/09\/anayasa-mahkemesinden-ifade-ozgurlugunun-ihlaline-dair-yeni-bir-karar-ocak-2020\/\" \/>\n<meta property=\"og:locale\" content=\"tr_TR\" \/>\n<meta property=\"og:type\" content=\"article\" \/>\n<meta property=\"og:title\" content=\"Anayasa Mahkemesinden \u0130fade \u00d6zg\u00fcrl\u00fc\u011f\u00fcn\u00fcn \u0130hlaline Dair Yeni Bir Karar - Ocak 2020\" \/>\n<meta property=\"og:description\" content=\"Yeni Geli\u015fme Anayasa Mahkemesi, 2016\/256 say\u0131l\u0131 ve 28 Kas\u0131m 2019 tarihli karar\u0131nda (&quot;Karar&quot;), ba\u015fvurucunun bir siyaset\u00e7iye y\u00f6nelik ele\u015ftiri niteli\u011findeki\" \/>\n<meta property=\"og:url\" content=\"https:\/\/www.esin.av.tr\/tr\/2020\/01\/09\/anayasa-mahkemesinden-ifade-ozgurlugunun-ihlaline-dair-yeni-bir-karar-ocak-2020\/\" \/>\n<meta property=\"og:site_name\" content=\"Esin Avukatl\u0131k Ortakl\u0131\u011f\u0131\" \/>\n<meta property=\"article:published_time\" content=\"2020-01-09T08:29:23+00:00\" \/>\n<meta property=\"article:modified_time\" content=\"2022-06-09T12:39:54+00:00\" \/>\n<meta name=\"author\" content=\"R\u0131dvan Konrat\" \/>\n<meta name=\"twitter:card\" content=\"summary_large_image\" \/>\n<meta name=\"twitter:label1\" content=\"Written by\" \/>\n\t<meta name=\"twitter:data1\" content=\"R\u0131dvan Konrat\" \/>\n\t<meta name=\"twitter:label2\" content=\"Est. reading time\" \/>\n\t<meta name=\"twitter:data2\" content=\"2 minutes\" \/>\n<script type=\"application\/ld+json\" class=\"yoast-schema-graph\">{\"@context\":\"https:\/\/schema.org\",\"@graph\":[{\"@type\":\"Article\",\"@id\":\"https:\/\/www.esin.av.tr\/tr\/2020\/01\/09\/anayasa-mahkemesinden-ifade-ozgurlugunun-ihlaline-dair-yeni-bir-karar-ocak-2020\/#article\",\"isPartOf\":{\"@id\":\"https:\/\/www.esin.av.tr\/tr\/2020\/01\/09\/anayasa-mahkemesinden-ifade-ozgurlugunun-ihlaline-dair-yeni-bir-karar-ocak-2020\/\"},\"author\":{\"name\":\"R\u0131dvan Konrat\",\"@id\":\"https:\/\/www.esin.av.tr\/tr\/#\/schema\/person\/42c8e616aab56b8622fa365ad63282ae\"},\"headline\":\"Anayasa Mahkemesinden \u0130fade \u00d6zg\u00fcrl\u00fc\u011f\u00fcn\u00fcn \u0130hlaline Dair Yeni Bir Karar &#8211; Ocak 2020\",\"datePublished\":\"2020-01-09T08:29:23+00:00\",\"dateModified\":\"2022-06-09T12:39:54+00:00\",\"mainEntityOfPage\":{\"@id\":\"https:\/\/www.esin.av.tr\/tr\/2020\/01\/09\/anayasa-mahkemesinden-ifade-ozgurlugunun-ihlaline-dair-yeni-bir-karar-ocak-2020\/\"},\"wordCount\":445,\"publisher\":{\"@id\":\"https:\/\/www.esin.av.tr\/tr\/#organization\"},\"keywords\":[\"Bilgi Teknolojileri ve Telekom\u00fcnikasyon\"],\"articleSection\":[\"Hukuk B\u00fcltenleri\"],\"inLanguage\":\"tr\"},{\"@type\":\"WebPage\",\"@id\":\"https:\/\/www.esin.av.tr\/tr\/2020\/01\/09\/anayasa-mahkemesinden-ifade-ozgurlugunun-ihlaline-dair-yeni-bir-karar-ocak-2020\/\",\"url\":\"https:\/\/www.esin.av.tr\/tr\/2020\/01\/09\/anayasa-mahkemesinden-ifade-ozgurlugunun-ihlaline-dair-yeni-bir-karar-ocak-2020\/\",\"name\":\"Anayasa Mahkemesinden \u0130fade \u00d6zg\u00fcrl\u00fc\u011f\u00fcn\u00fcn \u0130hlaline Dair Yeni Bir Karar - Ocak 2020\",\"isPartOf\":{\"@id\":\"https:\/\/www.esin.av.tr\/tr\/#website\"},\"datePublished\":\"2020-01-09T08:29:23+00:00\",\"dateModified\":\"2022-06-09T12:39:54+00:00\",\"description\":\"Yeni Geli\u015fme Anayasa Mahkemesi, 2016\/256 say\u0131l\u0131 ve 28 Kas\u0131m 2019 tarihli karar\u0131nda (\\\"Karar\\\"), ba\u015fvurucunun bir siyaset\u00e7iye y\u00f6nelik ele\u015ftiri niteli\u011findeki\",\"breadcrumb\":{\"@id\":\"https:\/\/www.esin.av.tr\/tr\/2020\/01\/09\/anayasa-mahkemesinden-ifade-ozgurlugunun-ihlaline-dair-yeni-bir-karar-ocak-2020\/#breadcrumb\"},\"inLanguage\":\"tr\",\"potentialAction\":[{\"@type\":\"ReadAction\",\"target\":[\"https:\/\/www.esin.av.tr\/tr\/2020\/01\/09\/anayasa-mahkemesinden-ifade-ozgurlugunun-ihlaline-dair-yeni-bir-karar-ocak-2020\/\"]}]},{\"@type\":\"BreadcrumbList\",\"@id\":\"https:\/\/www.esin.av.tr\/tr\/2020\/01\/09\/anayasa-mahkemesinden-ifade-ozgurlugunun-ihlaline-dair-yeni-bir-karar-ocak-2020\/#breadcrumb\",\"itemListElement\":[{\"@type\":\"ListItem\",\"position\":1,\"name\":\"Home\",\"item\":\"https:\/\/www.esin.av.tr\/tr\/\"},{\"@type\":\"ListItem\",\"position\":2,\"name\":\"Anayasa Mahkemesinden \u0130fade \u00d6zg\u00fcrl\u00fc\u011f\u00fcn\u00fcn \u0130hlaline Dair Yeni Bir Karar &#8211; Ocak 2020\"}]},{\"@type\":\"WebSite\",\"@id\":\"https:\/\/www.esin.av.tr\/tr\/#website\",\"url\":\"https:\/\/www.esin.av.tr\/tr\/\",\"name\":\"Esin Avukatl\u0131k Ortakl\u0131\u011f\u0131\",\"description\":\"\",\"publisher\":{\"@id\":\"https:\/\/www.esin.av.tr\/tr\/#organization\"},\"potentialAction\":[{\"@type\":\"SearchAction\",\"target\":{\"@type\":\"EntryPoint\",\"urlTemplate\":\"https:\/\/www.esin.av.tr\/tr\/?s={search_term_string}\"},\"query-input\":{\"@type\":\"PropertyValueSpecification\",\"valueRequired\":true,\"valueName\":\"search_term_string\"}}],\"inLanguage\":\"tr\"},{\"@type\":\"Organization\",\"@id\":\"https:\/\/www.esin.av.tr\/tr\/#organization\",\"name\":\"Esin Avukatl\u0131k Ortakl\u0131\u011f\u0131\",\"url\":\"https:\/\/www.esin.av.tr\/tr\/\",\"logo\":{\"@type\":\"ImageObject\",\"inLanguage\":\"tr\",\"@id\":\"https:\/\/www.esin.av.tr\/tr\/#\/schema\/logo\/image\/\",\"url\":\"https:\/\/www.esin.av.tr\/wp-content\/uploads\/2021\/09\/esin-2.jpg\",\"contentUrl\":\"https:\/\/www.esin.av.tr\/wp-content\/uploads\/2021\/09\/esin-2.jpg\",\"width\":800,\"height\":460,\"caption\":\"Esin Avukatl\u0131k Ortakl\u0131\u011f\u0131\"},\"image\":{\"@id\":\"https:\/\/www.esin.av.tr\/tr\/#\/schema\/logo\/image\/\"}},{\"@type\":\"Person\",\"@id\":\"https:\/\/www.esin.av.tr\/tr\/#\/schema\/person\/42c8e616aab56b8622fa365ad63282ae\",\"name\":\"R\u0131dvan Konrat\",\"image\":{\"@type\":\"ImageObject\",\"inLanguage\":\"tr\",\"@id\":\"https:\/\/www.esin.av.tr\/tr\/#\/schema\/person\/image\/\",\"url\":\"https:\/\/secure.gravatar.com\/avatar\/b20c6c583be38ed4e76e32f69fccc676?s=96&d=mm&r=g\",\"contentUrl\":\"https:\/\/secure.gravatar.com\/avatar\/b20c6c583be38ed4e76e32f69fccc676?s=96&d=mm&r=g\",\"caption\":\"R\u0131dvan Konrat\"},\"sameAs\":[\"http:\/\/www.esin.av.tr\"],\"url\":\"https:\/\/www.esin.av.tr\/tr\/author\/rkonrat\/\"}]}<\/script>\n<!-- \/ Yoast SEO plugin. -->","yoast_head_json":{"title":"Anayasa Mahkemesinden \u0130fade \u00d6zg\u00fcrl\u00fc\u011f\u00fcn\u00fcn \u0130hlaline Dair Yeni Bir Karar - Ocak 2020","description":"Yeni Geli\u015fme Anayasa Mahkemesi, 2016\/256 say\u0131l\u0131 ve 28 Kas\u0131m 2019 tarihli karar\u0131nda (\"Karar\"), ba\u015fvurucunun bir siyaset\u00e7iye y\u00f6nelik ele\u015ftiri niteli\u011findeki","robots":{"index":"index","follow":"follow","max-snippet":"max-snippet:-1","max-image-preview":"max-image-preview:large","max-video-preview":"max-video-preview:-1"},"canonical":"https:\/\/www.esin.av.tr\/tr\/2020\/01\/09\/anayasa-mahkemesinden-ifade-ozgurlugunun-ihlaline-dair-yeni-bir-karar-ocak-2020\/","og_locale":"tr_TR","og_type":"article","og_title":"Anayasa Mahkemesinden \u0130fade \u00d6zg\u00fcrl\u00fc\u011f\u00fcn\u00fcn \u0130hlaline Dair Yeni Bir Karar - Ocak 2020","og_description":"Yeni Geli\u015fme Anayasa Mahkemesi, 2016\/256 say\u0131l\u0131 ve 28 Kas\u0131m 2019 tarihli karar\u0131nda (\"Karar\"), ba\u015fvurucunun bir siyaset\u00e7iye y\u00f6nelik ele\u015ftiri niteli\u011findeki","og_url":"https:\/\/www.esin.av.tr\/tr\/2020\/01\/09\/anayasa-mahkemesinden-ifade-ozgurlugunun-ihlaline-dair-yeni-bir-karar-ocak-2020\/","og_site_name":"Esin Avukatl\u0131k Ortakl\u0131\u011f\u0131","article_published_time":"2020-01-09T08:29:23+00:00","article_modified_time":"2022-06-09T12:39:54+00:00","author":"R\u0131dvan Konrat","twitter_card":"summary_large_image","twitter_misc":{"Written by":"R\u0131dvan Konrat","Est. reading time":"2 minutes"},"schema":{"@context":"https:\/\/schema.org","@graph":[{"@type":"Article","@id":"https:\/\/www.esin.av.tr\/tr\/2020\/01\/09\/anayasa-mahkemesinden-ifade-ozgurlugunun-ihlaline-dair-yeni-bir-karar-ocak-2020\/#article","isPartOf":{"@id":"https:\/\/www.esin.av.tr\/tr\/2020\/01\/09\/anayasa-mahkemesinden-ifade-ozgurlugunun-ihlaline-dair-yeni-bir-karar-ocak-2020\/"},"author":{"name":"R\u0131dvan Konrat","@id":"https:\/\/www.esin.av.tr\/tr\/#\/schema\/person\/42c8e616aab56b8622fa365ad63282ae"},"headline":"Anayasa Mahkemesinden \u0130fade \u00d6zg\u00fcrl\u00fc\u011f\u00fcn\u00fcn \u0130hlaline Dair Yeni Bir Karar &#8211; Ocak 2020","datePublished":"2020-01-09T08:29:23+00:00","dateModified":"2022-06-09T12:39:54+00:00","mainEntityOfPage":{"@id":"https:\/\/www.esin.av.tr\/tr\/2020\/01\/09\/anayasa-mahkemesinden-ifade-ozgurlugunun-ihlaline-dair-yeni-bir-karar-ocak-2020\/"},"wordCount":445,"publisher":{"@id":"https:\/\/www.esin.av.tr\/tr\/#organization"},"keywords":["Bilgi Teknolojileri ve Telekom\u00fcnikasyon"],"articleSection":["Hukuk B\u00fcltenleri"],"inLanguage":"tr"},{"@type":"WebPage","@id":"https:\/\/www.esin.av.tr\/tr\/2020\/01\/09\/anayasa-mahkemesinden-ifade-ozgurlugunun-ihlaline-dair-yeni-bir-karar-ocak-2020\/","url":"https:\/\/www.esin.av.tr\/tr\/2020\/01\/09\/anayasa-mahkemesinden-ifade-ozgurlugunun-ihlaline-dair-yeni-bir-karar-ocak-2020\/","name":"Anayasa Mahkemesinden \u0130fade \u00d6zg\u00fcrl\u00fc\u011f\u00fcn\u00fcn \u0130hlaline Dair Yeni Bir Karar - Ocak 2020","isPartOf":{"@id":"https:\/\/www.esin.av.tr\/tr\/#website"},"datePublished":"2020-01-09T08:29:23+00:00","dateModified":"2022-06-09T12:39:54+00:00","description":"Yeni Geli\u015fme Anayasa Mahkemesi, 2016\/256 say\u0131l\u0131 ve 28 Kas\u0131m 2019 tarihli karar\u0131nda (\"Karar\"), ba\u015fvurucunun bir siyaset\u00e7iye y\u00f6nelik ele\u015ftiri niteli\u011findeki","breadcrumb":{"@id":"https:\/\/www.esin.av.tr\/tr\/2020\/01\/09\/anayasa-mahkemesinden-ifade-ozgurlugunun-ihlaline-dair-yeni-bir-karar-ocak-2020\/#breadcrumb"},"inLanguage":"tr","potentialAction":[{"@type":"ReadAction","target":["https:\/\/www.esin.av.tr\/tr\/2020\/01\/09\/anayasa-mahkemesinden-ifade-ozgurlugunun-ihlaline-dair-yeni-bir-karar-ocak-2020\/"]}]},{"@type":"BreadcrumbList","@id":"https:\/\/www.esin.av.tr\/tr\/2020\/01\/09\/anayasa-mahkemesinden-ifade-ozgurlugunun-ihlaline-dair-yeni-bir-karar-ocak-2020\/#breadcrumb","itemListElement":[{"@type":"ListItem","position":1,"name":"Home","item":"https:\/\/www.esin.av.tr\/tr\/"},{"@type":"ListItem","position":2,"name":"Anayasa Mahkemesinden \u0130fade \u00d6zg\u00fcrl\u00fc\u011f\u00fcn\u00fcn \u0130hlaline Dair Yeni Bir Karar &#8211; Ocak 2020"}]},{"@type":"WebSite","@id":"https:\/\/www.esin.av.tr\/tr\/#website","url":"https:\/\/www.esin.av.tr\/tr\/","name":"Esin Avukatl\u0131k Ortakl\u0131\u011f\u0131","description":"","publisher":{"@id":"https:\/\/www.esin.av.tr\/tr\/#organization"},"potentialAction":[{"@type":"SearchAction","target":{"@type":"EntryPoint","urlTemplate":"https:\/\/www.esin.av.tr\/tr\/?s={search_term_string}"},"query-input":{"@type":"PropertyValueSpecification","valueRequired":true,"valueName":"search_term_string"}}],"inLanguage":"tr"},{"@type":"Organization","@id":"https:\/\/www.esin.av.tr\/tr\/#organization","name":"Esin Avukatl\u0131k Ortakl\u0131\u011f\u0131","url":"https:\/\/www.esin.av.tr\/tr\/","logo":{"@type":"ImageObject","inLanguage":"tr","@id":"https:\/\/www.esin.av.tr\/tr\/#\/schema\/logo\/image\/","url":"https:\/\/www.esin.av.tr\/wp-content\/uploads\/2021\/09\/esin-2.jpg","contentUrl":"https:\/\/www.esin.av.tr\/wp-content\/uploads\/2021\/09\/esin-2.jpg","width":800,"height":460,"caption":"Esin Avukatl\u0131k Ortakl\u0131\u011f\u0131"},"image":{"@id":"https:\/\/www.esin.av.tr\/tr\/#\/schema\/logo\/image\/"}},{"@type":"Person","@id":"https:\/\/www.esin.av.tr\/tr\/#\/schema\/person\/42c8e616aab56b8622fa365ad63282ae","name":"R\u0131dvan Konrat","image":{"@type":"ImageObject","inLanguage":"tr","@id":"https:\/\/www.esin.av.tr\/tr\/#\/schema\/person\/image\/","url":"https:\/\/secure.gravatar.com\/avatar\/b20c6c583be38ed4e76e32f69fccc676?s=96&d=mm&r=g","contentUrl":"https:\/\/secure.gravatar.com\/avatar\/b20c6c583be38ed4e76e32f69fccc676?s=96&d=mm&r=g","caption":"R\u0131dvan Konrat"},"sameAs":["http:\/\/www.esin.av.tr"],"url":"https:\/\/www.esin.av.tr\/tr\/author\/rkonrat\/"}]}},"_links":{"self":[{"href":"https:\/\/www.esin.av.tr\/tr\/wp-json\/wp\/v2\/posts\/13503","targetHints":{"allow":["GET"]}}],"collection":[{"href":"https:\/\/www.esin.av.tr\/tr\/wp-json\/wp\/v2\/posts"}],"about":[{"href":"https:\/\/www.esin.av.tr\/tr\/wp-json\/wp\/v2\/types\/post"}],"author":[{"embeddable":true,"href":"https:\/\/www.esin.av.tr\/tr\/wp-json\/wp\/v2\/users\/4"}],"replies":[{"embeddable":true,"href":"https:\/\/www.esin.av.tr\/tr\/wp-json\/wp\/v2\/comments?post=13503"}],"version-history":[{"count":2,"href":"https:\/\/www.esin.av.tr\/tr\/wp-json\/wp\/v2\/posts\/13503\/revisions"}],"predecessor-version":[{"id":20314,"href":"https:\/\/www.esin.av.tr\/tr\/wp-json\/wp\/v2\/posts\/13503\/revisions\/20314"}],"wp:attachment":[{"href":"https:\/\/www.esin.av.tr\/tr\/wp-json\/wp\/v2\/media?parent=13503"}],"wp:term":[{"taxonomy":"category","embeddable":true,"href":"https:\/\/www.esin.av.tr\/tr\/wp-json\/wp\/v2\/categories?post=13503"},{"taxonomy":"post_tag","embeddable":true,"href":"https:\/\/www.esin.av.tr\/tr\/wp-json\/wp\/v2\/tags?post=13503"}],"curies":[{"name":"wp","href":"https:\/\/api.w.org\/{rel}","templated":true}]}}