{"id":12988,"date":"2019-12-03T09:02:14","date_gmt":"2019-12-03T09:02:14","guid":{"rendered":"https:\/\/www.esin.av.tr\/?p=12988"},"modified":"2022-06-09T12:39:27","modified_gmt":"2022-06-09T12:39:27","slug":"tahsil-imkani-kalmayan-kredilerin-kayittan-dusulmesi-kolaylastirildi","status":"publish","type":"post","link":"https:\/\/www.esin.av.tr\/tr\/2019\/12\/03\/tahsil-imkani-kalmayan-kredilerin-kayittan-dusulmesi-kolaylastirildi\/","title":{"rendered":"Tahsil \u0130mk\u00e2n\u0131 Kalmayan Kredilerin Kay\u0131ttan D\u00fc\u015f\u00fclmesi Kolayla\u015ft\u0131r\u0131ld\u0131"},"content":{"rendered":"<p><strong>Yeni Geli\u015fme<\/strong><\/p>\n<p>Bankac\u0131l\u0131k D\u00fczenleme ve Denetleme Kurumu (\u201c<strong>BDDK<\/strong>\u201d), Kredilerin S\u0131n\u0131fland\u0131r\u0131lmas\u0131 ve Bunlar i\u00e7in Ayr\u0131lacak Kar\u015f\u0131l\u0131klara \u0130li\u015fkin Usul ve Esaslar Hakk\u0131nda Y\u00f6netmelik&#8217;te de\u011fi\u015fiklik (&#8220;<strong>De\u011fi\u015fiklik<\/strong>&#8220;) yapt\u0131. De\u011fi\u015fiklik, 19 Temmuz 2019 tarihinden itibaren ge\u00e7erli olmak \u00fczere 27 Kas\u0131m 2019 tarih ve 30961 say\u0131l\u0131 Resmi Gazete&#8217;de yay\u0131mlanarak y\u00fcr\u00fcrl\u00fc\u011fe girdi.<\/p>\n<p><strong>De\u011fi\u015fiklik Ne Anlama Geliyor?<\/strong><\/p>\n<ul>\n<li>De\u011fi\u015fiklik ile birlikte, \u201cBe\u015finci Grup-Zarar Niteli\u011findeki Krediler\u201d alt\u0131nda s\u0131n\u0131fland\u0131r\u0131lan ve bor\u00e7lunun temerr\u00fcd\u00fc nedeniyle \u00f6m\u00fcr boyu beklenen kredi zarar\u0131 kar\u015f\u0131l\u0131\u011f\u0131 veya \u00f6zel kar\u015f\u0131l\u0131k ayr\u0131lan kredilerin geri kazan\u0131lmas\u0131na ili\u015fkin makul beklentiler bulunmayan k\u0131sm\u0131, bu grupta s\u0131n\u0131fland\u0131r\u0131lmalar\u0131n\u0131 takip eden ilk raporlama d\u00f6neminden itibaren TFRS 9 kapsam\u0131nda kay\u0131tlardan d\u00fc\u015f\u00fclebilecek.<\/li>\n<li>Bununla birlikte, tahsil imk\u00e2n\u0131 kalmayan kredilerin kay\u0131tlardan d\u00fc\u015f\u00fclmesi bir muhasebe uygulamas\u0131 niteli\u011finde olacak ve alacak hakk\u0131ndan vazge\u00e7ilmesi sonucunu do\u011furmayacak.<\/li>\n<li>Kredilerin geri kazan\u0131lmas\u0131 i\u00e7in makul beklentilerin bulunmad\u0131\u011f\u0131na ili\u015fkin g\u00f6stergeler ve kay\u0131ttan d\u00fc\u015fme politikas\u0131 ile TFRS 9 kapsam\u0131nda d\u00f6nem i\u00e7inde kay\u0131ttan d\u00fc\u015f\u00fclen tutarlar ve bunun takibe d\u00f6n\u00fc\u015f\u00fcm oran\u0131na olan etkisinin finansal tablolar\u0131n dipnotlar\u0131nda a\u00e7\u0131klanmas\u0131 gerekecek.<\/li>\n<\/ul>\n<p><strong>Sonu\u00e7<\/strong><\/p>\n<p>De\u011fi\u015fiklik ile beraber tahsil imk\u00e2n\u0131 kalmayan kredilerin kay\u0131ttan d\u00fc\u015f\u00fclmesi kolayla\u015ft\u0131r\u0131larak bankalar\u0131n bilan\u00e7olar\u0131n\u0131n rahatlat\u0131lmas\u0131 ama\u00e7lan\u0131yor.<\/p>\n","protected":false},"excerpt":{"rendered":"<p>Yeni Geli\u015fme Bankac\u0131l\u0131k D\u00fczenleme ve Denetleme Kurumu (\u201cBDDK\u201d), Kredilerin S\u0131n\u0131fland\u0131r\u0131lmas\u0131 ve Bunlar i\u00e7in Ayr\u0131lacak Kar\u015f\u0131l\u0131klara \u0130li\u015fkin Usul ve Esaslar Hakk\u0131nda [&hellip;]<\/p>\n","protected":false},"author":4,"featured_media":0,"comment_status":"closed","ping_status":"closed","sticky":false,"template":"","format":"standard","meta":{"_acf_changed":false,"_stopmodifiedupdate":false,"_modified_date":"","footnotes":""},"categories":[120],"tags":[90],"class_list":["post-12988","post","type-post","status-publish","format-standard","hentry","category-legal-alerts","tag-banking-finance-tr"],"acf":[],"yoast_head":"<!-- This site is optimized with the Yoast SEO plugin v24.0 - https:\/\/yoast.com\/wordpress\/plugins\/seo\/ -->\n<title>Tahsil \u0130mk\u00e2n\u0131 Kalmayan Kredilerin Kay\u0131ttan D\u00fc\u015f\u00fclmesi Kolayla\u015ft\u0131r\u0131ld\u0131<\/title>\n<meta name=\"description\" content=\"Yeni Geli\u015fme Bankac\u0131l\u0131k D\u00fczenleme ve Denetleme Kurumu (\u201cBDDK\u201d), Kredilerin S\u0131n\u0131fland\u0131r\u0131lmas\u0131 ve Bunlar i\u00e7in Ayr\u0131lacak Kar\u015f\u0131l\u0131klara \u0130li\u015fkin Usul ve Esaslar\" \/>\n<meta name=\"robots\" content=\"index, follow, max-snippet:-1, max-image-preview:large, max-video-preview:-1\" \/>\n<link rel=\"canonical\" href=\"https:\/\/www.esin.av.tr\/tr\/2019\/12\/03\/tahsil-imkani-kalmayan-kredilerin-kayittan-dusulmesi-kolaylastirildi\/\" \/>\n<meta property=\"og:locale\" content=\"tr_TR\" \/>\n<meta property=\"og:type\" content=\"article\" \/>\n<meta property=\"og:title\" content=\"Tahsil \u0130mk\u00e2n\u0131 Kalmayan Kredilerin Kay\u0131ttan D\u00fc\u015f\u00fclmesi Kolayla\u015ft\u0131r\u0131ld\u0131\" \/>\n<meta property=\"og:description\" content=\"Yeni Geli\u015fme Bankac\u0131l\u0131k D\u00fczenleme ve Denetleme Kurumu (\u201cBDDK\u201d), Kredilerin S\u0131n\u0131fland\u0131r\u0131lmas\u0131 ve Bunlar i\u00e7in Ayr\u0131lacak Kar\u015f\u0131l\u0131klara \u0130li\u015fkin Usul ve Esaslar\" \/>\n<meta property=\"og:url\" content=\"https:\/\/www.esin.av.tr\/tr\/2019\/12\/03\/tahsil-imkani-kalmayan-kredilerin-kayittan-dusulmesi-kolaylastirildi\/\" \/>\n<meta property=\"og:site_name\" content=\"Esin Avukatl\u0131k Ortakl\u0131\u011f\u0131\" \/>\n<meta property=\"article:published_time\" content=\"2019-12-03T09:02:14+00:00\" \/>\n<meta property=\"article:modified_time\" content=\"2022-06-09T12:39:27+00:00\" \/>\n<meta name=\"author\" content=\"R\u0131dvan Konrat\" \/>\n<meta name=\"twitter:card\" content=\"summary_large_image\" \/>\n<meta name=\"twitter:label1\" content=\"Written by\" \/>\n\t<meta name=\"twitter:data1\" content=\"R\u0131dvan Konrat\" \/>\n\t<meta name=\"twitter:label2\" content=\"Est. reading time\" \/>\n\t<meta name=\"twitter:data2\" content=\"1 minute\" \/>\n<script type=\"application\/ld+json\" class=\"yoast-schema-graph\">{\"@context\":\"https:\/\/schema.org\",\"@graph\":[{\"@type\":\"Article\",\"@id\":\"https:\/\/www.esin.av.tr\/tr\/2019\/12\/03\/tahsil-imkani-kalmayan-kredilerin-kayittan-dusulmesi-kolaylastirildi\/#article\",\"isPartOf\":{\"@id\":\"https:\/\/www.esin.av.tr\/tr\/2019\/12\/03\/tahsil-imkani-kalmayan-kredilerin-kayittan-dusulmesi-kolaylastirildi\/\"},\"author\":{\"name\":\"R\u0131dvan Konrat\",\"@id\":\"https:\/\/www.esin.av.tr\/tr\/#\/schema\/person\/42c8e616aab56b8622fa365ad63282ae\"},\"headline\":\"Tahsil \u0130mk\u00e2n\u0131 Kalmayan Kredilerin Kay\u0131ttan D\u00fc\u015f\u00fclmesi Kolayla\u015ft\u0131r\u0131ld\u0131\",\"datePublished\":\"2019-12-03T09:02:14+00:00\",\"dateModified\":\"2022-06-09T12:39:27+00:00\",\"mainEntityOfPage\":{\"@id\":\"https:\/\/www.esin.av.tr\/tr\/2019\/12\/03\/tahsil-imkani-kalmayan-kredilerin-kayittan-dusulmesi-kolaylastirildi\/\"},\"wordCount\":269,\"publisher\":{\"@id\":\"https:\/\/www.esin.av.tr\/tr\/#organization\"},\"keywords\":[\"Bankac\u0131l\u0131k ve Finans\"],\"articleSection\":[\"Hukuk B\u00fcltenleri\"],\"inLanguage\":\"tr\"},{\"@type\":\"WebPage\",\"@id\":\"https:\/\/www.esin.av.tr\/tr\/2019\/12\/03\/tahsil-imkani-kalmayan-kredilerin-kayittan-dusulmesi-kolaylastirildi\/\",\"url\":\"https:\/\/www.esin.av.tr\/tr\/2019\/12\/03\/tahsil-imkani-kalmayan-kredilerin-kayittan-dusulmesi-kolaylastirildi\/\",\"name\":\"Tahsil \u0130mk\u00e2n\u0131 Kalmayan Kredilerin Kay\u0131ttan D\u00fc\u015f\u00fclmesi Kolayla\u015ft\u0131r\u0131ld\u0131\",\"isPartOf\":{\"@id\":\"https:\/\/www.esin.av.tr\/tr\/#website\"},\"datePublished\":\"2019-12-03T09:02:14+00:00\",\"dateModified\":\"2022-06-09T12:39:27+00:00\",\"description\":\"Yeni Geli\u015fme Bankac\u0131l\u0131k D\u00fczenleme ve Denetleme Kurumu (\u201cBDDK\u201d), Kredilerin S\u0131n\u0131fland\u0131r\u0131lmas\u0131 ve Bunlar i\u00e7in Ayr\u0131lacak Kar\u015f\u0131l\u0131klara \u0130li\u015fkin Usul ve Esaslar\",\"breadcrumb\":{\"@id\":\"https:\/\/www.esin.av.tr\/tr\/2019\/12\/03\/tahsil-imkani-kalmayan-kredilerin-kayittan-dusulmesi-kolaylastirildi\/#breadcrumb\"},\"inLanguage\":\"tr\",\"potentialAction\":[{\"@type\":\"ReadAction\",\"target\":[\"https:\/\/www.esin.av.tr\/tr\/2019\/12\/03\/tahsil-imkani-kalmayan-kredilerin-kayittan-dusulmesi-kolaylastirildi\/\"]}]},{\"@type\":\"BreadcrumbList\",\"@id\":\"https:\/\/www.esin.av.tr\/tr\/2019\/12\/03\/tahsil-imkani-kalmayan-kredilerin-kayittan-dusulmesi-kolaylastirildi\/#breadcrumb\",\"itemListElement\":[{\"@type\":\"ListItem\",\"position\":1,\"name\":\"Home\",\"item\":\"https:\/\/www.esin.av.tr\/tr\/\"},{\"@type\":\"ListItem\",\"position\":2,\"name\":\"Tahsil \u0130mk\u00e2n\u0131 Kalmayan Kredilerin Kay\u0131ttan D\u00fc\u015f\u00fclmesi Kolayla\u015ft\u0131r\u0131ld\u0131\"}]},{\"@type\":\"WebSite\",\"@id\":\"https:\/\/www.esin.av.tr\/tr\/#website\",\"url\":\"https:\/\/www.esin.av.tr\/tr\/\",\"name\":\"Esin Avukatl\u0131k Ortakl\u0131\u011f\u0131\",\"description\":\"\",\"publisher\":{\"@id\":\"https:\/\/www.esin.av.tr\/tr\/#organization\"},\"potentialAction\":[{\"@type\":\"SearchAction\",\"target\":{\"@type\":\"EntryPoint\",\"urlTemplate\":\"https:\/\/www.esin.av.tr\/tr\/?s={search_term_string}\"},\"query-input\":{\"@type\":\"PropertyValueSpecification\",\"valueRequired\":true,\"valueName\":\"search_term_string\"}}],\"inLanguage\":\"tr\"},{\"@type\":\"Organization\",\"@id\":\"https:\/\/www.esin.av.tr\/tr\/#organization\",\"name\":\"Esin Avukatl\u0131k Ortakl\u0131\u011f\u0131\",\"url\":\"https:\/\/www.esin.av.tr\/tr\/\",\"logo\":{\"@type\":\"ImageObject\",\"inLanguage\":\"tr\",\"@id\":\"https:\/\/www.esin.av.tr\/tr\/#\/schema\/logo\/image\/\",\"url\":\"https:\/\/www.esin.av.tr\/wp-content\/uploads\/2021\/09\/esin-2.jpg\",\"contentUrl\":\"https:\/\/www.esin.av.tr\/wp-content\/uploads\/2021\/09\/esin-2.jpg\",\"width\":800,\"height\":460,\"caption\":\"Esin Avukatl\u0131k Ortakl\u0131\u011f\u0131\"},\"image\":{\"@id\":\"https:\/\/www.esin.av.tr\/tr\/#\/schema\/logo\/image\/\"}},{\"@type\":\"Person\",\"@id\":\"https:\/\/www.esin.av.tr\/tr\/#\/schema\/person\/42c8e616aab56b8622fa365ad63282ae\",\"name\":\"R\u0131dvan Konrat\",\"image\":{\"@type\":\"ImageObject\",\"inLanguage\":\"tr\",\"@id\":\"https:\/\/www.esin.av.tr\/tr\/#\/schema\/person\/image\/\",\"url\":\"https:\/\/secure.gravatar.com\/avatar\/b20c6c583be38ed4e76e32f69fccc676?s=96&d=mm&r=g\",\"contentUrl\":\"https:\/\/secure.gravatar.com\/avatar\/b20c6c583be38ed4e76e32f69fccc676?s=96&d=mm&r=g\",\"caption\":\"R\u0131dvan Konrat\"},\"sameAs\":[\"http:\/\/www.esin.av.tr\"],\"url\":\"https:\/\/www.esin.av.tr\/tr\/author\/rkonrat\/\"}]}<\/script>\n<!-- \/ Yoast SEO plugin. -->","yoast_head_json":{"title":"Tahsil \u0130mk\u00e2n\u0131 Kalmayan Kredilerin Kay\u0131ttan D\u00fc\u015f\u00fclmesi Kolayla\u015ft\u0131r\u0131ld\u0131","description":"Yeni Geli\u015fme Bankac\u0131l\u0131k D\u00fczenleme ve Denetleme Kurumu (\u201cBDDK\u201d), Kredilerin S\u0131n\u0131fland\u0131r\u0131lmas\u0131 ve Bunlar i\u00e7in Ayr\u0131lacak Kar\u015f\u0131l\u0131klara \u0130li\u015fkin Usul ve Esaslar","robots":{"index":"index","follow":"follow","max-snippet":"max-snippet:-1","max-image-preview":"max-image-preview:large","max-video-preview":"max-video-preview:-1"},"canonical":"https:\/\/www.esin.av.tr\/tr\/2019\/12\/03\/tahsil-imkani-kalmayan-kredilerin-kayittan-dusulmesi-kolaylastirildi\/","og_locale":"tr_TR","og_type":"article","og_title":"Tahsil \u0130mk\u00e2n\u0131 Kalmayan Kredilerin Kay\u0131ttan D\u00fc\u015f\u00fclmesi Kolayla\u015ft\u0131r\u0131ld\u0131","og_description":"Yeni Geli\u015fme Bankac\u0131l\u0131k D\u00fczenleme ve Denetleme Kurumu (\u201cBDDK\u201d), Kredilerin S\u0131n\u0131fland\u0131r\u0131lmas\u0131 ve Bunlar i\u00e7in Ayr\u0131lacak Kar\u015f\u0131l\u0131klara \u0130li\u015fkin Usul ve Esaslar","og_url":"https:\/\/www.esin.av.tr\/tr\/2019\/12\/03\/tahsil-imkani-kalmayan-kredilerin-kayittan-dusulmesi-kolaylastirildi\/","og_site_name":"Esin Avukatl\u0131k Ortakl\u0131\u011f\u0131","article_published_time":"2019-12-03T09:02:14+00:00","article_modified_time":"2022-06-09T12:39:27+00:00","author":"R\u0131dvan Konrat","twitter_card":"summary_large_image","twitter_misc":{"Written by":"R\u0131dvan Konrat","Est. reading time":"1 minute"},"schema":{"@context":"https:\/\/schema.org","@graph":[{"@type":"Article","@id":"https:\/\/www.esin.av.tr\/tr\/2019\/12\/03\/tahsil-imkani-kalmayan-kredilerin-kayittan-dusulmesi-kolaylastirildi\/#article","isPartOf":{"@id":"https:\/\/www.esin.av.tr\/tr\/2019\/12\/03\/tahsil-imkani-kalmayan-kredilerin-kayittan-dusulmesi-kolaylastirildi\/"},"author":{"name":"R\u0131dvan Konrat","@id":"https:\/\/www.esin.av.tr\/tr\/#\/schema\/person\/42c8e616aab56b8622fa365ad63282ae"},"headline":"Tahsil \u0130mk\u00e2n\u0131 Kalmayan Kredilerin Kay\u0131ttan D\u00fc\u015f\u00fclmesi Kolayla\u015ft\u0131r\u0131ld\u0131","datePublished":"2019-12-03T09:02:14+00:00","dateModified":"2022-06-09T12:39:27+00:00","mainEntityOfPage":{"@id":"https:\/\/www.esin.av.tr\/tr\/2019\/12\/03\/tahsil-imkani-kalmayan-kredilerin-kayittan-dusulmesi-kolaylastirildi\/"},"wordCount":269,"publisher":{"@id":"https:\/\/www.esin.av.tr\/tr\/#organization"},"keywords":["Bankac\u0131l\u0131k ve Finans"],"articleSection":["Hukuk B\u00fcltenleri"],"inLanguage":"tr"},{"@type":"WebPage","@id":"https:\/\/www.esin.av.tr\/tr\/2019\/12\/03\/tahsil-imkani-kalmayan-kredilerin-kayittan-dusulmesi-kolaylastirildi\/","url":"https:\/\/www.esin.av.tr\/tr\/2019\/12\/03\/tahsil-imkani-kalmayan-kredilerin-kayittan-dusulmesi-kolaylastirildi\/","name":"Tahsil \u0130mk\u00e2n\u0131 Kalmayan Kredilerin Kay\u0131ttan D\u00fc\u015f\u00fclmesi Kolayla\u015ft\u0131r\u0131ld\u0131","isPartOf":{"@id":"https:\/\/www.esin.av.tr\/tr\/#website"},"datePublished":"2019-12-03T09:02:14+00:00","dateModified":"2022-06-09T12:39:27+00:00","description":"Yeni Geli\u015fme Bankac\u0131l\u0131k D\u00fczenleme ve Denetleme Kurumu (\u201cBDDK\u201d), Kredilerin S\u0131n\u0131fland\u0131r\u0131lmas\u0131 ve Bunlar i\u00e7in Ayr\u0131lacak Kar\u015f\u0131l\u0131klara \u0130li\u015fkin Usul ve Esaslar","breadcrumb":{"@id":"https:\/\/www.esin.av.tr\/tr\/2019\/12\/03\/tahsil-imkani-kalmayan-kredilerin-kayittan-dusulmesi-kolaylastirildi\/#breadcrumb"},"inLanguage":"tr","potentialAction":[{"@type":"ReadAction","target":["https:\/\/www.esin.av.tr\/tr\/2019\/12\/03\/tahsil-imkani-kalmayan-kredilerin-kayittan-dusulmesi-kolaylastirildi\/"]}]},{"@type":"BreadcrumbList","@id":"https:\/\/www.esin.av.tr\/tr\/2019\/12\/03\/tahsil-imkani-kalmayan-kredilerin-kayittan-dusulmesi-kolaylastirildi\/#breadcrumb","itemListElement":[{"@type":"ListItem","position":1,"name":"Home","item":"https:\/\/www.esin.av.tr\/tr\/"},{"@type":"ListItem","position":2,"name":"Tahsil \u0130mk\u00e2n\u0131 Kalmayan Kredilerin Kay\u0131ttan D\u00fc\u015f\u00fclmesi Kolayla\u015ft\u0131r\u0131ld\u0131"}]},{"@type":"WebSite","@id":"https:\/\/www.esin.av.tr\/tr\/#website","url":"https:\/\/www.esin.av.tr\/tr\/","name":"Esin Avukatl\u0131k Ortakl\u0131\u011f\u0131","description":"","publisher":{"@id":"https:\/\/www.esin.av.tr\/tr\/#organization"},"potentialAction":[{"@type":"SearchAction","target":{"@type":"EntryPoint","urlTemplate":"https:\/\/www.esin.av.tr\/tr\/?s={search_term_string}"},"query-input":{"@type":"PropertyValueSpecification","valueRequired":true,"valueName":"search_term_string"}}],"inLanguage":"tr"},{"@type":"Organization","@id":"https:\/\/www.esin.av.tr\/tr\/#organization","name":"Esin Avukatl\u0131k Ortakl\u0131\u011f\u0131","url":"https:\/\/www.esin.av.tr\/tr\/","logo":{"@type":"ImageObject","inLanguage":"tr","@id":"https:\/\/www.esin.av.tr\/tr\/#\/schema\/logo\/image\/","url":"https:\/\/www.esin.av.tr\/wp-content\/uploads\/2021\/09\/esin-2.jpg","contentUrl":"https:\/\/www.esin.av.tr\/wp-content\/uploads\/2021\/09\/esin-2.jpg","width":800,"height":460,"caption":"Esin Avukatl\u0131k Ortakl\u0131\u011f\u0131"},"image":{"@id":"https:\/\/www.esin.av.tr\/tr\/#\/schema\/logo\/image\/"}},{"@type":"Person","@id":"https:\/\/www.esin.av.tr\/tr\/#\/schema\/person\/42c8e616aab56b8622fa365ad63282ae","name":"R\u0131dvan Konrat","image":{"@type":"ImageObject","inLanguage":"tr","@id":"https:\/\/www.esin.av.tr\/tr\/#\/schema\/person\/image\/","url":"https:\/\/secure.gravatar.com\/avatar\/b20c6c583be38ed4e76e32f69fccc676?s=96&d=mm&r=g","contentUrl":"https:\/\/secure.gravatar.com\/avatar\/b20c6c583be38ed4e76e32f69fccc676?s=96&d=mm&r=g","caption":"R\u0131dvan Konrat"},"sameAs":["http:\/\/www.esin.av.tr"],"url":"https:\/\/www.esin.av.tr\/tr\/author\/rkonrat\/"}]}},"_links":{"self":[{"href":"https:\/\/www.esin.av.tr\/tr\/wp-json\/wp\/v2\/posts\/12988","targetHints":{"allow":["GET"]}}],"collection":[{"href":"https:\/\/www.esin.av.tr\/tr\/wp-json\/wp\/v2\/posts"}],"about":[{"href":"https:\/\/www.esin.av.tr\/tr\/wp-json\/wp\/v2\/types\/post"}],"author":[{"embeddable":true,"href":"https:\/\/www.esin.av.tr\/tr\/wp-json\/wp\/v2\/users\/4"}],"replies":[{"embeddable":true,"href":"https:\/\/www.esin.av.tr\/tr\/wp-json\/wp\/v2\/comments?post=12988"}],"version-history":[{"count":1,"href":"https:\/\/www.esin.av.tr\/tr\/wp-json\/wp\/v2\/posts\/12988\/revisions"}],"predecessor-version":[{"id":12989,"href":"https:\/\/www.esin.av.tr\/tr\/wp-json\/wp\/v2\/posts\/12988\/revisions\/12989"}],"wp:attachment":[{"href":"https:\/\/www.esin.av.tr\/tr\/wp-json\/wp\/v2\/media?parent=12988"}],"wp:term":[{"taxonomy":"category","embeddable":true,"href":"https:\/\/www.esin.av.tr\/tr\/wp-json\/wp\/v2\/categories?post=12988"},{"taxonomy":"post_tag","embeddable":true,"href":"https:\/\/www.esin.av.tr\/tr\/wp-json\/wp\/v2\/tags?post=12988"}],"curies":[{"name":"wp","href":"https:\/\/api.w.org\/{rel}","templated":true}]}}