{"id":12980,"date":"2019-12-02T13:09:47","date_gmt":"2019-12-02T13:09:47","guid":{"rendered":"https:\/\/www.esin.av.tr\/?p=12980"},"modified":"2022-06-09T12:39:29","modified_gmt":"2022-06-09T12:39:29","slug":"kars-insanlik-aniti-karari-anayasa-mahkemesi-eser-sahibinin-ifade-ozgurlugunu-ustun-tuttu","status":"publish","type":"post","link":"https:\/\/www.esin.av.tr\/tr\/2019\/12\/02\/kars-insanlik-aniti-karari-anayasa-mahkemesi-eser-sahibinin-ifade-ozgurlugunu-ustun-tuttu\/","title":{"rendered":"Kars &#8220;\u0130nsanl\u0131k An\u0131t\u0131&#8221; Karar\u0131: Anayasa Mahkemesi Eser Sahibinin \u0130fade \u00d6zg\u00fcrl\u00fc\u011f\u00fcn\u00fc \u00dcst\u00fcn Tuttu"},"content":{"rendered":"<p><strong>Yeni Geli\u015fme<\/strong><\/p>\n<p>Anayasa Mahkemesi (&#8220;<strong>AYM<\/strong>&#8220;), 11 Temmuz 2019 tarihli, 2014\/5433 Numaral\u0131 Karar&#8217;\u0131nda (&#8220;<strong>Karar<\/strong>&#8220;), Mehmet Aksoy&#8217;un (&#8220;<strong>Ba\u015fvurucu<\/strong>&#8220;) eser sahibi oldu\u011fu &#8220;\u0130nsanl\u0131k An\u0131t\u0131&#8221; heykelinin 2011 y\u0131l\u0131nda y\u0131kt\u0131r\u0131lmas\u0131 nedeniyle ifade \u00f6zg\u00fcrl\u00fc\u011f\u00fcn\u00fcn ihlal edildi\u011fi iddias\u0131yla yapt\u0131\u011f\u0131 bireysel ba\u015fvuruyu inceleyerek, ba\u015fvurucuya 20.000 TL de\u011ferinde manevi tazminat \u00f6denmesine oy \u00e7oklu\u011fuyla h\u00fckmetti. Karar, 25 Kas\u0131m 2019 tarihli Resmi Gazete&#8217;de yay\u0131mland\u0131.<\/p>\n<p><strong>Bireysel Ba\u015fvurunun Arka Plan\u0131<\/strong><\/p>\n<p>2005 y\u0131l\u0131nda, Kars Belediye Meclisi taraf\u0131ndan Kars&#8217;\u0131n bulundu\u011fu k\u00fclt\u00fcr co\u011frafyas\u0131nda bar\u0131\u015f ve dostlu\u011fu simgelemesi amac\u0131yla, &#8220;\u0130nsanl\u0131k An\u0131t\u0131&#8221;n\u0131n yapt\u0131r\u0131lmas\u0131na karar verilmi\u015ftir.<\/p>\n<p>Heykelin in\u015fa edilmesinin ard\u0131ndan Kurul, b\u00f6lgede \u0130kinci D\u00fcnya Sava\u015f\u0131 s\u0131ras\u0131nda yap\u0131lan t\u00fcfek mevzileri ve tonozlu yap\u0131lar bulundu\u011fu ve bu nedenle b\u00f6lgenin k\u00fclt\u00fcr varl\u0131\u011f\u0131 \u00f6zelli\u011fi ta\u015f\u0131d\u0131\u011f\u0131 y\u00f6n\u00fcnde bulgular elde etti\u011fi gerek\u00e7esiyle heykelin bulundu\u011fu alandaki yap\u0131lar\u0131n y\u0131kt\u0131r\u0131lmas\u0131na karar vermi\u015ftir ve bunun \u00fczerine Belediye Meclisi&#8217;nin karar\u0131yla \u0130nsanl\u0131k An\u0131t\u0131 y\u0131k\u0131lm\u0131\u015ft\u0131r. Birbiriyle \u00e7eli\u015fkili kararlar ve uzun bir hukuki s\u00fcrecin sonunda Ba\u015fvurucu&#8217;nun iptal talebi reddedilmi\u015f ve bu karar Yarg\u0131tay taraf\u0131ndan onanm\u0131\u015ft\u0131r.<\/p>\n<p>Heykele ili\u015fkin tart\u0131\u015fmalar \u00f6zellikle ulusal ve uluslararas\u0131 bas\u0131nda geni\u015f \u015fekilde yer alm\u0131\u015f, say\u0131s\u0131z sanat\u00e7\u0131 ve dernek bir araya gelerek heykelin y\u0131kt\u0131r\u0131lmamas\u0131 i\u00e7in \u00e7al\u0131\u015fmalarda bulunmu\u015ftur.<\/p>\n<p>\u0130\u00e7 yarg\u0131 yolunun t\u00fcketilmesi \u00fczerine, Ba\u015fvurucu 2014 y\u0131l\u0131nda AYM\u2019ye bireysel ba\u015fvuruda bulunmu\u015ftur.<br \/>\nBa\u015fvurucu bireysel ba\u015fvurusunda, sanat eserlerinin ifade \u00f6zg\u00fcrl\u00fc\u011f\u00fcn\u00fcn bir uzant\u0131s\u0131 oldu\u011funu, devletin sanat eserlerine \u00f6znel de\u011ferlendirmelerle m\u00fcdahale etmesinin ifade \u00f6zg\u00fcrl\u00fc\u011f\u00fcn\u00fcn ihlaline neden oldu\u011funu ve bununla birlikte adli yarg\u0131lanma hakk\u0131n\u0131n ihlal edildi\u011fini, iddia ederek Anayasa&#8217;n\u0131n 2., 26., 64. ve 138. maddelerince korunan haklar\u0131n\u0131n ihlalinin tespitini ve manevi tazminata karar verilmesini talep etmi\u015ftir.<\/p>\n<p><strong>Anayasa Mahkemesi&#8217;nin Karar\u0131 ve Gerek\u00e7eleri<\/strong><\/p>\n<p>AYM, Karar&#8217;\u0131nda Ba\u015fvurucu&#8217;nun t\u00fcm hukuki yollar\u0131 t\u00fcketti\u011fini tespit ettikten sonra, &#8220;\u0130nsanl\u0131k An\u0131t\u0131&#8221;n\u0131n 5846 Say\u0131l\u0131 Fikir ve Sanat Eserleri Kanunu (&#8220;<strong>FSEK<\/strong>&#8220;) anlam\u0131nda eser, Ba\u015fvurucu&#8217;nun da eser sahibi oldu\u011funu tespit etmi\u015f ve sonras\u0131nda heykelin kamu g\u00fcc\u00fc kullanan organlarca y\u0131k\u0131lmas\u0131n\u0131n, ifade \u00f6zg\u00fcrl\u00fc\u011f\u00fcne bir m\u00fcdahale oldu\u011funa kanaat getirmi\u015ftir.<\/p>\n<p>Bu do\u011frultuda, AYM &#8220;\u0130fade \u00f6zg\u00fcrl\u00fc\u011f\u00fcn\u00fcn bir alt dal\u0131 olan sanatsal ifade \u00f6zg\u00fcrl\u00fc\u011f\u00fc, sanat\u00e7\u0131n\u0131n \u00e7al\u0131\u015fmalar\u0131n \u00f6zg\u00fcrce y\u00fcr\u00fcterek m\u00fcdahaleye u\u011framamas\u0131n\u0131 g\u00fcvence alt\u0131na almaktad\u0131r. \u0130fade \u00f6zg\u00fcrl\u00fc\u011f\u00fc siyasi, sanatsal, akademik veya d\u00fc\u015f\u00fcnce ve kanaat a\u00e7\u0131klamalar\u0131 gibi her t\u00fcrl\u00fc ifadeyi kapsam\u0131na almaktad\u0131r&#8221; diyerek ifade \u00f6zg\u00fcrl\u00fc\u011f\u00fcn\u00fcn koruma kapsam\u0131n\u0131n \u00e7er\u00e7evesini \u00e7izmi\u015f ve devletin sanat eserini meydana getiren ki\u015filerin ifade \u00f6zg\u00fcrl\u00fcklerine gereksiz m\u00fcdahalelerde bulunmama y\u00fck\u00fcml\u00fcl\u00fc\u011f\u00fc oldu\u011funu da eklemi\u015ftir.<\/p>\n<p>Karar&#8217;da, sanat eserinin tahrip edilmeden ba\u015fka bir yere naklinin m\u00fcmk\u00fcn olup olmad\u0131\u011f\u0131 ara\u015ft\u0131r\u0131lmadan, \u00e7\u00f6z\u00fclmesi i\u00e7in gerekli m\u00fczakereler yap\u0131lmas\u0131 konusunda bir \u00e7aba g\u00f6sterilmeden, eser do\u011frudan tahrip edildi\u011finden, devletin sanat eserinin korunmas\u0131na ili\u015fkin y\u00fck\u00fcml\u00fcl\u00fc\u011f\u00fcn\u00fc yerine getirmedi\u011fine karar verilmi\u015ftir.<\/p>\n<p><strong>Sonu\u00e7<\/strong><\/p>\n<p>AYM bu karar\u0131nda, eser sahibinin eserden do\u011fan manevi haklar\u0131na da de\u011finerek, bir sanat eseri kamu g\u00fcc\u00fcn\u00fc kullanan organlar taraf\u0131ndan tahrip edilmeden \u00f6nce bu sorunu gidermede ba\u015fvurulabilecek alternatif yollar\u0131n ara\u015ft\u0131r\u0131lmas\u0131 gerekti\u011fine ve ki\u015filerin ifade \u00f6zg\u00fcrl\u00fcklerinin keyfi olarak s\u0131n\u0131rland\u0131r\u0131lamayaca\u011f\u0131na vurgu yapm\u0131\u015f ve eserin tahrip edilmesini ifade \u00f6zg\u00fcrl\u00fc\u011f\u00fcne ayk\u0131r\u0131 bulmu\u015ftur. Bu kararla hem devletin sanat eserini koruma y\u00fck\u00fcml\u00fcl\u00fc\u011f\u00fcn\u00fcn \u00f6nemine de\u011finilmi\u015f, hem de sanat\u00e7\u0131n\u0131n ifade \u00f6zg\u00fcrl\u00fc\u011f\u00fcne ili\u015fkin olumlu bir ad\u0131m at\u0131lm\u0131\u015ft\u0131r.<\/p>\n","protected":false},"excerpt":{"rendered":"<p>Yeni Geli\u015fme Anayasa Mahkemesi (&#8220;AYM&#8220;), 11 Temmuz 2019 tarihli, 2014\/5433 Numaral\u0131 Karar&#8217;\u0131nda (&#8220;Karar&#8220;), Mehmet Aksoy&#8217;un (&#8220;Ba\u015fvurucu&#8220;) eser sahibi oldu\u011fu &#8220;\u0130nsanl\u0131k [&hellip;]<\/p>\n","protected":false},"author":4,"featured_media":0,"comment_status":"closed","ping_status":"closed","sticky":false,"template":"","format":"standard","meta":{"_acf_changed":false,"_stopmodifiedupdate":false,"_modified_date":"","footnotes":""},"categories":[120],"tags":[91],"class_list":["post-12980","post","type-post","status-publish","format-standard","hentry","category-legal-alerts","tag-intellectual-property-tr"],"acf":[],"yoast_head":"<!-- This site is optimized with the Yoast SEO plugin v24.0 - https:\/\/yoast.com\/wordpress\/plugins\/seo\/ -->\n<title>Kars &quot;\u0130nsanl\u0131k An\u0131t\u0131&quot; Karar\u0131: Anayasa Mahkemesi Eser Sahibinin \u0130fade \u00d6zg\u00fcrl\u00fc\u011f\u00fcn\u00fc \u00dcst\u00fcn Tuttu<\/title>\n<meta name=\"description\" content=\"Yeni Geli\u015fme Anayasa Mahkemesi (&quot;AYM&quot;), 11 Temmuz 2019 tarihli, 2014\/5433 Numaral\u0131 Karar&#039;\u0131nda (&quot;Karar&quot;), Mehmet Aksoy&#039;un (&quot;Ba\u015fvurucu&quot;) eser sahibi oldu\u011fu\" \/>\n<meta name=\"robots\" content=\"index, follow, max-snippet:-1, max-image-preview:large, max-video-preview:-1\" \/>\n<link rel=\"canonical\" href=\"https:\/\/www.esin.av.tr\/tr\/2019\/12\/02\/kars-insanlik-aniti-karari-anayasa-mahkemesi-eser-sahibinin-ifade-ozgurlugunu-ustun-tuttu\/\" \/>\n<meta property=\"og:locale\" content=\"tr_TR\" \/>\n<meta property=\"og:type\" content=\"article\" \/>\n<meta property=\"og:title\" content=\"Kars &quot;\u0130nsanl\u0131k An\u0131t\u0131&quot; Karar\u0131: Anayasa Mahkemesi Eser Sahibinin \u0130fade \u00d6zg\u00fcrl\u00fc\u011f\u00fcn\u00fc \u00dcst\u00fcn Tuttu\" \/>\n<meta property=\"og:description\" content=\"Yeni Geli\u015fme Anayasa Mahkemesi (&quot;AYM&quot;), 11 Temmuz 2019 tarihli, 2014\/5433 Numaral\u0131 Karar&#039;\u0131nda (&quot;Karar&quot;), Mehmet Aksoy&#039;un (&quot;Ba\u015fvurucu&quot;) eser sahibi oldu\u011fu\" \/>\n<meta property=\"og:url\" content=\"https:\/\/www.esin.av.tr\/tr\/2019\/12\/02\/kars-insanlik-aniti-karari-anayasa-mahkemesi-eser-sahibinin-ifade-ozgurlugunu-ustun-tuttu\/\" \/>\n<meta property=\"og:site_name\" content=\"Esin Avukatl\u0131k Ortakl\u0131\u011f\u0131\" \/>\n<meta property=\"article:published_time\" content=\"2019-12-02T13:09:47+00:00\" \/>\n<meta property=\"article:modified_time\" content=\"2022-06-09T12:39:29+00:00\" \/>\n<meta name=\"author\" content=\"R\u0131dvan Konrat\" \/>\n<meta name=\"twitter:card\" content=\"summary_large_image\" \/>\n<meta name=\"twitter:label1\" content=\"Written by\" \/>\n\t<meta name=\"twitter:data1\" content=\"R\u0131dvan Konrat\" \/>\n\t<meta name=\"twitter:label2\" content=\"Est. reading time\" \/>\n\t<meta name=\"twitter:data2\" content=\"3 minutes\" \/>\n<script type=\"application\/ld+json\" class=\"yoast-schema-graph\">{\"@context\":\"https:\/\/schema.org\",\"@graph\":[{\"@type\":\"Article\",\"@id\":\"https:\/\/www.esin.av.tr\/tr\/2019\/12\/02\/kars-insanlik-aniti-karari-anayasa-mahkemesi-eser-sahibinin-ifade-ozgurlugunu-ustun-tuttu\/#article\",\"isPartOf\":{\"@id\":\"https:\/\/www.esin.av.tr\/tr\/2019\/12\/02\/kars-insanlik-aniti-karari-anayasa-mahkemesi-eser-sahibinin-ifade-ozgurlugunu-ustun-tuttu\/\"},\"author\":{\"name\":\"R\u0131dvan Konrat\",\"@id\":\"https:\/\/www.esin.av.tr\/tr\/#\/schema\/person\/42c8e616aab56b8622fa365ad63282ae\"},\"headline\":\"Kars &#8220;\u0130nsanl\u0131k An\u0131t\u0131&#8221; Karar\u0131: Anayasa Mahkemesi Eser Sahibinin \u0130fade \u00d6zg\u00fcrl\u00fc\u011f\u00fcn\u00fc \u00dcst\u00fcn Tuttu\",\"datePublished\":\"2019-12-02T13:09:47+00:00\",\"dateModified\":\"2022-06-09T12:39:29+00:00\",\"mainEntityOfPage\":{\"@id\":\"https:\/\/www.esin.av.tr\/tr\/2019\/12\/02\/kars-insanlik-aniti-karari-anayasa-mahkemesi-eser-sahibinin-ifade-ozgurlugunu-ustun-tuttu\/\"},\"wordCount\":700,\"publisher\":{\"@id\":\"https:\/\/www.esin.av.tr\/tr\/#organization\"},\"keywords\":[\"Fikri ve S\u0131nai M\u00fclkiyet\"],\"articleSection\":[\"Hukuk B\u00fcltenleri\"],\"inLanguage\":\"tr\"},{\"@type\":\"WebPage\",\"@id\":\"https:\/\/www.esin.av.tr\/tr\/2019\/12\/02\/kars-insanlik-aniti-karari-anayasa-mahkemesi-eser-sahibinin-ifade-ozgurlugunu-ustun-tuttu\/\",\"url\":\"https:\/\/www.esin.av.tr\/tr\/2019\/12\/02\/kars-insanlik-aniti-karari-anayasa-mahkemesi-eser-sahibinin-ifade-ozgurlugunu-ustun-tuttu\/\",\"name\":\"Kars \\\"\u0130nsanl\u0131k An\u0131t\u0131\\\" Karar\u0131: Anayasa Mahkemesi Eser Sahibinin \u0130fade \u00d6zg\u00fcrl\u00fc\u011f\u00fcn\u00fc \u00dcst\u00fcn Tuttu\",\"isPartOf\":{\"@id\":\"https:\/\/www.esin.av.tr\/tr\/#website\"},\"datePublished\":\"2019-12-02T13:09:47+00:00\",\"dateModified\":\"2022-06-09T12:39:29+00:00\",\"description\":\"Yeni Geli\u015fme Anayasa Mahkemesi (\\\"AYM\\\"), 11 Temmuz 2019 tarihli, 2014\/5433 Numaral\u0131 Karar'\u0131nda (\\\"Karar\\\"), Mehmet Aksoy'un (\\\"Ba\u015fvurucu\\\") eser sahibi oldu\u011fu\",\"breadcrumb\":{\"@id\":\"https:\/\/www.esin.av.tr\/tr\/2019\/12\/02\/kars-insanlik-aniti-karari-anayasa-mahkemesi-eser-sahibinin-ifade-ozgurlugunu-ustun-tuttu\/#breadcrumb\"},\"inLanguage\":\"tr\",\"potentialAction\":[{\"@type\":\"ReadAction\",\"target\":[\"https:\/\/www.esin.av.tr\/tr\/2019\/12\/02\/kars-insanlik-aniti-karari-anayasa-mahkemesi-eser-sahibinin-ifade-ozgurlugunu-ustun-tuttu\/\"]}]},{\"@type\":\"BreadcrumbList\",\"@id\":\"https:\/\/www.esin.av.tr\/tr\/2019\/12\/02\/kars-insanlik-aniti-karari-anayasa-mahkemesi-eser-sahibinin-ifade-ozgurlugunu-ustun-tuttu\/#breadcrumb\",\"itemListElement\":[{\"@type\":\"ListItem\",\"position\":1,\"name\":\"Home\",\"item\":\"https:\/\/www.esin.av.tr\/tr\/\"},{\"@type\":\"ListItem\",\"position\":2,\"name\":\"Kars &#8220;\u0130nsanl\u0131k An\u0131t\u0131&#8221; Karar\u0131: Anayasa Mahkemesi Eser Sahibinin \u0130fade \u00d6zg\u00fcrl\u00fc\u011f\u00fcn\u00fc \u00dcst\u00fcn Tuttu\"}]},{\"@type\":\"WebSite\",\"@id\":\"https:\/\/www.esin.av.tr\/tr\/#website\",\"url\":\"https:\/\/www.esin.av.tr\/tr\/\",\"name\":\"Esin Avukatl\u0131k Ortakl\u0131\u011f\u0131\",\"description\":\"\",\"publisher\":{\"@id\":\"https:\/\/www.esin.av.tr\/tr\/#organization\"},\"potentialAction\":[{\"@type\":\"SearchAction\",\"target\":{\"@type\":\"EntryPoint\",\"urlTemplate\":\"https:\/\/www.esin.av.tr\/tr\/?s={search_term_string}\"},\"query-input\":{\"@type\":\"PropertyValueSpecification\",\"valueRequired\":true,\"valueName\":\"search_term_string\"}}],\"inLanguage\":\"tr\"},{\"@type\":\"Organization\",\"@id\":\"https:\/\/www.esin.av.tr\/tr\/#organization\",\"name\":\"Esin Avukatl\u0131k Ortakl\u0131\u011f\u0131\",\"url\":\"https:\/\/www.esin.av.tr\/tr\/\",\"logo\":{\"@type\":\"ImageObject\",\"inLanguage\":\"tr\",\"@id\":\"https:\/\/www.esin.av.tr\/tr\/#\/schema\/logo\/image\/\",\"url\":\"https:\/\/www.esin.av.tr\/wp-content\/uploads\/2021\/09\/esin-2.jpg\",\"contentUrl\":\"https:\/\/www.esin.av.tr\/wp-content\/uploads\/2021\/09\/esin-2.jpg\",\"width\":800,\"height\":460,\"caption\":\"Esin Avukatl\u0131k Ortakl\u0131\u011f\u0131\"},\"image\":{\"@id\":\"https:\/\/www.esin.av.tr\/tr\/#\/schema\/logo\/image\/\"}},{\"@type\":\"Person\",\"@id\":\"https:\/\/www.esin.av.tr\/tr\/#\/schema\/person\/42c8e616aab56b8622fa365ad63282ae\",\"name\":\"R\u0131dvan Konrat\",\"image\":{\"@type\":\"ImageObject\",\"inLanguage\":\"tr\",\"@id\":\"https:\/\/www.esin.av.tr\/tr\/#\/schema\/person\/image\/\",\"url\":\"https:\/\/secure.gravatar.com\/avatar\/b20c6c583be38ed4e76e32f69fccc676?s=96&d=mm&r=g\",\"contentUrl\":\"https:\/\/secure.gravatar.com\/avatar\/b20c6c583be38ed4e76e32f69fccc676?s=96&d=mm&r=g\",\"caption\":\"R\u0131dvan Konrat\"},\"sameAs\":[\"http:\/\/www.esin.av.tr\"],\"url\":\"https:\/\/www.esin.av.tr\/tr\/author\/rkonrat\/\"}]}<\/script>\n<!-- \/ Yoast SEO plugin. -->","yoast_head_json":{"title":"Kars \"\u0130nsanl\u0131k An\u0131t\u0131\" Karar\u0131: Anayasa Mahkemesi Eser Sahibinin \u0130fade \u00d6zg\u00fcrl\u00fc\u011f\u00fcn\u00fc \u00dcst\u00fcn Tuttu","description":"Yeni Geli\u015fme Anayasa Mahkemesi (\"AYM\"), 11 Temmuz 2019 tarihli, 2014\/5433 Numaral\u0131 Karar'\u0131nda (\"Karar\"), Mehmet Aksoy'un (\"Ba\u015fvurucu\") eser sahibi oldu\u011fu","robots":{"index":"index","follow":"follow","max-snippet":"max-snippet:-1","max-image-preview":"max-image-preview:large","max-video-preview":"max-video-preview:-1"},"canonical":"https:\/\/www.esin.av.tr\/tr\/2019\/12\/02\/kars-insanlik-aniti-karari-anayasa-mahkemesi-eser-sahibinin-ifade-ozgurlugunu-ustun-tuttu\/","og_locale":"tr_TR","og_type":"article","og_title":"Kars \"\u0130nsanl\u0131k An\u0131t\u0131\" Karar\u0131: Anayasa Mahkemesi Eser Sahibinin \u0130fade \u00d6zg\u00fcrl\u00fc\u011f\u00fcn\u00fc \u00dcst\u00fcn Tuttu","og_description":"Yeni Geli\u015fme Anayasa Mahkemesi (\"AYM\"), 11 Temmuz 2019 tarihli, 2014\/5433 Numaral\u0131 Karar'\u0131nda (\"Karar\"), Mehmet Aksoy'un (\"Ba\u015fvurucu\") eser sahibi oldu\u011fu","og_url":"https:\/\/www.esin.av.tr\/tr\/2019\/12\/02\/kars-insanlik-aniti-karari-anayasa-mahkemesi-eser-sahibinin-ifade-ozgurlugunu-ustun-tuttu\/","og_site_name":"Esin Avukatl\u0131k Ortakl\u0131\u011f\u0131","article_published_time":"2019-12-02T13:09:47+00:00","article_modified_time":"2022-06-09T12:39:29+00:00","author":"R\u0131dvan Konrat","twitter_card":"summary_large_image","twitter_misc":{"Written by":"R\u0131dvan Konrat","Est. reading time":"3 minutes"},"schema":{"@context":"https:\/\/schema.org","@graph":[{"@type":"Article","@id":"https:\/\/www.esin.av.tr\/tr\/2019\/12\/02\/kars-insanlik-aniti-karari-anayasa-mahkemesi-eser-sahibinin-ifade-ozgurlugunu-ustun-tuttu\/#article","isPartOf":{"@id":"https:\/\/www.esin.av.tr\/tr\/2019\/12\/02\/kars-insanlik-aniti-karari-anayasa-mahkemesi-eser-sahibinin-ifade-ozgurlugunu-ustun-tuttu\/"},"author":{"name":"R\u0131dvan Konrat","@id":"https:\/\/www.esin.av.tr\/tr\/#\/schema\/person\/42c8e616aab56b8622fa365ad63282ae"},"headline":"Kars &#8220;\u0130nsanl\u0131k An\u0131t\u0131&#8221; Karar\u0131: Anayasa Mahkemesi Eser Sahibinin \u0130fade \u00d6zg\u00fcrl\u00fc\u011f\u00fcn\u00fc \u00dcst\u00fcn Tuttu","datePublished":"2019-12-02T13:09:47+00:00","dateModified":"2022-06-09T12:39:29+00:00","mainEntityOfPage":{"@id":"https:\/\/www.esin.av.tr\/tr\/2019\/12\/02\/kars-insanlik-aniti-karari-anayasa-mahkemesi-eser-sahibinin-ifade-ozgurlugunu-ustun-tuttu\/"},"wordCount":700,"publisher":{"@id":"https:\/\/www.esin.av.tr\/tr\/#organization"},"keywords":["Fikri ve S\u0131nai M\u00fclkiyet"],"articleSection":["Hukuk B\u00fcltenleri"],"inLanguage":"tr"},{"@type":"WebPage","@id":"https:\/\/www.esin.av.tr\/tr\/2019\/12\/02\/kars-insanlik-aniti-karari-anayasa-mahkemesi-eser-sahibinin-ifade-ozgurlugunu-ustun-tuttu\/","url":"https:\/\/www.esin.av.tr\/tr\/2019\/12\/02\/kars-insanlik-aniti-karari-anayasa-mahkemesi-eser-sahibinin-ifade-ozgurlugunu-ustun-tuttu\/","name":"Kars \"\u0130nsanl\u0131k An\u0131t\u0131\" Karar\u0131: Anayasa Mahkemesi Eser Sahibinin \u0130fade \u00d6zg\u00fcrl\u00fc\u011f\u00fcn\u00fc \u00dcst\u00fcn Tuttu","isPartOf":{"@id":"https:\/\/www.esin.av.tr\/tr\/#website"},"datePublished":"2019-12-02T13:09:47+00:00","dateModified":"2022-06-09T12:39:29+00:00","description":"Yeni Geli\u015fme Anayasa Mahkemesi (\"AYM\"), 11 Temmuz 2019 tarihli, 2014\/5433 Numaral\u0131 Karar'\u0131nda (\"Karar\"), Mehmet Aksoy'un (\"Ba\u015fvurucu\") eser sahibi oldu\u011fu","breadcrumb":{"@id":"https:\/\/www.esin.av.tr\/tr\/2019\/12\/02\/kars-insanlik-aniti-karari-anayasa-mahkemesi-eser-sahibinin-ifade-ozgurlugunu-ustun-tuttu\/#breadcrumb"},"inLanguage":"tr","potentialAction":[{"@type":"ReadAction","target":["https:\/\/www.esin.av.tr\/tr\/2019\/12\/02\/kars-insanlik-aniti-karari-anayasa-mahkemesi-eser-sahibinin-ifade-ozgurlugunu-ustun-tuttu\/"]}]},{"@type":"BreadcrumbList","@id":"https:\/\/www.esin.av.tr\/tr\/2019\/12\/02\/kars-insanlik-aniti-karari-anayasa-mahkemesi-eser-sahibinin-ifade-ozgurlugunu-ustun-tuttu\/#breadcrumb","itemListElement":[{"@type":"ListItem","position":1,"name":"Home","item":"https:\/\/www.esin.av.tr\/tr\/"},{"@type":"ListItem","position":2,"name":"Kars &#8220;\u0130nsanl\u0131k An\u0131t\u0131&#8221; Karar\u0131: Anayasa Mahkemesi Eser Sahibinin \u0130fade \u00d6zg\u00fcrl\u00fc\u011f\u00fcn\u00fc \u00dcst\u00fcn Tuttu"}]},{"@type":"WebSite","@id":"https:\/\/www.esin.av.tr\/tr\/#website","url":"https:\/\/www.esin.av.tr\/tr\/","name":"Esin Avukatl\u0131k Ortakl\u0131\u011f\u0131","description":"","publisher":{"@id":"https:\/\/www.esin.av.tr\/tr\/#organization"},"potentialAction":[{"@type":"SearchAction","target":{"@type":"EntryPoint","urlTemplate":"https:\/\/www.esin.av.tr\/tr\/?s={search_term_string}"},"query-input":{"@type":"PropertyValueSpecification","valueRequired":true,"valueName":"search_term_string"}}],"inLanguage":"tr"},{"@type":"Organization","@id":"https:\/\/www.esin.av.tr\/tr\/#organization","name":"Esin Avukatl\u0131k Ortakl\u0131\u011f\u0131","url":"https:\/\/www.esin.av.tr\/tr\/","logo":{"@type":"ImageObject","inLanguage":"tr","@id":"https:\/\/www.esin.av.tr\/tr\/#\/schema\/logo\/image\/","url":"https:\/\/www.esin.av.tr\/wp-content\/uploads\/2021\/09\/esin-2.jpg","contentUrl":"https:\/\/www.esin.av.tr\/wp-content\/uploads\/2021\/09\/esin-2.jpg","width":800,"height":460,"caption":"Esin Avukatl\u0131k Ortakl\u0131\u011f\u0131"},"image":{"@id":"https:\/\/www.esin.av.tr\/tr\/#\/schema\/logo\/image\/"}},{"@type":"Person","@id":"https:\/\/www.esin.av.tr\/tr\/#\/schema\/person\/42c8e616aab56b8622fa365ad63282ae","name":"R\u0131dvan Konrat","image":{"@type":"ImageObject","inLanguage":"tr","@id":"https:\/\/www.esin.av.tr\/tr\/#\/schema\/person\/image\/","url":"https:\/\/secure.gravatar.com\/avatar\/b20c6c583be38ed4e76e32f69fccc676?s=96&d=mm&r=g","contentUrl":"https:\/\/secure.gravatar.com\/avatar\/b20c6c583be38ed4e76e32f69fccc676?s=96&d=mm&r=g","caption":"R\u0131dvan Konrat"},"sameAs":["http:\/\/www.esin.av.tr"],"url":"https:\/\/www.esin.av.tr\/tr\/author\/rkonrat\/"}]}},"_links":{"self":[{"href":"https:\/\/www.esin.av.tr\/tr\/wp-json\/wp\/v2\/posts\/12980","targetHints":{"allow":["GET"]}}],"collection":[{"href":"https:\/\/www.esin.av.tr\/tr\/wp-json\/wp\/v2\/posts"}],"about":[{"href":"https:\/\/www.esin.av.tr\/tr\/wp-json\/wp\/v2\/types\/post"}],"author":[{"embeddable":true,"href":"https:\/\/www.esin.av.tr\/tr\/wp-json\/wp\/v2\/users\/4"}],"replies":[{"embeddable":true,"href":"https:\/\/www.esin.av.tr\/tr\/wp-json\/wp\/v2\/comments?post=12980"}],"version-history":[{"count":1,"href":"https:\/\/www.esin.av.tr\/tr\/wp-json\/wp\/v2\/posts\/12980\/revisions"}],"predecessor-version":[{"id":12981,"href":"https:\/\/www.esin.av.tr\/tr\/wp-json\/wp\/v2\/posts\/12980\/revisions\/12981"}],"wp:attachment":[{"href":"https:\/\/www.esin.av.tr\/tr\/wp-json\/wp\/v2\/media?parent=12980"}],"wp:term":[{"taxonomy":"category","embeddable":true,"href":"https:\/\/www.esin.av.tr\/tr\/wp-json\/wp\/v2\/categories?post=12980"},{"taxonomy":"post_tag","embeddable":true,"href":"https:\/\/www.esin.av.tr\/tr\/wp-json\/wp\/v2\/tags?post=12980"}],"curies":[{"name":"wp","href":"https:\/\/api.w.org\/{rel}","templated":true}]}}