{"id":12816,"date":"2019-11-18T12:02:00","date_gmt":"2019-11-18T12:02:00","guid":{"rendered":"https:\/\/www.esin.av.tr\/?p=12816"},"modified":"2022-06-09T12:39:44","modified_gmt":"2022-06-09T12:39:44","slug":"kisisel-verileri-koruma-kurumu-gdpr-kapsaminda-hazirlanan-aydinlatma-metinlerine-iliskin-duyuru-yayimladi","status":"publish","type":"post","link":"https:\/\/www.esin.av.tr\/tr\/2019\/11\/18\/kisisel-verileri-koruma-kurumu-gdpr-kapsaminda-hazirlanan-aydinlatma-metinlerine-iliskin-duyuru-yayimladi\/","title":{"rendered":"Ki\u015fisel Verileri Koruma Kurumu, GDPR Kapsam\u0131nda Haz\u0131rlanan Ayd\u0131nlatma Metinlerine \u0130li\u015fkin Duyuru Yay\u0131mlad\u0131"},"content":{"rendered":"<p><strong>Yeni Geli\u015fme<\/strong><\/p>\n<p>Ki\u015fisel Verileri Koruma Kurumu (&#8220;<strong>Kurum<\/strong>&#8220;), 8 Kas\u0131m 2019 tarihinde internet sitesinde 6698 say\u0131l\u0131 Ki\u015fisel Verilerin Korunmas\u0131 Kanunu&#8217;nun (&#8220;<strong>Kanun<\/strong>&#8220;) 10. maddesinde d\u00fczenlenen veri sorumlar\u0131n\u0131n ilgili ki\u015fileri ayd\u0131nlatma y\u00fck\u00fcml\u00fcl\u00fc\u011f\u00fcne ili\u015fkin bir kamuoyu duyurusu yay\u0131mlad\u0131.<\/p>\n<p><strong>Duyuru Ne Anlama Geliyor?<\/strong><\/p>\n<p>Kanun&#8217;un 10. maddesi uyar\u0131nca, t\u00fcm veri sorumlular\u0131 ki\u015fisel verilerini i\u015fledikleri ilgili ki\u015fileri a\u00e7\u0131k ve anla\u015f\u0131l\u0131r bir \u015fekilde ayd\u0131nlatmakla y\u00fck\u00fcml\u00fcd\u00fcr. Uygulamada bir\u00e7ok veri sorumlusu, s\u00f6z konusu ayd\u0131nlatma y\u00fck\u00fcml\u00fcl\u00fcklerini internet sitelerinde sa\u011flad\u0131klar\u0131 ayd\u0131nlatma metinleri ile yerine getirmektedir.<\/p>\n<p>Kurum, ger\u00e7ekle\u015ftirdi\u011fi incelemelerde, ba\u015fta medya kurulu\u015flar\u0131 olmak \u00fczere, \u00e7e\u015fitli veri sorumlular\u0131n\u0131n internet sayfalar\u0131nda yer alan ayd\u0131nlatma metinlerinde ki\u015fisel verilerin i\u015flenmesi hususunda uygulanan politika ve kurallara y\u00f6nelik a\u00e7\u0131klamalarda do\u011frudan Avrupa Genel Veri Koruma T\u00fcz\u00fc\u011f\u00fc&#8217;ne (&#8220;<strong>GDPR<\/strong>&#8220;) at\u0131f yap\u0131ld\u0131\u011f\u0131n\u0131 g\u00f6zlemledi\u011fini belirtmi\u015ftir.<\/p>\n<p>Bu do\u011frultuda Kurum, GDPR h\u00fck\u00fcmleri ile uyumlu olarak faaliyet g\u00f6steren bir veri sorumlusunun Kanun kapsam\u0131ndaki y\u00fck\u00fcml\u00fcl\u00fcklerinin ortadan kalkmad\u0131\u011f\u0131n\u0131 ve t\u00fcm veri sorumlular\u0131n\u0131n \u00f6ncelikle Kanun&#8217;da yer alan h\u00fck\u00fcmlere uygun faaliyet g\u00f6stermeleri gerekti\u011fini ifade etmi\u015ftir. Bu kapsamda, veri sorumlular\u0131n\u0131n ayd\u0131nlatma metinlerinde yaln\u0131zca GDPR&#8217;a at\u0131f yap\u0131lmas\u0131 Kanun&#8217;un 10. maddesi uyar\u0131nca ilgili ki\u015fileri ayd\u0131nlatma y\u00fck\u00fcml\u00fcl\u00fc\u011f\u00fcn\u00fcn yerine getirilmesinde Kurum taraf\u0131ndan yeterli g\u00f6r\u00fclmemi\u015ftir. Dolay\u0131s\u0131yla, veri sorumlular\u0131n\u0131n ayd\u0131nlatma metinlerinde Kanun h\u00fck\u00fcmlerine a\u00e7\u0131k\u00e7a at\u0131fta bulunmalar\u0131, mu\u011flak ve belirsiz ifadelerden ka\u00e7\u0131nmalar\u0131 ve a\u015fa\u011f\u0131daki hususlar hakk\u0131nda a\u00e7\u0131k ve ayr\u0131nt\u0131l\u0131 bilgi vermeleri gerekti\u011fi belirtilmi\u015ftir:<\/p>\n<ul>\n<li>Veri sorumlusunun ve varsa temsilcisinin kimli\u011fi,<\/li>\n<li>Ki\u015fisel verilerin hangi ama\u00e7la i\u015flenece\u011fi,<\/li>\n<li>Ki\u015fisel verilerin kimlere ve hangi ama\u00e7la aktar\u0131labilece\u011fi,<\/li>\n<li>Ki\u015fisel veri toplaman\u0131n y\u00f6ntemi ve hukuki sebebi (<em>Kanun&#8217;un 5. ve 6. maddelerinde yer alan i\u015fleme \u015fartlar\u0131ndan\u00a0hangisine dayan\u0131ld\u0131\u011f\u0131 a\u00e7\u0131k\u00e7a belirtilmelidir<\/em>), ve<\/li>\n<li>\u0130lgili ki\u015finin Kanun&#8217;un 11. maddesinde say\u0131lan di\u011fer haklar\u0131.<\/li>\n<\/ul>\n<p><strong>Sonu\u00e7<\/strong><\/p>\n<p>Kurum, T\u00fcrkiye&#8217;de yerle\u015fik ki\u015filerin ki\u015fisel verilerini i\u015fleyen yabanc\u0131 \u015firketler ile \u00e7ok uluslu \u015firketlerin T\u00fcrkiye&#8217;de kurulu i\u015ftiraklerine y\u00f6nelik denetim faaliyetlerini art\u0131r\u0131yor. Ayd\u0131nlatma y\u00fck\u00fcml\u00fcl\u00fc\u011f\u00fcn\u00fcn ihlali kapsam\u0131nda kesilen y\u00fcksek para cezalar\u0131 dikkate al\u0131nd\u0131\u011f\u0131nda, \u00f6zellikle GDPR&#8217;a tabi veri sorumlular\u0131n\u0131n T\u00fcrkiye&#8217;deki faaliyetleri bak\u0131m\u0131ndan GDPR ile uyumlu olmalar\u0131 tek ba\u015f\u0131na yeterli say\u0131lmayacakt\u0131r. Bu nedenle, t\u00fcm veri sorumlular\u0131n\u0131n \u00f6zel olarak Kanun&#8217;da yer alan t\u00fcm h\u00fck\u00fcm ve ilkelere uyumlu olmak i\u00e7in gerekli ad\u0131mlar\u0131 atmalar\u0131 gerekmektedir.<\/p>\n","protected":false},"excerpt":{"rendered":"<p>Yeni Geli\u015fme Ki\u015fisel Verileri Koruma Kurumu (&#8220;Kurum&#8220;), 8 Kas\u0131m 2019 tarihinde internet sitesinde 6698 say\u0131l\u0131 Ki\u015fisel Verilerin Korunmas\u0131 Kanunu&#8217;nun (&#8220;Kanun&#8220;) [&hellip;]<\/p>\n","protected":false},"author":4,"featured_media":0,"comment_status":"closed","ping_status":"closed","sticky":false,"template":"","format":"standard","meta":{"_acf_changed":false,"_stopmodifiedupdate":false,"_modified_date":"","footnotes":""},"categories":[120],"tags":[93],"class_list":["post-12816","post","type-post","status-publish","format-standard","hentry","category-legal-alerts","tag-information-technology-communications-tr"],"acf":[],"yoast_head":"<!-- This site is optimized with the Yoast SEO plugin v24.0 - https:\/\/yoast.com\/wordpress\/plugins\/seo\/ -->\n<title>Ki\u015fisel Verileri Koruma Kurumu, GDPR Kapsam\u0131nda Haz\u0131rlanan Ayd\u0131nlatma Metinlerine \u0130li\u015fkin Duyuru Yay\u0131mlad\u0131<\/title>\n<meta name=\"description\" content=\"Yeni Geli\u015fme Ki\u015fisel Verileri Koruma Kurumu (&quot;Kurum&quot;), 8 Kas\u0131m 2019 tarihinde internet sitesinde 6698 say\u0131l\u0131 Ki\u015fisel Verilerin Korunmas\u0131 Kanunu&#039;nun\" \/>\n<meta name=\"robots\" content=\"index, follow, max-snippet:-1, max-image-preview:large, max-video-preview:-1\" \/>\n<link rel=\"canonical\" href=\"https:\/\/www.esin.av.tr\/tr\/2019\/11\/18\/kisisel-verileri-koruma-kurumu-gdpr-kapsaminda-hazirlanan-aydinlatma-metinlerine-iliskin-duyuru-yayimladi\/\" \/>\n<meta property=\"og:locale\" content=\"tr_TR\" \/>\n<meta property=\"og:type\" content=\"article\" \/>\n<meta property=\"og:title\" content=\"Ki\u015fisel Verileri Koruma Kurumu, GDPR Kapsam\u0131nda Haz\u0131rlanan Ayd\u0131nlatma Metinlerine \u0130li\u015fkin Duyuru Yay\u0131mlad\u0131\" \/>\n<meta property=\"og:description\" content=\"Yeni Geli\u015fme Ki\u015fisel Verileri Koruma Kurumu (&quot;Kurum&quot;), 8 Kas\u0131m 2019 tarihinde internet sitesinde 6698 say\u0131l\u0131 Ki\u015fisel Verilerin Korunmas\u0131 Kanunu&#039;nun\" \/>\n<meta property=\"og:url\" content=\"https:\/\/www.esin.av.tr\/tr\/2019\/11\/18\/kisisel-verileri-koruma-kurumu-gdpr-kapsaminda-hazirlanan-aydinlatma-metinlerine-iliskin-duyuru-yayimladi\/\" \/>\n<meta property=\"og:site_name\" content=\"Esin Avukatl\u0131k Ortakl\u0131\u011f\u0131\" \/>\n<meta property=\"article:published_time\" content=\"2019-11-18T12:02:00+00:00\" \/>\n<meta property=\"article:modified_time\" content=\"2022-06-09T12:39:44+00:00\" \/>\n<meta name=\"author\" content=\"R\u0131dvan Konrat\" \/>\n<meta name=\"twitter:card\" content=\"summary_large_image\" \/>\n<meta name=\"twitter:label1\" content=\"Written by\" \/>\n\t<meta name=\"twitter:data1\" content=\"R\u0131dvan Konrat\" \/>\n\t<meta name=\"twitter:label2\" content=\"Est. reading time\" \/>\n\t<meta name=\"twitter:data2\" content=\"2 minutes\" \/>\n<script type=\"application\/ld+json\" class=\"yoast-schema-graph\">{\"@context\":\"https:\/\/schema.org\",\"@graph\":[{\"@type\":\"Article\",\"@id\":\"https:\/\/www.esin.av.tr\/tr\/2019\/11\/18\/kisisel-verileri-koruma-kurumu-gdpr-kapsaminda-hazirlanan-aydinlatma-metinlerine-iliskin-duyuru-yayimladi\/#article\",\"isPartOf\":{\"@id\":\"https:\/\/www.esin.av.tr\/tr\/2019\/11\/18\/kisisel-verileri-koruma-kurumu-gdpr-kapsaminda-hazirlanan-aydinlatma-metinlerine-iliskin-duyuru-yayimladi\/\"},\"author\":{\"name\":\"R\u0131dvan Konrat\",\"@id\":\"https:\/\/www.esin.av.tr\/tr\/#\/schema\/person\/42c8e616aab56b8622fa365ad63282ae\"},\"headline\":\"Ki\u015fisel Verileri Koruma Kurumu, GDPR Kapsam\u0131nda Haz\u0131rlanan Ayd\u0131nlatma Metinlerine \u0130li\u015fkin Duyuru Yay\u0131mlad\u0131\",\"datePublished\":\"2019-11-18T12:02:00+00:00\",\"dateModified\":\"2022-06-09T12:39:44+00:00\",\"mainEntityOfPage\":{\"@id\":\"https:\/\/www.esin.av.tr\/tr\/2019\/11\/18\/kisisel-verileri-koruma-kurumu-gdpr-kapsaminda-hazirlanan-aydinlatma-metinlerine-iliskin-duyuru-yayimladi\/\"},\"wordCount\":504,\"publisher\":{\"@id\":\"https:\/\/www.esin.av.tr\/tr\/#organization\"},\"keywords\":[\"Bilgi Teknolojileri ve Telekom\u00fcnikasyon\"],\"articleSection\":[\"Hukuk B\u00fcltenleri\"],\"inLanguage\":\"tr\"},{\"@type\":\"WebPage\",\"@id\":\"https:\/\/www.esin.av.tr\/tr\/2019\/11\/18\/kisisel-verileri-koruma-kurumu-gdpr-kapsaminda-hazirlanan-aydinlatma-metinlerine-iliskin-duyuru-yayimladi\/\",\"url\":\"https:\/\/www.esin.av.tr\/tr\/2019\/11\/18\/kisisel-verileri-koruma-kurumu-gdpr-kapsaminda-hazirlanan-aydinlatma-metinlerine-iliskin-duyuru-yayimladi\/\",\"name\":\"Ki\u015fisel Verileri Koruma Kurumu, GDPR Kapsam\u0131nda Haz\u0131rlanan Ayd\u0131nlatma Metinlerine \u0130li\u015fkin Duyuru Yay\u0131mlad\u0131\",\"isPartOf\":{\"@id\":\"https:\/\/www.esin.av.tr\/tr\/#website\"},\"datePublished\":\"2019-11-18T12:02:00+00:00\",\"dateModified\":\"2022-06-09T12:39:44+00:00\",\"description\":\"Yeni Geli\u015fme Ki\u015fisel Verileri Koruma Kurumu (\\\"Kurum\\\"), 8 Kas\u0131m 2019 tarihinde internet sitesinde 6698 say\u0131l\u0131 Ki\u015fisel Verilerin Korunmas\u0131 Kanunu'nun\",\"breadcrumb\":{\"@id\":\"https:\/\/www.esin.av.tr\/tr\/2019\/11\/18\/kisisel-verileri-koruma-kurumu-gdpr-kapsaminda-hazirlanan-aydinlatma-metinlerine-iliskin-duyuru-yayimladi\/#breadcrumb\"},\"inLanguage\":\"tr\",\"potentialAction\":[{\"@type\":\"ReadAction\",\"target\":[\"https:\/\/www.esin.av.tr\/tr\/2019\/11\/18\/kisisel-verileri-koruma-kurumu-gdpr-kapsaminda-hazirlanan-aydinlatma-metinlerine-iliskin-duyuru-yayimladi\/\"]}]},{\"@type\":\"BreadcrumbList\",\"@id\":\"https:\/\/www.esin.av.tr\/tr\/2019\/11\/18\/kisisel-verileri-koruma-kurumu-gdpr-kapsaminda-hazirlanan-aydinlatma-metinlerine-iliskin-duyuru-yayimladi\/#breadcrumb\",\"itemListElement\":[{\"@type\":\"ListItem\",\"position\":1,\"name\":\"Home\",\"item\":\"https:\/\/www.esin.av.tr\/tr\/\"},{\"@type\":\"ListItem\",\"position\":2,\"name\":\"Ki\u015fisel Verileri Koruma Kurumu, GDPR Kapsam\u0131nda Haz\u0131rlanan Ayd\u0131nlatma Metinlerine \u0130li\u015fkin Duyuru Yay\u0131mlad\u0131\"}]},{\"@type\":\"WebSite\",\"@id\":\"https:\/\/www.esin.av.tr\/tr\/#website\",\"url\":\"https:\/\/www.esin.av.tr\/tr\/\",\"name\":\"Esin Avukatl\u0131k Ortakl\u0131\u011f\u0131\",\"description\":\"\",\"publisher\":{\"@id\":\"https:\/\/www.esin.av.tr\/tr\/#organization\"},\"potentialAction\":[{\"@type\":\"SearchAction\",\"target\":{\"@type\":\"EntryPoint\",\"urlTemplate\":\"https:\/\/www.esin.av.tr\/tr\/?s={search_term_string}\"},\"query-input\":{\"@type\":\"PropertyValueSpecification\",\"valueRequired\":true,\"valueName\":\"search_term_string\"}}],\"inLanguage\":\"tr\"},{\"@type\":\"Organization\",\"@id\":\"https:\/\/www.esin.av.tr\/tr\/#organization\",\"name\":\"Esin Avukatl\u0131k Ortakl\u0131\u011f\u0131\",\"url\":\"https:\/\/www.esin.av.tr\/tr\/\",\"logo\":{\"@type\":\"ImageObject\",\"inLanguage\":\"tr\",\"@id\":\"https:\/\/www.esin.av.tr\/tr\/#\/schema\/logo\/image\/\",\"url\":\"https:\/\/www.esin.av.tr\/wp-content\/uploads\/2021\/09\/esin-2.jpg\",\"contentUrl\":\"https:\/\/www.esin.av.tr\/wp-content\/uploads\/2021\/09\/esin-2.jpg\",\"width\":800,\"height\":460,\"caption\":\"Esin Avukatl\u0131k Ortakl\u0131\u011f\u0131\"},\"image\":{\"@id\":\"https:\/\/www.esin.av.tr\/tr\/#\/schema\/logo\/image\/\"}},{\"@type\":\"Person\",\"@id\":\"https:\/\/www.esin.av.tr\/tr\/#\/schema\/person\/42c8e616aab56b8622fa365ad63282ae\",\"name\":\"R\u0131dvan Konrat\",\"image\":{\"@type\":\"ImageObject\",\"inLanguage\":\"tr\",\"@id\":\"https:\/\/www.esin.av.tr\/tr\/#\/schema\/person\/image\/\",\"url\":\"https:\/\/secure.gravatar.com\/avatar\/b20c6c583be38ed4e76e32f69fccc676?s=96&d=mm&r=g\",\"contentUrl\":\"https:\/\/secure.gravatar.com\/avatar\/b20c6c583be38ed4e76e32f69fccc676?s=96&d=mm&r=g\",\"caption\":\"R\u0131dvan Konrat\"},\"sameAs\":[\"http:\/\/www.esin.av.tr\"],\"url\":\"https:\/\/www.esin.av.tr\/tr\/author\/rkonrat\/\"}]}<\/script>\n<!-- \/ Yoast SEO plugin. -->","yoast_head_json":{"title":"Ki\u015fisel Verileri Koruma Kurumu, GDPR Kapsam\u0131nda Haz\u0131rlanan Ayd\u0131nlatma Metinlerine \u0130li\u015fkin Duyuru Yay\u0131mlad\u0131","description":"Yeni Geli\u015fme Ki\u015fisel Verileri Koruma Kurumu (\"Kurum\"), 8 Kas\u0131m 2019 tarihinde internet sitesinde 6698 say\u0131l\u0131 Ki\u015fisel Verilerin Korunmas\u0131 Kanunu'nun","robots":{"index":"index","follow":"follow","max-snippet":"max-snippet:-1","max-image-preview":"max-image-preview:large","max-video-preview":"max-video-preview:-1"},"canonical":"https:\/\/www.esin.av.tr\/tr\/2019\/11\/18\/kisisel-verileri-koruma-kurumu-gdpr-kapsaminda-hazirlanan-aydinlatma-metinlerine-iliskin-duyuru-yayimladi\/","og_locale":"tr_TR","og_type":"article","og_title":"Ki\u015fisel Verileri Koruma Kurumu, GDPR Kapsam\u0131nda Haz\u0131rlanan Ayd\u0131nlatma Metinlerine \u0130li\u015fkin Duyuru Yay\u0131mlad\u0131","og_description":"Yeni Geli\u015fme Ki\u015fisel Verileri Koruma Kurumu (\"Kurum\"), 8 Kas\u0131m 2019 tarihinde internet sitesinde 6698 say\u0131l\u0131 Ki\u015fisel Verilerin Korunmas\u0131 Kanunu'nun","og_url":"https:\/\/www.esin.av.tr\/tr\/2019\/11\/18\/kisisel-verileri-koruma-kurumu-gdpr-kapsaminda-hazirlanan-aydinlatma-metinlerine-iliskin-duyuru-yayimladi\/","og_site_name":"Esin Avukatl\u0131k Ortakl\u0131\u011f\u0131","article_published_time":"2019-11-18T12:02:00+00:00","article_modified_time":"2022-06-09T12:39:44+00:00","author":"R\u0131dvan Konrat","twitter_card":"summary_large_image","twitter_misc":{"Written by":"R\u0131dvan Konrat","Est. reading time":"2 minutes"},"schema":{"@context":"https:\/\/schema.org","@graph":[{"@type":"Article","@id":"https:\/\/www.esin.av.tr\/tr\/2019\/11\/18\/kisisel-verileri-koruma-kurumu-gdpr-kapsaminda-hazirlanan-aydinlatma-metinlerine-iliskin-duyuru-yayimladi\/#article","isPartOf":{"@id":"https:\/\/www.esin.av.tr\/tr\/2019\/11\/18\/kisisel-verileri-koruma-kurumu-gdpr-kapsaminda-hazirlanan-aydinlatma-metinlerine-iliskin-duyuru-yayimladi\/"},"author":{"name":"R\u0131dvan Konrat","@id":"https:\/\/www.esin.av.tr\/tr\/#\/schema\/person\/42c8e616aab56b8622fa365ad63282ae"},"headline":"Ki\u015fisel Verileri Koruma Kurumu, GDPR Kapsam\u0131nda Haz\u0131rlanan Ayd\u0131nlatma Metinlerine \u0130li\u015fkin Duyuru Yay\u0131mlad\u0131","datePublished":"2019-11-18T12:02:00+00:00","dateModified":"2022-06-09T12:39:44+00:00","mainEntityOfPage":{"@id":"https:\/\/www.esin.av.tr\/tr\/2019\/11\/18\/kisisel-verileri-koruma-kurumu-gdpr-kapsaminda-hazirlanan-aydinlatma-metinlerine-iliskin-duyuru-yayimladi\/"},"wordCount":504,"publisher":{"@id":"https:\/\/www.esin.av.tr\/tr\/#organization"},"keywords":["Bilgi Teknolojileri ve Telekom\u00fcnikasyon"],"articleSection":["Hukuk B\u00fcltenleri"],"inLanguage":"tr"},{"@type":"WebPage","@id":"https:\/\/www.esin.av.tr\/tr\/2019\/11\/18\/kisisel-verileri-koruma-kurumu-gdpr-kapsaminda-hazirlanan-aydinlatma-metinlerine-iliskin-duyuru-yayimladi\/","url":"https:\/\/www.esin.av.tr\/tr\/2019\/11\/18\/kisisel-verileri-koruma-kurumu-gdpr-kapsaminda-hazirlanan-aydinlatma-metinlerine-iliskin-duyuru-yayimladi\/","name":"Ki\u015fisel Verileri Koruma Kurumu, GDPR Kapsam\u0131nda Haz\u0131rlanan Ayd\u0131nlatma Metinlerine \u0130li\u015fkin Duyuru Yay\u0131mlad\u0131","isPartOf":{"@id":"https:\/\/www.esin.av.tr\/tr\/#website"},"datePublished":"2019-11-18T12:02:00+00:00","dateModified":"2022-06-09T12:39:44+00:00","description":"Yeni Geli\u015fme Ki\u015fisel Verileri Koruma Kurumu (\"Kurum\"), 8 Kas\u0131m 2019 tarihinde internet sitesinde 6698 say\u0131l\u0131 Ki\u015fisel Verilerin Korunmas\u0131 Kanunu'nun","breadcrumb":{"@id":"https:\/\/www.esin.av.tr\/tr\/2019\/11\/18\/kisisel-verileri-koruma-kurumu-gdpr-kapsaminda-hazirlanan-aydinlatma-metinlerine-iliskin-duyuru-yayimladi\/#breadcrumb"},"inLanguage":"tr","potentialAction":[{"@type":"ReadAction","target":["https:\/\/www.esin.av.tr\/tr\/2019\/11\/18\/kisisel-verileri-koruma-kurumu-gdpr-kapsaminda-hazirlanan-aydinlatma-metinlerine-iliskin-duyuru-yayimladi\/"]}]},{"@type":"BreadcrumbList","@id":"https:\/\/www.esin.av.tr\/tr\/2019\/11\/18\/kisisel-verileri-koruma-kurumu-gdpr-kapsaminda-hazirlanan-aydinlatma-metinlerine-iliskin-duyuru-yayimladi\/#breadcrumb","itemListElement":[{"@type":"ListItem","position":1,"name":"Home","item":"https:\/\/www.esin.av.tr\/tr\/"},{"@type":"ListItem","position":2,"name":"Ki\u015fisel Verileri Koruma Kurumu, GDPR Kapsam\u0131nda Haz\u0131rlanan Ayd\u0131nlatma Metinlerine \u0130li\u015fkin Duyuru Yay\u0131mlad\u0131"}]},{"@type":"WebSite","@id":"https:\/\/www.esin.av.tr\/tr\/#website","url":"https:\/\/www.esin.av.tr\/tr\/","name":"Esin Avukatl\u0131k Ortakl\u0131\u011f\u0131","description":"","publisher":{"@id":"https:\/\/www.esin.av.tr\/tr\/#organization"},"potentialAction":[{"@type":"SearchAction","target":{"@type":"EntryPoint","urlTemplate":"https:\/\/www.esin.av.tr\/tr\/?s={search_term_string}"},"query-input":{"@type":"PropertyValueSpecification","valueRequired":true,"valueName":"search_term_string"}}],"inLanguage":"tr"},{"@type":"Organization","@id":"https:\/\/www.esin.av.tr\/tr\/#organization","name":"Esin Avukatl\u0131k Ortakl\u0131\u011f\u0131","url":"https:\/\/www.esin.av.tr\/tr\/","logo":{"@type":"ImageObject","inLanguage":"tr","@id":"https:\/\/www.esin.av.tr\/tr\/#\/schema\/logo\/image\/","url":"https:\/\/www.esin.av.tr\/wp-content\/uploads\/2021\/09\/esin-2.jpg","contentUrl":"https:\/\/www.esin.av.tr\/wp-content\/uploads\/2021\/09\/esin-2.jpg","width":800,"height":460,"caption":"Esin Avukatl\u0131k Ortakl\u0131\u011f\u0131"},"image":{"@id":"https:\/\/www.esin.av.tr\/tr\/#\/schema\/logo\/image\/"}},{"@type":"Person","@id":"https:\/\/www.esin.av.tr\/tr\/#\/schema\/person\/42c8e616aab56b8622fa365ad63282ae","name":"R\u0131dvan Konrat","image":{"@type":"ImageObject","inLanguage":"tr","@id":"https:\/\/www.esin.av.tr\/tr\/#\/schema\/person\/image\/","url":"https:\/\/secure.gravatar.com\/avatar\/b20c6c583be38ed4e76e32f69fccc676?s=96&d=mm&r=g","contentUrl":"https:\/\/secure.gravatar.com\/avatar\/b20c6c583be38ed4e76e32f69fccc676?s=96&d=mm&r=g","caption":"R\u0131dvan Konrat"},"sameAs":["http:\/\/www.esin.av.tr"],"url":"https:\/\/www.esin.av.tr\/tr\/author\/rkonrat\/"}]}},"_links":{"self":[{"href":"https:\/\/www.esin.av.tr\/tr\/wp-json\/wp\/v2\/posts\/12816","targetHints":{"allow":["GET"]}}],"collection":[{"href":"https:\/\/www.esin.av.tr\/tr\/wp-json\/wp\/v2\/posts"}],"about":[{"href":"https:\/\/www.esin.av.tr\/tr\/wp-json\/wp\/v2\/types\/post"}],"author":[{"embeddable":true,"href":"https:\/\/www.esin.av.tr\/tr\/wp-json\/wp\/v2\/users\/4"}],"replies":[{"embeddable":true,"href":"https:\/\/www.esin.av.tr\/tr\/wp-json\/wp\/v2\/comments?post=12816"}],"version-history":[{"count":1,"href":"https:\/\/www.esin.av.tr\/tr\/wp-json\/wp\/v2\/posts\/12816\/revisions"}],"predecessor-version":[{"id":12817,"href":"https:\/\/www.esin.av.tr\/tr\/wp-json\/wp\/v2\/posts\/12816\/revisions\/12817"}],"wp:attachment":[{"href":"https:\/\/www.esin.av.tr\/tr\/wp-json\/wp\/v2\/media?parent=12816"}],"wp:term":[{"taxonomy":"category","embeddable":true,"href":"https:\/\/www.esin.av.tr\/tr\/wp-json\/wp\/v2\/categories?post=12816"},{"taxonomy":"post_tag","embeddable":true,"href":"https:\/\/www.esin.av.tr\/tr\/wp-json\/wp\/v2\/tags?post=12816"}],"curies":[{"name":"wp","href":"https:\/\/api.w.org\/{rel}","templated":true}]}}