{"id":12794,"date":"2019-11-15T11:16:37","date_gmt":"2019-11-15T11:16:37","guid":{"rendered":"https:\/\/www.esin.av.tr\/?p=12794"},"modified":"2022-06-09T12:38:03","modified_gmt":"2022-06-09T12:38:03","slug":"kisisel-verileri-koruma-kurumunun-yeni-kararlari-yayimlandi","status":"publish","type":"post","link":"https:\/\/www.esin.av.tr\/tr\/2019\/11\/15\/kisisel-verileri-koruma-kurumunun-yeni-kararlari-yayimlandi\/","title":{"rendered":"Ki\u015fisel Verileri Koruma Kurumu&#8217;nun Yeni Kararlar\u0131 Yay\u0131mland\u0131"},"content":{"rendered":"<p><strong>Yeni Geli\u015fme<\/strong><\/p>\n<p>Ki\u015fisel Verileri Koruma Kurumu (&#8220;<strong>Kurum<\/strong>&#8220;) 6 Kas\u0131m 2019&#8217;da ilgili ki\u015finin veri sorumlusuna ba\u015fvurusu, ki\u015fisel veri i\u015fleme \u015fartlar\u0131 ve veri sorumlusunun veri g\u00fcvenli\u011fi y\u00fck\u00fcml\u00fcl\u00fcklerine ili\u015fkin d\u00f6rt adet yeni karar yay\u0131mlad\u0131.<\/p>\n<p><strong>Kararlarda Neler Var?\u00a0<\/strong><\/p>\n<p>Kararlardan ilki, ilgili ki\u015finin Ki\u015fisel Verilerin Korumas\u0131 Kanunu&#8217;nun (\u201c<strong>KVKK<\/strong>\u201d) 11. maddesi uyar\u0131nca d\u00fczenlenen ilgili ki\u015finin haklar\u0131n\u0131n kullan\u0131m\u0131na ili\u015fkin \u015fik\u00e2yeti ile ilgilidir. Bir telekom operat\u00f6r\u00fc olan veri sorumlusu, ilgili ki\u015filerin KVKK\u2019n\u0131n 11. maddesi uyar\u0131nca veri sorumlusuna ba\u015fvururken kullan\u0131lmas\u0131 amac\u0131yla internet sitesi \u00fczerinden bir form yay\u0131mlam\u0131\u015ft\u0131r ve i\u015fbu formun noter arac\u0131l\u0131\u011f\u0131yla veya elektronik imzal\u0131 e-posta yoluyla g\u00f6nderilmesi gerekti\u011fini belirtmi\u015ftir. Veri sorumlusunun formlar\u0131n noter veya elektronik imzal\u0131 e-posta yoluyla iletilmesini talep etmesinin gerek\u00e7esi, ilgili veri sahiplerini tespit olarak a\u00e7\u0131klanm\u0131\u015ft\u0131r. Kurum, noter veya elektronik imzal\u0131 e-posta yoluyla ba\u015fvuru \u015fart\u0131n\u0131n, ilgili ki\u015filere KVKK&#8217;da veya Veri Sorumlusuna Ba\u015fvuru Usul ve Esaslar\u0131 Hakk\u0131nda Tebli\u011f&#8217;de (\u201c<strong>Tebli\u011f<\/strong>\u201d) \u00f6ng\u00f6r\u00fclmemi\u015f bir maddi k\u00fclfet getirdi\u011fini belirtmi\u015ftir. Kurum ayr\u0131ca, veri sahibinin veri sorumlusuna yaz\u0131l\u0131 olarak veya bir yaz\u0131l\u0131m veya bu ama\u00e7 i\u00e7in geli\u015ftirilen bir uygulama arac\u0131l\u0131\u011f\u0131yla ba\u015fvurmas\u0131n\u0131 m\u00fcmk\u00fcn k\u0131lan Tebli\u011f&#8217;in, 5. maddesine de at\u0131fta bulunmu\u015ftur. Sonu\u00e7 olarak, Kurum, veri sorumlusunun eylemlerinin KVKK\u2019ya ayk\u0131r\u0131 oldu\u011fu ve d\u00fcr\u00fcstl\u00fck kural\u0131 ile ba\u011fda\u015fmad\u0131\u011f\u0131 kanaatine varm\u0131\u015ft\u0131r. Bu do\u011frultuda Kurum, veri sorumlusunun Tebli\u011f\u2019in 6. maddesini ihlal etti\u011fi sonucuna varm\u0131\u015f ve Tebli\u011f h\u00fck\u00fcmlerine uyum konusunda azami dikkat ve \u00f6zenin g\u00f6sterilmesi hususunda \u015firketi talimatland\u0131rm\u0131\u015ft\u0131r.<\/p>\n<p>Kurum\u2019un ikinci karar\u0131, bir havac\u0131l\u0131k \u015firketinin sadakat kart\u0131 parola de\u011fi\u015ftirme i\u015flemlerinde kulland\u0131\u011f\u0131 kimlik tespiti y\u00f6ntemleri ile ilgili bir \u015fik\u00e2yete ili\u015fkindir. Havac\u0131l\u0131k \u015firketi, kimlik tespitinde kullan\u0131lmas\u0131 i\u00e7in ilgili ki\u015finin kimli\u011finin arkal\u0131 \u00f6nl\u00fc fotokopisini talep etmi\u015ftir. Ek olarak, veri sahibi kimli\u011finin kopyalar\u0131n\u0131n saklanma s\u00fcresini \u00f6\u011frenmek istedi\u011finde, veri sorumlusu bu verilerin hi\u00e7bir yerde saklanmad\u0131\u011f\u0131n\u0131 belirtmi\u015ftir. Kurum taraf\u0131ndan yap\u0131lan de\u011ferlendirmede ise s\u00f6z konusu kopyalar\u0131n sakland\u0131\u011f\u0131 sonucuna ula\u015f\u0131lm\u0131\u015ft\u0131r. Kurum, kimliklerin kan grubu ve mensup olunan din gibi KVKK kapsam\u0131nda daha kat\u0131 bir korumaya tabi ve \u00f6zel nitelikli ki\u015fisel bilgiler i\u00e7erdi\u011fini belirtmi\u015ftir. Kurum ayr\u0131ca, ilgili ki\u015fiye saklama s\u00fcresine ili\u015fkin yanl\u0131\u015f bilgi verildi\u011fine dikkat \u00e7ekerek, veri sorumlusunun iyi niyetli davranmad\u0131\u011f\u0131n\u0131 belirtmi\u015ftir. Daha az miktarda ki\u015fisel veri i\u015flenerek kimlik tespitinin m\u00fcmk\u00fcn olmas\u0131 nedeniyle, kararda, s\u00f6z konusu veri i\u015fleme faaliyetinin KVKK\u2019n\u0131n 4. maddesinde yer alan i\u015flendikleri ama\u00e7la ba\u011flant\u0131l\u0131, s\u0131n\u0131rl\u0131 ve \u00f6l\u00e7\u00fcl\u00fc olma kriterlerini kar\u015f\u0131lamad\u0131\u011f\u0131 belirtilmi\u015ftir. Bu do\u011frultuda Kurum taraf\u0131ndan veri sorumlusuna 100.000 TL idari para cezas\u0131 uygulanmas\u0131na ve veri sorumlusunun, ki\u015filerin kimliklerinin teyit edilmesi s\u00fcrecinde uygulanacak y\u00f6ntem ve bu durumda i\u015flenecek ki\u015fisel verilere ili\u015fkin d\u00fczenlemelerin KVKK kapsam\u0131nda g\u00f6zden ge\u00e7irilmesi ve bu hususta ilgili ki\u015filer ile veri i\u015fleyenlerin uyar\u0131lmas\u0131 hususlar\u0131nda talimatland\u0131r\u0131lmas\u0131na karar verilmi\u015ftir.<\/p>\n<p>Kurum\u2019un \u00fc\u00e7\u00fcnc\u00fc karar\u0131, bir telefon numaras\u0131n\u0131n banka taraf\u0131ndan veri i\u015fleme amac\u0131ndan ba\u015fka ama\u00e7larla kullan\u0131lmas\u0131na ili\u015fkindir. Banka \u00e7al\u0131\u015fan\u0131n\u0131n, ilgili ki\u015finin banka i\u015flemleri i\u00e7in vermi\u015f oldu\u011fu telefon numaras\u0131 bilgisini, e\u015fine ula\u015f\u0131lmas\u0131nda yard\u0131mc\u0131 olmas\u0131 ad\u0131na i\u015flenmesinin, KVKK\u2019n\u0131n 4. maddesinde \u00f6ng\u00f6r\u00fclen verilerin &#8220;belirli, a\u00e7\u0131k ve me\u015fru ama\u00e7lar i\u00e7in i\u015flenme, ama\u00e7la ba\u011flant\u0131l\u0131, s\u0131n\u0131rl\u0131 ve \u00f6l\u00e7\u00fcl\u00fc olma&#8221; ilkelerine ayk\u0131r\u0131 oldu\u011fu de\u011ferlendirilmi\u015ftir. Bu do\u011frultuda banka hakk\u0131nda ki\u015fisel verilerin korunmas\u0131na ili\u015fkin uygun g\u00fcvenlik d\u00fczeyinin sa\u011flanmad\u0131\u011f\u0131 gerek\u00e7esiyle idari para cezas\u0131na h\u00fckmedilmi\u015ftir. Ek olarak Kurum, ilgili ki\u015finin ki\u015fisel verilerinin i\u015flenmesi hakk\u0131nda bilgi almak i\u00e7in yapt\u0131\u011f\u0131 ba\u015fvurusuna ili\u015fkin olarak Banka&#8217;n\u0131n, ba\u015fvuruya cevaben ilgili ki\u015fiyi banka m\u00fc\u015fteri hizmet hatt\u0131na y\u00f6nlendirmesinin, ki\u015fisel verilerin korunmas\u0131 mevzuat\u0131na uygun bir cevap olmad\u0131\u011f\u0131na h\u00fckmetmi\u015ftir. Bu hususlar\u0131n veri sorumlusu banka hakk\u0131nda ki\u015fisel verilerin hukuka ayk\u0131r\u0131 olarak i\u015flenmesini \u00f6nlemek amac\u0131yla uygun g\u00fcvenlik d\u00fczeyini temin etmeye y\u00f6nelik gerekli her t\u00fcrl\u00fc teknik ve idari tedbirin almad\u0131\u011f\u0131n\u0131 g\u00f6stermesi nedeniyle banka hakk\u0131nda 100.000 TL idari para cezas\u0131 uygulanm\u0131\u015ft\u0131r.<\/p>\n<p>Kurum\u2019un yay\u0131mlad\u0131\u011f\u0131 son karar\u0131 ise bir e\u011fitim kurumunun ki\u015fisel veri i\u015fleme \u015fartlar\u0131 olmaks\u0131z\u0131n ilgili cep telefonuna reklam ama\u00e7l\u0131 k\u0131sa mesaj g\u00f6ndermesine ili\u015fkin yap\u0131lan \u015fik\u00e2yet hakk\u0131ndad\u0131r. Kurum ilk olarak ilgili ki\u015filerin cep telefonlar\u0131na reklam ama\u00e7l\u0131 mesaj g\u00f6nderilmesinin KVKK\u2019n\u0131n 3. maddesi gere\u011fi bir veri i\u015fleme faaliyeti oldu\u011funu belirtmi\u015ftir. Buradan hareketle Kurum, s\u00f6z konusu veri i\u015fleme faaliyetinin hukuka uygun olarak yerine getirilmesi i\u00e7in ilgili ki\u015finin a\u00e7\u0131k r\u0131zas\u0131 veya KVKK\u2019n\u0131n 5. maddesinde say\u0131lan di\u011fer i\u015fleme \u015fartlar\u0131n\u0131n bulunmas\u0131 gerekti\u011fini belirtmi\u015ftir. \u0130lgili e\u011fitim kurumu nezdinde yerinde inceleme de ger\u00e7ekle\u015ftiren Kurum, i\u015fleme \u015fartlar\u0131 bulunmaks\u0131z\u0131n cep telefonuna reklam ama\u00e7l\u0131 mesaj g\u00f6nderilmesi suretiyle ki\u015fisel verilerin hukuka ayk\u0131r\u0131 olarak i\u015flendi\u011fini belirtmi\u015f ve 50.000 TL idari para cezas\u0131na h\u00fckmetmi\u015ftir.<\/p>\n<p><strong>Sonu\u00e7<\/strong><\/p>\n<p>Kurum\u2019un bu d\u00f6rt yeni karar\u0131, veri sorumlular\u0131n\u0131n ilgili ki\u015filerin taleplerini yerine getirme y\u00fck\u00fcml\u00fcl\u00fc\u011f\u00fc, ki\u015fisel veri i\u015fleme \u015fartlar\u0131 ve gerekli idari ve teknik tedbirleri alma y\u00fck\u00fcml\u00fcl\u00fc\u011f\u00fc gibi \u00e7e\u015fitli veri koruma konular\u0131ndaki ki\u015fisel veri ihlallerinin pratikte Kurum&#8217;ca nas\u0131l de\u011ferlendirilece\u011fine dair \u0131\u015f\u0131k tutmaktad\u0131r. KVKK\u2019dan do\u011fan y\u00fck\u00fcml\u00fcl\u00fcklerin geni\u015f kapsaml\u0131 uygulama alan\u0131 g\u00f6z \u00f6n\u00fcne al\u0131nd\u0131\u011f\u0131nda, veri sorumlular\u0131 Kurum kararlar\u0131 \u0131\u015f\u0131\u011f\u0131nda s\u00fcre\u00e7lerini g\u00f6zden ge\u00e7irmelidirler.<\/p>\n","protected":false},"excerpt":{"rendered":"<p>Yeni Geli\u015fme Ki\u015fisel Verileri Koruma Kurumu (&#8220;Kurum&#8220;) 6 Kas\u0131m 2019&#8217;da ilgili ki\u015finin veri sorumlusuna ba\u015fvurusu, ki\u015fisel veri i\u015fleme \u015fartlar\u0131 ve [&hellip;]<\/p>\n","protected":false},"author":4,"featured_media":0,"comment_status":"closed","ping_status":"closed","sticky":false,"template":"","format":"standard","meta":{"_acf_changed":false,"_stopmodifiedupdate":false,"_modified_date":"","footnotes":""},"categories":[120],"tags":[93],"class_list":["post-12794","post","type-post","status-publish","format-standard","hentry","category-legal-alerts","tag-information-technology-communications-tr"],"acf":[],"yoast_head":"<!-- This site is optimized with the Yoast SEO plugin v24.0 - https:\/\/yoast.com\/wordpress\/plugins\/seo\/ -->\n<title>Ki\u015fisel Verileri Koruma Kurumu&#039;nun Yeni Kararlar\u0131 Yay\u0131mland\u0131<\/title>\n<meta name=\"description\" content=\"Yeni Geli\u015fme Ki\u015fisel Verileri Koruma Kurumu (&quot;Kurum&quot;) 6 Kas\u0131m 2019&#039;da ilgili ki\u015finin veri sorumlusuna ba\u015fvurusu, ki\u015fisel veri i\u015fleme \u015fartlar\u0131 ve veri\" \/>\n<meta name=\"robots\" content=\"index, follow, max-snippet:-1, max-image-preview:large, max-video-preview:-1\" \/>\n<link rel=\"canonical\" href=\"https:\/\/www.esin.av.tr\/tr\/2019\/11\/15\/kisisel-verileri-koruma-kurumunun-yeni-kararlari-yayimlandi\/\" \/>\n<meta property=\"og:locale\" content=\"tr_TR\" \/>\n<meta property=\"og:type\" content=\"article\" \/>\n<meta property=\"og:title\" content=\"Ki\u015fisel Verileri Koruma Kurumu&#039;nun Yeni Kararlar\u0131 Yay\u0131mland\u0131\" \/>\n<meta property=\"og:description\" content=\"Yeni Geli\u015fme Ki\u015fisel Verileri Koruma Kurumu (&quot;Kurum&quot;) 6 Kas\u0131m 2019&#039;da ilgili ki\u015finin veri sorumlusuna ba\u015fvurusu, ki\u015fisel veri i\u015fleme \u015fartlar\u0131 ve veri\" \/>\n<meta property=\"og:url\" content=\"https:\/\/www.esin.av.tr\/tr\/2019\/11\/15\/kisisel-verileri-koruma-kurumunun-yeni-kararlari-yayimlandi\/\" \/>\n<meta property=\"og:site_name\" content=\"Esin Avukatl\u0131k Ortakl\u0131\u011f\u0131\" \/>\n<meta property=\"article:published_time\" content=\"2019-11-15T11:16:37+00:00\" \/>\n<meta property=\"article:modified_time\" content=\"2022-06-09T12:38:03+00:00\" \/>\n<meta name=\"author\" content=\"R\u0131dvan Konrat\" \/>\n<meta name=\"twitter:card\" content=\"summary_large_image\" \/>\n<meta name=\"twitter:label1\" content=\"Written by\" \/>\n\t<meta name=\"twitter:data1\" content=\"R\u0131dvan Konrat\" \/>\n\t<meta name=\"twitter:label2\" content=\"Est. reading time\" \/>\n\t<meta name=\"twitter:data2\" content=\"5 minutes\" \/>\n<script type=\"application\/ld+json\" class=\"yoast-schema-graph\">{\"@context\":\"https:\/\/schema.org\",\"@graph\":[{\"@type\":\"Article\",\"@id\":\"https:\/\/www.esin.av.tr\/tr\/2019\/11\/15\/kisisel-verileri-koruma-kurumunun-yeni-kararlari-yayimlandi\/#article\",\"isPartOf\":{\"@id\":\"https:\/\/www.esin.av.tr\/tr\/2019\/11\/15\/kisisel-verileri-koruma-kurumunun-yeni-kararlari-yayimlandi\/\"},\"author\":{\"name\":\"R\u0131dvan Konrat\",\"@id\":\"https:\/\/www.esin.av.tr\/tr\/#\/schema\/person\/42c8e616aab56b8622fa365ad63282ae\"},\"headline\":\"Ki\u015fisel Verileri Koruma Kurumu&#8217;nun Yeni Kararlar\u0131 Yay\u0131mland\u0131\",\"datePublished\":\"2019-11-15T11:16:37+00:00\",\"dateModified\":\"2022-06-09T12:38:03+00:00\",\"mainEntityOfPage\":{\"@id\":\"https:\/\/www.esin.av.tr\/tr\/2019\/11\/15\/kisisel-verileri-koruma-kurumunun-yeni-kararlari-yayimlandi\/\"},\"wordCount\":1059,\"publisher\":{\"@id\":\"https:\/\/www.esin.av.tr\/tr\/#organization\"},\"keywords\":[\"Bilgi Teknolojileri ve Telekom\u00fcnikasyon\"],\"articleSection\":[\"Hukuk B\u00fcltenleri\"],\"inLanguage\":\"tr\"},{\"@type\":\"WebPage\",\"@id\":\"https:\/\/www.esin.av.tr\/tr\/2019\/11\/15\/kisisel-verileri-koruma-kurumunun-yeni-kararlari-yayimlandi\/\",\"url\":\"https:\/\/www.esin.av.tr\/tr\/2019\/11\/15\/kisisel-verileri-koruma-kurumunun-yeni-kararlari-yayimlandi\/\",\"name\":\"Ki\u015fisel Verileri Koruma Kurumu'nun Yeni Kararlar\u0131 Yay\u0131mland\u0131\",\"isPartOf\":{\"@id\":\"https:\/\/www.esin.av.tr\/tr\/#website\"},\"datePublished\":\"2019-11-15T11:16:37+00:00\",\"dateModified\":\"2022-06-09T12:38:03+00:00\",\"description\":\"Yeni Geli\u015fme Ki\u015fisel Verileri Koruma Kurumu (\\\"Kurum\\\") 6 Kas\u0131m 2019'da ilgili ki\u015finin veri sorumlusuna ba\u015fvurusu, ki\u015fisel veri i\u015fleme \u015fartlar\u0131 ve veri\",\"breadcrumb\":{\"@id\":\"https:\/\/www.esin.av.tr\/tr\/2019\/11\/15\/kisisel-verileri-koruma-kurumunun-yeni-kararlari-yayimlandi\/#breadcrumb\"},\"inLanguage\":\"tr\",\"potentialAction\":[{\"@type\":\"ReadAction\",\"target\":[\"https:\/\/www.esin.av.tr\/tr\/2019\/11\/15\/kisisel-verileri-koruma-kurumunun-yeni-kararlari-yayimlandi\/\"]}]},{\"@type\":\"BreadcrumbList\",\"@id\":\"https:\/\/www.esin.av.tr\/tr\/2019\/11\/15\/kisisel-verileri-koruma-kurumunun-yeni-kararlari-yayimlandi\/#breadcrumb\",\"itemListElement\":[{\"@type\":\"ListItem\",\"position\":1,\"name\":\"Home\",\"item\":\"https:\/\/www.esin.av.tr\/tr\/\"},{\"@type\":\"ListItem\",\"position\":2,\"name\":\"Ki\u015fisel Verileri Koruma Kurumu&#8217;nun Yeni Kararlar\u0131 Yay\u0131mland\u0131\"}]},{\"@type\":\"WebSite\",\"@id\":\"https:\/\/www.esin.av.tr\/tr\/#website\",\"url\":\"https:\/\/www.esin.av.tr\/tr\/\",\"name\":\"Esin Avukatl\u0131k Ortakl\u0131\u011f\u0131\",\"description\":\"\",\"publisher\":{\"@id\":\"https:\/\/www.esin.av.tr\/tr\/#organization\"},\"potentialAction\":[{\"@type\":\"SearchAction\",\"target\":{\"@type\":\"EntryPoint\",\"urlTemplate\":\"https:\/\/www.esin.av.tr\/tr\/?s={search_term_string}\"},\"query-input\":{\"@type\":\"PropertyValueSpecification\",\"valueRequired\":true,\"valueName\":\"search_term_string\"}}],\"inLanguage\":\"tr\"},{\"@type\":\"Organization\",\"@id\":\"https:\/\/www.esin.av.tr\/tr\/#organization\",\"name\":\"Esin Avukatl\u0131k Ortakl\u0131\u011f\u0131\",\"url\":\"https:\/\/www.esin.av.tr\/tr\/\",\"logo\":{\"@type\":\"ImageObject\",\"inLanguage\":\"tr\",\"@id\":\"https:\/\/www.esin.av.tr\/tr\/#\/schema\/logo\/image\/\",\"url\":\"https:\/\/www.esin.av.tr\/wp-content\/uploads\/2021\/09\/esin-2.jpg\",\"contentUrl\":\"https:\/\/www.esin.av.tr\/wp-content\/uploads\/2021\/09\/esin-2.jpg\",\"width\":800,\"height\":460,\"caption\":\"Esin Avukatl\u0131k Ortakl\u0131\u011f\u0131\"},\"image\":{\"@id\":\"https:\/\/www.esin.av.tr\/tr\/#\/schema\/logo\/image\/\"}},{\"@type\":\"Person\",\"@id\":\"https:\/\/www.esin.av.tr\/tr\/#\/schema\/person\/42c8e616aab56b8622fa365ad63282ae\",\"name\":\"R\u0131dvan Konrat\",\"image\":{\"@type\":\"ImageObject\",\"inLanguage\":\"tr\",\"@id\":\"https:\/\/www.esin.av.tr\/tr\/#\/schema\/person\/image\/\",\"url\":\"https:\/\/secure.gravatar.com\/avatar\/b20c6c583be38ed4e76e32f69fccc676?s=96&d=mm&r=g\",\"contentUrl\":\"https:\/\/secure.gravatar.com\/avatar\/b20c6c583be38ed4e76e32f69fccc676?s=96&d=mm&r=g\",\"caption\":\"R\u0131dvan Konrat\"},\"sameAs\":[\"http:\/\/www.esin.av.tr\"],\"url\":\"https:\/\/www.esin.av.tr\/tr\/author\/rkonrat\/\"}]}<\/script>\n<!-- \/ Yoast SEO plugin. -->","yoast_head_json":{"title":"Ki\u015fisel Verileri Koruma Kurumu'nun Yeni Kararlar\u0131 Yay\u0131mland\u0131","description":"Yeni Geli\u015fme Ki\u015fisel Verileri Koruma Kurumu (\"Kurum\") 6 Kas\u0131m 2019'da ilgili ki\u015finin veri sorumlusuna ba\u015fvurusu, ki\u015fisel veri i\u015fleme \u015fartlar\u0131 ve veri","robots":{"index":"index","follow":"follow","max-snippet":"max-snippet:-1","max-image-preview":"max-image-preview:large","max-video-preview":"max-video-preview:-1"},"canonical":"https:\/\/www.esin.av.tr\/tr\/2019\/11\/15\/kisisel-verileri-koruma-kurumunun-yeni-kararlari-yayimlandi\/","og_locale":"tr_TR","og_type":"article","og_title":"Ki\u015fisel Verileri Koruma Kurumu'nun Yeni Kararlar\u0131 Yay\u0131mland\u0131","og_description":"Yeni Geli\u015fme Ki\u015fisel Verileri Koruma Kurumu (\"Kurum\") 6 Kas\u0131m 2019'da ilgili ki\u015finin veri sorumlusuna ba\u015fvurusu, ki\u015fisel veri i\u015fleme \u015fartlar\u0131 ve veri","og_url":"https:\/\/www.esin.av.tr\/tr\/2019\/11\/15\/kisisel-verileri-koruma-kurumunun-yeni-kararlari-yayimlandi\/","og_site_name":"Esin Avukatl\u0131k Ortakl\u0131\u011f\u0131","article_published_time":"2019-11-15T11:16:37+00:00","article_modified_time":"2022-06-09T12:38:03+00:00","author":"R\u0131dvan Konrat","twitter_card":"summary_large_image","twitter_misc":{"Written by":"R\u0131dvan Konrat","Est. reading time":"5 minutes"},"schema":{"@context":"https:\/\/schema.org","@graph":[{"@type":"Article","@id":"https:\/\/www.esin.av.tr\/tr\/2019\/11\/15\/kisisel-verileri-koruma-kurumunun-yeni-kararlari-yayimlandi\/#article","isPartOf":{"@id":"https:\/\/www.esin.av.tr\/tr\/2019\/11\/15\/kisisel-verileri-koruma-kurumunun-yeni-kararlari-yayimlandi\/"},"author":{"name":"R\u0131dvan Konrat","@id":"https:\/\/www.esin.av.tr\/tr\/#\/schema\/person\/42c8e616aab56b8622fa365ad63282ae"},"headline":"Ki\u015fisel Verileri Koruma Kurumu&#8217;nun Yeni Kararlar\u0131 Yay\u0131mland\u0131","datePublished":"2019-11-15T11:16:37+00:00","dateModified":"2022-06-09T12:38:03+00:00","mainEntityOfPage":{"@id":"https:\/\/www.esin.av.tr\/tr\/2019\/11\/15\/kisisel-verileri-koruma-kurumunun-yeni-kararlari-yayimlandi\/"},"wordCount":1059,"publisher":{"@id":"https:\/\/www.esin.av.tr\/tr\/#organization"},"keywords":["Bilgi Teknolojileri ve Telekom\u00fcnikasyon"],"articleSection":["Hukuk B\u00fcltenleri"],"inLanguage":"tr"},{"@type":"WebPage","@id":"https:\/\/www.esin.av.tr\/tr\/2019\/11\/15\/kisisel-verileri-koruma-kurumunun-yeni-kararlari-yayimlandi\/","url":"https:\/\/www.esin.av.tr\/tr\/2019\/11\/15\/kisisel-verileri-koruma-kurumunun-yeni-kararlari-yayimlandi\/","name":"Ki\u015fisel Verileri Koruma Kurumu'nun Yeni Kararlar\u0131 Yay\u0131mland\u0131","isPartOf":{"@id":"https:\/\/www.esin.av.tr\/tr\/#website"},"datePublished":"2019-11-15T11:16:37+00:00","dateModified":"2022-06-09T12:38:03+00:00","description":"Yeni Geli\u015fme Ki\u015fisel Verileri Koruma Kurumu (\"Kurum\") 6 Kas\u0131m 2019'da ilgili ki\u015finin veri sorumlusuna ba\u015fvurusu, ki\u015fisel veri i\u015fleme \u015fartlar\u0131 ve veri","breadcrumb":{"@id":"https:\/\/www.esin.av.tr\/tr\/2019\/11\/15\/kisisel-verileri-koruma-kurumunun-yeni-kararlari-yayimlandi\/#breadcrumb"},"inLanguage":"tr","potentialAction":[{"@type":"ReadAction","target":["https:\/\/www.esin.av.tr\/tr\/2019\/11\/15\/kisisel-verileri-koruma-kurumunun-yeni-kararlari-yayimlandi\/"]}]},{"@type":"BreadcrumbList","@id":"https:\/\/www.esin.av.tr\/tr\/2019\/11\/15\/kisisel-verileri-koruma-kurumunun-yeni-kararlari-yayimlandi\/#breadcrumb","itemListElement":[{"@type":"ListItem","position":1,"name":"Home","item":"https:\/\/www.esin.av.tr\/tr\/"},{"@type":"ListItem","position":2,"name":"Ki\u015fisel Verileri Koruma Kurumu&#8217;nun Yeni Kararlar\u0131 Yay\u0131mland\u0131"}]},{"@type":"WebSite","@id":"https:\/\/www.esin.av.tr\/tr\/#website","url":"https:\/\/www.esin.av.tr\/tr\/","name":"Esin Avukatl\u0131k Ortakl\u0131\u011f\u0131","description":"","publisher":{"@id":"https:\/\/www.esin.av.tr\/tr\/#organization"},"potentialAction":[{"@type":"SearchAction","target":{"@type":"EntryPoint","urlTemplate":"https:\/\/www.esin.av.tr\/tr\/?s={search_term_string}"},"query-input":{"@type":"PropertyValueSpecification","valueRequired":true,"valueName":"search_term_string"}}],"inLanguage":"tr"},{"@type":"Organization","@id":"https:\/\/www.esin.av.tr\/tr\/#organization","name":"Esin Avukatl\u0131k Ortakl\u0131\u011f\u0131","url":"https:\/\/www.esin.av.tr\/tr\/","logo":{"@type":"ImageObject","inLanguage":"tr","@id":"https:\/\/www.esin.av.tr\/tr\/#\/schema\/logo\/image\/","url":"https:\/\/www.esin.av.tr\/wp-content\/uploads\/2021\/09\/esin-2.jpg","contentUrl":"https:\/\/www.esin.av.tr\/wp-content\/uploads\/2021\/09\/esin-2.jpg","width":800,"height":460,"caption":"Esin Avukatl\u0131k Ortakl\u0131\u011f\u0131"},"image":{"@id":"https:\/\/www.esin.av.tr\/tr\/#\/schema\/logo\/image\/"}},{"@type":"Person","@id":"https:\/\/www.esin.av.tr\/tr\/#\/schema\/person\/42c8e616aab56b8622fa365ad63282ae","name":"R\u0131dvan Konrat","image":{"@type":"ImageObject","inLanguage":"tr","@id":"https:\/\/www.esin.av.tr\/tr\/#\/schema\/person\/image\/","url":"https:\/\/secure.gravatar.com\/avatar\/b20c6c583be38ed4e76e32f69fccc676?s=96&d=mm&r=g","contentUrl":"https:\/\/secure.gravatar.com\/avatar\/b20c6c583be38ed4e76e32f69fccc676?s=96&d=mm&r=g","caption":"R\u0131dvan Konrat"},"sameAs":["http:\/\/www.esin.av.tr"],"url":"https:\/\/www.esin.av.tr\/tr\/author\/rkonrat\/"}]}},"_links":{"self":[{"href":"https:\/\/www.esin.av.tr\/tr\/wp-json\/wp\/v2\/posts\/12794","targetHints":{"allow":["GET"]}}],"collection":[{"href":"https:\/\/www.esin.av.tr\/tr\/wp-json\/wp\/v2\/posts"}],"about":[{"href":"https:\/\/www.esin.av.tr\/tr\/wp-json\/wp\/v2\/types\/post"}],"author":[{"embeddable":true,"href":"https:\/\/www.esin.av.tr\/tr\/wp-json\/wp\/v2\/users\/4"}],"replies":[{"embeddable":true,"href":"https:\/\/www.esin.av.tr\/tr\/wp-json\/wp\/v2\/comments?post=12794"}],"version-history":[{"count":1,"href":"https:\/\/www.esin.av.tr\/tr\/wp-json\/wp\/v2\/posts\/12794\/revisions"}],"predecessor-version":[{"id":12795,"href":"https:\/\/www.esin.av.tr\/tr\/wp-json\/wp\/v2\/posts\/12794\/revisions\/12795"}],"wp:attachment":[{"href":"https:\/\/www.esin.av.tr\/tr\/wp-json\/wp\/v2\/media?parent=12794"}],"wp:term":[{"taxonomy":"category","embeddable":true,"href":"https:\/\/www.esin.av.tr\/tr\/wp-json\/wp\/v2\/categories?post=12794"},{"taxonomy":"post_tag","embeddable":true,"href":"https:\/\/www.esin.av.tr\/tr\/wp-json\/wp\/v2\/tags?post=12794"}],"curies":[{"name":"wp","href":"https:\/\/api.w.org\/{rel}","templated":true}]}}