{"id":12646,"date":"2019-11-01T13:38:28","date_gmt":"2019-11-01T13:38:28","guid":{"rendered":"https:\/\/www.esin.av.tr\/?p=12646"},"modified":"2022-06-09T12:38:14","modified_gmt":"2022-06-09T12:38:14","slug":"gumruk-kontrellerinde-yapay-zeka-donemi","status":"publish","type":"post","link":"https:\/\/www.esin.av.tr\/tr\/2019\/11\/01\/gumruk-kontrellerinde-yapay-zeka-donemi\/","title":{"rendered":"G\u00fcmr\u00fck Kontrellerinde Yapay Zeka D\u00f6nemi"},"content":{"rendered":"<p><strong>Yeni Geli\u015fme<\/strong><\/p>\n<p>Ticaret Bakanl\u0131\u011f\u0131 (&#8220;<strong>Bakanl\u0131k<\/strong>&#8220;), 22 Ekim 2019 tarihinde yapt\u0131\u011f\u0131 a\u00e7\u0131klamada Tarama A\u011f\u0131 Projesi&#8217;ni duyurdu. Proje kapsam\u0131nda kurulacak teknik altyap\u0131 ile g\u00fcmr\u00fckten ge\u00e7ecek ara\u00e7 ve y\u00fck\u00fcn i\u00e7erisindeki yasa d\u0131\u015f\u0131 su\u00e7 ve tehdit unsurlar\u0131 yapay zeka teknolojileri vas\u0131tas\u0131yla otomatik olarak tespit edilebilecek.<\/p>\n<p><strong>Ne De\u011fi\u015fecek?<\/strong><\/p>\n<p>G\u00fcmr\u00fck kap\u0131lar\u0131ndan giri\u015f ve \u00e7\u0131k\u0131\u015f yapan t\u00fcm ara\u00e7 ve konteynerlerin analizi fiziksel m\u00fcdahaleye gerek duyulmaks\u0131z\u0131n X-Ray Ara\u00e7 ve Konteyner Tarama Sistemi ile yap\u0131lacak. Yapay zeka teknolojileri kullan\u0131larak ara\u00e7 ve y\u00fck\u00fcn i\u00e7erisindeki belirli \u00f6zelliklere sahip yasa d\u0131\u015f\u0131 su\u00e7 ve tehdit unsurlar\u0131 otomatik olarak tan\u0131mlanabilecek.<\/p>\n<p>Kurulacak teknik altyap\u0131 ile g\u00fcmr\u00fck kontrolleri daha h\u0131zl\u0131 ve etkin bir \u015fekilde ger\u00e7ekle\u015ftirilecek. X-Ray Tarama sistemleri \u00fczerinden toplanan veriler Bakanl\u0131k&#8217;\u0131n Komuta Kontrol Merkezi&#8217;nde toplanarak kontrol s\u00fcre\u00e7leri merkezi \u015fekilde y\u00fcr\u00fct\u00fclecek. Bu sayede e\u015fyalar\u0131n \u00fclkeye kay\u0131t d\u0131\u015f\u0131 giri\u015f ve \u00e7\u0131k\u0131\u015flar\u0131 tespit edilecek ve transit ge\u00e7en e\u015fyalar\u0131n vergileri \u00f6denmeksizin yurt i\u00e7inde b\u0131rak\u0131lmas\u0131 engellenecek.<\/p>\n<p>Tarama sistemleri vas\u0131tas\u0131yla \u00fcretilen veriler, kom\u015fu \u00fclke g\u00fcmr\u00fck idareleri ile payla\u015f\u0131lacak, b\u00f6ylece ayn\u0131 arac\u0131n tekrar taranmas\u0131n\u0131n \u00f6n\u00fcne ge\u00e7ilmesi sa\u011flanacak. Bu sayede Bakanl\u0131k, \u00fclkeler aras\u0131nda h\u0131zl\u0131 bir lojistik ge\u00e7i\u015f koridoru olu\u015fturmay\u0131 planl\u0131yor.<\/p>\n<p><strong>Sonu\u00e7<\/strong><\/p>\n<p>Ticaret Bakanl\u0131\u011f\u0131, g\u00fcmr\u00fcklerde ka\u00e7ak\u00e7\u0131l\u0131\u011f\u0131n \u00f6nlenmesi ve kay\u0131t d\u0131\u015f\u0131l\u0131\u011f\u0131n azalt\u0131lmas\u0131 i\u00e7in \u00e7al\u0131\u015fmalar\u0131n\u0131 s\u00fcrd\u00fcr\u00fcyor. Tarama A\u011f\u0131 Projesi kapsam\u0131nda kurulacak teknik altyap\u0131 ile g\u00fcmr\u00fck kontrol s\u00fcre\u00e7lerinin etkin ve h\u0131zl\u0131 \u015fekilde y\u00fcr\u00fct\u00fclmesi hedefleniyor.<\/p>\n","protected":false},"excerpt":{"rendered":"<p>Yeni Geli\u015fme Ticaret Bakanl\u0131\u011f\u0131 (&#8220;Bakanl\u0131k&#8220;), 22 Ekim 2019 tarihinde yapt\u0131\u011f\u0131 a\u00e7\u0131klamada Tarama A\u011f\u0131 Projesi&#8217;ni duyurdu. Proje kapsam\u0131nda kurulacak teknik altyap\u0131 [&hellip;]<\/p>\n","protected":false},"author":4,"featured_media":0,"comment_status":"closed","ping_status":"closed","sticky":false,"template":"","format":"standard","meta":{"_acf_changed":false,"_stopmodifiedupdate":false,"_modified_date":"","footnotes":""},"categories":[120],"tags":[93],"class_list":["post-12646","post","type-post","status-publish","format-standard","hentry","category-legal-alerts","tag-information-technology-communications-tr"],"acf":[],"yoast_head":"<!-- This site is optimized with the Yoast SEO plugin v24.0 - https:\/\/yoast.com\/wordpress\/plugins\/seo\/ -->\n<title>G\u00fcmr\u00fck Kontrellerinde Yapay Zeka D\u00f6nemi<\/title>\n<meta name=\"description\" content=\"Yeni Geli\u015fme Ticaret Bakanl\u0131\u011f\u0131 (&quot;Bakanl\u0131k&quot;), 22 Ekim 2019 tarihinde yapt\u0131\u011f\u0131 a\u00e7\u0131klamada Tarama A\u011f\u0131 Projesi&#039;ni duyurdu. Proje kapsam\u0131nda kurulacak teknik\" \/>\n<meta name=\"robots\" content=\"index, follow, max-snippet:-1, max-image-preview:large, max-video-preview:-1\" \/>\n<link rel=\"canonical\" href=\"https:\/\/www.esin.av.tr\/tr\/2019\/11\/01\/gumruk-kontrellerinde-yapay-zeka-donemi\/\" \/>\n<meta property=\"og:locale\" content=\"tr_TR\" \/>\n<meta property=\"og:type\" content=\"article\" \/>\n<meta property=\"og:title\" content=\"G\u00fcmr\u00fck Kontrellerinde Yapay Zeka D\u00f6nemi\" \/>\n<meta property=\"og:description\" content=\"Yeni Geli\u015fme Ticaret Bakanl\u0131\u011f\u0131 (&quot;Bakanl\u0131k&quot;), 22 Ekim 2019 tarihinde yapt\u0131\u011f\u0131 a\u00e7\u0131klamada Tarama A\u011f\u0131 Projesi&#039;ni duyurdu. Proje kapsam\u0131nda kurulacak teknik\" \/>\n<meta property=\"og:url\" content=\"https:\/\/www.esin.av.tr\/tr\/2019\/11\/01\/gumruk-kontrellerinde-yapay-zeka-donemi\/\" \/>\n<meta property=\"og:site_name\" content=\"Esin Avukatl\u0131k Ortakl\u0131\u011f\u0131\" \/>\n<meta property=\"article:published_time\" content=\"2019-11-01T13:38:28+00:00\" \/>\n<meta property=\"article:modified_time\" content=\"2022-06-09T12:38:14+00:00\" \/>\n<meta name=\"author\" content=\"R\u0131dvan Konrat\" \/>\n<meta name=\"twitter:card\" content=\"summary_large_image\" \/>\n<meta name=\"twitter:label1\" content=\"Written by\" \/>\n\t<meta name=\"twitter:data1\" content=\"R\u0131dvan Konrat\" \/>\n\t<meta name=\"twitter:label2\" content=\"Est. reading time\" \/>\n\t<meta name=\"twitter:data2\" content=\"1 minute\" \/>\n<script type=\"application\/ld+json\" class=\"yoast-schema-graph\">{\"@context\":\"https:\/\/schema.org\",\"@graph\":[{\"@type\":\"Article\",\"@id\":\"https:\/\/www.esin.av.tr\/tr\/2019\/11\/01\/gumruk-kontrellerinde-yapay-zeka-donemi\/#article\",\"isPartOf\":{\"@id\":\"https:\/\/www.esin.av.tr\/tr\/2019\/11\/01\/gumruk-kontrellerinde-yapay-zeka-donemi\/\"},\"author\":{\"name\":\"R\u0131dvan Konrat\",\"@id\":\"https:\/\/www.esin.av.tr\/tr\/#\/schema\/person\/42c8e616aab56b8622fa365ad63282ae\"},\"headline\":\"G\u00fcmr\u00fck Kontrellerinde Yapay Zeka D\u00f6nemi\",\"datePublished\":\"2019-11-01T13:38:28+00:00\",\"dateModified\":\"2022-06-09T12:38:14+00:00\",\"mainEntityOfPage\":{\"@id\":\"https:\/\/www.esin.av.tr\/tr\/2019\/11\/01\/gumruk-kontrellerinde-yapay-zeka-donemi\/\"},\"wordCount\":298,\"publisher\":{\"@id\":\"https:\/\/www.esin.av.tr\/tr\/#organization\"},\"keywords\":[\"Bilgi Teknolojileri ve Telekom\u00fcnikasyon\"],\"articleSection\":[\"Hukuk B\u00fcltenleri\"],\"inLanguage\":\"tr\"},{\"@type\":\"WebPage\",\"@id\":\"https:\/\/www.esin.av.tr\/tr\/2019\/11\/01\/gumruk-kontrellerinde-yapay-zeka-donemi\/\",\"url\":\"https:\/\/www.esin.av.tr\/tr\/2019\/11\/01\/gumruk-kontrellerinde-yapay-zeka-donemi\/\",\"name\":\"G\u00fcmr\u00fck Kontrellerinde Yapay Zeka D\u00f6nemi\",\"isPartOf\":{\"@id\":\"https:\/\/www.esin.av.tr\/tr\/#website\"},\"datePublished\":\"2019-11-01T13:38:28+00:00\",\"dateModified\":\"2022-06-09T12:38:14+00:00\",\"description\":\"Yeni Geli\u015fme Ticaret Bakanl\u0131\u011f\u0131 (\\\"Bakanl\u0131k\\\"), 22 Ekim 2019 tarihinde yapt\u0131\u011f\u0131 a\u00e7\u0131klamada Tarama A\u011f\u0131 Projesi'ni duyurdu. Proje kapsam\u0131nda kurulacak teknik\",\"breadcrumb\":{\"@id\":\"https:\/\/www.esin.av.tr\/tr\/2019\/11\/01\/gumruk-kontrellerinde-yapay-zeka-donemi\/#breadcrumb\"},\"inLanguage\":\"tr\",\"potentialAction\":[{\"@type\":\"ReadAction\",\"target\":[\"https:\/\/www.esin.av.tr\/tr\/2019\/11\/01\/gumruk-kontrellerinde-yapay-zeka-donemi\/\"]}]},{\"@type\":\"BreadcrumbList\",\"@id\":\"https:\/\/www.esin.av.tr\/tr\/2019\/11\/01\/gumruk-kontrellerinde-yapay-zeka-donemi\/#breadcrumb\",\"itemListElement\":[{\"@type\":\"ListItem\",\"position\":1,\"name\":\"Home\",\"item\":\"https:\/\/www.esin.av.tr\/tr\/\"},{\"@type\":\"ListItem\",\"position\":2,\"name\":\"G\u00fcmr\u00fck Kontrellerinde Yapay Zeka D\u00f6nemi\"}]},{\"@type\":\"WebSite\",\"@id\":\"https:\/\/www.esin.av.tr\/tr\/#website\",\"url\":\"https:\/\/www.esin.av.tr\/tr\/\",\"name\":\"Esin Avukatl\u0131k Ortakl\u0131\u011f\u0131\",\"description\":\"\",\"publisher\":{\"@id\":\"https:\/\/www.esin.av.tr\/tr\/#organization\"},\"potentialAction\":[{\"@type\":\"SearchAction\",\"target\":{\"@type\":\"EntryPoint\",\"urlTemplate\":\"https:\/\/www.esin.av.tr\/tr\/?s={search_term_string}\"},\"query-input\":{\"@type\":\"PropertyValueSpecification\",\"valueRequired\":true,\"valueName\":\"search_term_string\"}}],\"inLanguage\":\"tr\"},{\"@type\":\"Organization\",\"@id\":\"https:\/\/www.esin.av.tr\/tr\/#organization\",\"name\":\"Esin Avukatl\u0131k Ortakl\u0131\u011f\u0131\",\"url\":\"https:\/\/www.esin.av.tr\/tr\/\",\"logo\":{\"@type\":\"ImageObject\",\"inLanguage\":\"tr\",\"@id\":\"https:\/\/www.esin.av.tr\/tr\/#\/schema\/logo\/image\/\",\"url\":\"https:\/\/www.esin.av.tr\/wp-content\/uploads\/2021\/09\/esin-2.jpg\",\"contentUrl\":\"https:\/\/www.esin.av.tr\/wp-content\/uploads\/2021\/09\/esin-2.jpg\",\"width\":800,\"height\":460,\"caption\":\"Esin Avukatl\u0131k Ortakl\u0131\u011f\u0131\"},\"image\":{\"@id\":\"https:\/\/www.esin.av.tr\/tr\/#\/schema\/logo\/image\/\"}},{\"@type\":\"Person\",\"@id\":\"https:\/\/www.esin.av.tr\/tr\/#\/schema\/person\/42c8e616aab56b8622fa365ad63282ae\",\"name\":\"R\u0131dvan Konrat\",\"image\":{\"@type\":\"ImageObject\",\"inLanguage\":\"tr\",\"@id\":\"https:\/\/www.esin.av.tr\/tr\/#\/schema\/person\/image\/\",\"url\":\"https:\/\/secure.gravatar.com\/avatar\/b20c6c583be38ed4e76e32f69fccc676?s=96&d=mm&r=g\",\"contentUrl\":\"https:\/\/secure.gravatar.com\/avatar\/b20c6c583be38ed4e76e32f69fccc676?s=96&d=mm&r=g\",\"caption\":\"R\u0131dvan Konrat\"},\"sameAs\":[\"http:\/\/www.esin.av.tr\"],\"url\":\"https:\/\/www.esin.av.tr\/tr\/author\/rkonrat\/\"}]}<\/script>\n<!-- \/ Yoast SEO plugin. -->","yoast_head_json":{"title":"G\u00fcmr\u00fck Kontrellerinde Yapay Zeka D\u00f6nemi","description":"Yeni Geli\u015fme Ticaret Bakanl\u0131\u011f\u0131 (\"Bakanl\u0131k\"), 22 Ekim 2019 tarihinde yapt\u0131\u011f\u0131 a\u00e7\u0131klamada Tarama A\u011f\u0131 Projesi'ni duyurdu. Proje kapsam\u0131nda kurulacak teknik","robots":{"index":"index","follow":"follow","max-snippet":"max-snippet:-1","max-image-preview":"max-image-preview:large","max-video-preview":"max-video-preview:-1"},"canonical":"https:\/\/www.esin.av.tr\/tr\/2019\/11\/01\/gumruk-kontrellerinde-yapay-zeka-donemi\/","og_locale":"tr_TR","og_type":"article","og_title":"G\u00fcmr\u00fck Kontrellerinde Yapay Zeka D\u00f6nemi","og_description":"Yeni Geli\u015fme Ticaret Bakanl\u0131\u011f\u0131 (\"Bakanl\u0131k\"), 22 Ekim 2019 tarihinde yapt\u0131\u011f\u0131 a\u00e7\u0131klamada Tarama A\u011f\u0131 Projesi'ni duyurdu. Proje kapsam\u0131nda kurulacak teknik","og_url":"https:\/\/www.esin.av.tr\/tr\/2019\/11\/01\/gumruk-kontrellerinde-yapay-zeka-donemi\/","og_site_name":"Esin Avukatl\u0131k Ortakl\u0131\u011f\u0131","article_published_time":"2019-11-01T13:38:28+00:00","article_modified_time":"2022-06-09T12:38:14+00:00","author":"R\u0131dvan Konrat","twitter_card":"summary_large_image","twitter_misc":{"Written by":"R\u0131dvan Konrat","Est. reading time":"1 minute"},"schema":{"@context":"https:\/\/schema.org","@graph":[{"@type":"Article","@id":"https:\/\/www.esin.av.tr\/tr\/2019\/11\/01\/gumruk-kontrellerinde-yapay-zeka-donemi\/#article","isPartOf":{"@id":"https:\/\/www.esin.av.tr\/tr\/2019\/11\/01\/gumruk-kontrellerinde-yapay-zeka-donemi\/"},"author":{"name":"R\u0131dvan Konrat","@id":"https:\/\/www.esin.av.tr\/tr\/#\/schema\/person\/42c8e616aab56b8622fa365ad63282ae"},"headline":"G\u00fcmr\u00fck Kontrellerinde Yapay Zeka D\u00f6nemi","datePublished":"2019-11-01T13:38:28+00:00","dateModified":"2022-06-09T12:38:14+00:00","mainEntityOfPage":{"@id":"https:\/\/www.esin.av.tr\/tr\/2019\/11\/01\/gumruk-kontrellerinde-yapay-zeka-donemi\/"},"wordCount":298,"publisher":{"@id":"https:\/\/www.esin.av.tr\/tr\/#organization"},"keywords":["Bilgi Teknolojileri ve Telekom\u00fcnikasyon"],"articleSection":["Hukuk B\u00fcltenleri"],"inLanguage":"tr"},{"@type":"WebPage","@id":"https:\/\/www.esin.av.tr\/tr\/2019\/11\/01\/gumruk-kontrellerinde-yapay-zeka-donemi\/","url":"https:\/\/www.esin.av.tr\/tr\/2019\/11\/01\/gumruk-kontrellerinde-yapay-zeka-donemi\/","name":"G\u00fcmr\u00fck Kontrellerinde Yapay Zeka D\u00f6nemi","isPartOf":{"@id":"https:\/\/www.esin.av.tr\/tr\/#website"},"datePublished":"2019-11-01T13:38:28+00:00","dateModified":"2022-06-09T12:38:14+00:00","description":"Yeni Geli\u015fme Ticaret Bakanl\u0131\u011f\u0131 (\"Bakanl\u0131k\"), 22 Ekim 2019 tarihinde yapt\u0131\u011f\u0131 a\u00e7\u0131klamada Tarama A\u011f\u0131 Projesi'ni duyurdu. Proje kapsam\u0131nda kurulacak teknik","breadcrumb":{"@id":"https:\/\/www.esin.av.tr\/tr\/2019\/11\/01\/gumruk-kontrellerinde-yapay-zeka-donemi\/#breadcrumb"},"inLanguage":"tr","potentialAction":[{"@type":"ReadAction","target":["https:\/\/www.esin.av.tr\/tr\/2019\/11\/01\/gumruk-kontrellerinde-yapay-zeka-donemi\/"]}]},{"@type":"BreadcrumbList","@id":"https:\/\/www.esin.av.tr\/tr\/2019\/11\/01\/gumruk-kontrellerinde-yapay-zeka-donemi\/#breadcrumb","itemListElement":[{"@type":"ListItem","position":1,"name":"Home","item":"https:\/\/www.esin.av.tr\/tr\/"},{"@type":"ListItem","position":2,"name":"G\u00fcmr\u00fck Kontrellerinde Yapay Zeka D\u00f6nemi"}]},{"@type":"WebSite","@id":"https:\/\/www.esin.av.tr\/tr\/#website","url":"https:\/\/www.esin.av.tr\/tr\/","name":"Esin Avukatl\u0131k Ortakl\u0131\u011f\u0131","description":"","publisher":{"@id":"https:\/\/www.esin.av.tr\/tr\/#organization"},"potentialAction":[{"@type":"SearchAction","target":{"@type":"EntryPoint","urlTemplate":"https:\/\/www.esin.av.tr\/tr\/?s={search_term_string}"},"query-input":{"@type":"PropertyValueSpecification","valueRequired":true,"valueName":"search_term_string"}}],"inLanguage":"tr"},{"@type":"Organization","@id":"https:\/\/www.esin.av.tr\/tr\/#organization","name":"Esin Avukatl\u0131k Ortakl\u0131\u011f\u0131","url":"https:\/\/www.esin.av.tr\/tr\/","logo":{"@type":"ImageObject","inLanguage":"tr","@id":"https:\/\/www.esin.av.tr\/tr\/#\/schema\/logo\/image\/","url":"https:\/\/www.esin.av.tr\/wp-content\/uploads\/2021\/09\/esin-2.jpg","contentUrl":"https:\/\/www.esin.av.tr\/wp-content\/uploads\/2021\/09\/esin-2.jpg","width":800,"height":460,"caption":"Esin Avukatl\u0131k Ortakl\u0131\u011f\u0131"},"image":{"@id":"https:\/\/www.esin.av.tr\/tr\/#\/schema\/logo\/image\/"}},{"@type":"Person","@id":"https:\/\/www.esin.av.tr\/tr\/#\/schema\/person\/42c8e616aab56b8622fa365ad63282ae","name":"R\u0131dvan Konrat","image":{"@type":"ImageObject","inLanguage":"tr","@id":"https:\/\/www.esin.av.tr\/tr\/#\/schema\/person\/image\/","url":"https:\/\/secure.gravatar.com\/avatar\/b20c6c583be38ed4e76e32f69fccc676?s=96&d=mm&r=g","contentUrl":"https:\/\/secure.gravatar.com\/avatar\/b20c6c583be38ed4e76e32f69fccc676?s=96&d=mm&r=g","caption":"R\u0131dvan Konrat"},"sameAs":["http:\/\/www.esin.av.tr"],"url":"https:\/\/www.esin.av.tr\/tr\/author\/rkonrat\/"}]}},"_links":{"self":[{"href":"https:\/\/www.esin.av.tr\/tr\/wp-json\/wp\/v2\/posts\/12646","targetHints":{"allow":["GET"]}}],"collection":[{"href":"https:\/\/www.esin.av.tr\/tr\/wp-json\/wp\/v2\/posts"}],"about":[{"href":"https:\/\/www.esin.av.tr\/tr\/wp-json\/wp\/v2\/types\/post"}],"author":[{"embeddable":true,"href":"https:\/\/www.esin.av.tr\/tr\/wp-json\/wp\/v2\/users\/4"}],"replies":[{"embeddable":true,"href":"https:\/\/www.esin.av.tr\/tr\/wp-json\/wp\/v2\/comments?post=12646"}],"version-history":[{"count":1,"href":"https:\/\/www.esin.av.tr\/tr\/wp-json\/wp\/v2\/posts\/12646\/revisions"}],"predecessor-version":[{"id":12647,"href":"https:\/\/www.esin.av.tr\/tr\/wp-json\/wp\/v2\/posts\/12646\/revisions\/12647"}],"wp:attachment":[{"href":"https:\/\/www.esin.av.tr\/tr\/wp-json\/wp\/v2\/media?parent=12646"}],"wp:term":[{"taxonomy":"category","embeddable":true,"href":"https:\/\/www.esin.av.tr\/tr\/wp-json\/wp\/v2\/categories?post=12646"},{"taxonomy":"post_tag","embeddable":true,"href":"https:\/\/www.esin.av.tr\/tr\/wp-json\/wp\/v2\/tags?post=12646"}],"curies":[{"name":"wp","href":"https:\/\/api.w.org\/{rel}","templated":true}]}}